{"id":120613,"date":"2022-11-07T05:39:43","date_gmt":"2022-11-07T09:39:43","guid":{"rendered":"https:\/\/www.eldiario.net\/portal\/?p=120613"},"modified":"2022-11-07T05:39:43","modified_gmt":"2022-11-07T09:39:43","slug":"concejales-avalaron-ordenanza-que-atenta-contra-la-ciudad","status":"publish","type":"post","link":"https:\/\/www.eldiario.net\/portal\/2022\/11\/07\/concejales-avalaron-ordenanza-que-atenta-contra-la-ciudad\/","title":{"rendered":"Concejales avalaron ordenanza  que atenta contra la ciudad"},"content":{"rendered":"<p>Las concejales Luc\u00eda Mamani Salas, Lourdes Chambilla y sus colegas \u00d3scar Sogliano, Lucio Quispe y Pierre Cha\u00edn, aprobaron la ordenanza municipal 046\/2022 que, seg\u00fan expertos consultados por EL DIARIO, atenta contra la ciudad de La Paz, permitiendo construcciones que no contemplan par\u00e1metros m\u00ednimos necesarios para la planificaci\u00f3n urbana. Con esta norma se beneficia a 400 lotes, aproximadamente, empero m\u00e1s del 50 % de estos ya est\u00e1n consolidados.<br \/>\nEn octubre pasado, el alcalde Iv\u00e1n Arias, a tiempo de rechazar dicha norma, afirm\u00f3 que la ordenanza no fue promulgada a\u00fan y anunci\u00f3 que realizar\u00e1 un simposio con sectores sociales y especialistas para que el crecimiento de La Paz sea legal.<br \/>\nSeg\u00fan expertos, la ordenanza aprobada por los concejales, el 9 de septiembre pasado, modifica los par\u00e1metros de edificaci\u00f3n de 10 sectores de la urbe, con lo que aumentar\u00e1 la vulnerabilidad de zonas pace\u00f1as que ya viven con amenazas de deslizamientos.<br \/>\nLas zonas y sectores que se ver\u00edan afectados con la intenci\u00f3n de la ordenanza municipal son: Plaza Villarroel, Calacoto, San Miguel, Irpavi, Achumani, Obrajes, Llojeta, Mallasilla, La Florida, El Gramadal, Costanera, avenida Mu\u00f1oz Reyes, Miraflores y mercado Yungas.<br \/>\nDe promulgarse la norma que autoriza construcciones de hasta 40 pisos, los expertos prev\u00e9n, a corto plazo, el colapso de la red de agua potable y alcantarillado sanitario que son de data antigua. Las v\u00edas ya no podr\u00e1n ser ampliadas y se generar\u00e1 conos de sombra da\u00f1inos.<br \/>\nPROYECTISTA<br \/>\nY BENEFICIARIA<br \/>\nLa presidenta de la Comisi\u00f3n de Planificaci\u00f3n y Gesti\u00f3n Territorial del Concejo Municipal, Luc\u00eda Mamani Salas, autodenominada \u201cconcejal del pueblo\u201d, es quien present\u00f3 el proyecto, recomendado por su asesor Roy Mauricio Aguilar Ticona, ingeniero civil.<br \/>\nMar\u00eda Villalobos, vecina de la zona de Llojeta, lament\u00f3 que la concejala Mamani haga uso de su cargo para beneficio personal y en desmedro de la ciudadan\u00eda, toda vez que uno de los sectores beneficiados con la norma es la suya, donde la funcionaria est\u00e1 construyendo dos edificios.<br \/>\n\u201cTodos sabemos que la zona de Llojeta es la de mayor riesgo porque es deleznable, por eso las edificaciones no pueden ser grandes, sin embargo la se\u00f1ora Mamani se est\u00e1 dando el lujo de hacer dos edificios de al menos 10 pisos, obviamente el peso a la corta o a la larga nos afectar\u00e1 a todos. Estos problemas se presentan principalmente en la \u00e9poca de lluvias, cuando todos estamos en zozobra\u201d, dijo.<br \/>\nAsimismo, cuestion\u00f3 que a poco m\u00e1s de un a\u00f1o en el cargo, la concejala tenga los recursos para la construcci\u00f3n de dos edificios, m\u00e1s a\u00fan en esta \u00e9poca donde la econom\u00eda de la mayor\u00eda de los bolivianos est\u00e1 afectada.<br \/>\n\u201cNosotros nos preguntamos de d\u00f3nde saca dinero para construir dos edificios, en una \u00e1rea prohibida, si antes era barrendera en Ema Verde, no es por menospreciar el cargo, sino que sabemos que lamentablemente estas personas que m\u00e1s trabajan son las que menos ganan\u201d, apunt\u00f3.<br \/>\nLa vecina record\u00f3 que de acuerdo con el mapa de riesgos de La Paz, la zona de Llojeta est\u00e1 catalogada como de \u201criesgo alto\u201d, por ello algunos sectores no cuentan con planimetr\u00eda y mientras ello no ocurra no se pueden realizar edificaciones y menos de las caracter\u00edsticas como las que la proyectista de la ordenanza se encuentra ejecutando.<br \/>\nEste medio de comunicaci\u00f3n busc\u00f3 la contraparte de la concejala Mamani, empero no se encontraba en su oficina y de acuerdo con su responsable de comunicaci\u00f3n la funcionaria estaba sin tiempo para atender el requerimiento.<br \/>\n\u201cINTERESES OSCUROS\u201d<br \/>\nEl excandidato a la Alcald\u00eda de La Paz, C\u00e9sar Dockweiler, denunci\u00f3, la semana pasada, que detr\u00e1s de la aprobaci\u00f3n de la ordenanza hay \u201cintereses oscuros\u201d y presuntos actos de corrupci\u00f3n.<br \/>\nDockweiler mostr\u00f3 documentos en los que el concejal del Movimiento al Socialismo (MAS), Pierre Cha\u00edn \u2013 como presidente del Club de la Uni\u00f3n \u00c1rabe \u2013 presuntamente vendi\u00f3 un terreno ubicado en la calle 15 de Calacoto y Julio Pati\u00f1o, al due\u00f1o de la empresa inmobiliaria Las Loritas.<br \/>\nEl excandidato precis\u00f3 que seg\u00fan la normativa vigente en ese espacio se puede construir hasta ocho pisos como m\u00e1ximo, pero \u201cla empresa proyect\u00f3 25, lo que significa que hubo un incremento de 200%\u201d, por lo que el \u00fanico fin por defender la ordenanza municipal 046\/2022, es beneficiar a Las Loritas.<br \/>\nAsimismo, dijo que Cha\u00edn adquiri\u00f3 el bien inmueble en la zona de Calacoto con un cost\u00f3 aproximadamente Bs 1,4 millones, pero \u201cseg\u00fan catastro actualizado al 2022 tiene un costo cerca de Bs 5,2 millones\u201d.<br \/>\n\u201cEn la transferencia que hace el concejal Cha\u00edn, como presidente de la Uni\u00f3n \u00c1rabe, hacia la empresa Las Loritas, aparece solamente la transacci\u00f3n del valor de Bs 8.000\u201d, apunt\u00f3 Dockweiler, a tiempo de aclarar que present\u00f3 la denuncia en diferentes instancias para que hagan las investigaciones correspondientes.<br \/>\nAl respecto, Cha\u00edn indic\u00f3 que evidentemente se vendi\u00f3 el predio al propietario de dicha constructora porque fue quien pag\u00f3 m\u00e1s.<br \/>\n\u201cHubo una puja abierta como un remate y quien ofreci\u00f3 m\u00e1s se qued\u00f3 con el lugar. Si el se\u00f1or se lo llev\u00f3 (que tenga) mil provechos, porque pag\u00f3 m\u00e1s y ojal\u00e1 gane m\u00e1s\u201d, dijo.<br \/>\nAsegur\u00f3 que \u00e9l no se beneficia de nada con ese dinero porque los recursos son del Club \u00c1rabe. \u201cS\u00ed, he aprobado esa norma y voy a preparar una segunda ordenanza similar a esta norma para que se construyan en todas las laderas de la ciudad de La Paz\u201d, indic\u00f3.<br \/>\nPOR UN DEPARTAMENTO<br \/>\nUn funcionario que pidi\u00f3 mantener su nombre en reserva, manifest\u00f3 que el exsubalcalde de la zona Sur de La Paz, hoy concejal, Oscar Sogliano, obtuvo un departamento de la inmobiliaria en la zona de Obrajes, donde vive su pareja P. Z.<br \/>\n\u201cTodo mundo sabe que Las Loritas les dio muchos beneficios a los concejales, Sogliano tiene un departamento en Obrajes donde vive su pareja, que tambi\u00e9n es funcionaria, por eso tienen que aprobar esa ordenanza como sea\u201d, dijo.<br \/>\nEl funcionario dijo que el hermano del concejal, que es su operador, maneja un veh\u00edculo Mercedes Benz \u00faltimo modelo, que presumen tambi\u00e9n fue donaci\u00f3n de la inmobiliaria.<br \/>\nEn coincidencia con el funcionario, Dockweiler dijo que Oscar Sogliano habita en una de las propiedades de Las Loritas.<br \/>\nEL DIARIO busc\u00f3 la versi\u00f3n del concejal Oscar Sogliano, pero no estaba en su oficina y desde su unidad de comunicaci\u00f3n dijeron que se comunicar\u00edan para ver cu\u00e1ndo podr\u00edan recibir al medio. Hasta el cierre de la presente edici\u00f3n no hubo respuesta.<br \/>\nDE FIESTA EN FIESTA<br \/>\nOtra concejal que aprob\u00f3 la ordenanza es Lourdes Chambilla, quien tiene como asesor al exdiputado Rafael Quispe. Seg\u00fan denuncia de funcionarios, el tambi\u00e9n excandidato a la gobernaci\u00f3n de La Paz, percibe un sueldo que supera los Bs 17.000 sin \u201chacer nada\u201d, ya que presuntamente es la pareja sentimental de la funcionaria.<br \/>\nEl 24 de octubre pasado, Quispe celebr\u00f3 su fiesta de cumplea\u00f1os a \u201ctodo lujo\u201d presuntamente a costa de la inmobiliaria Las Loritas. El funcionario dijo que fue \u00e9l quien corri\u00f3 con los gastos de su agasajo cuyo monto ascendi\u00f3 a 25 mil d\u00f3lares aproximadamente.<br \/>\nAsimismo, vecinos hicieron llegar a EL DIARIO la invitaci\u00f3n del cumplea\u00f1os de la hija de Chambilla, en julio pasado, donde se evidencia que el propietario de Las Loritas fue nombrado padrino de 15 a\u00f1os.<br \/>\nEn coincidencia con la denuncia que lleg\u00f3 a este medio, el excandidato a la Alcald\u00eda de La Paz, manifest\u00f3 que un ejecutivo de Las Loritas apadrin\u00f3 los 15 a\u00f1os de la hija de Chambilla y le regal\u00f3 \u201cun art\u00edculo de cuatro ruedas\u201d.<br \/>\nEste medio busc\u00f3 la versi\u00f3n de Chambilla, pero tampoco se encontraba en su oficina. A trav\u00e9s de su unidad de comunicaci\u00f3n dijo que no brindar\u00e1 declaraciones de la ordenanza \u201cdebido a que no es la proyectista\u201d; no obstante, tambi\u00e9n aprob\u00f3 la norma.<br \/>\nEL DIARIO busc\u00f3 la versi\u00f3n de la inmobiliaria Las Loritas y desde la unidad de comunicaci\u00f3n nos dijeron: \u201cSon temas pol\u00edticos y nosotros no nos metemos en ello\u201d.<\/p>\n<div id='gallery-1' class='gallery galleryid-120613 gallery-columns-3 gallery-size-thumbnail'><figure class='gallery-item'>\n\t\t\t<div class='gallery-icon landscape'>\n\t\t\t\t<a href='https:\/\/www.eldiario.net\/portal\/2022\/11\/07\/concejales-avalaron-ordenanza-que-atenta-contra-la-ciudad\/mamani-5\/'><img loading=\"lazy\" decoding=\"async\" width=\"150\" height=\"150\" src=\"https:\/\/www.eldiario.net\/portal\/wp-content\/uploads\/2022\/11\/MAMANI-150x150.jpg\" class=\"attachment-thumbnail size-thumbnail\" alt=\"\" aria-describedby=\"gallery-1-120617\" srcset=\"https:\/\/www.eldiario.net\/portal\/wp-content\/uploads\/2022\/11\/MAMANI-150x150.jpg 150w, https:\/\/www.eldiario.net\/portal\/wp-content\/uploads\/2022\/11\/MAMANI.jpg 225w\" sizes=\"auto, (max-width: 150px) 100vw, 150px\" \/><\/a>\n\t\t\t<\/div>\n\t\t\t\t<figcaption class='wp-caption-text gallery-caption' id='gallery-1-120617'>\n\t\t\t\tLUC\u00cdA MAMANI SALAS, PROYECTISTA DE LA ORDENANZA 046\/2022.\n\t\t\t\t<\/figcaption><\/figure>\n\t\t<\/div>\n\n<p><strong>Apuntes<\/strong><\/p>\n<p>Estudio realizado con respecto a la normativa 046\/2022 incluidas las \u00e1reas en donde se emplazar\u00e1n las modificaciones en las cartillas.<br \/>\nFuente: Colegio de Arquitectos de La Paz<\/p>\n<div id='gallery-2' class='gallery galleryid-120613 gallery-columns-3 gallery-size-medium'><figure class='gallery-item'>\n\t\t\t<div class='gallery-icon landscape'>\n\t\t\t\t<a href='https:\/\/www.eldiario.net\/portal\/2022\/11\/07\/conceptos-urbanos-mal-interpretados-estan-destruyendo-la-urbe-pacena\/1-113\/'><img loading=\"lazy\" decoding=\"async\" width=\"300\" height=\"100\" src=\"https:\/\/www.eldiario.net\/portal\/wp-content\/uploads\/2022\/11\/1-300x100.jpg\" class=\"attachment-medium size-medium\" alt=\"\" srcset=\"https:\/\/www.eldiario.net\/portal\/wp-content\/uploads\/2022\/11\/1-300x100.jpg 300w, https:\/\/www.eldiario.net\/portal\/wp-content\/uploads\/2022\/11\/1-1024x341.jpg 1024w, https:\/\/www.eldiario.net\/portal\/wp-content\/uploads\/2022\/11\/1-768x256.jpg 768w, https:\/\/www.eldiario.net\/portal\/wp-content\/uploads\/2022\/11\/1-696x232.jpg 696w, https:\/\/www.eldiario.net\/portal\/wp-content\/uploads\/2022\/11\/1-1068x356.jpg 1068w, https:\/\/www.eldiario.net\/portal\/wp-content\/uploads\/2022\/11\/1.jpg 1084w\" sizes=\"auto, (max-width: 300px) 100vw, 300px\" \/><\/a>\n\t\t\t<\/div><\/figure><figure class='gallery-item'>\n\t\t\t<div class='gallery-icon landscape'>\n\t\t\t\t<a href='https:\/\/www.eldiario.net\/portal\/2022\/11\/07\/conceptos-urbanos-mal-interpretados-estan-destruyendo-la-urbe-pacena\/3-81\/'><img loading=\"lazy\" decoding=\"async\" width=\"300\" height=\"100\" src=\"https:\/\/www.eldiario.net\/portal\/wp-content\/uploads\/2022\/11\/3-300x100.jpg\" class=\"attachment-medium size-medium\" alt=\"\" srcset=\"https:\/\/www.eldiario.net\/portal\/wp-content\/uploads\/2022\/11\/3-300x100.jpg 300w, https:\/\/www.eldiario.net\/portal\/wp-content\/uploads\/2022\/11\/3-1024x343.jpg 1024w, https:\/\/www.eldiario.net\/portal\/wp-content\/uploads\/2022\/11\/3-768x257.jpg 768w, https:\/\/www.eldiario.net\/portal\/wp-content\/uploads\/2022\/11\/3-696x233.jpg 696w, https:\/\/www.eldiario.net\/portal\/wp-content\/uploads\/2022\/11\/3-1068x358.jpg 1068w, https:\/\/www.eldiario.net\/portal\/wp-content\/uploads\/2022\/11\/3.jpg 1081w\" sizes=\"auto, (max-width: 300px) 100vw, 300px\" \/><\/a>\n\t\t\t<\/div><\/figure>\n\t\t<\/div>\n\n","protected":false},"excerpt":{"rendered":"<p>Las concejales Luc\u00eda Mamani Salas, Lourdes Chambilla y sus colegas \u00d3scar Sogliano, Lucio Quispe y Pierre Cha\u00edn, aprobaron la ordenanza municipal 046\/2022 que, seg\u00fan expertos consultados por EL DIARIO, atenta contra la ciudad de La Paz, permitiendo construcciones que no contemplan par\u00e1metros m\u00ednimos necesarios para la planificaci\u00f3n urbana. Con esta norma se beneficia a 400 [&hellip;]<\/p>\n","protected":false},"author":1,"featured_media":120615,"comment_status":"closed","ping_status":"closed","sticky":false,"template":"","format":"standard","meta":{"_acf_changed":false,"footnotes":""},"categories":[39],"tags":[],"class_list":["post-120613","post","type-post","status-publish","format-standard","has-post-thumbnail","category-sociedad"],"acf":{"antetitulo":""},"yoast_head":"<!-- This site is optimized with the Yoast SEO plugin v28.4 - https:\/\/yoast.com\/product\/yoast-seo-wordpress\/ -->\n<title>Concejales avalaron ordenanza que atenta contra la ciudad - El Diario - Bolivia<\/title>\n<meta name=\"robots\" content=\"index, follow, max-snippet:-1, max-image-preview:large, max-video-preview:-1\" \/>\n<link rel=\"canonical\" href=\"https:\/\/www.eldiario.net\/portal\/2022\/11\/07\/concejales-avalaron-ordenanza-que-atenta-contra-la-ciudad\/\" \/>\n<meta property=\"og:locale\" content=\"es_ES\" \/>\n<meta property=\"og:type\" content=\"article\" \/>\n<meta property=\"og:title\" content=\"Concejales avalaron ordenanza que atenta contra la ciudad - El Diario - Bolivia\" \/>\n<meta property=\"og:description\" content=\"Las concejales Luc\u00eda Mamani Salas, Lourdes Chambilla y sus colegas \u00d3scar Sogliano, Lucio Quispe y Pierre Cha\u00edn, aprobaron la ordenanza municipal 046\/2022 que, seg\u00fan expertos consultados por EL DIARIO, atenta contra la ciudad de La Paz, permitiendo construcciones que no contemplan par\u00e1metros m\u00ednimos necesarios para la planificaci\u00f3n urbana. Con esta norma se beneficia a 400 [&hellip;]\" \/>\n<meta property=\"og:url\" content=\"https:\/\/www.eldiario.net\/portal\/2022\/11\/07\/concejales-avalaron-ordenanza-que-atenta-contra-la-ciudad\/\" \/>\n<meta property=\"og:site_name\" content=\"El Diario - Bolivia\" \/>\n<meta property=\"article:publisher\" content=\"https:\/\/www.facebook.com\/eldiario.bolivia\/\" \/>\n<meta property=\"article:published_time\" content=\"2022-11-07T09:39:43+00:00\" \/>\n<meta name=\"author\" content=\"Jeanette\" \/>\n<meta name=\"twitter:card\" content=\"summary_large_image\" \/>\n<meta name=\"twitter:creator\" content=\"@eldiario_net\" \/>\n<meta name=\"twitter:site\" content=\"@eldiario_net\" \/>\n<meta name=\"twitter:label1\" content=\"Escrito por\" \/>\n\t<meta name=\"twitter:data1\" content=\"Jeanette\" \/>\n\t<meta name=\"twitter:label2\" content=\"Tiempo de lectura\" \/>\n\t<meta name=\"twitter:data2\" content=\"7 minutos\" \/>\n<script type=\"application\/ld+json\" class=\"yoast-schema-graph\">{\"@context\":\"https:\\\/\\\/schema.org\",\"@graph\":[{\"@type\":\"Article\",\"@id\":\"https:\\\/\\\/www.eldiario.net\\\/portal\\\/2022\\\/11\\\/07\\\/concejales-avalaron-ordenanza-que-atenta-contra-la-ciudad\\\/#article\",\"isPartOf\":{\"@id\":\"https:\\\/\\\/www.eldiario.net\\\/portal\\\/2022\\\/11\\\/07\\\/concejales-avalaron-ordenanza-que-atenta-contra-la-ciudad\\\/\"},\"author\":{\"name\":\"Jeanette\",\"@id\":\"https:\\\/\\\/www.eldiario.net\\\/portal\\\/#\\\/schema\\\/person\\\/2c57cf2b7a7ae032e449e4c9b1019eac\"},\"headline\":\"Concejales avalaron ordenanza que atenta contra la ciudad\",\"datePublished\":\"2022-11-07T09:39:43+00:00\",\"mainEntityOfPage\":{\"@id\":\"https:\\\/\\\/www.eldiario.net\\\/portal\\\/2022\\\/11\\\/07\\\/concejales-avalaron-ordenanza-que-atenta-contra-la-ciudad\\\/\"},\"wordCount\":1404,\"publisher\":{\"@id\":\"https:\\\/\\\/www.eldiario.net\\\/portal\\\/#organization\"},\"image\":{\"@id\":\"https:\\\/\\\/www.eldiario.net\\\/portal\\\/2022\\\/11\\\/07\\\/concejales-avalaron-ordenanza-que-atenta-contra-la-ciudad\\\/#primaryimage\"},\"thumbnailUrl\":\"\",\"articleSection\":[\"Sociedad - Seguridad\"],\"inLanguage\":\"es\"},{\"@type\":\"WebPage\",\"@id\":\"https:\\\/\\\/www.eldiario.net\\\/portal\\\/2022\\\/11\\\/07\\\/concejales-avalaron-ordenanza-que-atenta-contra-la-ciudad\\\/\",\"url\":\"https:\\\/\\\/www.eldiario.net\\\/portal\\\/2022\\\/11\\\/07\\\/concejales-avalaron-ordenanza-que-atenta-contra-la-ciudad\\\/\",\"name\":\"Concejales avalaron ordenanza que atenta contra la ciudad - El Diario - Bolivia\",\"isPartOf\":{\"@id\":\"https:\\\/\\\/www.eldiario.net\\\/portal\\\/#website\"},\"primaryImageOfPage\":{\"@id\":\"https:\\\/\\\/www.eldiario.net\\\/portal\\\/2022\\\/11\\\/07\\\/concejales-avalaron-ordenanza-que-atenta-contra-la-ciudad\\\/#primaryimage\"},\"image\":{\"@id\":\"https:\\\/\\\/www.eldiario.net\\\/portal\\\/2022\\\/11\\\/07\\\/concejales-avalaron-ordenanza-que-atenta-contra-la-ciudad\\\/#primaryimage\"},\"thumbnailUrl\":\"\",\"datePublished\":\"2022-11-07T09:39:43+00:00\",\"breadcrumb\":{\"@id\":\"https:\\\/\\\/www.eldiario.net\\\/portal\\\/2022\\\/11\\\/07\\\/concejales-avalaron-ordenanza-que-atenta-contra-la-ciudad\\\/#breadcrumb\"},\"inLanguage\":\"es\",\"potentialAction\":[{\"@type\":\"ReadAction\",\"target\":[\"https:\\\/\\\/www.eldiario.net\\\/portal\\\/2022\\\/11\\\/07\\\/concejales-avalaron-ordenanza-que-atenta-contra-la-ciudad\\\/\"]}]},{\"@type\":\"ImageObject\",\"inLanguage\":\"es\",\"@id\":\"https:\\\/\\\/www.eldiario.net\\\/portal\\\/2022\\\/11\\\/07\\\/concejales-avalaron-ordenanza-que-atenta-contra-la-ciudad\\\/#primaryimage\",\"url\":\"\",\"contentUrl\":\"\"},{\"@type\":\"BreadcrumbList\",\"@id\":\"https:\\\/\\\/www.eldiario.net\\\/portal\\\/2022\\\/11\\\/07\\\/concejales-avalaron-ordenanza-que-atenta-contra-la-ciudad\\\/#breadcrumb\",\"itemListElement\":[{\"@type\":\"ListItem\",\"position\":1,\"name\":\"Portada\",\"item\":\"https:\\\/\\\/www.eldiario.net\\\/portal\\\/\"},{\"@type\":\"ListItem\",\"position\":2,\"name\":\"Concejales avalaron ordenanza que atenta contra la ciudad\"}]},{\"@type\":\"WebSite\",\"@id\":\"https:\\\/\\\/www.eldiario.net\\\/portal\\\/#website\",\"url\":\"https:\\\/\\\/www.eldiario.net\\\/portal\\\/\",\"name\":\"El Diario - Decano de la prensa nacional\",\"description\":\"El Diario - Decano de la prensa nacional\",\"publisher\":{\"@id\":\"https:\\\/\\\/www.eldiario.net\\\/portal\\\/#organization\"},\"potentialAction\":[{\"@type\":\"SearchAction\",\"target\":{\"@type\":\"EntryPoint\",\"urlTemplate\":\"https:\\\/\\\/www.eldiario.net\\\/portal\\\/?s={search_term_string}\"},\"query-input\":{\"@type\":\"PropertyValueSpecification\",\"valueRequired\":true,\"valueName\":\"search_term_string\"}}],\"inLanguage\":\"es\"},{\"@type\":\"Organization\",\"@id\":\"https:\\\/\\\/www.eldiario.net\\\/portal\\\/#organization\",\"name\":\"El Diario - Decano de la prensa nacional\",\"url\":\"https:\\\/\\\/www.eldiario.net\\\/portal\\\/\",\"logo\":{\"@type\":\"ImageObject\",\"inLanguage\":\"es\",\"@id\":\"https:\\\/\\\/www.eldiario.net\\\/portal\\\/#\\\/schema\\\/logo\\\/image\\\/\",\"url\":\"https:\\\/\\\/www.eldiario.net\\\/portal\\\/wp-content\\\/uploads\\\/2023\\\/07\\\/logo_ED.jpg\",\"contentUrl\":\"https:\\\/\\\/www.eldiario.net\\\/portal\\\/wp-content\\\/uploads\\\/2023\\\/07\\\/logo_ED.jpg\",\"width\":272,\"height\":52,\"caption\":\"El Diario - Decano de la prensa nacional\"},\"image\":{\"@id\":\"https:\\\/\\\/www.eldiario.net\\\/portal\\\/#\\\/schema\\\/logo\\\/image\\\/\"},\"sameAs\":[\"https:\\\/\\\/www.facebook.com\\\/eldiario.bolivia\\\/\",\"https:\\\/\\\/x.com\\\/eldiario_net\"]},{\"@type\":\"Person\",\"@id\":\"https:\\\/\\\/www.eldiario.net\\\/portal\\\/#\\\/schema\\\/person\\\/2c57cf2b7a7ae032e449e4c9b1019eac\",\"name\":\"Jeanette\",\"image\":{\"@type\":\"ImageObject\",\"inLanguage\":\"es\",\"@id\":\"https:\\\/\\\/secure.gravatar.com\\\/avatar\\\/3ea2118a5f7dad2b7138b1187a6b7ee55f160b9968b66013c3a3ef39dd7e5798?s=96&d=mm&r=g\",\"url\":\"https:\\\/\\\/secure.gravatar.com\\\/avatar\\\/3ea2118a5f7dad2b7138b1187a6b7ee55f160b9968b66013c3a3ef39dd7e5798?s=96&d=mm&r=g\",\"contentUrl\":\"https:\\\/\\\/secure.gravatar.com\\\/avatar\\\/3ea2118a5f7dad2b7138b1187a6b7ee55f160b9968b66013c3a3ef39dd7e5798?s=96&d=mm&r=g\",\"caption\":\"Jeanette\"},\"sameAs\":[\"https:\\\/\\\/www.eldiario.net\\\/portal\"],\"url\":\"https:\\\/\\\/www.eldiario.net\\\/portal\\\/author\\\/jeanette\\\/\"}]}<\/script>\n<!-- \/ Yoast SEO plugin. -->","yoast_head_json":{"title":"Concejales avalaron ordenanza que atenta contra la ciudad - El Diario - Bolivia","robots":{"index":"index","follow":"follow","max-snippet":"max-snippet:-1","max-image-preview":"max-image-preview:large","max-video-preview":"max-video-preview:-1"},"canonical":"https:\/\/www.eldiario.net\/portal\/2022\/11\/07\/concejales-avalaron-ordenanza-que-atenta-contra-la-ciudad\/","og_locale":"es_ES","og_type":"article","og_title":"Concejales avalaron ordenanza que atenta contra la ciudad - El Diario - Bolivia","og_description":"Las concejales Luc\u00eda Mamani Salas, Lourdes Chambilla y sus colegas \u00d3scar Sogliano, Lucio Quispe y Pierre Cha\u00edn, aprobaron la ordenanza municipal 046\/2022 que, seg\u00fan expertos consultados por EL DIARIO, atenta contra la ciudad de La Paz, permitiendo construcciones que no contemplan par\u00e1metros m\u00ednimos necesarios para la planificaci\u00f3n urbana. Con esta norma se beneficia a 400 [&hellip;]","og_url":"https:\/\/www.eldiario.net\/portal\/2022\/11\/07\/concejales-avalaron-ordenanza-que-atenta-contra-la-ciudad\/","og_site_name":"El Diario - Bolivia","article_publisher":"https:\/\/www.facebook.com\/eldiario.bolivia\/","article_published_time":"2022-11-07T09:39:43+00:00","author":"Jeanette","twitter_card":"summary_large_image","twitter_creator":"@eldiario_net","twitter_site":"@eldiario_net","twitter_misc":{"Escrito por":"Jeanette","Tiempo de lectura":"7 minutos"},"schema":{"@context":"https:\/\/schema.org","@graph":[{"@type":"Article","@id":"https:\/\/www.eldiario.net\/portal\/2022\/11\/07\/concejales-avalaron-ordenanza-que-atenta-contra-la-ciudad\/#article","isPartOf":{"@id":"https:\/\/www.eldiario.net\/portal\/2022\/11\/07\/concejales-avalaron-ordenanza-que-atenta-contra-la-ciudad\/"},"author":{"name":"Jeanette","@id":"https:\/\/www.eldiario.net\/portal\/#\/schema\/person\/2c57cf2b7a7ae032e449e4c9b1019eac"},"headline":"Concejales avalaron ordenanza que atenta contra la ciudad","datePublished":"2022-11-07T09:39:43+00:00","mainEntityOfPage":{"@id":"https:\/\/www.eldiario.net\/portal\/2022\/11\/07\/concejales-avalaron-ordenanza-que-atenta-contra-la-ciudad\/"},"wordCount":1404,"publisher":{"@id":"https:\/\/www.eldiario.net\/portal\/#organization"},"image":{"@id":"https:\/\/www.eldiario.net\/portal\/2022\/11\/07\/concejales-avalaron-ordenanza-que-atenta-contra-la-ciudad\/#primaryimage"},"thumbnailUrl":"","articleSection":["Sociedad - Seguridad"],"inLanguage":"es"},{"@type":"WebPage","@id":"https:\/\/www.eldiario.net\/portal\/2022\/11\/07\/concejales-avalaron-ordenanza-que-atenta-contra-la-ciudad\/","url":"https:\/\/www.eldiario.net\/portal\/2022\/11\/07\/concejales-avalaron-ordenanza-que-atenta-contra-la-ciudad\/","name":"Concejales avalaron ordenanza que atenta contra la ciudad - El Diario - Bolivia","isPartOf":{"@id":"https:\/\/www.eldiario.net\/portal\/#website"},"primaryImageOfPage":{"@id":"https:\/\/www.eldiario.net\/portal\/2022\/11\/07\/concejales-avalaron-ordenanza-que-atenta-contra-la-ciudad\/#primaryimage"},"image":{"@id":"https:\/\/www.eldiario.net\/portal\/2022\/11\/07\/concejales-avalaron-ordenanza-que-atenta-contra-la-ciudad\/#primaryimage"},"thumbnailUrl":"","datePublished":"2022-11-07T09:39:43+00:00","breadcrumb":{"@id":"https:\/\/www.eldiario.net\/portal\/2022\/11\/07\/concejales-avalaron-ordenanza-que-atenta-contra-la-ciudad\/#breadcrumb"},"inLanguage":"es","potentialAction":[{"@type":"ReadAction","target":["https:\/\/www.eldiario.net\/portal\/2022\/11\/07\/concejales-avalaron-ordenanza-que-atenta-contra-la-ciudad\/"]}]},{"@type":"ImageObject","inLanguage":"es","@id":"https:\/\/www.eldiario.net\/portal\/2022\/11\/07\/concejales-avalaron-ordenanza-que-atenta-contra-la-ciudad\/#primaryimage","url":"","contentUrl":""},{"@type":"BreadcrumbList","@id":"https:\/\/www.eldiario.net\/portal\/2022\/11\/07\/concejales-avalaron-ordenanza-que-atenta-contra-la-ciudad\/#breadcrumb","itemListElement":[{"@type":"ListItem","position":1,"name":"Portada","item":"https:\/\/www.eldiario.net\/portal\/"},{"@type":"ListItem","position":2,"name":"Concejales avalaron ordenanza que atenta contra la ciudad"}]},{"@type":"WebSite","@id":"https:\/\/www.eldiario.net\/portal\/#website","url":"https:\/\/www.eldiario.net\/portal\/","name":"El Diario - Decano de la prensa nacional","description":"El Diario - Decano de la prensa nacional","publisher":{"@id":"https:\/\/www.eldiario.net\/portal\/#organization"},"potentialAction":[{"@type":"SearchAction","target":{"@type":"EntryPoint","urlTemplate":"https:\/\/www.eldiario.net\/portal\/?s={search_term_string}"},"query-input":{"@type":"PropertyValueSpecification","valueRequired":true,"valueName":"search_term_string"}}],"inLanguage":"es"},{"@type":"Organization","@id":"https:\/\/www.eldiario.net\/portal\/#organization","name":"El Diario - Decano de la prensa nacional","url":"https:\/\/www.eldiario.net\/portal\/","logo":{"@type":"ImageObject","inLanguage":"es","@id":"https:\/\/www.eldiario.net\/portal\/#\/schema\/logo\/image\/","url":"https:\/\/www.eldiario.net\/portal\/wp-content\/uploads\/2023\/07\/logo_ED.jpg","contentUrl":"https:\/\/www.eldiario.net\/portal\/wp-content\/uploads\/2023\/07\/logo_ED.jpg","width":272,"height":52,"caption":"El Diario - Decano de la prensa nacional"},"image":{"@id":"https:\/\/www.eldiario.net\/portal\/#\/schema\/logo\/image\/"},"sameAs":["https:\/\/www.facebook.com\/eldiario.bolivia\/","https:\/\/x.com\/eldiario_net"]},{"@type":"Person","@id":"https:\/\/www.eldiario.net\/portal\/#\/schema\/person\/2c57cf2b7a7ae032e449e4c9b1019eac","name":"Jeanette","image":{"@type":"ImageObject","inLanguage":"es","@id":"https:\/\/secure.gravatar.com\/avatar\/3ea2118a5f7dad2b7138b1187a6b7ee55f160b9968b66013c3a3ef39dd7e5798?s=96&d=mm&r=g","url":"https:\/\/secure.gravatar.com\/avatar\/3ea2118a5f7dad2b7138b1187a6b7ee55f160b9968b66013c3a3ef39dd7e5798?s=96&d=mm&r=g","contentUrl":"https:\/\/secure.gravatar.com\/avatar\/3ea2118a5f7dad2b7138b1187a6b7ee55f160b9968b66013c3a3ef39dd7e5798?s=96&d=mm&r=g","caption":"Jeanette"},"sameAs":["https:\/\/www.eldiario.net\/portal"],"url":"https:\/\/www.eldiario.net\/portal\/author\/jeanette\/"}]}},"_links":{"self":[{"href":"https:\/\/www.eldiario.net\/portal\/wp-json\/wp\/v2\/posts\/120613","targetHints":{"allow":["GET"]}}],"collection":[{"href":"https:\/\/www.eldiario.net\/portal\/wp-json\/wp\/v2\/posts"}],"about":[{"href":"https:\/\/www.eldiario.net\/portal\/wp-json\/wp\/v2\/types\/post"}],"author":[{"embeddable":true,"href":"https:\/\/www.eldiario.net\/portal\/wp-json\/wp\/v2\/users\/1"}],"replies":[{"embeddable":true,"href":"https:\/\/www.eldiario.net\/portal\/wp-json\/wp\/v2\/comments?post=120613"}],"version-history":[{"count":0,"href":"https:\/\/www.eldiario.net\/portal\/wp-json\/wp\/v2\/posts\/120613\/revisions"}],"wp:attachment":[{"href":"https:\/\/www.eldiario.net\/portal\/wp-json\/wp\/v2\/media?parent=120613"}],"wp:term":[{"taxonomy":"category","embeddable":true,"href":"https:\/\/www.eldiario.net\/portal\/wp-json\/wp\/v2\/categories?post=120613"},{"taxonomy":"post_tag","embeddable":true,"href":"https:\/\/www.eldiario.net\/portal\/wp-json\/wp\/v2\/tags?post=120613"}],"curies":[{"name":"wp","href":"https:\/\/api.w.org\/{rel}","templated":true}]}}