{"id":12039,"date":"2021-06-22T05:47:55","date_gmt":"2021-06-22T09:47:55","guid":{"rendered":"https:\/\/www.eldiario.net\/portal\/?p=12039"},"modified":"2021-06-22T05:47:55","modified_gmt":"2021-06-22T09:47:55","slug":"no-existe-avance-significativo-en-investigaciones-sobre-la-violencia","status":"publish","type":"post","link":"https:\/\/www.eldiario.net\/portal\/2021\/06\/22\/no-existe-avance-significativo-en-investigaciones-sobre-la-violencia\/","title":{"rendered":"No existe avance significativo en investigaciones sobre la violencia"},"content":{"rendered":"<p>Ante la retardaci\u00f3n en las investigaciones por los hechos de violencia registrados en localidades como Senkata y Sacaba en 2019, representantes de Derechos Humanos de la ciudad de El Alto cuestionaron que autoridades est\u00e9n m\u00e1s interesadas en los procesos por fraude electoral antes que esclarecer los hechos de violencia que derivaron en muertes de ciudadanos.<\/p>\n<p>El representante de Derechos Humanos en la ciudad de El Alto, David Inca, cuestion\u00f3 que hasta la fecha no existan avances significativos en las investigaciones sobre la violencia que gener\u00f3 la p\u00e9rdida de vidas en noviembre de 2019.<\/p>\n<p>Se\u00f1al\u00f3 que por la reserva del caso no se puede tener conocimiento del avance en las investigaciones y si existen nuevos implicados tras cumplirse un a\u00f1o y siete meses de estas jornadas.<\/p>\n<p>\u201cEl general Valverde que est\u00e1 en el Abra con medidas cautelares y el se\u00f1or Su\u00e1rez que est\u00e1 aqu\u00ed en San Pedro, pero m\u00e1s all\u00e1 no ha avanzado la investigaci\u00f3n y el juez ha determinado declarar en reserva\u201d, dijo.<\/p>\n<p>El dirigente lament\u00f3 que el Ministerio P\u00fablico solo haya viabilizado denuncias con car\u00e1cter pol\u00edtico, ya que solo la querella presentada por la ex diputada Lidia Patty presenta avance. En este proceso solo se considera como v\u00edctimas al expresidente Morales, el vicepresidente y los presidentes de las c\u00e1maras legislativas, dejando de lado a los vecinos de Senkata que perdieron la vida.<\/p>\n<p>\u201cEn la querella por los delitos de sedici\u00f3n y terrorismo y conspiraci\u00f3n, ah\u00ed las victimas solo son 4, el se\u00f1or Evo Morales, el se\u00f1or \u00c1lvaro Garc\u00eda Linera, la se\u00f1ora Salvatierra y el se\u00f1or Borda. Lo que les interesa es que haya un resultado sobre el fraude, pero no les interesa los delitos ocurridos sobre la muerte de nuestros hermanos que en su mayor\u00eda son aimaras y quechuas\u201d afirm\u00f3 Inca.<\/p>\n<p>Con molestia, el representante de DDHH manifest\u00f3 que para la poblaci\u00f3n existe mayor necesidad de que se esclarezcan las muertes de ciudadanos antes que entrar en el debate de si en 2019 hubo un golpe o un fraude.<\/p>\n<p>\u201cNo nos interesa debatir si es golpe de Estado o es fraude, lo que ha ocurrido en el mes de noviembre en Senkata y en varios lugares a nivel nacional es que se han cometido delitos y graves vulneraciones a los derechos humanos\u201d, indic\u00f3.<\/p>\n","protected":false},"excerpt":{"rendered":"<p>Ante la retardaci\u00f3n en las investigaciones por los hechos de violencia registrados en localidades como Senkata y Sacaba en 2019, representantes de Derechos Humanos de la ciudad de El Alto cuestionaron que autoridades est\u00e9n m\u00e1s interesadas en los procesos por fraude electoral antes que esclarecer los hechos de violencia que derivaron en muertes de ciudadanos. [&hellip;]<\/p>\n","protected":false},"author":1,"featured_media":12040,"comment_status":"closed","ping_status":"closed","sticky":false,"template":"","format":"standard","meta":{"_acf_changed":false,"footnotes":""},"categories":[39],"tags":[],"class_list":["post-12039","post","type-post","status-publish","format-standard","has-post-thumbnail","category-sociedad"],"acf":{"antetitulo":""},"yoast_head":"<!-- This site is optimized with the Yoast SEO plugin v28.4 - https:\/\/yoast.com\/product\/yoast-seo-wordpress\/ -->\n<title>No existe avance significativo en investigaciones sobre la violencia - El Diario - Bolivia<\/title>\n<meta name=\"robots\" content=\"index, follow, max-snippet:-1, max-image-preview:large, max-video-preview:-1\" \/>\n<link rel=\"canonical\" href=\"https:\/\/www.eldiario.net\/portal\/2021\/06\/22\/no-existe-avance-significativo-en-investigaciones-sobre-la-violencia\/\" \/>\n<meta property=\"og:locale\" content=\"es_ES\" \/>\n<meta property=\"og:type\" content=\"article\" \/>\n<meta property=\"og:title\" content=\"No existe avance significativo en investigaciones sobre la violencia - El Diario - Bolivia\" \/>\n<meta property=\"og:description\" content=\"Ante la retardaci\u00f3n en las investigaciones por los hechos de violencia registrados en localidades como Senkata y Sacaba en 2019, representantes de Derechos Humanos de la ciudad de El Alto cuestionaron que autoridades est\u00e9n m\u00e1s interesadas en los procesos por fraude electoral antes que esclarecer los hechos de violencia que derivaron en muertes de ciudadanos. [&hellip;]\" \/>\n<meta property=\"og:url\" content=\"https:\/\/www.eldiario.net\/portal\/2021\/06\/22\/no-existe-avance-significativo-en-investigaciones-sobre-la-violencia\/\" \/>\n<meta property=\"og:site_name\" content=\"El Diario - Bolivia\" \/>\n<meta property=\"article:publisher\" content=\"https:\/\/www.facebook.com\/eldiario.bolivia\/\" \/>\n<meta property=\"article:published_time\" content=\"2021-06-22T09:47:55+00:00\" \/>\n<meta name=\"author\" content=\"Jeanette\" \/>\n<meta name=\"twitter:card\" content=\"summary_large_image\" \/>\n<meta name=\"twitter:creator\" content=\"@eldiario_net\" \/>\n<meta name=\"twitter:site\" content=\"@eldiario_net\" \/>\n<meta name=\"twitter:label1\" content=\"Escrito por\" \/>\n\t<meta name=\"twitter:data1\" content=\"Jeanette\" \/>\n\t<meta name=\"twitter:label2\" content=\"Tiempo de lectura\" \/>\n\t<meta name=\"twitter:data2\" content=\"2 minutos\" \/>\n<script type=\"application\/ld+json\" class=\"yoast-schema-graph\">{\"@context\":\"https:\\\/\\\/schema.org\",\"@graph\":[{\"@type\":\"Article\",\"@id\":\"https:\\\/\\\/www.eldiario.net\\\/portal\\\/2021\\\/06\\\/22\\\/no-existe-avance-significativo-en-investigaciones-sobre-la-violencia\\\/#article\",\"isPartOf\":{\"@id\":\"https:\\\/\\\/www.eldiario.net\\\/portal\\\/2021\\\/06\\\/22\\\/no-existe-avance-significativo-en-investigaciones-sobre-la-violencia\\\/\"},\"author\":{\"name\":\"Jeanette\",\"@id\":\"https:\\\/\\\/www.eldiario.net\\\/portal\\\/#\\\/schema\\\/person\\\/f46445640444750d7d753ccd04ae01b7\"},\"headline\":\"No existe avance significativo en investigaciones sobre la violencia\",\"datePublished\":\"2021-06-22T09:47:55+00:00\",\"mainEntityOfPage\":{\"@id\":\"https:\\\/\\\/www.eldiario.net\\\/portal\\\/2021\\\/06\\\/22\\\/no-existe-avance-significativo-en-investigaciones-sobre-la-violencia\\\/\"},\"wordCount\":403,\"publisher\":{\"@id\":\"https:\\\/\\\/www.eldiario.net\\\/portal\\\/#organization\"},\"image\":{\"@id\":\"https:\\\/\\\/www.eldiario.net\\\/portal\\\/2021\\\/06\\\/22\\\/no-existe-avance-significativo-en-investigaciones-sobre-la-violencia\\\/#primaryimage\"},\"thumbnailUrl\":\"\",\"articleSection\":[\"Sociedad - Seguridad\"],\"inLanguage\":\"es\"},{\"@type\":\"WebPage\",\"@id\":\"https:\\\/\\\/www.eldiario.net\\\/portal\\\/2021\\\/06\\\/22\\\/no-existe-avance-significativo-en-investigaciones-sobre-la-violencia\\\/\",\"url\":\"https:\\\/\\\/www.eldiario.net\\\/portal\\\/2021\\\/06\\\/22\\\/no-existe-avance-significativo-en-investigaciones-sobre-la-violencia\\\/\",\"name\":\"No existe avance significativo en investigaciones sobre la violencia - El Diario - Bolivia\",\"isPartOf\":{\"@id\":\"https:\\\/\\\/www.eldiario.net\\\/portal\\\/#website\"},\"primaryImageOfPage\":{\"@id\":\"https:\\\/\\\/www.eldiario.net\\\/portal\\\/2021\\\/06\\\/22\\\/no-existe-avance-significativo-en-investigaciones-sobre-la-violencia\\\/#primaryimage\"},\"image\":{\"@id\":\"https:\\\/\\\/www.eldiario.net\\\/portal\\\/2021\\\/06\\\/22\\\/no-existe-avance-significativo-en-investigaciones-sobre-la-violencia\\\/#primaryimage\"},\"thumbnailUrl\":\"\",\"datePublished\":\"2021-06-22T09:47:55+00:00\",\"breadcrumb\":{\"@id\":\"https:\\\/\\\/www.eldiario.net\\\/portal\\\/2021\\\/06\\\/22\\\/no-existe-avance-significativo-en-investigaciones-sobre-la-violencia\\\/#breadcrumb\"},\"inLanguage\":\"es\",\"potentialAction\":[{\"@type\":\"ReadAction\",\"target\":[\"https:\\\/\\\/www.eldiario.net\\\/portal\\\/2021\\\/06\\\/22\\\/no-existe-avance-significativo-en-investigaciones-sobre-la-violencia\\\/\"]}]},{\"@type\":\"ImageObject\",\"inLanguage\":\"es\",\"@id\":\"https:\\\/\\\/www.eldiario.net\\\/portal\\\/2021\\\/06\\\/22\\\/no-existe-avance-significativo-en-investigaciones-sobre-la-violencia\\\/#primaryimage\",\"url\":\"\",\"contentUrl\":\"\"},{\"@type\":\"BreadcrumbList\",\"@id\":\"https:\\\/\\\/www.eldiario.net\\\/portal\\\/2021\\\/06\\\/22\\\/no-existe-avance-significativo-en-investigaciones-sobre-la-violencia\\\/#breadcrumb\",\"itemListElement\":[{\"@type\":\"ListItem\",\"position\":1,\"name\":\"Portada\",\"item\":\"https:\\\/\\\/www.eldiario.net\\\/portal\\\/\"},{\"@type\":\"ListItem\",\"position\":2,\"name\":\"No existe avance significativo en investigaciones sobre la violencia\"}]},{\"@type\":\"WebSite\",\"@id\":\"https:\\\/\\\/www.eldiario.net\\\/portal\\\/#website\",\"url\":\"https:\\\/\\\/www.eldiario.net\\\/portal\\\/\",\"name\":\"El Diario - Decano de la prensa nacional\",\"description\":\"El Diario - Decano de la prensa nacional\",\"publisher\":{\"@id\":\"https:\\\/\\\/www.eldiario.net\\\/portal\\\/#organization\"},\"potentialAction\":[{\"@type\":\"SearchAction\",\"target\":{\"@type\":\"EntryPoint\",\"urlTemplate\":\"https:\\\/\\\/www.eldiario.net\\\/portal\\\/?s={search_term_string}\"},\"query-input\":{\"@type\":\"PropertyValueSpecification\",\"valueRequired\":true,\"valueName\":\"search_term_string\"}}],\"inLanguage\":\"es\"},{\"@type\":\"Organization\",\"@id\":\"https:\\\/\\\/www.eldiario.net\\\/portal\\\/#organization\",\"name\":\"El Diario - Decano de la prensa nacional\",\"url\":\"https:\\\/\\\/www.eldiario.net\\\/portal\\\/\",\"logo\":{\"@type\":\"ImageObject\",\"inLanguage\":\"es\",\"@id\":\"https:\\\/\\\/www.eldiario.net\\\/portal\\\/#\\\/schema\\\/logo\\\/image\\\/\",\"url\":\"https:\\\/\\\/www.eldiario.net\\\/portal\\\/wp-content\\\/uploads\\\/2023\\\/07\\\/logo_ED.jpg\",\"contentUrl\":\"https:\\\/\\\/www.eldiario.net\\\/portal\\\/wp-content\\\/uploads\\\/2023\\\/07\\\/logo_ED.jpg\",\"width\":272,\"height\":52,\"caption\":\"El Diario - Decano de la prensa nacional\"},\"image\":{\"@id\":\"https:\\\/\\\/www.eldiario.net\\\/portal\\\/#\\\/schema\\\/logo\\\/image\\\/\"},\"sameAs\":[\"https:\\\/\\\/www.facebook.com\\\/eldiario.bolivia\\\/\",\"https:\\\/\\\/x.com\\\/eldiario_net\"]},{\"@type\":\"Person\",\"@id\":\"https:\\\/\\\/www.eldiario.net\\\/portal\\\/#\\\/schema\\\/person\\\/f46445640444750d7d753ccd04ae01b7\",\"name\":\"Jeanette\",\"image\":{\"@type\":\"ImageObject\",\"inLanguage\":\"es\",\"@id\":\"https:\\\/\\\/secure.gravatar.com\\\/avatar\\\/3ea2118a5f7dad2b7138b1187a6b7ee55f160b9968b66013c3a3ef39dd7e5798?s=96&d=mm&r=g\",\"url\":\"https:\\\/\\\/secure.gravatar.com\\\/avatar\\\/3ea2118a5f7dad2b7138b1187a6b7ee55f160b9968b66013c3a3ef39dd7e5798?s=96&d=mm&r=g\",\"contentUrl\":\"https:\\\/\\\/secure.gravatar.com\\\/avatar\\\/3ea2118a5f7dad2b7138b1187a6b7ee55f160b9968b66013c3a3ef39dd7e5798?s=96&d=mm&r=g\",\"caption\":\"Jeanette\"},\"sameAs\":[\"https:\\\/\\\/www.eldiario.net\\\/portal\"],\"url\":\"https:\\\/\\\/www.eldiario.net\\\/portal\\\/author\\\/jeanette\\\/\"}]}<\/script>\n<!-- \/ Yoast SEO plugin. -->","yoast_head_json":{"title":"No existe avance significativo en investigaciones sobre la violencia - El Diario - Bolivia","robots":{"index":"index","follow":"follow","max-snippet":"max-snippet:-1","max-image-preview":"max-image-preview:large","max-video-preview":"max-video-preview:-1"},"canonical":"https:\/\/www.eldiario.net\/portal\/2021\/06\/22\/no-existe-avance-significativo-en-investigaciones-sobre-la-violencia\/","og_locale":"es_ES","og_type":"article","og_title":"No existe avance significativo en investigaciones sobre la violencia - El Diario - Bolivia","og_description":"Ante la retardaci\u00f3n en las investigaciones por los hechos de violencia registrados en localidades como Senkata y Sacaba en 2019, representantes de Derechos Humanos de la ciudad de El Alto cuestionaron que autoridades est\u00e9n m\u00e1s interesadas en los procesos por fraude electoral antes que esclarecer los hechos de violencia que derivaron en muertes de ciudadanos. [&hellip;]","og_url":"https:\/\/www.eldiario.net\/portal\/2021\/06\/22\/no-existe-avance-significativo-en-investigaciones-sobre-la-violencia\/","og_site_name":"El Diario - Bolivia","article_publisher":"https:\/\/www.facebook.com\/eldiario.bolivia\/","article_published_time":"2021-06-22T09:47:55+00:00","author":"Jeanette","twitter_card":"summary_large_image","twitter_creator":"@eldiario_net","twitter_site":"@eldiario_net","twitter_misc":{"Escrito por":"Jeanette","Tiempo de lectura":"2 minutos"},"schema":{"@context":"https:\/\/schema.org","@graph":[{"@type":"Article","@id":"https:\/\/www.eldiario.net\/portal\/2021\/06\/22\/no-existe-avance-significativo-en-investigaciones-sobre-la-violencia\/#article","isPartOf":{"@id":"https:\/\/www.eldiario.net\/portal\/2021\/06\/22\/no-existe-avance-significativo-en-investigaciones-sobre-la-violencia\/"},"author":{"name":"Jeanette","@id":"https:\/\/www.eldiario.net\/portal\/#\/schema\/person\/f46445640444750d7d753ccd04ae01b7"},"headline":"No existe avance significativo en investigaciones sobre la violencia","datePublished":"2021-06-22T09:47:55+00:00","mainEntityOfPage":{"@id":"https:\/\/www.eldiario.net\/portal\/2021\/06\/22\/no-existe-avance-significativo-en-investigaciones-sobre-la-violencia\/"},"wordCount":403,"publisher":{"@id":"https:\/\/www.eldiario.net\/portal\/#organization"},"image":{"@id":"https:\/\/www.eldiario.net\/portal\/2021\/06\/22\/no-existe-avance-significativo-en-investigaciones-sobre-la-violencia\/#primaryimage"},"thumbnailUrl":"","articleSection":["Sociedad - Seguridad"],"inLanguage":"es"},{"@type":"WebPage","@id":"https:\/\/www.eldiario.net\/portal\/2021\/06\/22\/no-existe-avance-significativo-en-investigaciones-sobre-la-violencia\/","url":"https:\/\/www.eldiario.net\/portal\/2021\/06\/22\/no-existe-avance-significativo-en-investigaciones-sobre-la-violencia\/","name":"No existe avance significativo en investigaciones sobre la violencia - El Diario - Bolivia","isPartOf":{"@id":"https:\/\/www.eldiario.net\/portal\/#website"},"primaryImageOfPage":{"@id":"https:\/\/www.eldiario.net\/portal\/2021\/06\/22\/no-existe-avance-significativo-en-investigaciones-sobre-la-violencia\/#primaryimage"},"image":{"@id":"https:\/\/www.eldiario.net\/portal\/2021\/06\/22\/no-existe-avance-significativo-en-investigaciones-sobre-la-violencia\/#primaryimage"},"thumbnailUrl":"","datePublished":"2021-06-22T09:47:55+00:00","breadcrumb":{"@id":"https:\/\/www.eldiario.net\/portal\/2021\/06\/22\/no-existe-avance-significativo-en-investigaciones-sobre-la-violencia\/#breadcrumb"},"inLanguage":"es","potentialAction":[{"@type":"ReadAction","target":["https:\/\/www.eldiario.net\/portal\/2021\/06\/22\/no-existe-avance-significativo-en-investigaciones-sobre-la-violencia\/"]}]},{"@type":"ImageObject","inLanguage":"es","@id":"https:\/\/www.eldiario.net\/portal\/2021\/06\/22\/no-existe-avance-significativo-en-investigaciones-sobre-la-violencia\/#primaryimage","url":"","contentUrl":""},{"@type":"BreadcrumbList","@id":"https:\/\/www.eldiario.net\/portal\/2021\/06\/22\/no-existe-avance-significativo-en-investigaciones-sobre-la-violencia\/#breadcrumb","itemListElement":[{"@type":"ListItem","position":1,"name":"Portada","item":"https:\/\/www.eldiario.net\/portal\/"},{"@type":"ListItem","position":2,"name":"No existe avance significativo en investigaciones sobre la violencia"}]},{"@type":"WebSite","@id":"https:\/\/www.eldiario.net\/portal\/#website","url":"https:\/\/www.eldiario.net\/portal\/","name":"El Diario - Decano de la prensa nacional","description":"El Diario - Decano de la prensa nacional","publisher":{"@id":"https:\/\/www.eldiario.net\/portal\/#organization"},"potentialAction":[{"@type":"SearchAction","target":{"@type":"EntryPoint","urlTemplate":"https:\/\/www.eldiario.net\/portal\/?s={search_term_string}"},"query-input":{"@type":"PropertyValueSpecification","valueRequired":true,"valueName":"search_term_string"}}],"inLanguage":"es"},{"@type":"Organization","@id":"https:\/\/www.eldiario.net\/portal\/#organization","name":"El Diario - Decano de la prensa nacional","url":"https:\/\/www.eldiario.net\/portal\/","logo":{"@type":"ImageObject","inLanguage":"es","@id":"https:\/\/www.eldiario.net\/portal\/#\/schema\/logo\/image\/","url":"https:\/\/www.eldiario.net\/portal\/wp-content\/uploads\/2023\/07\/logo_ED.jpg","contentUrl":"https:\/\/www.eldiario.net\/portal\/wp-content\/uploads\/2023\/07\/logo_ED.jpg","width":272,"height":52,"caption":"El Diario - Decano de la prensa nacional"},"image":{"@id":"https:\/\/www.eldiario.net\/portal\/#\/schema\/logo\/image\/"},"sameAs":["https:\/\/www.facebook.com\/eldiario.bolivia\/","https:\/\/x.com\/eldiario_net"]},{"@type":"Person","@id":"https:\/\/www.eldiario.net\/portal\/#\/schema\/person\/f46445640444750d7d753ccd04ae01b7","name":"Jeanette","image":{"@type":"ImageObject","inLanguage":"es","@id":"https:\/\/secure.gravatar.com\/avatar\/3ea2118a5f7dad2b7138b1187a6b7ee55f160b9968b66013c3a3ef39dd7e5798?s=96&d=mm&r=g","url":"https:\/\/secure.gravatar.com\/avatar\/3ea2118a5f7dad2b7138b1187a6b7ee55f160b9968b66013c3a3ef39dd7e5798?s=96&d=mm&r=g","contentUrl":"https:\/\/secure.gravatar.com\/avatar\/3ea2118a5f7dad2b7138b1187a6b7ee55f160b9968b66013c3a3ef39dd7e5798?s=96&d=mm&r=g","caption":"Jeanette"},"sameAs":["https:\/\/www.eldiario.net\/portal"],"url":"https:\/\/www.eldiario.net\/portal\/author\/jeanette\/"}]}},"_links":{"self":[{"href":"https:\/\/www.eldiario.net\/portal\/wp-json\/wp\/v2\/posts\/12039","targetHints":{"allow":["GET"]}}],"collection":[{"href":"https:\/\/www.eldiario.net\/portal\/wp-json\/wp\/v2\/posts"}],"about":[{"href":"https:\/\/www.eldiario.net\/portal\/wp-json\/wp\/v2\/types\/post"}],"author":[{"embeddable":true,"href":"https:\/\/www.eldiario.net\/portal\/wp-json\/wp\/v2\/users\/1"}],"replies":[{"embeddable":true,"href":"https:\/\/www.eldiario.net\/portal\/wp-json\/wp\/v2\/comments?post=12039"}],"version-history":[{"count":0,"href":"https:\/\/www.eldiario.net\/portal\/wp-json\/wp\/v2\/posts\/12039\/revisions"}],"wp:attachment":[{"href":"https:\/\/www.eldiario.net\/portal\/wp-json\/wp\/v2\/media?parent=12039"}],"wp:term":[{"taxonomy":"category","embeddable":true,"href":"https:\/\/www.eldiario.net\/portal\/wp-json\/wp\/v2\/categories?post=12039"},{"taxonomy":"post_tag","embeddable":true,"href":"https:\/\/www.eldiario.net\/portal\/wp-json\/wp\/v2\/tags?post=12039"}],"curies":[{"name":"wp","href":"https:\/\/api.w.org\/{rel}","templated":true}]}}