{"id":12036,"date":"2021-06-22T05:46:34","date_gmt":"2021-06-22T09:46:34","guid":{"rendered":"https:\/\/www.eldiario.net\/portal\/?p=12036"},"modified":"2021-06-22T05:46:34","modified_gmt":"2021-06-22T09:46:34","slug":"policia-intensifica-operativos-frente-a-robos-en-via-publica","status":"publish","type":"post","link":"https:\/\/www.eldiario.net\/portal\/2021\/06\/22\/policia-intensifica-operativos-frente-a-robos-en-via-publica\/","title":{"rendered":"Polic\u00eda intensifica operativos frente a robos en v\u00eda p\u00fablica"},"content":{"rendered":"<p>Ante intervenciones y operativos policiales realizados por efectivos de la Fuerza Especial de Lucha Contra el Crimen (FELCC) durante el fin de semana para recuperar celulares robados a ciudadanos de La Paz y El Alto, por lo que recomendaron a la poblaci\u00f3n prudencia al momento de manipular equipos de comunicaci\u00f3n en v\u00eda p\u00fablica.<\/p>\n<p>Seg\u00fan se report\u00f3 la jornada pasada, distintos operativos policiales lograron recuperar equipos telef\u00f3nicos sustra\u00eddos a sus respectivos due\u00f1os durante el fin de semana, seg\u00fan informo el subdirector de la fuerza anticrimen coronel Juan Jos\u00e9 Donaire.<\/p>\n<p>Uno de estos casos tuvo lugar en la zona de Villa F\u00e1tima, en inmediaciones de la Plaza del Maestro, cuando antisociales, que ya cuentan con antecedentes por delitos similares, despojaron de su celular a un menor de 17 a\u00f1os mientras este se encontraba comprando alimentos en un snack de comida r\u00e1pida de esta zona.<\/p>\n<p>Ante estos hechos, la autoridad policial pidi\u00f3 a la poblaci\u00f3n tener cuidado al momento de manipular sus tel\u00e9fonos celulares en v\u00eda p\u00fablica, ya que muchas veces el delito de robo se agrava ya que los antisociales se tornan violentos ante la resistencia de sus v\u00edctimas, acto que muchas veces deriva en muertes.<\/p>\n","protected":false},"excerpt":{"rendered":"<p>Ante intervenciones y operativos policiales realizados por efectivos de la Fuerza Especial de Lucha Contra el Crimen (FELCC) durante el fin de semana para recuperar celulares robados a ciudadanos de La Paz y El Alto, por lo que recomendaron a la poblaci\u00f3n prudencia al momento de manipular equipos de comunicaci\u00f3n en v\u00eda p\u00fablica. Seg\u00fan se [&hellip;]<\/p>\n","protected":false},"author":1,"featured_media":12037,"comment_status":"closed","ping_status":"closed","sticky":false,"template":"","format":"standard","meta":{"_acf_changed":false,"footnotes":""},"categories":[39],"tags":[],"class_list":["post-12036","post","type-post","status-publish","format-standard","has-post-thumbnail","category-sociedad"],"acf":{"antetitulo":""},"yoast_head":"<!-- This site is optimized with the Yoast SEO plugin v28.4 - https:\/\/yoast.com\/product\/yoast-seo-wordpress\/ -->\n<title>Polic\u00eda intensifica operativos frente a robos en v\u00eda p\u00fablica - El Diario - Bolivia<\/title>\n<meta name=\"robots\" content=\"index, follow, max-snippet:-1, max-image-preview:large, max-video-preview:-1\" \/>\n<link rel=\"canonical\" href=\"https:\/\/www.eldiario.net\/portal\/2021\/06\/22\/policia-intensifica-operativos-frente-a-robos-en-via-publica\/\" \/>\n<meta property=\"og:locale\" content=\"es_ES\" \/>\n<meta property=\"og:type\" content=\"article\" \/>\n<meta property=\"og:title\" content=\"Polic\u00eda intensifica operativos frente a robos en v\u00eda p\u00fablica - El Diario - Bolivia\" \/>\n<meta property=\"og:description\" content=\"Ante intervenciones y operativos policiales realizados por efectivos de la Fuerza Especial de Lucha Contra el Crimen (FELCC) durante el fin de semana para recuperar celulares robados a ciudadanos de La Paz y El Alto, por lo que recomendaron a la poblaci\u00f3n prudencia al momento de manipular equipos de comunicaci\u00f3n en v\u00eda p\u00fablica. Seg\u00fan se [&hellip;]\" \/>\n<meta property=\"og:url\" content=\"https:\/\/www.eldiario.net\/portal\/2021\/06\/22\/policia-intensifica-operativos-frente-a-robos-en-via-publica\/\" \/>\n<meta property=\"og:site_name\" content=\"El Diario - Bolivia\" \/>\n<meta property=\"article:publisher\" content=\"https:\/\/www.facebook.com\/eldiario.bolivia\/\" \/>\n<meta property=\"article:published_time\" content=\"2021-06-22T09:46:34+00:00\" \/>\n<meta name=\"author\" content=\"Jeanette\" \/>\n<meta name=\"twitter:card\" content=\"summary_large_image\" \/>\n<meta name=\"twitter:creator\" content=\"@eldiario_net\" \/>\n<meta name=\"twitter:site\" content=\"@eldiario_net\" \/>\n<meta name=\"twitter:label1\" content=\"Escrito por\" \/>\n\t<meta name=\"twitter:data1\" content=\"Jeanette\" \/>\n\t<meta name=\"twitter:label2\" content=\"Tiempo de lectura\" \/>\n\t<meta name=\"twitter:data2\" content=\"1 minuto\" \/>\n<script type=\"application\/ld+json\" class=\"yoast-schema-graph\">{\"@context\":\"https:\\\/\\\/schema.org\",\"@graph\":[{\"@type\":\"Article\",\"@id\":\"https:\\\/\\\/www.eldiario.net\\\/portal\\\/2021\\\/06\\\/22\\\/policia-intensifica-operativos-frente-a-robos-en-via-publica\\\/#article\",\"isPartOf\":{\"@id\":\"https:\\\/\\\/www.eldiario.net\\\/portal\\\/2021\\\/06\\\/22\\\/policia-intensifica-operativos-frente-a-robos-en-via-publica\\\/\"},\"author\":{\"name\":\"Jeanette\",\"@id\":\"https:\\\/\\\/www.eldiario.net\\\/portal\\\/#\\\/schema\\\/person\\\/f46445640444750d7d753ccd04ae01b7\"},\"headline\":\"Polic\u00eda intensifica operativos frente a robos en v\u00eda p\u00fablica\",\"datePublished\":\"2021-06-22T09:46:34+00:00\",\"mainEntityOfPage\":{\"@id\":\"https:\\\/\\\/www.eldiario.net\\\/portal\\\/2021\\\/06\\\/22\\\/policia-intensifica-operativos-frente-a-robos-en-via-publica\\\/\"},\"wordCount\":222,\"publisher\":{\"@id\":\"https:\\\/\\\/www.eldiario.net\\\/portal\\\/#organization\"},\"image\":{\"@id\":\"https:\\\/\\\/www.eldiario.net\\\/portal\\\/2021\\\/06\\\/22\\\/policia-intensifica-operativos-frente-a-robos-en-via-publica\\\/#primaryimage\"},\"thumbnailUrl\":\"\",\"articleSection\":[\"Sociedad - Seguridad\"],\"inLanguage\":\"es\"},{\"@type\":\"WebPage\",\"@id\":\"https:\\\/\\\/www.eldiario.net\\\/portal\\\/2021\\\/06\\\/22\\\/policia-intensifica-operativos-frente-a-robos-en-via-publica\\\/\",\"url\":\"https:\\\/\\\/www.eldiario.net\\\/portal\\\/2021\\\/06\\\/22\\\/policia-intensifica-operativos-frente-a-robos-en-via-publica\\\/\",\"name\":\"Polic\u00eda intensifica operativos frente a robos en v\u00eda p\u00fablica - El Diario - Bolivia\",\"isPartOf\":{\"@id\":\"https:\\\/\\\/www.eldiario.net\\\/portal\\\/#website\"},\"primaryImageOfPage\":{\"@id\":\"https:\\\/\\\/www.eldiario.net\\\/portal\\\/2021\\\/06\\\/22\\\/policia-intensifica-operativos-frente-a-robos-en-via-publica\\\/#primaryimage\"},\"image\":{\"@id\":\"https:\\\/\\\/www.eldiario.net\\\/portal\\\/2021\\\/06\\\/22\\\/policia-intensifica-operativos-frente-a-robos-en-via-publica\\\/#primaryimage\"},\"thumbnailUrl\":\"\",\"datePublished\":\"2021-06-22T09:46:34+00:00\",\"breadcrumb\":{\"@id\":\"https:\\\/\\\/www.eldiario.net\\\/portal\\\/2021\\\/06\\\/22\\\/policia-intensifica-operativos-frente-a-robos-en-via-publica\\\/#breadcrumb\"},\"inLanguage\":\"es\",\"potentialAction\":[{\"@type\":\"ReadAction\",\"target\":[\"https:\\\/\\\/www.eldiario.net\\\/portal\\\/2021\\\/06\\\/22\\\/policia-intensifica-operativos-frente-a-robos-en-via-publica\\\/\"]}]},{\"@type\":\"ImageObject\",\"inLanguage\":\"es\",\"@id\":\"https:\\\/\\\/www.eldiario.net\\\/portal\\\/2021\\\/06\\\/22\\\/policia-intensifica-operativos-frente-a-robos-en-via-publica\\\/#primaryimage\",\"url\":\"\",\"contentUrl\":\"\"},{\"@type\":\"BreadcrumbList\",\"@id\":\"https:\\\/\\\/www.eldiario.net\\\/portal\\\/2021\\\/06\\\/22\\\/policia-intensifica-operativos-frente-a-robos-en-via-publica\\\/#breadcrumb\",\"itemListElement\":[{\"@type\":\"ListItem\",\"position\":1,\"name\":\"Portada\",\"item\":\"https:\\\/\\\/www.eldiario.net\\\/portal\\\/\"},{\"@type\":\"ListItem\",\"position\":2,\"name\":\"Polic\u00eda intensifica operativos frente a robos en v\u00eda p\u00fablica\"}]},{\"@type\":\"WebSite\",\"@id\":\"https:\\\/\\\/www.eldiario.net\\\/portal\\\/#website\",\"url\":\"https:\\\/\\\/www.eldiario.net\\\/portal\\\/\",\"name\":\"El Diario - Decano de la prensa nacional\",\"description\":\"El Diario - Decano de la prensa nacional\",\"publisher\":{\"@id\":\"https:\\\/\\\/www.eldiario.net\\\/portal\\\/#organization\"},\"potentialAction\":[{\"@type\":\"SearchAction\",\"target\":{\"@type\":\"EntryPoint\",\"urlTemplate\":\"https:\\\/\\\/www.eldiario.net\\\/portal\\\/?s={search_term_string}\"},\"query-input\":{\"@type\":\"PropertyValueSpecification\",\"valueRequired\":true,\"valueName\":\"search_term_string\"}}],\"inLanguage\":\"es\"},{\"@type\":\"Organization\",\"@id\":\"https:\\\/\\\/www.eldiario.net\\\/portal\\\/#organization\",\"name\":\"El Diario - Decano de la prensa nacional\",\"url\":\"https:\\\/\\\/www.eldiario.net\\\/portal\\\/\",\"logo\":{\"@type\":\"ImageObject\",\"inLanguage\":\"es\",\"@id\":\"https:\\\/\\\/www.eldiario.net\\\/portal\\\/#\\\/schema\\\/logo\\\/image\\\/\",\"url\":\"https:\\\/\\\/www.eldiario.net\\\/portal\\\/wp-content\\\/uploads\\\/2023\\\/07\\\/logo_ED.jpg\",\"contentUrl\":\"https:\\\/\\\/www.eldiario.net\\\/portal\\\/wp-content\\\/uploads\\\/2023\\\/07\\\/logo_ED.jpg\",\"width\":272,\"height\":52,\"caption\":\"El Diario - Decano de la prensa nacional\"},\"image\":{\"@id\":\"https:\\\/\\\/www.eldiario.net\\\/portal\\\/#\\\/schema\\\/logo\\\/image\\\/\"},\"sameAs\":[\"https:\\\/\\\/www.facebook.com\\\/eldiario.bolivia\\\/\",\"https:\\\/\\\/x.com\\\/eldiario_net\"]},{\"@type\":\"Person\",\"@id\":\"https:\\\/\\\/www.eldiario.net\\\/portal\\\/#\\\/schema\\\/person\\\/f46445640444750d7d753ccd04ae01b7\",\"name\":\"Jeanette\",\"image\":{\"@type\":\"ImageObject\",\"inLanguage\":\"es\",\"@id\":\"https:\\\/\\\/secure.gravatar.com\\\/avatar\\\/3ea2118a5f7dad2b7138b1187a6b7ee55f160b9968b66013c3a3ef39dd7e5798?s=96&d=mm&r=g\",\"url\":\"https:\\\/\\\/secure.gravatar.com\\\/avatar\\\/3ea2118a5f7dad2b7138b1187a6b7ee55f160b9968b66013c3a3ef39dd7e5798?s=96&d=mm&r=g\",\"contentUrl\":\"https:\\\/\\\/secure.gravatar.com\\\/avatar\\\/3ea2118a5f7dad2b7138b1187a6b7ee55f160b9968b66013c3a3ef39dd7e5798?s=96&d=mm&r=g\",\"caption\":\"Jeanette\"},\"sameAs\":[\"https:\\\/\\\/www.eldiario.net\\\/portal\"],\"url\":\"https:\\\/\\\/www.eldiario.net\\\/portal\\\/author\\\/jeanette\\\/\"}]}<\/script>\n<!-- \/ Yoast SEO plugin. -->","yoast_head_json":{"title":"Polic\u00eda intensifica operativos frente a robos en v\u00eda p\u00fablica - El Diario - Bolivia","robots":{"index":"index","follow":"follow","max-snippet":"max-snippet:-1","max-image-preview":"max-image-preview:large","max-video-preview":"max-video-preview:-1"},"canonical":"https:\/\/www.eldiario.net\/portal\/2021\/06\/22\/policia-intensifica-operativos-frente-a-robos-en-via-publica\/","og_locale":"es_ES","og_type":"article","og_title":"Polic\u00eda intensifica operativos frente a robos en v\u00eda p\u00fablica - El Diario - Bolivia","og_description":"Ante intervenciones y operativos policiales realizados por efectivos de la Fuerza Especial de Lucha Contra el Crimen (FELCC) durante el fin de semana para recuperar celulares robados a ciudadanos de La Paz y El Alto, por lo que recomendaron a la poblaci\u00f3n prudencia al momento de manipular equipos de comunicaci\u00f3n en v\u00eda p\u00fablica. Seg\u00fan se [&hellip;]","og_url":"https:\/\/www.eldiario.net\/portal\/2021\/06\/22\/policia-intensifica-operativos-frente-a-robos-en-via-publica\/","og_site_name":"El Diario - Bolivia","article_publisher":"https:\/\/www.facebook.com\/eldiario.bolivia\/","article_published_time":"2021-06-22T09:46:34+00:00","author":"Jeanette","twitter_card":"summary_large_image","twitter_creator":"@eldiario_net","twitter_site":"@eldiario_net","twitter_misc":{"Escrito por":"Jeanette","Tiempo de lectura":"1 minuto"},"schema":{"@context":"https:\/\/schema.org","@graph":[{"@type":"Article","@id":"https:\/\/www.eldiario.net\/portal\/2021\/06\/22\/policia-intensifica-operativos-frente-a-robos-en-via-publica\/#article","isPartOf":{"@id":"https:\/\/www.eldiario.net\/portal\/2021\/06\/22\/policia-intensifica-operativos-frente-a-robos-en-via-publica\/"},"author":{"name":"Jeanette","@id":"https:\/\/www.eldiario.net\/portal\/#\/schema\/person\/f46445640444750d7d753ccd04ae01b7"},"headline":"Polic\u00eda intensifica operativos frente a robos en v\u00eda p\u00fablica","datePublished":"2021-06-22T09:46:34+00:00","mainEntityOfPage":{"@id":"https:\/\/www.eldiario.net\/portal\/2021\/06\/22\/policia-intensifica-operativos-frente-a-robos-en-via-publica\/"},"wordCount":222,"publisher":{"@id":"https:\/\/www.eldiario.net\/portal\/#organization"},"image":{"@id":"https:\/\/www.eldiario.net\/portal\/2021\/06\/22\/policia-intensifica-operativos-frente-a-robos-en-via-publica\/#primaryimage"},"thumbnailUrl":"","articleSection":["Sociedad - Seguridad"],"inLanguage":"es"},{"@type":"WebPage","@id":"https:\/\/www.eldiario.net\/portal\/2021\/06\/22\/policia-intensifica-operativos-frente-a-robos-en-via-publica\/","url":"https:\/\/www.eldiario.net\/portal\/2021\/06\/22\/policia-intensifica-operativos-frente-a-robos-en-via-publica\/","name":"Polic\u00eda intensifica operativos frente a robos en v\u00eda p\u00fablica - El Diario - Bolivia","isPartOf":{"@id":"https:\/\/www.eldiario.net\/portal\/#website"},"primaryImageOfPage":{"@id":"https:\/\/www.eldiario.net\/portal\/2021\/06\/22\/policia-intensifica-operativos-frente-a-robos-en-via-publica\/#primaryimage"},"image":{"@id":"https:\/\/www.eldiario.net\/portal\/2021\/06\/22\/policia-intensifica-operativos-frente-a-robos-en-via-publica\/#primaryimage"},"thumbnailUrl":"","datePublished":"2021-06-22T09:46:34+00:00","breadcrumb":{"@id":"https:\/\/www.eldiario.net\/portal\/2021\/06\/22\/policia-intensifica-operativos-frente-a-robos-en-via-publica\/#breadcrumb"},"inLanguage":"es","potentialAction":[{"@type":"ReadAction","target":["https:\/\/www.eldiario.net\/portal\/2021\/06\/22\/policia-intensifica-operativos-frente-a-robos-en-via-publica\/"]}]},{"@type":"ImageObject","inLanguage":"es","@id":"https:\/\/www.eldiario.net\/portal\/2021\/06\/22\/policia-intensifica-operativos-frente-a-robos-en-via-publica\/#primaryimage","url":"","contentUrl":""},{"@type":"BreadcrumbList","@id":"https:\/\/www.eldiario.net\/portal\/2021\/06\/22\/policia-intensifica-operativos-frente-a-robos-en-via-publica\/#breadcrumb","itemListElement":[{"@type":"ListItem","position":1,"name":"Portada","item":"https:\/\/www.eldiario.net\/portal\/"},{"@type":"ListItem","position":2,"name":"Polic\u00eda intensifica operativos frente a robos en v\u00eda p\u00fablica"}]},{"@type":"WebSite","@id":"https:\/\/www.eldiario.net\/portal\/#website","url":"https:\/\/www.eldiario.net\/portal\/","name":"El Diario - Decano de la prensa nacional","description":"El Diario - Decano de la prensa nacional","publisher":{"@id":"https:\/\/www.eldiario.net\/portal\/#organization"},"potentialAction":[{"@type":"SearchAction","target":{"@type":"EntryPoint","urlTemplate":"https:\/\/www.eldiario.net\/portal\/?s={search_term_string}"},"query-input":{"@type":"PropertyValueSpecification","valueRequired":true,"valueName":"search_term_string"}}],"inLanguage":"es"},{"@type":"Organization","@id":"https:\/\/www.eldiario.net\/portal\/#organization","name":"El Diario - Decano de la prensa nacional","url":"https:\/\/www.eldiario.net\/portal\/","logo":{"@type":"ImageObject","inLanguage":"es","@id":"https:\/\/www.eldiario.net\/portal\/#\/schema\/logo\/image\/","url":"https:\/\/www.eldiario.net\/portal\/wp-content\/uploads\/2023\/07\/logo_ED.jpg","contentUrl":"https:\/\/www.eldiario.net\/portal\/wp-content\/uploads\/2023\/07\/logo_ED.jpg","width":272,"height":52,"caption":"El Diario - Decano de la prensa nacional"},"image":{"@id":"https:\/\/www.eldiario.net\/portal\/#\/schema\/logo\/image\/"},"sameAs":["https:\/\/www.facebook.com\/eldiario.bolivia\/","https:\/\/x.com\/eldiario_net"]},{"@type":"Person","@id":"https:\/\/www.eldiario.net\/portal\/#\/schema\/person\/f46445640444750d7d753ccd04ae01b7","name":"Jeanette","image":{"@type":"ImageObject","inLanguage":"es","@id":"https:\/\/secure.gravatar.com\/avatar\/3ea2118a5f7dad2b7138b1187a6b7ee55f160b9968b66013c3a3ef39dd7e5798?s=96&d=mm&r=g","url":"https:\/\/secure.gravatar.com\/avatar\/3ea2118a5f7dad2b7138b1187a6b7ee55f160b9968b66013c3a3ef39dd7e5798?s=96&d=mm&r=g","contentUrl":"https:\/\/secure.gravatar.com\/avatar\/3ea2118a5f7dad2b7138b1187a6b7ee55f160b9968b66013c3a3ef39dd7e5798?s=96&d=mm&r=g","caption":"Jeanette"},"sameAs":["https:\/\/www.eldiario.net\/portal"],"url":"https:\/\/www.eldiario.net\/portal\/author\/jeanette\/"}]}},"_links":{"self":[{"href":"https:\/\/www.eldiario.net\/portal\/wp-json\/wp\/v2\/posts\/12036","targetHints":{"allow":["GET"]}}],"collection":[{"href":"https:\/\/www.eldiario.net\/portal\/wp-json\/wp\/v2\/posts"}],"about":[{"href":"https:\/\/www.eldiario.net\/portal\/wp-json\/wp\/v2\/types\/post"}],"author":[{"embeddable":true,"href":"https:\/\/www.eldiario.net\/portal\/wp-json\/wp\/v2\/users\/1"}],"replies":[{"embeddable":true,"href":"https:\/\/www.eldiario.net\/portal\/wp-json\/wp\/v2\/comments?post=12036"}],"version-history":[{"count":0,"href":"https:\/\/www.eldiario.net\/portal\/wp-json\/wp\/v2\/posts\/12036\/revisions"}],"wp:attachment":[{"href":"https:\/\/www.eldiario.net\/portal\/wp-json\/wp\/v2\/media?parent=12036"}],"wp:term":[{"taxonomy":"category","embeddable":true,"href":"https:\/\/www.eldiario.net\/portal\/wp-json\/wp\/v2\/categories?post=12036"},{"taxonomy":"post_tag","embeddable":true,"href":"https:\/\/www.eldiario.net\/portal\/wp-json\/wp\/v2\/tags?post=12036"}],"curies":[{"name":"wp","href":"https:\/\/api.w.org\/{rel}","templated":true}]}}