{"id":12023,"date":"2021-06-22T05:39:02","date_gmt":"2021-06-22T09:39:02","guid":{"rendered":"https:\/\/www.eldiario.net\/portal\/?p=12023"},"modified":"2021-06-22T05:39:02","modified_gmt":"2021-06-22T09:39:02","slug":"argentina-gana-con-lo-justo-para-ser-lider-del-grupo-a","status":"publish","type":"post","link":"https:\/\/www.eldiario.net\/portal\/2021\/06\/22\/argentina-gana-con-lo-justo-para-ser-lider-del-grupo-a\/","title":{"rendered":"Argentina gana con lo justo para ser l\u00edder del grupo A"},"content":{"rendered":"<p>La selecci\u00f3n argentina logr\u00f3 su segunda victoria consecutiva en la Copa Am\u00e9rica: derrot\u00f3 1-0 a Paraguay gracias al gol de Alejandro G\u00f3mez en su mejor momento, en el primer tramo de la etapa inicial. En la segunda parte se advirti\u00f3 la declinaci\u00f3n f\u00edsica albiceleste, lo que provoc\u00f3 que dominaran los guaran\u00edes, aunque sin profundidad para lastimar. Y los orientados por Scaloni se dedicaron a aguantar. Les alcanz\u00f3 para imponerse, asegurar la clasificaci\u00f3n a cuartos de final y sumar 7 puntos en el Grupo A, donde son l\u00edderes. Habr\u00e1 que ver si es suficiente cuando llegue a los cruces de eliminaci\u00f3n directa.<\/p>\n<p>&nbsp;<\/p>\n<p>Las posturas de ambos equipos quedaron claras desde los primeros segundos de acci\u00f3n. Argentina se hizo cargo del rol protag\u00f3nico, tratando de hacer correr el bal\u00f3n sobre el c\u00e9sped, ante un Paraguay que lo permiti\u00f3 mientras el toqueteo ocurriese en campo adversario. A partir de all\u00ed, con las l\u00edneas juntas, intent\u00f3 cortar, cuando entraron en calor los mediocampistas en la circulaci\u00f3n.<\/p>\n<p>&nbsp;<\/p>\n<p>&nbsp;<\/p>\n<p>Ya sea desde la salida desde el fondo o recuperando en campo rival, el elenco albiceleste encontr\u00f3 espacios para lastimar. A los 5 minutos, Alejandro G\u00f3mez remat\u00f3 desde afuera por encima del travesa\u00f1o. A los 6, Ag\u00fcero olfate\u00f3 el error del fondo guaran\u00ed y, cara a cara con Silva, remat\u00f3 desviado.<\/p>\n<p>&nbsp;<\/p>\n<p>Y a los 9 lleg\u00f3 la apertura del score con una bella jugada elaborada. Messi cambi\u00f3 el ritmo y abri\u00f3 para Di Mar\u00eda, quien aprovech\u00f3 la escalada de Nahuel Molina y enganch\u00f3 hacia el medio. El hombre del PSG levant\u00f3 la cabeza y filtr\u00f3 el pase para el Papu, quien defini\u00f3 con sutileza para firmar el 1-0.<\/p>\n<p>El hecho de verse en desventaja provoc\u00f3 que Paraguay adelantara sus l\u00edneas y abri\u00f3 algunas grietas en el remozado fondo argentino. Pero, al mismo tiempo, ofreci\u00f3 espacios que los conducidos por Scaloni empezaron a paladear.<\/p>\n<p>&nbsp;<\/p>\n<p>A los 17, tras una falta a Ag\u00fcero en el borde del \u00e1rea, Messi remat\u00f3 cruzado el tiro libre y pas\u00f3 cerca del palo derecho del arco paraguayo. Y algunas gambetas de la Pulga hicieron da\u00f1o. Al mismo tiempo, los de Berizzo encontraron terreno f\u00e9rtil con alg\u00fan desborde de Almir\u00f3n a espaldas de Molina.<\/p>\n<p>Despu\u00e9s de muy buenos primeros 20 minutos de Argentina, Paraguay empez\u00f3 a manejar m\u00e1s la pelota, aunque sin profundidad. La Selecci\u00f3n debi\u00f3 asignarle a Di Mar\u00eda una funci\u00f3n m\u00e1s sacrificada para contener los embates de Almir\u00f3n, que incomod\u00f3 con su velocidad a Nahuel Molina. El combinado albiceleste apel\u00f3 a las r\u00e9plicas, desde la magia de Messi o el tranco de Angelito cuando se logr\u00f3 soltar.<\/p>\n<p>&nbsp;<\/p>\n<p>Reci\u00e9n en los \u00faltimos suspiros de la etapa volvi\u00f3 la mejor versi\u00f3n de Argentina. Di Mar\u00eda, en un movimiento similar al del gol, en lugar de asistir, remat\u00f3, forzando la volada de Silva. Luego, el \u00e1rbitro (y el VAR) anularon por offside de Messi el gol en contra de Junior Alonso que le hubiera inyectado tranquilidad plena al seleccionado.<\/p>\n<p>La segunda etapa volvi\u00f3 a mostrar la cara menos atractiva de la Argentina de Scaloni. Por el desgaste que evidenciaron sus figuras (en Messi result\u00f3 notable la merma en el cambio de ritmo) y por la postura, una vez m\u00e1s, retrasada, cediendo campo e iniciativa al rival, y sin chispa para la contra.<\/p>\n<p>&nbsp;<\/p>\n<p>De Paul, Joaqu\u00edn Correa, \u00c1ngel Correa y Nicol\u00e1s Dom\u00ednguez buscaron darle aire a un seleccionado al que le cost\u00f3 mucho cuidar el bal\u00f3n. Los cambios, al mismo tiempo, dejaron hu\u00e9rfano a Messi en ofensiva. La ventaja para los de Scaloni fue que los guaran\u00edes adolecieron de variantes para lastimar, a excepci\u00f3n de alguna pelota parada. Bien cerrada, como contra Uruguay, la defensa albiceleste cumpli\u00f3.<\/p>\n<p>&nbsp;<\/p>\n<p>Con el pasaje a octavos asegurado y la chance concreta de evitar a Brasil hasta la final de la Copa, Argentina cumple desde los n\u00fameros y con cuotas de buen f\u00fatbol. Son momentos dentro de los partidos. En algunos cotejos le alcanza para ganar, como ante Uruguay y Paraguay. En otros, como frente a Chile, paga el retroceso. Tiene una semana (el pr\u00f3ximo cruce es el lunes 28 ante Bolivia) para descansar las piernas y recalcular detalles. Tanto Scaloni como Messi y sus compa\u00f1eros saben que necesitar\u00e1n de luces extendidas para romper con el estigma de 28 a\u00f1os sin t\u00edtulos que pesa sobre la Selecci\u00f3n Mayor.<\/p>\n<p>&nbsp;<\/p>\n","protected":false},"excerpt":{"rendered":"<p>La selecci\u00f3n argentina logr\u00f3 su segunda victoria consecutiva en la Copa Am\u00e9rica: derrot\u00f3 1-0 a Paraguay gracias al gol de Alejandro G\u00f3mez en su mejor momento, en el primer tramo de la etapa inicial. En la segunda parte se advirti\u00f3 la declinaci\u00f3n f\u00edsica albiceleste, lo que provoc\u00f3 que dominaran los guaran\u00edes, aunque sin profundidad para [&hellip;]<\/p>\n","protected":false},"author":1,"featured_media":12024,"comment_status":"closed","ping_status":"closed","sticky":false,"template":"","format":"standard","meta":{"_acf_changed":false,"footnotes":""},"categories":[6],"tags":[],"class_list":["post-12023","post","type-post","status-publish","format-standard","has-post-thumbnail","category-deportes"],"acf":{"antetitulo":""},"yoast_head":"<!-- This site is optimized with the Yoast SEO plugin v28.3 - https:\/\/yoast.com\/product\/yoast-seo-wordpress\/ -->\n<title>Argentina gana con lo justo para ser l\u00edder del grupo A - El Diario - Bolivia<\/title>\n<meta name=\"robots\" content=\"index, follow, max-snippet:-1, max-image-preview:large, max-video-preview:-1\" \/>\n<link rel=\"canonical\" href=\"https:\/\/www.eldiario.net\/portal\/2021\/06\/22\/argentina-gana-con-lo-justo-para-ser-lider-del-grupo-a\/\" \/>\n<meta property=\"og:locale\" content=\"es_ES\" \/>\n<meta property=\"og:type\" content=\"article\" \/>\n<meta property=\"og:title\" content=\"Argentina gana con lo justo para ser l\u00edder del grupo A - El Diario - Bolivia\" \/>\n<meta property=\"og:description\" content=\"La selecci\u00f3n argentina logr\u00f3 su segunda victoria consecutiva en la Copa Am\u00e9rica: derrot\u00f3 1-0 a Paraguay gracias al gol de Alejandro G\u00f3mez en su mejor momento, en el primer tramo de la etapa inicial. En la segunda parte se advirti\u00f3 la declinaci\u00f3n f\u00edsica albiceleste, lo que provoc\u00f3 que dominaran los guaran\u00edes, aunque sin profundidad para [&hellip;]\" \/>\n<meta property=\"og:url\" content=\"https:\/\/www.eldiario.net\/portal\/2021\/06\/22\/argentina-gana-con-lo-justo-para-ser-lider-del-grupo-a\/\" \/>\n<meta property=\"og:site_name\" content=\"El Diario - Bolivia\" \/>\n<meta property=\"article:publisher\" content=\"https:\/\/www.facebook.com\/eldiario.bolivia\/\" \/>\n<meta property=\"article:published_time\" content=\"2021-06-22T09:39:02+00:00\" \/>\n<meta name=\"author\" content=\"Jeanette\" \/>\n<meta name=\"twitter:card\" content=\"summary_large_image\" \/>\n<meta name=\"twitter:creator\" content=\"@eldiario_net\" \/>\n<meta name=\"twitter:site\" content=\"@eldiario_net\" \/>\n<meta name=\"twitter:label1\" content=\"Escrito por\" \/>\n\t<meta name=\"twitter:data1\" content=\"Jeanette\" \/>\n\t<meta name=\"twitter:label2\" content=\"Tiempo de lectura\" \/>\n\t<meta name=\"twitter:data2\" content=\"4 minutos\" \/>\n<script type=\"application\/ld+json\" class=\"yoast-schema-graph\">{\"@context\":\"https:\\\/\\\/schema.org\",\"@graph\":[{\"@type\":\"Article\",\"@id\":\"https:\\\/\\\/www.eldiario.net\\\/portal\\\/2021\\\/06\\\/22\\\/argentina-gana-con-lo-justo-para-ser-lider-del-grupo-a\\\/#article\",\"isPartOf\":{\"@id\":\"https:\\\/\\\/www.eldiario.net\\\/portal\\\/2021\\\/06\\\/22\\\/argentina-gana-con-lo-justo-para-ser-lider-del-grupo-a\\\/\"},\"author\":{\"name\":\"Jeanette\",\"@id\":\"https:\\\/\\\/www.eldiario.net\\\/portal\\\/#\\\/schema\\\/person\\\/f46445640444750d7d753ccd04ae01b7\"},\"headline\":\"Argentina gana con lo justo para ser l\u00edder del grupo A\",\"datePublished\":\"2021-06-22T09:39:02+00:00\",\"mainEntityOfPage\":{\"@id\":\"https:\\\/\\\/www.eldiario.net\\\/portal\\\/2021\\\/06\\\/22\\\/argentina-gana-con-lo-justo-para-ser-lider-del-grupo-a\\\/\"},\"wordCount\":771,\"publisher\":{\"@id\":\"https:\\\/\\\/www.eldiario.net\\\/portal\\\/#organization\"},\"image\":{\"@id\":\"https:\\\/\\\/www.eldiario.net\\\/portal\\\/2021\\\/06\\\/22\\\/argentina-gana-con-lo-justo-para-ser-lider-del-grupo-a\\\/#primaryimage\"},\"thumbnailUrl\":\"\",\"articleSection\":[\"Deportes\"],\"inLanguage\":\"es\"},{\"@type\":\"WebPage\",\"@id\":\"https:\\\/\\\/www.eldiario.net\\\/portal\\\/2021\\\/06\\\/22\\\/argentina-gana-con-lo-justo-para-ser-lider-del-grupo-a\\\/\",\"url\":\"https:\\\/\\\/www.eldiario.net\\\/portal\\\/2021\\\/06\\\/22\\\/argentina-gana-con-lo-justo-para-ser-lider-del-grupo-a\\\/\",\"name\":\"Argentina gana con lo justo para ser l\u00edder del grupo A - El Diario - Bolivia\",\"isPartOf\":{\"@id\":\"https:\\\/\\\/www.eldiario.net\\\/portal\\\/#website\"},\"primaryImageOfPage\":{\"@id\":\"https:\\\/\\\/www.eldiario.net\\\/portal\\\/2021\\\/06\\\/22\\\/argentina-gana-con-lo-justo-para-ser-lider-del-grupo-a\\\/#primaryimage\"},\"image\":{\"@id\":\"https:\\\/\\\/www.eldiario.net\\\/portal\\\/2021\\\/06\\\/22\\\/argentina-gana-con-lo-justo-para-ser-lider-del-grupo-a\\\/#primaryimage\"},\"thumbnailUrl\":\"\",\"datePublished\":\"2021-06-22T09:39:02+00:00\",\"breadcrumb\":{\"@id\":\"https:\\\/\\\/www.eldiario.net\\\/portal\\\/2021\\\/06\\\/22\\\/argentina-gana-con-lo-justo-para-ser-lider-del-grupo-a\\\/#breadcrumb\"},\"inLanguage\":\"es\",\"potentialAction\":[{\"@type\":\"ReadAction\",\"target\":[\"https:\\\/\\\/www.eldiario.net\\\/portal\\\/2021\\\/06\\\/22\\\/argentina-gana-con-lo-justo-para-ser-lider-del-grupo-a\\\/\"]}]},{\"@type\":\"ImageObject\",\"inLanguage\":\"es\",\"@id\":\"https:\\\/\\\/www.eldiario.net\\\/portal\\\/2021\\\/06\\\/22\\\/argentina-gana-con-lo-justo-para-ser-lider-del-grupo-a\\\/#primaryimage\",\"url\":\"\",\"contentUrl\":\"\"},{\"@type\":\"BreadcrumbList\",\"@id\":\"https:\\\/\\\/www.eldiario.net\\\/portal\\\/2021\\\/06\\\/22\\\/argentina-gana-con-lo-justo-para-ser-lider-del-grupo-a\\\/#breadcrumb\",\"itemListElement\":[{\"@type\":\"ListItem\",\"position\":1,\"name\":\"Portada\",\"item\":\"https:\\\/\\\/www.eldiario.net\\\/portal\\\/\"},{\"@type\":\"ListItem\",\"position\":2,\"name\":\"Argentina gana con lo justo para ser l\u00edder del grupo A\"}]},{\"@type\":\"WebSite\",\"@id\":\"https:\\\/\\\/www.eldiario.net\\\/portal\\\/#website\",\"url\":\"https:\\\/\\\/www.eldiario.net\\\/portal\\\/\",\"name\":\"El Diario - Decano de la prensa nacional\",\"description\":\"El Diario - Decano de la prensa nacional\",\"publisher\":{\"@id\":\"https:\\\/\\\/www.eldiario.net\\\/portal\\\/#organization\"},\"potentialAction\":[{\"@type\":\"SearchAction\",\"target\":{\"@type\":\"EntryPoint\",\"urlTemplate\":\"https:\\\/\\\/www.eldiario.net\\\/portal\\\/?s={search_term_string}\"},\"query-input\":{\"@type\":\"PropertyValueSpecification\",\"valueRequired\":true,\"valueName\":\"search_term_string\"}}],\"inLanguage\":\"es\"},{\"@type\":\"Organization\",\"@id\":\"https:\\\/\\\/www.eldiario.net\\\/portal\\\/#organization\",\"name\":\"El Diario - Decano de la prensa nacional\",\"url\":\"https:\\\/\\\/www.eldiario.net\\\/portal\\\/\",\"logo\":{\"@type\":\"ImageObject\",\"inLanguage\":\"es\",\"@id\":\"https:\\\/\\\/www.eldiario.net\\\/portal\\\/#\\\/schema\\\/logo\\\/image\\\/\",\"url\":\"https:\\\/\\\/www.eldiario.net\\\/portal\\\/wp-content\\\/uploads\\\/2023\\\/07\\\/logo_ED.jpg\",\"contentUrl\":\"https:\\\/\\\/www.eldiario.net\\\/portal\\\/wp-content\\\/uploads\\\/2023\\\/07\\\/logo_ED.jpg\",\"width\":272,\"height\":52,\"caption\":\"El Diario - Decano de la prensa nacional\"},\"image\":{\"@id\":\"https:\\\/\\\/www.eldiario.net\\\/portal\\\/#\\\/schema\\\/logo\\\/image\\\/\"},\"sameAs\":[\"https:\\\/\\\/www.facebook.com\\\/eldiario.bolivia\\\/\",\"https:\\\/\\\/x.com\\\/eldiario_net\"]},{\"@type\":\"Person\",\"@id\":\"https:\\\/\\\/www.eldiario.net\\\/portal\\\/#\\\/schema\\\/person\\\/f46445640444750d7d753ccd04ae01b7\",\"name\":\"Jeanette\",\"image\":{\"@type\":\"ImageObject\",\"inLanguage\":\"es\",\"@id\":\"https:\\\/\\\/secure.gravatar.com\\\/avatar\\\/3ea2118a5f7dad2b7138b1187a6b7ee55f160b9968b66013c3a3ef39dd7e5798?s=96&d=mm&r=g\",\"url\":\"https:\\\/\\\/secure.gravatar.com\\\/avatar\\\/3ea2118a5f7dad2b7138b1187a6b7ee55f160b9968b66013c3a3ef39dd7e5798?s=96&d=mm&r=g\",\"contentUrl\":\"https:\\\/\\\/secure.gravatar.com\\\/avatar\\\/3ea2118a5f7dad2b7138b1187a6b7ee55f160b9968b66013c3a3ef39dd7e5798?s=96&d=mm&r=g\",\"caption\":\"Jeanette\"},\"sameAs\":[\"https:\\\/\\\/www.eldiario.net\\\/portal\"],\"url\":\"https:\\\/\\\/www.eldiario.net\\\/portal\\\/author\\\/jeanette\\\/\"}]}<\/script>\n<!-- \/ Yoast SEO plugin. -->","yoast_head_json":{"title":"Argentina gana con lo justo para ser l\u00edder del grupo A - El Diario - Bolivia","robots":{"index":"index","follow":"follow","max-snippet":"max-snippet:-1","max-image-preview":"max-image-preview:large","max-video-preview":"max-video-preview:-1"},"canonical":"https:\/\/www.eldiario.net\/portal\/2021\/06\/22\/argentina-gana-con-lo-justo-para-ser-lider-del-grupo-a\/","og_locale":"es_ES","og_type":"article","og_title":"Argentina gana con lo justo para ser l\u00edder del grupo A - El Diario - Bolivia","og_description":"La selecci\u00f3n argentina logr\u00f3 su segunda victoria consecutiva en la Copa Am\u00e9rica: derrot\u00f3 1-0 a Paraguay gracias al gol de Alejandro G\u00f3mez en su mejor momento, en el primer tramo de la etapa inicial. En la segunda parte se advirti\u00f3 la declinaci\u00f3n f\u00edsica albiceleste, lo que provoc\u00f3 que dominaran los guaran\u00edes, aunque sin profundidad para [&hellip;]","og_url":"https:\/\/www.eldiario.net\/portal\/2021\/06\/22\/argentina-gana-con-lo-justo-para-ser-lider-del-grupo-a\/","og_site_name":"El Diario - Bolivia","article_publisher":"https:\/\/www.facebook.com\/eldiario.bolivia\/","article_published_time":"2021-06-22T09:39:02+00:00","author":"Jeanette","twitter_card":"summary_large_image","twitter_creator":"@eldiario_net","twitter_site":"@eldiario_net","twitter_misc":{"Escrito por":"Jeanette","Tiempo de lectura":"4 minutos"},"schema":{"@context":"https:\/\/schema.org","@graph":[{"@type":"Article","@id":"https:\/\/www.eldiario.net\/portal\/2021\/06\/22\/argentina-gana-con-lo-justo-para-ser-lider-del-grupo-a\/#article","isPartOf":{"@id":"https:\/\/www.eldiario.net\/portal\/2021\/06\/22\/argentina-gana-con-lo-justo-para-ser-lider-del-grupo-a\/"},"author":{"name":"Jeanette","@id":"https:\/\/www.eldiario.net\/portal\/#\/schema\/person\/f46445640444750d7d753ccd04ae01b7"},"headline":"Argentina gana con lo justo para ser l\u00edder del grupo A","datePublished":"2021-06-22T09:39:02+00:00","mainEntityOfPage":{"@id":"https:\/\/www.eldiario.net\/portal\/2021\/06\/22\/argentina-gana-con-lo-justo-para-ser-lider-del-grupo-a\/"},"wordCount":771,"publisher":{"@id":"https:\/\/www.eldiario.net\/portal\/#organization"},"image":{"@id":"https:\/\/www.eldiario.net\/portal\/2021\/06\/22\/argentina-gana-con-lo-justo-para-ser-lider-del-grupo-a\/#primaryimage"},"thumbnailUrl":"","articleSection":["Deportes"],"inLanguage":"es"},{"@type":"WebPage","@id":"https:\/\/www.eldiario.net\/portal\/2021\/06\/22\/argentina-gana-con-lo-justo-para-ser-lider-del-grupo-a\/","url":"https:\/\/www.eldiario.net\/portal\/2021\/06\/22\/argentina-gana-con-lo-justo-para-ser-lider-del-grupo-a\/","name":"Argentina gana con lo justo para ser l\u00edder del grupo A - El Diario - Bolivia","isPartOf":{"@id":"https:\/\/www.eldiario.net\/portal\/#website"},"primaryImageOfPage":{"@id":"https:\/\/www.eldiario.net\/portal\/2021\/06\/22\/argentina-gana-con-lo-justo-para-ser-lider-del-grupo-a\/#primaryimage"},"image":{"@id":"https:\/\/www.eldiario.net\/portal\/2021\/06\/22\/argentina-gana-con-lo-justo-para-ser-lider-del-grupo-a\/#primaryimage"},"thumbnailUrl":"","datePublished":"2021-06-22T09:39:02+00:00","breadcrumb":{"@id":"https:\/\/www.eldiario.net\/portal\/2021\/06\/22\/argentina-gana-con-lo-justo-para-ser-lider-del-grupo-a\/#breadcrumb"},"inLanguage":"es","potentialAction":[{"@type":"ReadAction","target":["https:\/\/www.eldiario.net\/portal\/2021\/06\/22\/argentina-gana-con-lo-justo-para-ser-lider-del-grupo-a\/"]}]},{"@type":"ImageObject","inLanguage":"es","@id":"https:\/\/www.eldiario.net\/portal\/2021\/06\/22\/argentina-gana-con-lo-justo-para-ser-lider-del-grupo-a\/#primaryimage","url":"","contentUrl":""},{"@type":"BreadcrumbList","@id":"https:\/\/www.eldiario.net\/portal\/2021\/06\/22\/argentina-gana-con-lo-justo-para-ser-lider-del-grupo-a\/#breadcrumb","itemListElement":[{"@type":"ListItem","position":1,"name":"Portada","item":"https:\/\/www.eldiario.net\/portal\/"},{"@type":"ListItem","position":2,"name":"Argentina gana con lo justo para ser l\u00edder del grupo A"}]},{"@type":"WebSite","@id":"https:\/\/www.eldiario.net\/portal\/#website","url":"https:\/\/www.eldiario.net\/portal\/","name":"El Diario - Decano de la prensa nacional","description":"El Diario - Decano de la prensa nacional","publisher":{"@id":"https:\/\/www.eldiario.net\/portal\/#organization"},"potentialAction":[{"@type":"SearchAction","target":{"@type":"EntryPoint","urlTemplate":"https:\/\/www.eldiario.net\/portal\/?s={search_term_string}"},"query-input":{"@type":"PropertyValueSpecification","valueRequired":true,"valueName":"search_term_string"}}],"inLanguage":"es"},{"@type":"Organization","@id":"https:\/\/www.eldiario.net\/portal\/#organization","name":"El Diario - Decano de la prensa nacional","url":"https:\/\/www.eldiario.net\/portal\/","logo":{"@type":"ImageObject","inLanguage":"es","@id":"https:\/\/www.eldiario.net\/portal\/#\/schema\/logo\/image\/","url":"https:\/\/www.eldiario.net\/portal\/wp-content\/uploads\/2023\/07\/logo_ED.jpg","contentUrl":"https:\/\/www.eldiario.net\/portal\/wp-content\/uploads\/2023\/07\/logo_ED.jpg","width":272,"height":52,"caption":"El Diario - Decano de la prensa nacional"},"image":{"@id":"https:\/\/www.eldiario.net\/portal\/#\/schema\/logo\/image\/"},"sameAs":["https:\/\/www.facebook.com\/eldiario.bolivia\/","https:\/\/x.com\/eldiario_net"]},{"@type":"Person","@id":"https:\/\/www.eldiario.net\/portal\/#\/schema\/person\/f46445640444750d7d753ccd04ae01b7","name":"Jeanette","image":{"@type":"ImageObject","inLanguage":"es","@id":"https:\/\/secure.gravatar.com\/avatar\/3ea2118a5f7dad2b7138b1187a6b7ee55f160b9968b66013c3a3ef39dd7e5798?s=96&d=mm&r=g","url":"https:\/\/secure.gravatar.com\/avatar\/3ea2118a5f7dad2b7138b1187a6b7ee55f160b9968b66013c3a3ef39dd7e5798?s=96&d=mm&r=g","contentUrl":"https:\/\/secure.gravatar.com\/avatar\/3ea2118a5f7dad2b7138b1187a6b7ee55f160b9968b66013c3a3ef39dd7e5798?s=96&d=mm&r=g","caption":"Jeanette"},"sameAs":["https:\/\/www.eldiario.net\/portal"],"url":"https:\/\/www.eldiario.net\/portal\/author\/jeanette\/"}]}},"_links":{"self":[{"href":"https:\/\/www.eldiario.net\/portal\/wp-json\/wp\/v2\/posts\/12023","targetHints":{"allow":["GET"]}}],"collection":[{"href":"https:\/\/www.eldiario.net\/portal\/wp-json\/wp\/v2\/posts"}],"about":[{"href":"https:\/\/www.eldiario.net\/portal\/wp-json\/wp\/v2\/types\/post"}],"author":[{"embeddable":true,"href":"https:\/\/www.eldiario.net\/portal\/wp-json\/wp\/v2\/users\/1"}],"replies":[{"embeddable":true,"href":"https:\/\/www.eldiario.net\/portal\/wp-json\/wp\/v2\/comments?post=12023"}],"version-history":[{"count":0,"href":"https:\/\/www.eldiario.net\/portal\/wp-json\/wp\/v2\/posts\/12023\/revisions"}],"wp:attachment":[{"href":"https:\/\/www.eldiario.net\/portal\/wp-json\/wp\/v2\/media?parent=12023"}],"wp:term":[{"taxonomy":"category","embeddable":true,"href":"https:\/\/www.eldiario.net\/portal\/wp-json\/wp\/v2\/categories?post=12023"},{"taxonomy":"post_tag","embeddable":true,"href":"https:\/\/www.eldiario.net\/portal\/wp-json\/wp\/v2\/tags?post=12023"}],"curies":[{"name":"wp","href":"https:\/\/api.w.org\/{rel}","templated":true}]}}