{"id":12020,"date":"2021-06-22T05:38:19","date_gmt":"2021-06-22T09:38:19","guid":{"rendered":"https:\/\/www.eldiario.net\/portal\/?p=12020"},"modified":"2021-06-22T05:38:19","modified_gmt":"2021-06-22T09:38:19","slug":"austria-hace-historia-y-ucrania-esta-en-el-hilo","status":"publish","type":"post","link":"https:\/\/www.eldiario.net\/portal\/2021\/06\/22\/austria-hace-historia-y-ucrania-esta-en-el-hilo\/","title":{"rendered":"Austria hace historia y Ucrania est\u00e1 en el hilo"},"content":{"rendered":"<p>\u00abImmer, wieder, immer, wieder\u201d (\u201cuna y otra vez, una y otra vez\u201d), gritan los aficionados en el Estadio Nacional de Bucarest. Empujan a su gente. Son felices. No es para menos. Por primera vez en su historia, Austria est\u00e1 en la segunda fase de una Eurocopa. En los libros entran su seleccionador, Franco Foda, y Cristoph Baumgartner. Su gol, a la salida de un c\u00f3rner, premi\u00f3 la ambici\u00f3n de los austriacos y castig\u00f3 la cobard\u00eda de Ucrania, que pens\u00f3 que se clasificar\u00eda dejando pasar el tiempo y ahora queda en el alambre. Con tres puntos y un -1 en el goalverage general, va a tener que estar dos d\u00edas delante del televisor para saber qu\u00e9 es de su futuro.<\/p>\n<p>&nbsp;<\/p>\n<p>&nbsp;<\/p>\n<p>&nbsp;<\/p>\n<p>Al inmovilismo de Shevchenko, Foda contest\u00f3 con intervencionismo. Se carg\u00f3 el diab\u00f3lico 3-5-2. En el 4-3-3, se ahorr\u00f3 las dudas defensivas de Alaba y dio pista libre a Sabitzer, que se quit\u00f3 las cadenas y jug\u00f3 a muy buen nivel. Baumgartner hizo el gol y si Austria no sentenci\u00f3 antes fue porque Arnautovic demostr\u00f3 ser la marca blanca de Ibrahimovic. D\u00edscolo, pero no crack. Austria se va a Londres a desafiar a Italia. Ucrania, que ni inquiet\u00f3 a Bachman, al hotel a ver la televisi\u00f3n y a esperar.<\/p>\n<p>&nbsp;<\/p>\n<p>Shevchenko achaca la derrota a la inferioridad f\u00edsica<\/p>\n<p>El seleccionador de Ucrania, Andr\u00e9i Shevchenko, achac\u00f3 la derrota de su equipo ante Austria a la superioridad f\u00edsica del rival, que le permiti\u00f3 ahogar a los ucranianos con una presi\u00f3n constante y le forz\u00f3 a cometer numerosos errores. \u00abPrimero que nada, no est\u00e1bamos preparados f\u00edsicamente. Para nosotros siempre es dif\u00edcil jugar tres partidos en un espacio de tiempo tan corto\u00bb, declar\u00f3 Shevchenko en la rueda de prensa posterior al partido, correspondiente a la \u00faltima jornada del Grupo C.<\/p>\n<p>&nbsp;<\/p>\n<p>El exinternacional del Milan y el Dinamo de Kiev reconoci\u00f3 que su equipo jug\u00f3 \u00abun mal partido\u00bb, y alab\u00f3 la fortaleza f\u00edsica de la selecci\u00f3n austr\u00edaca, cuya victoria la clasifica para octavos, donde se medir\u00e1 a Italia, y deja la posible clasificaci\u00f3n de Ucrania como tercera pendiente de lo que ocurra en otros grupos. \u00abLlegamos tarde a todos los balones, cometimos errores muy a menudo y estuvimos ausentes\u00bb, concluy\u00f3 Shevchenko, que destac\u00f3 como aspecto positivo que sus jugadores pelearon hasta el final pese a su inferioridad en el campo. \u00abLo intentamos varias veces hasta el final, en el segundo tiempo, pero \u00e9ste no es el nivel de f\u00fatbol que queremos mostrar\u00bb, declar\u00f3 el seleccionador de Ucrania, que finaliza la fase de grupos tercera con tres puntos.<\/p>\n<p>&nbsp;<\/p>\n<p>&nbsp;<\/p>\n","protected":false},"excerpt":{"rendered":"<p>\u00abImmer, wieder, immer, wieder\u201d (\u201cuna y otra vez, una y otra vez\u201d), gritan los aficionados en el Estadio Nacional de Bucarest. Empujan a su gente. Son felices. No es para menos. Por primera vez en su historia, Austria est\u00e1 en la segunda fase de una Eurocopa. En los libros entran su seleccionador, Franco Foda, y [&hellip;]<\/p>\n","protected":false},"author":1,"featured_media":12021,"comment_status":"closed","ping_status":"closed","sticky":false,"template":"","format":"standard","meta":{"_acf_changed":false,"footnotes":""},"categories":[6],"tags":[],"class_list":["post-12020","post","type-post","status-publish","format-standard","has-post-thumbnail","category-deportes"],"acf":{"antetitulo":""},"yoast_head":"<!-- This site is optimized with the Yoast SEO plugin v28.3 - https:\/\/yoast.com\/product\/yoast-seo-wordpress\/ -->\n<title>Austria hace historia y Ucrania est\u00e1 en el hilo - El Diario - Bolivia<\/title>\n<meta name=\"robots\" content=\"index, follow, max-snippet:-1, max-image-preview:large, max-video-preview:-1\" \/>\n<link rel=\"canonical\" href=\"https:\/\/www.eldiario.net\/portal\/2021\/06\/22\/austria-hace-historia-y-ucrania-esta-en-el-hilo\/\" \/>\n<meta property=\"og:locale\" content=\"es_ES\" \/>\n<meta property=\"og:type\" content=\"article\" \/>\n<meta property=\"og:title\" content=\"Austria hace historia y Ucrania est\u00e1 en el hilo - El Diario - Bolivia\" \/>\n<meta property=\"og:description\" content=\"\u00abImmer, wieder, immer, wieder\u201d (\u201cuna y otra vez, una y otra vez\u201d), gritan los aficionados en el Estadio Nacional de Bucarest. Empujan a su gente. Son felices. No es para menos. Por primera vez en su historia, Austria est\u00e1 en la segunda fase de una Eurocopa. En los libros entran su seleccionador, Franco Foda, y [&hellip;]\" \/>\n<meta property=\"og:url\" content=\"https:\/\/www.eldiario.net\/portal\/2021\/06\/22\/austria-hace-historia-y-ucrania-esta-en-el-hilo\/\" \/>\n<meta property=\"og:site_name\" content=\"El Diario - Bolivia\" \/>\n<meta property=\"article:publisher\" content=\"https:\/\/www.facebook.com\/eldiario.bolivia\/\" \/>\n<meta property=\"article:published_time\" content=\"2021-06-22T09:38:19+00:00\" \/>\n<meta name=\"author\" content=\"Jeanette\" \/>\n<meta name=\"twitter:card\" content=\"summary_large_image\" \/>\n<meta name=\"twitter:creator\" content=\"@eldiario_net\" \/>\n<meta name=\"twitter:site\" content=\"@eldiario_net\" \/>\n<meta name=\"twitter:label1\" content=\"Escrito por\" \/>\n\t<meta name=\"twitter:data1\" content=\"Jeanette\" \/>\n\t<meta name=\"twitter:label2\" content=\"Tiempo de lectura\" \/>\n\t<meta name=\"twitter:data2\" content=\"2 minutos\" \/>\n<script type=\"application\/ld+json\" class=\"yoast-schema-graph\">{\"@context\":\"https:\\\/\\\/schema.org\",\"@graph\":[{\"@type\":\"Article\",\"@id\":\"https:\\\/\\\/www.eldiario.net\\\/portal\\\/2021\\\/06\\\/22\\\/austria-hace-historia-y-ucrania-esta-en-el-hilo\\\/#article\",\"isPartOf\":{\"@id\":\"https:\\\/\\\/www.eldiario.net\\\/portal\\\/2021\\\/06\\\/22\\\/austria-hace-historia-y-ucrania-esta-en-el-hilo\\\/\"},\"author\":{\"name\":\"Jeanette\",\"@id\":\"https:\\\/\\\/www.eldiario.net\\\/portal\\\/#\\\/schema\\\/person\\\/f46445640444750d7d753ccd04ae01b7\"},\"headline\":\"Austria hace historia y Ucrania est\u00e1 en el hilo\",\"datePublished\":\"2021-06-22T09:38:19+00:00\",\"mainEntityOfPage\":{\"@id\":\"https:\\\/\\\/www.eldiario.net\\\/portal\\\/2021\\\/06\\\/22\\\/austria-hace-historia-y-ucrania-esta-en-el-hilo\\\/\"},\"wordCount\":457,\"publisher\":{\"@id\":\"https:\\\/\\\/www.eldiario.net\\\/portal\\\/#organization\"},\"image\":{\"@id\":\"https:\\\/\\\/www.eldiario.net\\\/portal\\\/2021\\\/06\\\/22\\\/austria-hace-historia-y-ucrania-esta-en-el-hilo\\\/#primaryimage\"},\"thumbnailUrl\":\"\",\"articleSection\":[\"Deportes\"],\"inLanguage\":\"es\"},{\"@type\":\"WebPage\",\"@id\":\"https:\\\/\\\/www.eldiario.net\\\/portal\\\/2021\\\/06\\\/22\\\/austria-hace-historia-y-ucrania-esta-en-el-hilo\\\/\",\"url\":\"https:\\\/\\\/www.eldiario.net\\\/portal\\\/2021\\\/06\\\/22\\\/austria-hace-historia-y-ucrania-esta-en-el-hilo\\\/\",\"name\":\"Austria hace historia y Ucrania est\u00e1 en el hilo - El Diario - Bolivia\",\"isPartOf\":{\"@id\":\"https:\\\/\\\/www.eldiario.net\\\/portal\\\/#website\"},\"primaryImageOfPage\":{\"@id\":\"https:\\\/\\\/www.eldiario.net\\\/portal\\\/2021\\\/06\\\/22\\\/austria-hace-historia-y-ucrania-esta-en-el-hilo\\\/#primaryimage\"},\"image\":{\"@id\":\"https:\\\/\\\/www.eldiario.net\\\/portal\\\/2021\\\/06\\\/22\\\/austria-hace-historia-y-ucrania-esta-en-el-hilo\\\/#primaryimage\"},\"thumbnailUrl\":\"\",\"datePublished\":\"2021-06-22T09:38:19+00:00\",\"breadcrumb\":{\"@id\":\"https:\\\/\\\/www.eldiario.net\\\/portal\\\/2021\\\/06\\\/22\\\/austria-hace-historia-y-ucrania-esta-en-el-hilo\\\/#breadcrumb\"},\"inLanguage\":\"es\",\"potentialAction\":[{\"@type\":\"ReadAction\",\"target\":[\"https:\\\/\\\/www.eldiario.net\\\/portal\\\/2021\\\/06\\\/22\\\/austria-hace-historia-y-ucrania-esta-en-el-hilo\\\/\"]}]},{\"@type\":\"ImageObject\",\"inLanguage\":\"es\",\"@id\":\"https:\\\/\\\/www.eldiario.net\\\/portal\\\/2021\\\/06\\\/22\\\/austria-hace-historia-y-ucrania-esta-en-el-hilo\\\/#primaryimage\",\"url\":\"\",\"contentUrl\":\"\"},{\"@type\":\"BreadcrumbList\",\"@id\":\"https:\\\/\\\/www.eldiario.net\\\/portal\\\/2021\\\/06\\\/22\\\/austria-hace-historia-y-ucrania-esta-en-el-hilo\\\/#breadcrumb\",\"itemListElement\":[{\"@type\":\"ListItem\",\"position\":1,\"name\":\"Portada\",\"item\":\"https:\\\/\\\/www.eldiario.net\\\/portal\\\/\"},{\"@type\":\"ListItem\",\"position\":2,\"name\":\"Austria hace historia y Ucrania est\u00e1 en el hilo\"}]},{\"@type\":\"WebSite\",\"@id\":\"https:\\\/\\\/www.eldiario.net\\\/portal\\\/#website\",\"url\":\"https:\\\/\\\/www.eldiario.net\\\/portal\\\/\",\"name\":\"El Diario - Decano de la prensa nacional\",\"description\":\"El Diario - Decano de la prensa nacional\",\"publisher\":{\"@id\":\"https:\\\/\\\/www.eldiario.net\\\/portal\\\/#organization\"},\"potentialAction\":[{\"@type\":\"SearchAction\",\"target\":{\"@type\":\"EntryPoint\",\"urlTemplate\":\"https:\\\/\\\/www.eldiario.net\\\/portal\\\/?s={search_term_string}\"},\"query-input\":{\"@type\":\"PropertyValueSpecification\",\"valueRequired\":true,\"valueName\":\"search_term_string\"}}],\"inLanguage\":\"es\"},{\"@type\":\"Organization\",\"@id\":\"https:\\\/\\\/www.eldiario.net\\\/portal\\\/#organization\",\"name\":\"El Diario - Decano de la prensa nacional\",\"url\":\"https:\\\/\\\/www.eldiario.net\\\/portal\\\/\",\"logo\":{\"@type\":\"ImageObject\",\"inLanguage\":\"es\",\"@id\":\"https:\\\/\\\/www.eldiario.net\\\/portal\\\/#\\\/schema\\\/logo\\\/image\\\/\",\"url\":\"https:\\\/\\\/www.eldiario.net\\\/portal\\\/wp-content\\\/uploads\\\/2023\\\/07\\\/logo_ED.jpg\",\"contentUrl\":\"https:\\\/\\\/www.eldiario.net\\\/portal\\\/wp-content\\\/uploads\\\/2023\\\/07\\\/logo_ED.jpg\",\"width\":272,\"height\":52,\"caption\":\"El Diario - Decano de la prensa nacional\"},\"image\":{\"@id\":\"https:\\\/\\\/www.eldiario.net\\\/portal\\\/#\\\/schema\\\/logo\\\/image\\\/\"},\"sameAs\":[\"https:\\\/\\\/www.facebook.com\\\/eldiario.bolivia\\\/\",\"https:\\\/\\\/x.com\\\/eldiario_net\"]},{\"@type\":\"Person\",\"@id\":\"https:\\\/\\\/www.eldiario.net\\\/portal\\\/#\\\/schema\\\/person\\\/f46445640444750d7d753ccd04ae01b7\",\"name\":\"Jeanette\",\"image\":{\"@type\":\"ImageObject\",\"inLanguage\":\"es\",\"@id\":\"https:\\\/\\\/secure.gravatar.com\\\/avatar\\\/3ea2118a5f7dad2b7138b1187a6b7ee55f160b9968b66013c3a3ef39dd7e5798?s=96&d=mm&r=g\",\"url\":\"https:\\\/\\\/secure.gravatar.com\\\/avatar\\\/3ea2118a5f7dad2b7138b1187a6b7ee55f160b9968b66013c3a3ef39dd7e5798?s=96&d=mm&r=g\",\"contentUrl\":\"https:\\\/\\\/secure.gravatar.com\\\/avatar\\\/3ea2118a5f7dad2b7138b1187a6b7ee55f160b9968b66013c3a3ef39dd7e5798?s=96&d=mm&r=g\",\"caption\":\"Jeanette\"},\"sameAs\":[\"https:\\\/\\\/www.eldiario.net\\\/portal\"],\"url\":\"https:\\\/\\\/www.eldiario.net\\\/portal\\\/author\\\/jeanette\\\/\"}]}<\/script>\n<!-- \/ Yoast SEO plugin. -->","yoast_head_json":{"title":"Austria hace historia y Ucrania est\u00e1 en el hilo - El Diario - Bolivia","robots":{"index":"index","follow":"follow","max-snippet":"max-snippet:-1","max-image-preview":"max-image-preview:large","max-video-preview":"max-video-preview:-1"},"canonical":"https:\/\/www.eldiario.net\/portal\/2021\/06\/22\/austria-hace-historia-y-ucrania-esta-en-el-hilo\/","og_locale":"es_ES","og_type":"article","og_title":"Austria hace historia y Ucrania est\u00e1 en el hilo - El Diario - Bolivia","og_description":"\u00abImmer, wieder, immer, wieder\u201d (\u201cuna y otra vez, una y otra vez\u201d), gritan los aficionados en el Estadio Nacional de Bucarest. Empujan a su gente. Son felices. No es para menos. Por primera vez en su historia, Austria est\u00e1 en la segunda fase de una Eurocopa. En los libros entran su seleccionador, Franco Foda, y [&hellip;]","og_url":"https:\/\/www.eldiario.net\/portal\/2021\/06\/22\/austria-hace-historia-y-ucrania-esta-en-el-hilo\/","og_site_name":"El Diario - Bolivia","article_publisher":"https:\/\/www.facebook.com\/eldiario.bolivia\/","article_published_time":"2021-06-22T09:38:19+00:00","author":"Jeanette","twitter_card":"summary_large_image","twitter_creator":"@eldiario_net","twitter_site":"@eldiario_net","twitter_misc":{"Escrito por":"Jeanette","Tiempo de lectura":"2 minutos"},"schema":{"@context":"https:\/\/schema.org","@graph":[{"@type":"Article","@id":"https:\/\/www.eldiario.net\/portal\/2021\/06\/22\/austria-hace-historia-y-ucrania-esta-en-el-hilo\/#article","isPartOf":{"@id":"https:\/\/www.eldiario.net\/portal\/2021\/06\/22\/austria-hace-historia-y-ucrania-esta-en-el-hilo\/"},"author":{"name":"Jeanette","@id":"https:\/\/www.eldiario.net\/portal\/#\/schema\/person\/f46445640444750d7d753ccd04ae01b7"},"headline":"Austria hace historia y Ucrania est\u00e1 en el hilo","datePublished":"2021-06-22T09:38:19+00:00","mainEntityOfPage":{"@id":"https:\/\/www.eldiario.net\/portal\/2021\/06\/22\/austria-hace-historia-y-ucrania-esta-en-el-hilo\/"},"wordCount":457,"publisher":{"@id":"https:\/\/www.eldiario.net\/portal\/#organization"},"image":{"@id":"https:\/\/www.eldiario.net\/portal\/2021\/06\/22\/austria-hace-historia-y-ucrania-esta-en-el-hilo\/#primaryimage"},"thumbnailUrl":"","articleSection":["Deportes"],"inLanguage":"es"},{"@type":"WebPage","@id":"https:\/\/www.eldiario.net\/portal\/2021\/06\/22\/austria-hace-historia-y-ucrania-esta-en-el-hilo\/","url":"https:\/\/www.eldiario.net\/portal\/2021\/06\/22\/austria-hace-historia-y-ucrania-esta-en-el-hilo\/","name":"Austria hace historia y Ucrania est\u00e1 en el hilo - El Diario - Bolivia","isPartOf":{"@id":"https:\/\/www.eldiario.net\/portal\/#website"},"primaryImageOfPage":{"@id":"https:\/\/www.eldiario.net\/portal\/2021\/06\/22\/austria-hace-historia-y-ucrania-esta-en-el-hilo\/#primaryimage"},"image":{"@id":"https:\/\/www.eldiario.net\/portal\/2021\/06\/22\/austria-hace-historia-y-ucrania-esta-en-el-hilo\/#primaryimage"},"thumbnailUrl":"","datePublished":"2021-06-22T09:38:19+00:00","breadcrumb":{"@id":"https:\/\/www.eldiario.net\/portal\/2021\/06\/22\/austria-hace-historia-y-ucrania-esta-en-el-hilo\/#breadcrumb"},"inLanguage":"es","potentialAction":[{"@type":"ReadAction","target":["https:\/\/www.eldiario.net\/portal\/2021\/06\/22\/austria-hace-historia-y-ucrania-esta-en-el-hilo\/"]}]},{"@type":"ImageObject","inLanguage":"es","@id":"https:\/\/www.eldiario.net\/portal\/2021\/06\/22\/austria-hace-historia-y-ucrania-esta-en-el-hilo\/#primaryimage","url":"","contentUrl":""},{"@type":"BreadcrumbList","@id":"https:\/\/www.eldiario.net\/portal\/2021\/06\/22\/austria-hace-historia-y-ucrania-esta-en-el-hilo\/#breadcrumb","itemListElement":[{"@type":"ListItem","position":1,"name":"Portada","item":"https:\/\/www.eldiario.net\/portal\/"},{"@type":"ListItem","position":2,"name":"Austria hace historia y Ucrania est\u00e1 en el hilo"}]},{"@type":"WebSite","@id":"https:\/\/www.eldiario.net\/portal\/#website","url":"https:\/\/www.eldiario.net\/portal\/","name":"El Diario - Decano de la prensa nacional","description":"El Diario - Decano de la prensa nacional","publisher":{"@id":"https:\/\/www.eldiario.net\/portal\/#organization"},"potentialAction":[{"@type":"SearchAction","target":{"@type":"EntryPoint","urlTemplate":"https:\/\/www.eldiario.net\/portal\/?s={search_term_string}"},"query-input":{"@type":"PropertyValueSpecification","valueRequired":true,"valueName":"search_term_string"}}],"inLanguage":"es"},{"@type":"Organization","@id":"https:\/\/www.eldiario.net\/portal\/#organization","name":"El Diario - Decano de la prensa nacional","url":"https:\/\/www.eldiario.net\/portal\/","logo":{"@type":"ImageObject","inLanguage":"es","@id":"https:\/\/www.eldiario.net\/portal\/#\/schema\/logo\/image\/","url":"https:\/\/www.eldiario.net\/portal\/wp-content\/uploads\/2023\/07\/logo_ED.jpg","contentUrl":"https:\/\/www.eldiario.net\/portal\/wp-content\/uploads\/2023\/07\/logo_ED.jpg","width":272,"height":52,"caption":"El Diario - Decano de la prensa nacional"},"image":{"@id":"https:\/\/www.eldiario.net\/portal\/#\/schema\/logo\/image\/"},"sameAs":["https:\/\/www.facebook.com\/eldiario.bolivia\/","https:\/\/x.com\/eldiario_net"]},{"@type":"Person","@id":"https:\/\/www.eldiario.net\/portal\/#\/schema\/person\/f46445640444750d7d753ccd04ae01b7","name":"Jeanette","image":{"@type":"ImageObject","inLanguage":"es","@id":"https:\/\/secure.gravatar.com\/avatar\/3ea2118a5f7dad2b7138b1187a6b7ee55f160b9968b66013c3a3ef39dd7e5798?s=96&d=mm&r=g","url":"https:\/\/secure.gravatar.com\/avatar\/3ea2118a5f7dad2b7138b1187a6b7ee55f160b9968b66013c3a3ef39dd7e5798?s=96&d=mm&r=g","contentUrl":"https:\/\/secure.gravatar.com\/avatar\/3ea2118a5f7dad2b7138b1187a6b7ee55f160b9968b66013c3a3ef39dd7e5798?s=96&d=mm&r=g","caption":"Jeanette"},"sameAs":["https:\/\/www.eldiario.net\/portal"],"url":"https:\/\/www.eldiario.net\/portal\/author\/jeanette\/"}]}},"_links":{"self":[{"href":"https:\/\/www.eldiario.net\/portal\/wp-json\/wp\/v2\/posts\/12020","targetHints":{"allow":["GET"]}}],"collection":[{"href":"https:\/\/www.eldiario.net\/portal\/wp-json\/wp\/v2\/posts"}],"about":[{"href":"https:\/\/www.eldiario.net\/portal\/wp-json\/wp\/v2\/types\/post"}],"author":[{"embeddable":true,"href":"https:\/\/www.eldiario.net\/portal\/wp-json\/wp\/v2\/users\/1"}],"replies":[{"embeddable":true,"href":"https:\/\/www.eldiario.net\/portal\/wp-json\/wp\/v2\/comments?post=12020"}],"version-history":[{"count":0,"href":"https:\/\/www.eldiario.net\/portal\/wp-json\/wp\/v2\/posts\/12020\/revisions"}],"wp:attachment":[{"href":"https:\/\/www.eldiario.net\/portal\/wp-json\/wp\/v2\/media?parent=12020"}],"wp:term":[{"taxonomy":"category","embeddable":true,"href":"https:\/\/www.eldiario.net\/portal\/wp-json\/wp\/v2\/categories?post=12020"},{"taxonomy":"post_tag","embeddable":true,"href":"https:\/\/www.eldiario.net\/portal\/wp-json\/wp\/v2\/tags?post=12020"}],"curies":[{"name":"wp","href":"https:\/\/api.w.org\/{rel}","templated":true}]}}