{"id":119901,"date":"2022-11-02T06:37:39","date_gmt":"2022-11-02T10:37:39","guid":{"rendered":"https:\/\/www.eldiario.net\/portal\/?p=119901"},"modified":"2022-11-02T06:37:39","modified_gmt":"2022-11-02T10:37:39","slug":"piel-fabulosa-gracias-al-suero-facial","status":"publish","type":"post","link":"https:\/\/www.eldiario.net\/portal\/2022\/11\/02\/piel-fabulosa-gracias-al-suero-facial\/","title":{"rendered":"Piel fabulosa gracias al suero facial"},"content":{"rendered":"<p>Por: Susana Guti\u00e9rrez<\/p>\n<p>Con 33 a\u00f1os de edad, Mar\u00eda Luisa, sent\u00eda que su rostro se encontraba deshidratado, con arrugas y sin brillo. \u201cDespu\u00e9s de mi \u00faltimo parto me qued\u00e9 con la piel marchita, sin vida\u201d.<\/p>\n<p>Por su parte, Esther, de 30 a\u00f1os, estaba buscando algo que, sencillamente, le restaurara el brillo a su cutis, porque \u00e9ste se encontraba con signos de fatiga, y refer\u00eda \u201calgo parecido a una buena limpieza, pero m\u00e1s profunda.<\/p>\n<p>Afortunadamente, ambas encontraron la soluci\u00f3n gracias al suero facial.<\/p>\n<p>\u201cSi se identifica con las dos mujeres que comentaron sobre la preocupaci\u00f3n por su cutis, la soluci\u00f3n realmente eficaz es la revoluci\u00f3n de los sueros, comenta la experta Suzanne Piqueras, directora Corporativa de Tratamiento facial de Yanbal<\/p>\n<p>Piqueras afirma que los sueros faciales son productos con f\u00f3rmulas concentradas, es decir que en sus componentes tienen un alto porcentaje de ingredientes activos; aquellos que producen una acci\u00f3n espec\u00edfica sobre la piel y, por tanto, una alta eficacia con beneficios espec\u00edficos, seg\u00fan cada necesidad.<\/p>\n<p><strong>\u00bfY CU\u00c1LES SON ESOS INGREDIENTES ACTIVOS? <\/strong><\/p>\n<p>Aceites naturales, extractos naturales, \u00e1cido hialur\u00f3nico, vitaminas, entre otros.<\/p>\n<p><strong>\u00bfPOR CU\u00c1NTO TIEMPO SE PUEDE USAR LOS SUEROS? <\/strong><\/p>\n<p>Los sueros son productos claves para que sean parte de la rutina diaria, ya sea que quiera una rutina s\u00faper sencilla de pocos pasos (puede usarlos con un limpiador y antes de un protector solar en el d\u00eda o antes de una crema reparadora en la noche) o si busca una rutina m\u00e1s completa, los sueros son productos ideales por sus deliciosas texturas ligeras, alta concentraci\u00f3n y alta eficacia.<\/p>\n<p>La piel del rostro sufre cambios no s\u00f3lo por la edad, tambi\u00e9n por el clima, la alimentaci\u00f3n, el descanso, si es suficiente o no, el estr\u00e9s y otros factores externos que pueden acelerar el proceso de envejecimiento.<\/p>\n<p><strong>\u00bfC\u00d3MO SE DEBER\u00cdA USAR UN SUERO FACIAL? <\/strong><\/p>\n<p>El suero facial llega para complementar una rutina de cuidado de la piel, as\u00ed es que lo que se debe hacer es sumar el suero a los productos que normalmente se usan en la rutina.<\/p>\n<p>Primero, limpie y tonifique su rostro a conciencia, con un producto que sea capaz de eliminar la suciedad, el sudor, el sebo y el maquillaje de todo el d\u00eda, sin resecarlo. Esta limpieza preparar\u00e1 la piel para una adecuada absorci\u00f3n de los ingredientes activos de los productos que vienen despu\u00e9s.<\/p>\n<p>Segundo, aplicar el suero seg\u00fan la necesidad de la piel, antes de la crema o en lugar de \u00e9sta.<\/p>\n<p><strong>\u00bfC\u00d3MO SABER QU\u00c9 TIPO DE SUERO APLICAR? <\/strong><\/p>\n<p>Si tiene la piel deshidratada y reseca, el suero concentrado hidratante + \u00e1cido hialur\u00f3nico de Yanbal, es el que conviene. Contiene 94% de ingredientes naturales, 4 tipos de \u00e1cido hialur\u00f3nico de diferentes pesos moleculares en alta concentraci\u00f3n, reforzado con glicerina + extracto de quinoa 100% natural, al aportar y retener la hidrataci\u00f3n al instante, produce un efecto plump que rellena, alisa arrugas y ayuda a recuperar el volumen; as\u00ed como promueve la producci\u00f3n interna de \u00e1cido hialur\u00f3nico dejando el rostro con resplandor de juventud.<\/p>\n<p>Si tiene la piel opaca, con tono disparejo y con signos de envejecimiento, el suero concentrado antioxidante, con vitamina C de Yanbal, es el que se debe usar.\u00a0 La vitamina C viene pura en su forma m\u00e1s estable, concentrada en un complejo que va al 15%, enriquecida con antioxidantes de origen natural extra\u00eddos del camu camu y granada, y potenciada con derivado de jengibre para prolongar su eficacia. Una mega dosis de energ\u00eda y vitalidad que previene el envejecimiento prematuro y ayuda a recuperar la apariencia joven de la piel.<\/p>\n<p>Si tiene la piel con signos de envejecimiento y descolgamiento, el \u00f3leo concentrado reparador + hidratante, le ir\u00e1 muy bien. Contiene 98% de ingredientes activos lo que significa una alta concentraci\u00f3n debido a su composici\u00f3n:\u00a0 9 aceites 100% naturales, 4 extractos 100% naturales, manteca de cacao 100% natural y activo hidratante de larga duraci\u00f3n; ingredientes que cumplen el efecto esperado en el rostro, dej\u00e1ndolo suave y aterciopelado sin sensaci\u00f3n grasa, firme y con resplandor de juventud.<\/p>\n<figure id=\"attachment_119903\" aria-describedby=\"caption-attachment-119903\" style=\"width: 300px\" class=\"wp-caption aligncenter\"><a href=\"https:\/\/www.eldiario.net\/portal\/wp-content\/uploads\/2022\/11\/NOTA-3-FOTO-2.jpg\"><img loading=\"lazy\" decoding=\"async\" class=\"size-medium wp-image-119903\" src=\"https:\/\/www.eldiario.net\/portal\/wp-content\/uploads\/2022\/11\/NOTA-3-FOTO-2-300x200.jpg\" alt=\"\" width=\"300\" height=\"200\" \/><\/a><figcaption id=\"caption-attachment-119903\" class=\"wp-caption-text\">LAS TRES F\u00d3RMULAS PARA CADA NECESIDAD.<\/figcaption><\/figure>\n","protected":false},"excerpt":{"rendered":"<p>Por: Susana Guti\u00e9rrez Con 33 a\u00f1os de edad, Mar\u00eda Luisa, sent\u00eda que su rostro se encontraba deshidratado, con arrugas y sin brillo. \u201cDespu\u00e9s de mi \u00faltimo parto me qued\u00e9 con la piel marchita, sin vida\u201d. Por su parte, Esther, de 30 a\u00f1os, estaba buscando algo que, sencillamente, le restaurara el brillo a su cutis, porque [&hellip;]<\/p>\n","protected":false},"author":1,"featured_media":119902,"comment_status":"closed","ping_status":"closed","sticky":false,"template":"","format":"standard","meta":{"_acf_changed":false,"footnotes":""},"categories":[42],"tags":[],"class_list":["post-119901","post","type-post","status-publish","format-standard","has-post-thumbnail","category-femenina"],"acf":{"antetitulo":""},"yoast_head":"<!-- This site is optimized with the Yoast SEO plugin v28.4 - https:\/\/yoast.com\/product\/yoast-seo-wordpress\/ -->\n<title>Piel fabulosa gracias al suero facial - El Diario - Bolivia<\/title>\n<meta name=\"robots\" content=\"index, follow, max-snippet:-1, max-image-preview:large, max-video-preview:-1\" \/>\n<link rel=\"canonical\" href=\"https:\/\/www.eldiario.net\/portal\/2022\/11\/02\/piel-fabulosa-gracias-al-suero-facial\/\" \/>\n<meta property=\"og:locale\" content=\"es_ES\" \/>\n<meta property=\"og:type\" content=\"article\" \/>\n<meta property=\"og:title\" content=\"Piel fabulosa gracias al suero facial - El Diario - Bolivia\" \/>\n<meta property=\"og:description\" content=\"Por: Susana Guti\u00e9rrez Con 33 a\u00f1os de edad, Mar\u00eda Luisa, sent\u00eda que su rostro se encontraba deshidratado, con arrugas y sin brillo. \u201cDespu\u00e9s de mi \u00faltimo parto me qued\u00e9 con la piel marchita, sin vida\u201d. Por su parte, Esther, de 30 a\u00f1os, estaba buscando algo que, sencillamente, le restaurara el brillo a su cutis, porque [&hellip;]\" \/>\n<meta property=\"og:url\" content=\"https:\/\/www.eldiario.net\/portal\/2022\/11\/02\/piel-fabulosa-gracias-al-suero-facial\/\" \/>\n<meta property=\"og:site_name\" content=\"El Diario - Bolivia\" \/>\n<meta property=\"article:publisher\" content=\"https:\/\/www.facebook.com\/eldiario.bolivia\/\" \/>\n<meta property=\"article:published_time\" content=\"2022-11-02T10:37:39+00:00\" \/>\n<meta property=\"og:image\" content=\"https:\/\/www.eldiario.net\/portal\/wp-content\/uploads\/2022\/11\/NOTA-3-FOTO-1.jpg\" \/>\n\t<meta property=\"og:image:width\" content=\"387\" \/>\n\t<meta property=\"og:image:height\" content=\"581\" \/>\n\t<meta property=\"og:image:type\" content=\"image\/jpeg\" \/>\n<meta name=\"author\" content=\"Jeanette\" \/>\n<meta name=\"twitter:card\" content=\"summary_large_image\" \/>\n<meta name=\"twitter:creator\" content=\"@eldiario_net\" \/>\n<meta name=\"twitter:site\" content=\"@eldiario_net\" \/>\n<meta name=\"twitter:label1\" content=\"Escrito por\" \/>\n\t<meta name=\"twitter:data1\" content=\"Jeanette\" \/>\n\t<meta name=\"twitter:label2\" content=\"Tiempo de lectura\" \/>\n\t<meta name=\"twitter:data2\" content=\"4 minutos\" \/>\n<script type=\"application\/ld+json\" class=\"yoast-schema-graph\">{\"@context\":\"https:\\\/\\\/schema.org\",\"@graph\":[{\"@type\":\"Article\",\"@id\":\"https:\\\/\\\/www.eldiario.net\\\/portal\\\/2022\\\/11\\\/02\\\/piel-fabulosa-gracias-al-suero-facial\\\/#article\",\"isPartOf\":{\"@id\":\"https:\\\/\\\/www.eldiario.net\\\/portal\\\/2022\\\/11\\\/02\\\/piel-fabulosa-gracias-al-suero-facial\\\/\"},\"author\":{\"name\":\"Jeanette\",\"@id\":\"https:\\\/\\\/www.eldiario.net\\\/portal\\\/#\\\/schema\\\/person\\\/f46445640444750d7d753ccd04ae01b7\"},\"headline\":\"Piel fabulosa gracias al suero facial\",\"datePublished\":\"2022-11-02T10:37:39+00:00\",\"mainEntityOfPage\":{\"@id\":\"https:\\\/\\\/www.eldiario.net\\\/portal\\\/2022\\\/11\\\/02\\\/piel-fabulosa-gracias-al-suero-facial\\\/\"},\"wordCount\":715,\"publisher\":{\"@id\":\"https:\\\/\\\/www.eldiario.net\\\/portal\\\/#organization\"},\"image\":{\"@id\":\"https:\\\/\\\/www.eldiario.net\\\/portal\\\/2022\\\/11\\\/02\\\/piel-fabulosa-gracias-al-suero-facial\\\/#primaryimage\"},\"thumbnailUrl\":\"https:\\\/\\\/www.eldiario.net\\\/portal\\\/wp-content\\\/uploads\\\/2022\\\/11\\\/NOTA-3-FOTO-1.jpg\",\"articleSection\":[\"Femenina\"],\"inLanguage\":\"es\"},{\"@type\":\"WebPage\",\"@id\":\"https:\\\/\\\/www.eldiario.net\\\/portal\\\/2022\\\/11\\\/02\\\/piel-fabulosa-gracias-al-suero-facial\\\/\",\"url\":\"https:\\\/\\\/www.eldiario.net\\\/portal\\\/2022\\\/11\\\/02\\\/piel-fabulosa-gracias-al-suero-facial\\\/\",\"name\":\"Piel fabulosa gracias al suero facial - El Diario - Bolivia\",\"isPartOf\":{\"@id\":\"https:\\\/\\\/www.eldiario.net\\\/portal\\\/#website\"},\"primaryImageOfPage\":{\"@id\":\"https:\\\/\\\/www.eldiario.net\\\/portal\\\/2022\\\/11\\\/02\\\/piel-fabulosa-gracias-al-suero-facial\\\/#primaryimage\"},\"image\":{\"@id\":\"https:\\\/\\\/www.eldiario.net\\\/portal\\\/2022\\\/11\\\/02\\\/piel-fabulosa-gracias-al-suero-facial\\\/#primaryimage\"},\"thumbnailUrl\":\"https:\\\/\\\/www.eldiario.net\\\/portal\\\/wp-content\\\/uploads\\\/2022\\\/11\\\/NOTA-3-FOTO-1.jpg\",\"datePublished\":\"2022-11-02T10:37:39+00:00\",\"breadcrumb\":{\"@id\":\"https:\\\/\\\/www.eldiario.net\\\/portal\\\/2022\\\/11\\\/02\\\/piel-fabulosa-gracias-al-suero-facial\\\/#breadcrumb\"},\"inLanguage\":\"es\",\"potentialAction\":[{\"@type\":\"ReadAction\",\"target\":[\"https:\\\/\\\/www.eldiario.net\\\/portal\\\/2022\\\/11\\\/02\\\/piel-fabulosa-gracias-al-suero-facial\\\/\"]}]},{\"@type\":\"ImageObject\",\"inLanguage\":\"es\",\"@id\":\"https:\\\/\\\/www.eldiario.net\\\/portal\\\/2022\\\/11\\\/02\\\/piel-fabulosa-gracias-al-suero-facial\\\/#primaryimage\",\"url\":\"https:\\\/\\\/www.eldiario.net\\\/portal\\\/wp-content\\\/uploads\\\/2022\\\/11\\\/NOTA-3-FOTO-1.jpg\",\"contentUrl\":\"https:\\\/\\\/www.eldiario.net\\\/portal\\\/wp-content\\\/uploads\\\/2022\\\/11\\\/NOTA-3-FOTO-1.jpg\",\"width\":387,\"height\":581,\"caption\":\"lOS SUEROS FACIALES PRODUCEN ACCI\u00d3N ESPEC\u00cdFICA SOBRE LA PIEL.\"},{\"@type\":\"BreadcrumbList\",\"@id\":\"https:\\\/\\\/www.eldiario.net\\\/portal\\\/2022\\\/11\\\/02\\\/piel-fabulosa-gracias-al-suero-facial\\\/#breadcrumb\",\"itemListElement\":[{\"@type\":\"ListItem\",\"position\":1,\"name\":\"Portada\",\"item\":\"https:\\\/\\\/www.eldiario.net\\\/portal\\\/\"},{\"@type\":\"ListItem\",\"position\":2,\"name\":\"Piel fabulosa gracias al suero facial\"}]},{\"@type\":\"WebSite\",\"@id\":\"https:\\\/\\\/www.eldiario.net\\\/portal\\\/#website\",\"url\":\"https:\\\/\\\/www.eldiario.net\\\/portal\\\/\",\"name\":\"El Diario - Decano de la prensa nacional\",\"description\":\"El Diario - Decano de la prensa nacional\",\"publisher\":{\"@id\":\"https:\\\/\\\/www.eldiario.net\\\/portal\\\/#organization\"},\"potentialAction\":[{\"@type\":\"SearchAction\",\"target\":{\"@type\":\"EntryPoint\",\"urlTemplate\":\"https:\\\/\\\/www.eldiario.net\\\/portal\\\/?s={search_term_string}\"},\"query-input\":{\"@type\":\"PropertyValueSpecification\",\"valueRequired\":true,\"valueName\":\"search_term_string\"}}],\"inLanguage\":\"es\"},{\"@type\":\"Organization\",\"@id\":\"https:\\\/\\\/www.eldiario.net\\\/portal\\\/#organization\",\"name\":\"El Diario - Decano de la prensa nacional\",\"url\":\"https:\\\/\\\/www.eldiario.net\\\/portal\\\/\",\"logo\":{\"@type\":\"ImageObject\",\"inLanguage\":\"es\",\"@id\":\"https:\\\/\\\/www.eldiario.net\\\/portal\\\/#\\\/schema\\\/logo\\\/image\\\/\",\"url\":\"https:\\\/\\\/www.eldiario.net\\\/portal\\\/wp-content\\\/uploads\\\/2023\\\/07\\\/logo_ED.jpg\",\"contentUrl\":\"https:\\\/\\\/www.eldiario.net\\\/portal\\\/wp-content\\\/uploads\\\/2023\\\/07\\\/logo_ED.jpg\",\"width\":272,\"height\":52,\"caption\":\"El Diario - Decano de la prensa nacional\"},\"image\":{\"@id\":\"https:\\\/\\\/www.eldiario.net\\\/portal\\\/#\\\/schema\\\/logo\\\/image\\\/\"},\"sameAs\":[\"https:\\\/\\\/www.facebook.com\\\/eldiario.bolivia\\\/\",\"https:\\\/\\\/x.com\\\/eldiario_net\"]},{\"@type\":\"Person\",\"@id\":\"https:\\\/\\\/www.eldiario.net\\\/portal\\\/#\\\/schema\\\/person\\\/f46445640444750d7d753ccd04ae01b7\",\"name\":\"Jeanette\",\"image\":{\"@type\":\"ImageObject\",\"inLanguage\":\"es\",\"@id\":\"https:\\\/\\\/secure.gravatar.com\\\/avatar\\\/3ea2118a5f7dad2b7138b1187a6b7ee55f160b9968b66013c3a3ef39dd7e5798?s=96&d=mm&r=g\",\"url\":\"https:\\\/\\\/secure.gravatar.com\\\/avatar\\\/3ea2118a5f7dad2b7138b1187a6b7ee55f160b9968b66013c3a3ef39dd7e5798?s=96&d=mm&r=g\",\"contentUrl\":\"https:\\\/\\\/secure.gravatar.com\\\/avatar\\\/3ea2118a5f7dad2b7138b1187a6b7ee55f160b9968b66013c3a3ef39dd7e5798?s=96&d=mm&r=g\",\"caption\":\"Jeanette\"},\"sameAs\":[\"https:\\\/\\\/www.eldiario.net\\\/portal\"],\"url\":\"https:\\\/\\\/www.eldiario.net\\\/portal\\\/author\\\/jeanette\\\/\"}]}<\/script>\n<!-- \/ Yoast SEO plugin. -->","yoast_head_json":{"title":"Piel fabulosa gracias al suero facial - El Diario - Bolivia","robots":{"index":"index","follow":"follow","max-snippet":"max-snippet:-1","max-image-preview":"max-image-preview:large","max-video-preview":"max-video-preview:-1"},"canonical":"https:\/\/www.eldiario.net\/portal\/2022\/11\/02\/piel-fabulosa-gracias-al-suero-facial\/","og_locale":"es_ES","og_type":"article","og_title":"Piel fabulosa gracias al suero facial - El Diario - Bolivia","og_description":"Por: Susana Guti\u00e9rrez Con 33 a\u00f1os de edad, Mar\u00eda Luisa, sent\u00eda que su rostro se encontraba deshidratado, con arrugas y sin brillo. \u201cDespu\u00e9s de mi \u00faltimo parto me qued\u00e9 con la piel marchita, sin vida\u201d. Por su parte, Esther, de 30 a\u00f1os, estaba buscando algo que, sencillamente, le restaurara el brillo a su cutis, porque [&hellip;]","og_url":"https:\/\/www.eldiario.net\/portal\/2022\/11\/02\/piel-fabulosa-gracias-al-suero-facial\/","og_site_name":"El Diario - Bolivia","article_publisher":"https:\/\/www.facebook.com\/eldiario.bolivia\/","article_published_time":"2022-11-02T10:37:39+00:00","og_image":[{"width":387,"height":581,"url":"https:\/\/www.eldiario.net\/portal\/wp-content\/uploads\/2022\/11\/NOTA-3-FOTO-1.jpg","type":"image\/jpeg"}],"author":"Jeanette","twitter_card":"summary_large_image","twitter_creator":"@eldiario_net","twitter_site":"@eldiario_net","twitter_misc":{"Escrito por":"Jeanette","Tiempo de lectura":"4 minutos"},"schema":{"@context":"https:\/\/schema.org","@graph":[{"@type":"Article","@id":"https:\/\/www.eldiario.net\/portal\/2022\/11\/02\/piel-fabulosa-gracias-al-suero-facial\/#article","isPartOf":{"@id":"https:\/\/www.eldiario.net\/portal\/2022\/11\/02\/piel-fabulosa-gracias-al-suero-facial\/"},"author":{"name":"Jeanette","@id":"https:\/\/www.eldiario.net\/portal\/#\/schema\/person\/f46445640444750d7d753ccd04ae01b7"},"headline":"Piel fabulosa gracias al suero facial","datePublished":"2022-11-02T10:37:39+00:00","mainEntityOfPage":{"@id":"https:\/\/www.eldiario.net\/portal\/2022\/11\/02\/piel-fabulosa-gracias-al-suero-facial\/"},"wordCount":715,"publisher":{"@id":"https:\/\/www.eldiario.net\/portal\/#organization"},"image":{"@id":"https:\/\/www.eldiario.net\/portal\/2022\/11\/02\/piel-fabulosa-gracias-al-suero-facial\/#primaryimage"},"thumbnailUrl":"https:\/\/www.eldiario.net\/portal\/wp-content\/uploads\/2022\/11\/NOTA-3-FOTO-1.jpg","articleSection":["Femenina"],"inLanguage":"es"},{"@type":"WebPage","@id":"https:\/\/www.eldiario.net\/portal\/2022\/11\/02\/piel-fabulosa-gracias-al-suero-facial\/","url":"https:\/\/www.eldiario.net\/portal\/2022\/11\/02\/piel-fabulosa-gracias-al-suero-facial\/","name":"Piel fabulosa gracias al suero facial - El Diario - Bolivia","isPartOf":{"@id":"https:\/\/www.eldiario.net\/portal\/#website"},"primaryImageOfPage":{"@id":"https:\/\/www.eldiario.net\/portal\/2022\/11\/02\/piel-fabulosa-gracias-al-suero-facial\/#primaryimage"},"image":{"@id":"https:\/\/www.eldiario.net\/portal\/2022\/11\/02\/piel-fabulosa-gracias-al-suero-facial\/#primaryimage"},"thumbnailUrl":"https:\/\/www.eldiario.net\/portal\/wp-content\/uploads\/2022\/11\/NOTA-3-FOTO-1.jpg","datePublished":"2022-11-02T10:37:39+00:00","breadcrumb":{"@id":"https:\/\/www.eldiario.net\/portal\/2022\/11\/02\/piel-fabulosa-gracias-al-suero-facial\/#breadcrumb"},"inLanguage":"es","potentialAction":[{"@type":"ReadAction","target":["https:\/\/www.eldiario.net\/portal\/2022\/11\/02\/piel-fabulosa-gracias-al-suero-facial\/"]}]},{"@type":"ImageObject","inLanguage":"es","@id":"https:\/\/www.eldiario.net\/portal\/2022\/11\/02\/piel-fabulosa-gracias-al-suero-facial\/#primaryimage","url":"https:\/\/www.eldiario.net\/portal\/wp-content\/uploads\/2022\/11\/NOTA-3-FOTO-1.jpg","contentUrl":"https:\/\/www.eldiario.net\/portal\/wp-content\/uploads\/2022\/11\/NOTA-3-FOTO-1.jpg","width":387,"height":581,"caption":"lOS SUEROS FACIALES PRODUCEN ACCI\u00d3N ESPEC\u00cdFICA SOBRE LA PIEL."},{"@type":"BreadcrumbList","@id":"https:\/\/www.eldiario.net\/portal\/2022\/11\/02\/piel-fabulosa-gracias-al-suero-facial\/#breadcrumb","itemListElement":[{"@type":"ListItem","position":1,"name":"Portada","item":"https:\/\/www.eldiario.net\/portal\/"},{"@type":"ListItem","position":2,"name":"Piel fabulosa gracias al suero facial"}]},{"@type":"WebSite","@id":"https:\/\/www.eldiario.net\/portal\/#website","url":"https:\/\/www.eldiario.net\/portal\/","name":"El Diario - Decano de la prensa nacional","description":"El Diario - Decano de la prensa nacional","publisher":{"@id":"https:\/\/www.eldiario.net\/portal\/#organization"},"potentialAction":[{"@type":"SearchAction","target":{"@type":"EntryPoint","urlTemplate":"https:\/\/www.eldiario.net\/portal\/?s={search_term_string}"},"query-input":{"@type":"PropertyValueSpecification","valueRequired":true,"valueName":"search_term_string"}}],"inLanguage":"es"},{"@type":"Organization","@id":"https:\/\/www.eldiario.net\/portal\/#organization","name":"El Diario - Decano de la prensa nacional","url":"https:\/\/www.eldiario.net\/portal\/","logo":{"@type":"ImageObject","inLanguage":"es","@id":"https:\/\/www.eldiario.net\/portal\/#\/schema\/logo\/image\/","url":"https:\/\/www.eldiario.net\/portal\/wp-content\/uploads\/2023\/07\/logo_ED.jpg","contentUrl":"https:\/\/www.eldiario.net\/portal\/wp-content\/uploads\/2023\/07\/logo_ED.jpg","width":272,"height":52,"caption":"El Diario - Decano de la prensa nacional"},"image":{"@id":"https:\/\/www.eldiario.net\/portal\/#\/schema\/logo\/image\/"},"sameAs":["https:\/\/www.facebook.com\/eldiario.bolivia\/","https:\/\/x.com\/eldiario_net"]},{"@type":"Person","@id":"https:\/\/www.eldiario.net\/portal\/#\/schema\/person\/f46445640444750d7d753ccd04ae01b7","name":"Jeanette","image":{"@type":"ImageObject","inLanguage":"es","@id":"https:\/\/secure.gravatar.com\/avatar\/3ea2118a5f7dad2b7138b1187a6b7ee55f160b9968b66013c3a3ef39dd7e5798?s=96&d=mm&r=g","url":"https:\/\/secure.gravatar.com\/avatar\/3ea2118a5f7dad2b7138b1187a6b7ee55f160b9968b66013c3a3ef39dd7e5798?s=96&d=mm&r=g","contentUrl":"https:\/\/secure.gravatar.com\/avatar\/3ea2118a5f7dad2b7138b1187a6b7ee55f160b9968b66013c3a3ef39dd7e5798?s=96&d=mm&r=g","caption":"Jeanette"},"sameAs":["https:\/\/www.eldiario.net\/portal"],"url":"https:\/\/www.eldiario.net\/portal\/author\/jeanette\/"}]}},"_links":{"self":[{"href":"https:\/\/www.eldiario.net\/portal\/wp-json\/wp\/v2\/posts\/119901","targetHints":{"allow":["GET"]}}],"collection":[{"href":"https:\/\/www.eldiario.net\/portal\/wp-json\/wp\/v2\/posts"}],"about":[{"href":"https:\/\/www.eldiario.net\/portal\/wp-json\/wp\/v2\/types\/post"}],"author":[{"embeddable":true,"href":"https:\/\/www.eldiario.net\/portal\/wp-json\/wp\/v2\/users\/1"}],"replies":[{"embeddable":true,"href":"https:\/\/www.eldiario.net\/portal\/wp-json\/wp\/v2\/comments?post=119901"}],"version-history":[{"count":0,"href":"https:\/\/www.eldiario.net\/portal\/wp-json\/wp\/v2\/posts\/119901\/revisions"}],"wp:featuredmedia":[{"embeddable":true,"href":"https:\/\/www.eldiario.net\/portal\/wp-json\/wp\/v2\/media\/119902"}],"wp:attachment":[{"href":"https:\/\/www.eldiario.net\/portal\/wp-json\/wp\/v2\/media?parent=119901"}],"wp:term":[{"taxonomy":"category","embeddable":true,"href":"https:\/\/www.eldiario.net\/portal\/wp-json\/wp\/v2\/categories?post=119901"},{"taxonomy":"post_tag","embeddable":true,"href":"https:\/\/www.eldiario.net\/portal\/wp-json\/wp\/v2\/tags?post=119901"}],"curies":[{"name":"wp","href":"https:\/\/api.w.org\/{rel}","templated":true}]}}