{"id":119894,"date":"2022-11-02T06:36:21","date_gmt":"2022-11-02T10:36:21","guid":{"rendered":"https:\/\/www.eldiario.net\/portal\/?p=119894"},"modified":"2022-11-02T06:36:21","modified_gmt":"2022-11-02T10:36:21","slug":"emprendedoras-se-graduan-de-awe-y-reciben-capital-semilla","status":"publish","type":"post","link":"https:\/\/www.eldiario.net\/portal\/2022\/11\/02\/emprendedoras-se-graduan-de-awe-y-reciben-capital-semilla\/","title":{"rendered":"Emprendedoras se grad\u00faan de AWE y reciben capital semilla"},"content":{"rendered":"<p>M\u00e1s de 50 mujeres de las ciudades de La Paz y El Alto se graduaron de la Academia para Mujeres Emprendedoras (AWE, por sus siglas en ingl\u00e9s) y las tres mejores iniciativas recibieron un total de Bs 24.360 para su capital semilla.<\/p>\n<p>Las emprendedoras del Programa AWE Bolivia iniciaron su entrenamiento hace tres meses en los que descubrieron nuevas habilidades empresariales para fortalecer sus modelos de negocios. El resultado del ciclo de capacitaci\u00f3n se reflej\u00f3 el d\u00eda de la graduaci\u00f3n, cuando en gran competici\u00f3n final, un destacado jurado, defini\u00f3 a las ganadoras del capital semilla.<\/p>\n<p>Haydee Valeria Paredes fue acreedora de Bs 13.920 al ganar el primer lugar de la competici\u00f3n con su emprendimiento Sweet-Fit; Priscila Portillo logr\u00f3 el segundo lugar y recibi\u00f3 Bs 6.960 para que su negocio de Fungi Natureza contin\u00fae creciendo; el tercer lugar fue para Rosmery Chuquimia, quien con su iniciativa Amta Caf\u00e9 Cultural se benefici\u00f3 con Bs 3.480 para capital semilla.<\/p>\n<p>El representante de la Embajada de Estados Unidos en Bolivia destac\u00f3 el ingenio de las participantes en cada iniciativa, adem\u00e1s todas las participantes de la Academia aplaudieron a sus compa\u00f1eras ganadoras y les desearon \u00e9xitos en sus emprendimientos.<\/p>\n<p>\u201cCuando dise\u00f1amos nuestra pol\u00edtica exterior teniendo en cuenta los derechos y las necesidades de las mujeres, nuestra pol\u00edtica es m\u00e1s eficaz y humana. Por eso estamos muy orgullosos de que nuestro programa AWE no solo es altamente eficaz, sino tambi\u00e9n est\u00e1 marcando una diferencia en la vida de las mujeres emprendedoras bolivianas\u201d, remarc\u00f3 el Agregado Cultural de la misi\u00f3n estadounidense, Anthony Tranchina.<\/p>\n<p>Actualmente, el Programa AWE Bolivia contin\u00faa entrenando a emprendedoras de otras ciudades del pa\u00eds y se espera que m\u00e1s mujeres l\u00edderes de negocios sean parte de este entrenamiento. La Academia muy pronto tendr\u00e1 presencia en los departamentos de Chuquisaca, Tarija, Cochabamba y en otras regiones del pa\u00eds.<\/p>\n<p>\u201cEl emprendimiento femenino, es clave para el desarrollo social y econ\u00f3mico de un pa\u00eds.\u00a0 Durante estos 4 meses, el Programa AWE ha permitido que 54 mujeres emprendedoras de La Paz y El Alto puedan acceder a herramientas y conocimientos que estructuraron sus emprendimientos y les permitieron crecer a nivel personal; ahora ya tienen una visi\u00f3n clara de c\u00f3mo y hacia d\u00f3nde quieren crecer. Sin duda alguna, este proceso de crecimiento ha contribuido con la generaci\u00f3n de prosperidad y desarrollo para cada una de ellas\u201d, afirma Allison Silva, directora de la Fundaci\u00f3n Emprender Futuro.<\/p>\n<p>AWE Bolivia es una iniciativa de la Oficina de Asuntos Educativos y Culturales del Departamento de Estado de Estados Unidos y en Bolivia es impulsada a trav\u00e9s de su Embajada y en alianza con la Fundaci\u00f3n Emprender Futuro.<\/p>\n\n","protected":false},"excerpt":{"rendered":"<p>M\u00e1s de 50 mujeres de las ciudades de La Paz y El Alto se graduaron de la Academia para Mujeres Emprendedoras (AWE, por sus siglas en ingl\u00e9s) y las tres mejores iniciativas recibieron un total de Bs 24.360 para su capital semilla. Las emprendedoras del Programa AWE Bolivia iniciaron su entrenamiento hace tres meses en [&hellip;]<\/p>\n","protected":false},"author":1,"featured_media":119895,"comment_status":"closed","ping_status":"closed","sticky":false,"template":"","format":"standard","meta":{"_acf_changed":false,"footnotes":""},"categories":[42],"tags":[],"class_list":["post-119894","post","type-post","status-publish","format-standard","has-post-thumbnail","category-femenina"],"acf":{"antetitulo":""},"yoast_head":"<!-- This site is optimized with the Yoast SEO plugin v28.4 - https:\/\/yoast.com\/product\/yoast-seo-wordpress\/ -->\n<title>Emprendedoras se grad\u00faan de AWE y reciben capital semilla - El Diario - Bolivia<\/title>\n<meta name=\"robots\" content=\"index, follow, max-snippet:-1, max-image-preview:large, max-video-preview:-1\" \/>\n<link rel=\"canonical\" href=\"https:\/\/www.eldiario.net\/portal\/2022\/11\/02\/emprendedoras-se-graduan-de-awe-y-reciben-capital-semilla\/\" \/>\n<meta property=\"og:locale\" content=\"es_ES\" \/>\n<meta property=\"og:type\" content=\"article\" \/>\n<meta property=\"og:title\" content=\"Emprendedoras se grad\u00faan de AWE y reciben capital semilla - El Diario - Bolivia\" \/>\n<meta property=\"og:description\" content=\"M\u00e1s de 50 mujeres de las ciudades de La Paz y El Alto se graduaron de la Academia para Mujeres Emprendedoras (AWE, por sus siglas en ingl\u00e9s) y las tres mejores iniciativas recibieron un total de Bs 24.360 para su capital semilla. Las emprendedoras del Programa AWE Bolivia iniciaron su entrenamiento hace tres meses en [&hellip;]\" \/>\n<meta property=\"og:url\" content=\"https:\/\/www.eldiario.net\/portal\/2022\/11\/02\/emprendedoras-se-graduan-de-awe-y-reciben-capital-semilla\/\" \/>\n<meta property=\"og:site_name\" content=\"El Diario - Bolivia\" \/>\n<meta property=\"article:publisher\" content=\"https:\/\/www.facebook.com\/eldiario.bolivia\/\" \/>\n<meta property=\"article:published_time\" content=\"2022-11-02T10:36:21+00:00\" \/>\n<meta property=\"og:image\" content=\"https:\/\/www.eldiario.net\/portal\/wp-content\/uploads\/2022\/11\/NOTA-4-FOTO-0.jpeg\" \/>\n\t<meta property=\"og:image:width\" content=\"710\" \/>\n\t<meta property=\"og:image:height\" content=\"410\" \/>\n\t<meta property=\"og:image:type\" content=\"image\/jpeg\" \/>\n<meta name=\"author\" content=\"Jeanette\" \/>\n<meta name=\"twitter:card\" content=\"summary_large_image\" \/>\n<meta name=\"twitter:creator\" content=\"@eldiario_net\" \/>\n<meta name=\"twitter:site\" content=\"@eldiario_net\" \/>\n<meta name=\"twitter:label1\" content=\"Escrito por\" \/>\n\t<meta name=\"twitter:data1\" content=\"Jeanette\" \/>\n\t<meta name=\"twitter:label2\" content=\"Tiempo de lectura\" \/>\n\t<meta name=\"twitter:data2\" content=\"3 minutos\" \/>\n<script type=\"application\/ld+json\" class=\"yoast-schema-graph\">{\"@context\":\"https:\\\/\\\/schema.org\",\"@graph\":[{\"@type\":\"Article\",\"@id\":\"https:\\\/\\\/www.eldiario.net\\\/portal\\\/2022\\\/11\\\/02\\\/emprendedoras-se-graduan-de-awe-y-reciben-capital-semilla\\\/#article\",\"isPartOf\":{\"@id\":\"https:\\\/\\\/www.eldiario.net\\\/portal\\\/2022\\\/11\\\/02\\\/emprendedoras-se-graduan-de-awe-y-reciben-capital-semilla\\\/\"},\"author\":{\"name\":\"Jeanette\",\"@id\":\"https:\\\/\\\/www.eldiario.net\\\/portal\\\/#\\\/schema\\\/person\\\/f46445640444750d7d753ccd04ae01b7\"},\"headline\":\"Emprendedoras se grad\u00faan de AWE y reciben capital semilla\",\"datePublished\":\"2022-11-02T10:36:21+00:00\",\"mainEntityOfPage\":{\"@id\":\"https:\\\/\\\/www.eldiario.net\\\/portal\\\/2022\\\/11\\\/02\\\/emprendedoras-se-graduan-de-awe-y-reciben-capital-semilla\\\/\"},\"wordCount\":471,\"publisher\":{\"@id\":\"https:\\\/\\\/www.eldiario.net\\\/portal\\\/#organization\"},\"image\":{\"@id\":\"https:\\\/\\\/www.eldiario.net\\\/portal\\\/2022\\\/11\\\/02\\\/emprendedoras-se-graduan-de-awe-y-reciben-capital-semilla\\\/#primaryimage\"},\"thumbnailUrl\":\"https:\\\/\\\/www.eldiario.net\\\/portal\\\/wp-content\\\/uploads\\\/2022\\\/11\\\/NOTA-4-FOTO-0.jpeg\",\"articleSection\":[\"Femenina\"],\"inLanguage\":\"es\"},{\"@type\":\"WebPage\",\"@id\":\"https:\\\/\\\/www.eldiario.net\\\/portal\\\/2022\\\/11\\\/02\\\/emprendedoras-se-graduan-de-awe-y-reciben-capital-semilla\\\/\",\"url\":\"https:\\\/\\\/www.eldiario.net\\\/portal\\\/2022\\\/11\\\/02\\\/emprendedoras-se-graduan-de-awe-y-reciben-capital-semilla\\\/\",\"name\":\"Emprendedoras se grad\u00faan de AWE y reciben capital semilla - El Diario - Bolivia\",\"isPartOf\":{\"@id\":\"https:\\\/\\\/www.eldiario.net\\\/portal\\\/#website\"},\"primaryImageOfPage\":{\"@id\":\"https:\\\/\\\/www.eldiario.net\\\/portal\\\/2022\\\/11\\\/02\\\/emprendedoras-se-graduan-de-awe-y-reciben-capital-semilla\\\/#primaryimage\"},\"image\":{\"@id\":\"https:\\\/\\\/www.eldiario.net\\\/portal\\\/2022\\\/11\\\/02\\\/emprendedoras-se-graduan-de-awe-y-reciben-capital-semilla\\\/#primaryimage\"},\"thumbnailUrl\":\"https:\\\/\\\/www.eldiario.net\\\/portal\\\/wp-content\\\/uploads\\\/2022\\\/11\\\/NOTA-4-FOTO-0.jpeg\",\"datePublished\":\"2022-11-02T10:36:21+00:00\",\"breadcrumb\":{\"@id\":\"https:\\\/\\\/www.eldiario.net\\\/portal\\\/2022\\\/11\\\/02\\\/emprendedoras-se-graduan-de-awe-y-reciben-capital-semilla\\\/#breadcrumb\"},\"inLanguage\":\"es\",\"potentialAction\":[{\"@type\":\"ReadAction\",\"target\":[\"https:\\\/\\\/www.eldiario.net\\\/portal\\\/2022\\\/11\\\/02\\\/emprendedoras-se-graduan-de-awe-y-reciben-capital-semilla\\\/\"]}]},{\"@type\":\"ImageObject\",\"inLanguage\":\"es\",\"@id\":\"https:\\\/\\\/www.eldiario.net\\\/portal\\\/2022\\\/11\\\/02\\\/emprendedoras-se-graduan-de-awe-y-reciben-capital-semilla\\\/#primaryimage\",\"url\":\"https:\\\/\\\/www.eldiario.net\\\/portal\\\/wp-content\\\/uploads\\\/2022\\\/11\\\/NOTA-4-FOTO-0.jpeg\",\"contentUrl\":\"https:\\\/\\\/www.eldiario.net\\\/portal\\\/wp-content\\\/uploads\\\/2022\\\/11\\\/NOTA-4-FOTO-0.jpeg\",\"width\":710,\"height\":410},{\"@type\":\"BreadcrumbList\",\"@id\":\"https:\\\/\\\/www.eldiario.net\\\/portal\\\/2022\\\/11\\\/02\\\/emprendedoras-se-graduan-de-awe-y-reciben-capital-semilla\\\/#breadcrumb\",\"itemListElement\":[{\"@type\":\"ListItem\",\"position\":1,\"name\":\"Portada\",\"item\":\"https:\\\/\\\/www.eldiario.net\\\/portal\\\/\"},{\"@type\":\"ListItem\",\"position\":2,\"name\":\"Emprendedoras se grad\u00faan de AWE y reciben capital semilla\"}]},{\"@type\":\"WebSite\",\"@id\":\"https:\\\/\\\/www.eldiario.net\\\/portal\\\/#website\",\"url\":\"https:\\\/\\\/www.eldiario.net\\\/portal\\\/\",\"name\":\"El Diario - Decano de la prensa nacional\",\"description\":\"El Diario - Decano de la prensa nacional\",\"publisher\":{\"@id\":\"https:\\\/\\\/www.eldiario.net\\\/portal\\\/#organization\"},\"potentialAction\":[{\"@type\":\"SearchAction\",\"target\":{\"@type\":\"EntryPoint\",\"urlTemplate\":\"https:\\\/\\\/www.eldiario.net\\\/portal\\\/?s={search_term_string}\"},\"query-input\":{\"@type\":\"PropertyValueSpecification\",\"valueRequired\":true,\"valueName\":\"search_term_string\"}}],\"inLanguage\":\"es\"},{\"@type\":\"Organization\",\"@id\":\"https:\\\/\\\/www.eldiario.net\\\/portal\\\/#organization\",\"name\":\"El Diario - Decano de la prensa nacional\",\"url\":\"https:\\\/\\\/www.eldiario.net\\\/portal\\\/\",\"logo\":{\"@type\":\"ImageObject\",\"inLanguage\":\"es\",\"@id\":\"https:\\\/\\\/www.eldiario.net\\\/portal\\\/#\\\/schema\\\/logo\\\/image\\\/\",\"url\":\"https:\\\/\\\/www.eldiario.net\\\/portal\\\/wp-content\\\/uploads\\\/2023\\\/07\\\/logo_ED.jpg\",\"contentUrl\":\"https:\\\/\\\/www.eldiario.net\\\/portal\\\/wp-content\\\/uploads\\\/2023\\\/07\\\/logo_ED.jpg\",\"width\":272,\"height\":52,\"caption\":\"El Diario - Decano de la prensa nacional\"},\"image\":{\"@id\":\"https:\\\/\\\/www.eldiario.net\\\/portal\\\/#\\\/schema\\\/logo\\\/image\\\/\"},\"sameAs\":[\"https:\\\/\\\/www.facebook.com\\\/eldiario.bolivia\\\/\",\"https:\\\/\\\/x.com\\\/eldiario_net\"]},{\"@type\":\"Person\",\"@id\":\"https:\\\/\\\/www.eldiario.net\\\/portal\\\/#\\\/schema\\\/person\\\/f46445640444750d7d753ccd04ae01b7\",\"name\":\"Jeanette\",\"image\":{\"@type\":\"ImageObject\",\"inLanguage\":\"es\",\"@id\":\"https:\\\/\\\/secure.gravatar.com\\\/avatar\\\/3ea2118a5f7dad2b7138b1187a6b7ee55f160b9968b66013c3a3ef39dd7e5798?s=96&d=mm&r=g\",\"url\":\"https:\\\/\\\/secure.gravatar.com\\\/avatar\\\/3ea2118a5f7dad2b7138b1187a6b7ee55f160b9968b66013c3a3ef39dd7e5798?s=96&d=mm&r=g\",\"contentUrl\":\"https:\\\/\\\/secure.gravatar.com\\\/avatar\\\/3ea2118a5f7dad2b7138b1187a6b7ee55f160b9968b66013c3a3ef39dd7e5798?s=96&d=mm&r=g\",\"caption\":\"Jeanette\"},\"sameAs\":[\"https:\\\/\\\/www.eldiario.net\\\/portal\"],\"url\":\"https:\\\/\\\/www.eldiario.net\\\/portal\\\/author\\\/jeanette\\\/\"}]}<\/script>\n<!-- \/ Yoast SEO plugin. -->","yoast_head_json":{"title":"Emprendedoras se grad\u00faan de AWE y reciben capital semilla - El Diario - Bolivia","robots":{"index":"index","follow":"follow","max-snippet":"max-snippet:-1","max-image-preview":"max-image-preview:large","max-video-preview":"max-video-preview:-1"},"canonical":"https:\/\/www.eldiario.net\/portal\/2022\/11\/02\/emprendedoras-se-graduan-de-awe-y-reciben-capital-semilla\/","og_locale":"es_ES","og_type":"article","og_title":"Emprendedoras se grad\u00faan de AWE y reciben capital semilla - El Diario - Bolivia","og_description":"M\u00e1s de 50 mujeres de las ciudades de La Paz y El Alto se graduaron de la Academia para Mujeres Emprendedoras (AWE, por sus siglas en ingl\u00e9s) y las tres mejores iniciativas recibieron un total de Bs 24.360 para su capital semilla. Las emprendedoras del Programa AWE Bolivia iniciaron su entrenamiento hace tres meses en [&hellip;]","og_url":"https:\/\/www.eldiario.net\/portal\/2022\/11\/02\/emprendedoras-se-graduan-de-awe-y-reciben-capital-semilla\/","og_site_name":"El Diario - Bolivia","article_publisher":"https:\/\/www.facebook.com\/eldiario.bolivia\/","article_published_time":"2022-11-02T10:36:21+00:00","og_image":[{"width":710,"height":410,"url":"https:\/\/www.eldiario.net\/portal\/wp-content\/uploads\/2022\/11\/NOTA-4-FOTO-0.jpeg","type":"image\/jpeg"}],"author":"Jeanette","twitter_card":"summary_large_image","twitter_creator":"@eldiario_net","twitter_site":"@eldiario_net","twitter_misc":{"Escrito por":"Jeanette","Tiempo de lectura":"3 minutos"},"schema":{"@context":"https:\/\/schema.org","@graph":[{"@type":"Article","@id":"https:\/\/www.eldiario.net\/portal\/2022\/11\/02\/emprendedoras-se-graduan-de-awe-y-reciben-capital-semilla\/#article","isPartOf":{"@id":"https:\/\/www.eldiario.net\/portal\/2022\/11\/02\/emprendedoras-se-graduan-de-awe-y-reciben-capital-semilla\/"},"author":{"name":"Jeanette","@id":"https:\/\/www.eldiario.net\/portal\/#\/schema\/person\/f46445640444750d7d753ccd04ae01b7"},"headline":"Emprendedoras se grad\u00faan de AWE y reciben capital semilla","datePublished":"2022-11-02T10:36:21+00:00","mainEntityOfPage":{"@id":"https:\/\/www.eldiario.net\/portal\/2022\/11\/02\/emprendedoras-se-graduan-de-awe-y-reciben-capital-semilla\/"},"wordCount":471,"publisher":{"@id":"https:\/\/www.eldiario.net\/portal\/#organization"},"image":{"@id":"https:\/\/www.eldiario.net\/portal\/2022\/11\/02\/emprendedoras-se-graduan-de-awe-y-reciben-capital-semilla\/#primaryimage"},"thumbnailUrl":"https:\/\/www.eldiario.net\/portal\/wp-content\/uploads\/2022\/11\/NOTA-4-FOTO-0.jpeg","articleSection":["Femenina"],"inLanguage":"es"},{"@type":"WebPage","@id":"https:\/\/www.eldiario.net\/portal\/2022\/11\/02\/emprendedoras-se-graduan-de-awe-y-reciben-capital-semilla\/","url":"https:\/\/www.eldiario.net\/portal\/2022\/11\/02\/emprendedoras-se-graduan-de-awe-y-reciben-capital-semilla\/","name":"Emprendedoras se grad\u00faan de AWE y reciben capital semilla - El Diario - Bolivia","isPartOf":{"@id":"https:\/\/www.eldiario.net\/portal\/#website"},"primaryImageOfPage":{"@id":"https:\/\/www.eldiario.net\/portal\/2022\/11\/02\/emprendedoras-se-graduan-de-awe-y-reciben-capital-semilla\/#primaryimage"},"image":{"@id":"https:\/\/www.eldiario.net\/portal\/2022\/11\/02\/emprendedoras-se-graduan-de-awe-y-reciben-capital-semilla\/#primaryimage"},"thumbnailUrl":"https:\/\/www.eldiario.net\/portal\/wp-content\/uploads\/2022\/11\/NOTA-4-FOTO-0.jpeg","datePublished":"2022-11-02T10:36:21+00:00","breadcrumb":{"@id":"https:\/\/www.eldiario.net\/portal\/2022\/11\/02\/emprendedoras-se-graduan-de-awe-y-reciben-capital-semilla\/#breadcrumb"},"inLanguage":"es","potentialAction":[{"@type":"ReadAction","target":["https:\/\/www.eldiario.net\/portal\/2022\/11\/02\/emprendedoras-se-graduan-de-awe-y-reciben-capital-semilla\/"]}]},{"@type":"ImageObject","inLanguage":"es","@id":"https:\/\/www.eldiario.net\/portal\/2022\/11\/02\/emprendedoras-se-graduan-de-awe-y-reciben-capital-semilla\/#primaryimage","url":"https:\/\/www.eldiario.net\/portal\/wp-content\/uploads\/2022\/11\/NOTA-4-FOTO-0.jpeg","contentUrl":"https:\/\/www.eldiario.net\/portal\/wp-content\/uploads\/2022\/11\/NOTA-4-FOTO-0.jpeg","width":710,"height":410},{"@type":"BreadcrumbList","@id":"https:\/\/www.eldiario.net\/portal\/2022\/11\/02\/emprendedoras-se-graduan-de-awe-y-reciben-capital-semilla\/#breadcrumb","itemListElement":[{"@type":"ListItem","position":1,"name":"Portada","item":"https:\/\/www.eldiario.net\/portal\/"},{"@type":"ListItem","position":2,"name":"Emprendedoras se grad\u00faan de AWE y reciben capital semilla"}]},{"@type":"WebSite","@id":"https:\/\/www.eldiario.net\/portal\/#website","url":"https:\/\/www.eldiario.net\/portal\/","name":"El Diario - Decano de la prensa nacional","description":"El Diario - Decano de la prensa nacional","publisher":{"@id":"https:\/\/www.eldiario.net\/portal\/#organization"},"potentialAction":[{"@type":"SearchAction","target":{"@type":"EntryPoint","urlTemplate":"https:\/\/www.eldiario.net\/portal\/?s={search_term_string}"},"query-input":{"@type":"PropertyValueSpecification","valueRequired":true,"valueName":"search_term_string"}}],"inLanguage":"es"},{"@type":"Organization","@id":"https:\/\/www.eldiario.net\/portal\/#organization","name":"El Diario - Decano de la prensa nacional","url":"https:\/\/www.eldiario.net\/portal\/","logo":{"@type":"ImageObject","inLanguage":"es","@id":"https:\/\/www.eldiario.net\/portal\/#\/schema\/logo\/image\/","url":"https:\/\/www.eldiario.net\/portal\/wp-content\/uploads\/2023\/07\/logo_ED.jpg","contentUrl":"https:\/\/www.eldiario.net\/portal\/wp-content\/uploads\/2023\/07\/logo_ED.jpg","width":272,"height":52,"caption":"El Diario - Decano de la prensa nacional"},"image":{"@id":"https:\/\/www.eldiario.net\/portal\/#\/schema\/logo\/image\/"},"sameAs":["https:\/\/www.facebook.com\/eldiario.bolivia\/","https:\/\/x.com\/eldiario_net"]},{"@type":"Person","@id":"https:\/\/www.eldiario.net\/portal\/#\/schema\/person\/f46445640444750d7d753ccd04ae01b7","name":"Jeanette","image":{"@type":"ImageObject","inLanguage":"es","@id":"https:\/\/secure.gravatar.com\/avatar\/3ea2118a5f7dad2b7138b1187a6b7ee55f160b9968b66013c3a3ef39dd7e5798?s=96&d=mm&r=g","url":"https:\/\/secure.gravatar.com\/avatar\/3ea2118a5f7dad2b7138b1187a6b7ee55f160b9968b66013c3a3ef39dd7e5798?s=96&d=mm&r=g","contentUrl":"https:\/\/secure.gravatar.com\/avatar\/3ea2118a5f7dad2b7138b1187a6b7ee55f160b9968b66013c3a3ef39dd7e5798?s=96&d=mm&r=g","caption":"Jeanette"},"sameAs":["https:\/\/www.eldiario.net\/portal"],"url":"https:\/\/www.eldiario.net\/portal\/author\/jeanette\/"}]}},"_links":{"self":[{"href":"https:\/\/www.eldiario.net\/portal\/wp-json\/wp\/v2\/posts\/119894","targetHints":{"allow":["GET"]}}],"collection":[{"href":"https:\/\/www.eldiario.net\/portal\/wp-json\/wp\/v2\/posts"}],"about":[{"href":"https:\/\/www.eldiario.net\/portal\/wp-json\/wp\/v2\/types\/post"}],"author":[{"embeddable":true,"href":"https:\/\/www.eldiario.net\/portal\/wp-json\/wp\/v2\/users\/1"}],"replies":[{"embeddable":true,"href":"https:\/\/www.eldiario.net\/portal\/wp-json\/wp\/v2\/comments?post=119894"}],"version-history":[{"count":0,"href":"https:\/\/www.eldiario.net\/portal\/wp-json\/wp\/v2\/posts\/119894\/revisions"}],"wp:featuredmedia":[{"embeddable":true,"href":"https:\/\/www.eldiario.net\/portal\/wp-json\/wp\/v2\/media\/119895"}],"wp:attachment":[{"href":"https:\/\/www.eldiario.net\/portal\/wp-json\/wp\/v2\/media?parent=119894"}],"wp:term":[{"taxonomy":"category","embeddable":true,"href":"https:\/\/www.eldiario.net\/portal\/wp-json\/wp\/v2\/categories?post=119894"},{"taxonomy":"post_tag","embeddable":true,"href":"https:\/\/www.eldiario.net\/portal\/wp-json\/wp\/v2\/tags?post=119894"}],"curies":[{"name":"wp","href":"https:\/\/api.w.org\/{rel}","templated":true}]}}