{"id":119889,"date":"2022-11-02T06:34:41","date_gmt":"2022-11-02T10:34:41","guid":{"rendered":"https:\/\/www.eldiario.net\/portal\/?p=119889"},"modified":"2022-11-02T06:34:41","modified_gmt":"2022-11-02T10:34:41","slug":"wef-bolivia-inicia-ciclo-de-misiones-empresariales-a-diferentes-paises","status":"publish","type":"post","link":"https:\/\/www.eldiario.net\/portal\/2022\/11\/02\/wef-bolivia-inicia-ciclo-de-misiones-empresariales-a-diferentes-paises\/","title":{"rendered":"Wef Bolivia inicia ciclo de misiones empresariales a diferentes pa\u00edses"},"content":{"rendered":"<p>El Women Economic Forum &#8211; WEF BOLIVIA particip\u00f3 del Women Economic Forum &#8211; WEF Argentina, a trav\u00e9s de una delegaci\u00f3n de 15 mujeres empresarias, altas ejecutivas, representantes de diferentes sectores de la econom\u00eda boliviana. El viaje de la comitiva fue el inicio de un Ciclo de Misiones Empresariales de Mujeres, que fue organizada por primera vez en Bolivia por el Women Economic Forum Bolivia &#8211; WEF Bolivia, que a la cabeza de su presidenta Claribel Aparicio Ferreira, fueron participes de una agenda muy enriquecedora para las empresarias bolivianas, en la que se logr\u00f3 generar un networking internacional al m\u00e1s alto nivel, alianzas estrat\u00e9gicas, representaciones, convenios y, lo m\u00e1s importante, ampliar la red de contactos con representantes de varios pa\u00edses que trabajan por la equidad, la reducci\u00f3n de la brecha de g\u00e9nero y la creaci\u00f3n de oportunidades para las mujeres, en el entorno empresarial de la mujer y en las mesas de decisiones.<\/p>\n<p>Los pa\u00edses participantes de este encuentro, realizado del 15 al 21 de octubre, fueron: Bolivia, Argentina, Chile, Colombia, Per\u00fa, Venezuela, Suiza, Ecuador, Chipre, Estados Unidos, Suiza, Canad\u00e1, Francia, Brasil, Uruguay, Paraguay, Costa Rica, Turqu\u00eda, India, entre otros pa\u00edses.<\/p>\n<p>Algo que destacar es la interconexi\u00f3n de prop\u00f3sitos y definici\u00f3n de acciones a futuro, gracias a reuniones y alianzas generadas con la Red de Mujeres de la Industria Argentina (Red MIA), que es parte de la Uni\u00f3n Industrial Argentina (UIA), OMEPA la organizaci\u00f3n de Mujeres Empresarias de la Argentina, CAME la C\u00e1mara de la Mediana Empresa de Argentina y su comisi\u00f3n de g\u00e9nero, entre otros espacios enriquecedores para seguir construyendo espacios de crecimiento para las mujeres bolivianas.<\/p>\n<p>Uno de los logros de este encuentro internacional fue la creaci\u00f3n e inmediata ejecuci\u00f3n del programa WEF Bolivia, denominado \u201cBolivianas al Mundo\u201d, un espacio para promover las visitas y conexiones de mujeres bolivianas con diferentes pa\u00edses, su integraci\u00f3n, promover el comercio exterior (import &#8211; export), atracci\u00f3n de inversiones, estudios econ\u00f3micos y de mercados, conocer temas de coyuntura nacional e internacional, generaci\u00f3n de negocios y creaci\u00f3n de oportunidades, todo relacionado con el empoderamiento y crecimiento de las Mujeres con visi\u00f3n internacional, siendo parte de la m\u00e1s grande RED INTERNACIONAL DE MUJERES destacadas EN 120 pa\u00edses en Latinoam\u00e9rica y el mundo.<\/p>\n<p>De manera global, el principal objetivo del Women Economic Forum \u2013 WEF, es permitir conexiones con mujeres inspiradoras, emprendedoras y l\u00edderes en negocios y otros \u00e1mbitos en m\u00e1s de 120 pa\u00edses, ofreciendo el mayor y m\u00e1s amplio alcance, permitiendo la creaci\u00f3n de redes y conexiones con mujeres en todos los \u00e1mbitos de desarrollo.<\/p>\n<p>\u201cEl WEF Bolivia va a su tercer a\u00f1o de gesti\u00f3n, con una comunidad de cientos de Mujeres WEF Bol\u00edva alrededor del pa\u00eds, generando oportunidades y crecimiento\u201d, coment\u00f3 Claribel Aparicio.<\/p>\n<p>Las empresarias bolivianas que formaron parte de la delegaci\u00f3n fueron: Claribel Aparicio Ferreira, presidenta WEF BOLIVIA; Isabel Carvajal, socia BOLIVIAN BUSINESS; Cecilia Zelaya, Gerente General YANBAL BOLIVIA; Magaly Castro, presidenta\u00a0 CAMEBOL COCHABAMBA; Mar\u00eda Virginia Ruiz, rectora\u00a0 UNIVERSIDAD DOMINGO SAVIO; Carmen S\u00e1nchez, gerente Nacional de Marketing LA BOLIVIANA CIA CRUZ; Camila Terrazas, directora INTEDYA; Elena Hurtado, gerente Propietaria DIRCOM; Marcela P\u00e9rez, socia FILE SERVER; Moira Rueda, CEO DIMOYER; Alejandra Iriarte, Gerente General\u00a0 A&amp;i arquitectura e interiorismo; Lourdes Espinosa, gerente Propietaria AMARE; Daniela Iriarte, cirujana pl\u00e1stica AESTHETIQUE; Jer\u00f3nimo Cabrera, Director CONEXO.<\/p>\n<p>\u00abGrandes representantes de Bolivia en los diferentes paneles y encuentros, que se realizaron en el WEF Argentina, dejaron en alto el nombre de nuestro pa\u00eds, un orgullo para todos los bolivianos\u00bb, expres\u00f3 la presidenta de Women Economic Forum &#8211; WEF BOLIVIA.<\/p>\n<p>Aparicio resalt\u00f3 que los resultados obtenidos del evento fueron alianzas, negocios, transferencia de know how, capacitaci\u00f3n y formaci\u00f3n de l\u00edderes empresariales, proyectos y programas futuros, conexiones internacionales, unidad internacional, prop\u00f3sitos comunes hacia adelante.<\/p>\n<div id='gallery-1' class='gallery galleryid-119889 gallery-columns-3 gallery-size-medium'><figure class='gallery-item'>\n\t\t\t<div class='gallery-icon landscape'>\n\t\t\t\t<a href='https:\/\/www.eldiario.net\/portal\/2022\/11\/02\/wef-bolivia-inicia-ciclo-de-misiones-empresariales-a-diferentes-paises\/nota-5-foto-2-15\/'><img loading=\"lazy\" decoding=\"async\" width=\"300\" height=\"225\" src=\"https:\/\/www.eldiario.net\/portal\/wp-content\/uploads\/2022\/11\/NOTA-5-FOTO-2-300x225.jpg\" class=\"attachment-medium size-medium\" alt=\"\" aria-describedby=\"gallery-1-119891\" srcset=\"https:\/\/www.eldiario.net\/portal\/wp-content\/uploads\/2022\/11\/NOTA-5-FOTO-2-300x225.jpg 300w, https:\/\/www.eldiario.net\/portal\/wp-content\/uploads\/2022\/11\/NOTA-5-FOTO-2-1024x768.jpg 1024w, https:\/\/www.eldiario.net\/portal\/wp-content\/uploads\/2022\/11\/NOTA-5-FOTO-2-768x576.jpg 768w, https:\/\/www.eldiario.net\/portal\/wp-content\/uploads\/2022\/11\/NOTA-5-FOTO-2-1536x1152.jpg 1536w, https:\/\/www.eldiario.net\/portal\/wp-content\/uploads\/2022\/11\/NOTA-5-FOTO-2-696x522.jpg 696w, https:\/\/www.eldiario.net\/portal\/wp-content\/uploads\/2022\/11\/NOTA-5-FOTO-2-1068x801.jpg 1068w, https:\/\/www.eldiario.net\/portal\/wp-content\/uploads\/2022\/11\/NOTA-5-FOTO-2.jpg 1600w\" sizes=\"auto, (max-width: 300px) 100vw, 300px\" \/><\/a>\n\t\t\t<\/div>\n\t\t\t\t<figcaption class='wp-caption-text gallery-caption' id='gallery-1-119891'>\n\t\t\t\tLA DELEGACI\u00d3N BOLIVIANA.\n\t\t\t\t<\/figcaption><\/figure>\n\t\t<\/div>\n\n","protected":false},"excerpt":{"rendered":"<p>El Women Economic Forum &#8211; WEF BOLIVIA particip\u00f3 del Women Economic Forum &#8211; WEF Argentina, a trav\u00e9s de una delegaci\u00f3n de 15 mujeres empresarias, altas ejecutivas, representantes de diferentes sectores de la econom\u00eda boliviana. El viaje de la comitiva fue el inicio de un Ciclo de Misiones Empresariales de Mujeres, que fue organizada por primera [&hellip;]<\/p>\n","protected":false},"author":1,"featured_media":119890,"comment_status":"closed","ping_status":"closed","sticky":false,"template":"","format":"standard","meta":{"_acf_changed":false,"footnotes":""},"categories":[42],"tags":[],"class_list":["post-119889","post","type-post","status-publish","format-standard","has-post-thumbnail","category-femenina"],"acf":{"antetitulo":""},"yoast_head":"<!-- This site is optimized with the Yoast SEO plugin v28.4 - https:\/\/yoast.com\/product\/yoast-seo-wordpress\/ -->\n<title>Wef Bolivia inicia ciclo de misiones empresariales a diferentes pa\u00edses - El Diario - Bolivia<\/title>\n<meta name=\"robots\" content=\"index, follow, max-snippet:-1, max-image-preview:large, max-video-preview:-1\" \/>\n<link rel=\"canonical\" href=\"https:\/\/www.eldiario.net\/portal\/2022\/11\/02\/wef-bolivia-inicia-ciclo-de-misiones-empresariales-a-diferentes-paises\/\" \/>\n<meta property=\"og:locale\" content=\"es_ES\" \/>\n<meta property=\"og:type\" content=\"article\" \/>\n<meta property=\"og:title\" content=\"Wef Bolivia inicia ciclo de misiones empresariales a diferentes pa\u00edses - El Diario - Bolivia\" \/>\n<meta property=\"og:description\" content=\"El Women Economic Forum &#8211; WEF BOLIVIA particip\u00f3 del Women Economic Forum &#8211; WEF Argentina, a trav\u00e9s de una delegaci\u00f3n de 15 mujeres empresarias, altas ejecutivas, representantes de diferentes sectores de la econom\u00eda boliviana. El viaje de la comitiva fue el inicio de un Ciclo de Misiones Empresariales de Mujeres, que fue organizada por primera [&hellip;]\" \/>\n<meta property=\"og:url\" content=\"https:\/\/www.eldiario.net\/portal\/2022\/11\/02\/wef-bolivia-inicia-ciclo-de-misiones-empresariales-a-diferentes-paises\/\" \/>\n<meta property=\"og:site_name\" content=\"El Diario - Bolivia\" \/>\n<meta property=\"article:publisher\" content=\"https:\/\/www.facebook.com\/eldiario.bolivia\/\" \/>\n<meta property=\"article:published_time\" content=\"2022-11-02T10:34:41+00:00\" \/>\n<meta name=\"author\" content=\"Jeanette\" \/>\n<meta name=\"twitter:card\" content=\"summary_large_image\" \/>\n<meta name=\"twitter:creator\" content=\"@eldiario_net\" \/>\n<meta name=\"twitter:site\" content=\"@eldiario_net\" \/>\n<meta name=\"twitter:label1\" content=\"Escrito por\" \/>\n\t<meta name=\"twitter:data1\" content=\"Jeanette\" \/>\n\t<meta name=\"twitter:label2\" content=\"Tiempo de lectura\" \/>\n\t<meta name=\"twitter:data2\" content=\"3 minutos\" \/>\n<script type=\"application\/ld+json\" class=\"yoast-schema-graph\">{\"@context\":\"https:\\\/\\\/schema.org\",\"@graph\":[{\"@type\":\"Article\",\"@id\":\"https:\\\/\\\/www.eldiario.net\\\/portal\\\/2022\\\/11\\\/02\\\/wef-bolivia-inicia-ciclo-de-misiones-empresariales-a-diferentes-paises\\\/#article\",\"isPartOf\":{\"@id\":\"https:\\\/\\\/www.eldiario.net\\\/portal\\\/2022\\\/11\\\/02\\\/wef-bolivia-inicia-ciclo-de-misiones-empresariales-a-diferentes-paises\\\/\"},\"author\":{\"name\":\"Jeanette\",\"@id\":\"https:\\\/\\\/www.eldiario.net\\\/portal\\\/#\\\/schema\\\/person\\\/f46445640444750d7d753ccd04ae01b7\"},\"headline\":\"Wef Bolivia inicia ciclo de misiones empresariales a diferentes pa\u00edses\",\"datePublished\":\"2022-11-02T10:34:41+00:00\",\"mainEntityOfPage\":{\"@id\":\"https:\\\/\\\/www.eldiario.net\\\/portal\\\/2022\\\/11\\\/02\\\/wef-bolivia-inicia-ciclo-de-misiones-empresariales-a-diferentes-paises\\\/\"},\"wordCount\":675,\"publisher\":{\"@id\":\"https:\\\/\\\/www.eldiario.net\\\/portal\\\/#organization\"},\"image\":{\"@id\":\"https:\\\/\\\/www.eldiario.net\\\/portal\\\/2022\\\/11\\\/02\\\/wef-bolivia-inicia-ciclo-de-misiones-empresariales-a-diferentes-paises\\\/#primaryimage\"},\"thumbnailUrl\":\"\",\"articleSection\":[\"Femenina\"],\"inLanguage\":\"es\"},{\"@type\":\"WebPage\",\"@id\":\"https:\\\/\\\/www.eldiario.net\\\/portal\\\/2022\\\/11\\\/02\\\/wef-bolivia-inicia-ciclo-de-misiones-empresariales-a-diferentes-paises\\\/\",\"url\":\"https:\\\/\\\/www.eldiario.net\\\/portal\\\/2022\\\/11\\\/02\\\/wef-bolivia-inicia-ciclo-de-misiones-empresariales-a-diferentes-paises\\\/\",\"name\":\"Wef Bolivia inicia ciclo de misiones empresariales a diferentes pa\u00edses - El Diario - Bolivia\",\"isPartOf\":{\"@id\":\"https:\\\/\\\/www.eldiario.net\\\/portal\\\/#website\"},\"primaryImageOfPage\":{\"@id\":\"https:\\\/\\\/www.eldiario.net\\\/portal\\\/2022\\\/11\\\/02\\\/wef-bolivia-inicia-ciclo-de-misiones-empresariales-a-diferentes-paises\\\/#primaryimage\"},\"image\":{\"@id\":\"https:\\\/\\\/www.eldiario.net\\\/portal\\\/2022\\\/11\\\/02\\\/wef-bolivia-inicia-ciclo-de-misiones-empresariales-a-diferentes-paises\\\/#primaryimage\"},\"thumbnailUrl\":\"\",\"datePublished\":\"2022-11-02T10:34:41+00:00\",\"breadcrumb\":{\"@id\":\"https:\\\/\\\/www.eldiario.net\\\/portal\\\/2022\\\/11\\\/02\\\/wef-bolivia-inicia-ciclo-de-misiones-empresariales-a-diferentes-paises\\\/#breadcrumb\"},\"inLanguage\":\"es\",\"potentialAction\":[{\"@type\":\"ReadAction\",\"target\":[\"https:\\\/\\\/www.eldiario.net\\\/portal\\\/2022\\\/11\\\/02\\\/wef-bolivia-inicia-ciclo-de-misiones-empresariales-a-diferentes-paises\\\/\"]}]},{\"@type\":\"ImageObject\",\"inLanguage\":\"es\",\"@id\":\"https:\\\/\\\/www.eldiario.net\\\/portal\\\/2022\\\/11\\\/02\\\/wef-bolivia-inicia-ciclo-de-misiones-empresariales-a-diferentes-paises\\\/#primaryimage\",\"url\":\"\",\"contentUrl\":\"\"},{\"@type\":\"BreadcrumbList\",\"@id\":\"https:\\\/\\\/www.eldiario.net\\\/portal\\\/2022\\\/11\\\/02\\\/wef-bolivia-inicia-ciclo-de-misiones-empresariales-a-diferentes-paises\\\/#breadcrumb\",\"itemListElement\":[{\"@type\":\"ListItem\",\"position\":1,\"name\":\"Portada\",\"item\":\"https:\\\/\\\/www.eldiario.net\\\/portal\\\/\"},{\"@type\":\"ListItem\",\"position\":2,\"name\":\"Wef Bolivia inicia ciclo de misiones empresariales a diferentes pa\u00edses\"}]},{\"@type\":\"WebSite\",\"@id\":\"https:\\\/\\\/www.eldiario.net\\\/portal\\\/#website\",\"url\":\"https:\\\/\\\/www.eldiario.net\\\/portal\\\/\",\"name\":\"El Diario - Decano de la prensa nacional\",\"description\":\"El Diario - Decano de la prensa nacional\",\"publisher\":{\"@id\":\"https:\\\/\\\/www.eldiario.net\\\/portal\\\/#organization\"},\"potentialAction\":[{\"@type\":\"SearchAction\",\"target\":{\"@type\":\"EntryPoint\",\"urlTemplate\":\"https:\\\/\\\/www.eldiario.net\\\/portal\\\/?s={search_term_string}\"},\"query-input\":{\"@type\":\"PropertyValueSpecification\",\"valueRequired\":true,\"valueName\":\"search_term_string\"}}],\"inLanguage\":\"es\"},{\"@type\":\"Organization\",\"@id\":\"https:\\\/\\\/www.eldiario.net\\\/portal\\\/#organization\",\"name\":\"El Diario - Decano de la prensa nacional\",\"url\":\"https:\\\/\\\/www.eldiario.net\\\/portal\\\/\",\"logo\":{\"@type\":\"ImageObject\",\"inLanguage\":\"es\",\"@id\":\"https:\\\/\\\/www.eldiario.net\\\/portal\\\/#\\\/schema\\\/logo\\\/image\\\/\",\"url\":\"https:\\\/\\\/www.eldiario.net\\\/portal\\\/wp-content\\\/uploads\\\/2023\\\/07\\\/logo_ED.jpg\",\"contentUrl\":\"https:\\\/\\\/www.eldiario.net\\\/portal\\\/wp-content\\\/uploads\\\/2023\\\/07\\\/logo_ED.jpg\",\"width\":272,\"height\":52,\"caption\":\"El Diario - Decano de la prensa nacional\"},\"image\":{\"@id\":\"https:\\\/\\\/www.eldiario.net\\\/portal\\\/#\\\/schema\\\/logo\\\/image\\\/\"},\"sameAs\":[\"https:\\\/\\\/www.facebook.com\\\/eldiario.bolivia\\\/\",\"https:\\\/\\\/x.com\\\/eldiario_net\"]},{\"@type\":\"Person\",\"@id\":\"https:\\\/\\\/www.eldiario.net\\\/portal\\\/#\\\/schema\\\/person\\\/f46445640444750d7d753ccd04ae01b7\",\"name\":\"Jeanette\",\"image\":{\"@type\":\"ImageObject\",\"inLanguage\":\"es\",\"@id\":\"https:\\\/\\\/secure.gravatar.com\\\/avatar\\\/3ea2118a5f7dad2b7138b1187a6b7ee55f160b9968b66013c3a3ef39dd7e5798?s=96&d=mm&r=g\",\"url\":\"https:\\\/\\\/secure.gravatar.com\\\/avatar\\\/3ea2118a5f7dad2b7138b1187a6b7ee55f160b9968b66013c3a3ef39dd7e5798?s=96&d=mm&r=g\",\"contentUrl\":\"https:\\\/\\\/secure.gravatar.com\\\/avatar\\\/3ea2118a5f7dad2b7138b1187a6b7ee55f160b9968b66013c3a3ef39dd7e5798?s=96&d=mm&r=g\",\"caption\":\"Jeanette\"},\"sameAs\":[\"https:\\\/\\\/www.eldiario.net\\\/portal\"],\"url\":\"https:\\\/\\\/www.eldiario.net\\\/portal\\\/author\\\/jeanette\\\/\"}]}<\/script>\n<!-- \/ Yoast SEO plugin. -->","yoast_head_json":{"title":"Wef Bolivia inicia ciclo de misiones empresariales a diferentes pa\u00edses - El Diario - Bolivia","robots":{"index":"index","follow":"follow","max-snippet":"max-snippet:-1","max-image-preview":"max-image-preview:large","max-video-preview":"max-video-preview:-1"},"canonical":"https:\/\/www.eldiario.net\/portal\/2022\/11\/02\/wef-bolivia-inicia-ciclo-de-misiones-empresariales-a-diferentes-paises\/","og_locale":"es_ES","og_type":"article","og_title":"Wef Bolivia inicia ciclo de misiones empresariales a diferentes pa\u00edses - El Diario - Bolivia","og_description":"El Women Economic Forum &#8211; WEF BOLIVIA particip\u00f3 del Women Economic Forum &#8211; WEF Argentina, a trav\u00e9s de una delegaci\u00f3n de 15 mujeres empresarias, altas ejecutivas, representantes de diferentes sectores de la econom\u00eda boliviana. El viaje de la comitiva fue el inicio de un Ciclo de Misiones Empresariales de Mujeres, que fue organizada por primera [&hellip;]","og_url":"https:\/\/www.eldiario.net\/portal\/2022\/11\/02\/wef-bolivia-inicia-ciclo-de-misiones-empresariales-a-diferentes-paises\/","og_site_name":"El Diario - Bolivia","article_publisher":"https:\/\/www.facebook.com\/eldiario.bolivia\/","article_published_time":"2022-11-02T10:34:41+00:00","author":"Jeanette","twitter_card":"summary_large_image","twitter_creator":"@eldiario_net","twitter_site":"@eldiario_net","twitter_misc":{"Escrito por":"Jeanette","Tiempo de lectura":"3 minutos"},"schema":{"@context":"https:\/\/schema.org","@graph":[{"@type":"Article","@id":"https:\/\/www.eldiario.net\/portal\/2022\/11\/02\/wef-bolivia-inicia-ciclo-de-misiones-empresariales-a-diferentes-paises\/#article","isPartOf":{"@id":"https:\/\/www.eldiario.net\/portal\/2022\/11\/02\/wef-bolivia-inicia-ciclo-de-misiones-empresariales-a-diferentes-paises\/"},"author":{"name":"Jeanette","@id":"https:\/\/www.eldiario.net\/portal\/#\/schema\/person\/f46445640444750d7d753ccd04ae01b7"},"headline":"Wef Bolivia inicia ciclo de misiones empresariales a diferentes pa\u00edses","datePublished":"2022-11-02T10:34:41+00:00","mainEntityOfPage":{"@id":"https:\/\/www.eldiario.net\/portal\/2022\/11\/02\/wef-bolivia-inicia-ciclo-de-misiones-empresariales-a-diferentes-paises\/"},"wordCount":675,"publisher":{"@id":"https:\/\/www.eldiario.net\/portal\/#organization"},"image":{"@id":"https:\/\/www.eldiario.net\/portal\/2022\/11\/02\/wef-bolivia-inicia-ciclo-de-misiones-empresariales-a-diferentes-paises\/#primaryimage"},"thumbnailUrl":"","articleSection":["Femenina"],"inLanguage":"es"},{"@type":"WebPage","@id":"https:\/\/www.eldiario.net\/portal\/2022\/11\/02\/wef-bolivia-inicia-ciclo-de-misiones-empresariales-a-diferentes-paises\/","url":"https:\/\/www.eldiario.net\/portal\/2022\/11\/02\/wef-bolivia-inicia-ciclo-de-misiones-empresariales-a-diferentes-paises\/","name":"Wef Bolivia inicia ciclo de misiones empresariales a diferentes pa\u00edses - El Diario - Bolivia","isPartOf":{"@id":"https:\/\/www.eldiario.net\/portal\/#website"},"primaryImageOfPage":{"@id":"https:\/\/www.eldiario.net\/portal\/2022\/11\/02\/wef-bolivia-inicia-ciclo-de-misiones-empresariales-a-diferentes-paises\/#primaryimage"},"image":{"@id":"https:\/\/www.eldiario.net\/portal\/2022\/11\/02\/wef-bolivia-inicia-ciclo-de-misiones-empresariales-a-diferentes-paises\/#primaryimage"},"thumbnailUrl":"","datePublished":"2022-11-02T10:34:41+00:00","breadcrumb":{"@id":"https:\/\/www.eldiario.net\/portal\/2022\/11\/02\/wef-bolivia-inicia-ciclo-de-misiones-empresariales-a-diferentes-paises\/#breadcrumb"},"inLanguage":"es","potentialAction":[{"@type":"ReadAction","target":["https:\/\/www.eldiario.net\/portal\/2022\/11\/02\/wef-bolivia-inicia-ciclo-de-misiones-empresariales-a-diferentes-paises\/"]}]},{"@type":"ImageObject","inLanguage":"es","@id":"https:\/\/www.eldiario.net\/portal\/2022\/11\/02\/wef-bolivia-inicia-ciclo-de-misiones-empresariales-a-diferentes-paises\/#primaryimage","url":"","contentUrl":""},{"@type":"BreadcrumbList","@id":"https:\/\/www.eldiario.net\/portal\/2022\/11\/02\/wef-bolivia-inicia-ciclo-de-misiones-empresariales-a-diferentes-paises\/#breadcrumb","itemListElement":[{"@type":"ListItem","position":1,"name":"Portada","item":"https:\/\/www.eldiario.net\/portal\/"},{"@type":"ListItem","position":2,"name":"Wef Bolivia inicia ciclo de misiones empresariales a diferentes pa\u00edses"}]},{"@type":"WebSite","@id":"https:\/\/www.eldiario.net\/portal\/#website","url":"https:\/\/www.eldiario.net\/portal\/","name":"El Diario - Decano de la prensa nacional","description":"El Diario - Decano de la prensa nacional","publisher":{"@id":"https:\/\/www.eldiario.net\/portal\/#organization"},"potentialAction":[{"@type":"SearchAction","target":{"@type":"EntryPoint","urlTemplate":"https:\/\/www.eldiario.net\/portal\/?s={search_term_string}"},"query-input":{"@type":"PropertyValueSpecification","valueRequired":true,"valueName":"search_term_string"}}],"inLanguage":"es"},{"@type":"Organization","@id":"https:\/\/www.eldiario.net\/portal\/#organization","name":"El Diario - Decano de la prensa nacional","url":"https:\/\/www.eldiario.net\/portal\/","logo":{"@type":"ImageObject","inLanguage":"es","@id":"https:\/\/www.eldiario.net\/portal\/#\/schema\/logo\/image\/","url":"https:\/\/www.eldiario.net\/portal\/wp-content\/uploads\/2023\/07\/logo_ED.jpg","contentUrl":"https:\/\/www.eldiario.net\/portal\/wp-content\/uploads\/2023\/07\/logo_ED.jpg","width":272,"height":52,"caption":"El Diario - Decano de la prensa nacional"},"image":{"@id":"https:\/\/www.eldiario.net\/portal\/#\/schema\/logo\/image\/"},"sameAs":["https:\/\/www.facebook.com\/eldiario.bolivia\/","https:\/\/x.com\/eldiario_net"]},{"@type":"Person","@id":"https:\/\/www.eldiario.net\/portal\/#\/schema\/person\/f46445640444750d7d753ccd04ae01b7","name":"Jeanette","image":{"@type":"ImageObject","inLanguage":"es","@id":"https:\/\/secure.gravatar.com\/avatar\/3ea2118a5f7dad2b7138b1187a6b7ee55f160b9968b66013c3a3ef39dd7e5798?s=96&d=mm&r=g","url":"https:\/\/secure.gravatar.com\/avatar\/3ea2118a5f7dad2b7138b1187a6b7ee55f160b9968b66013c3a3ef39dd7e5798?s=96&d=mm&r=g","contentUrl":"https:\/\/secure.gravatar.com\/avatar\/3ea2118a5f7dad2b7138b1187a6b7ee55f160b9968b66013c3a3ef39dd7e5798?s=96&d=mm&r=g","caption":"Jeanette"},"sameAs":["https:\/\/www.eldiario.net\/portal"],"url":"https:\/\/www.eldiario.net\/portal\/author\/jeanette\/"}]}},"_links":{"self":[{"href":"https:\/\/www.eldiario.net\/portal\/wp-json\/wp\/v2\/posts\/119889","targetHints":{"allow":["GET"]}}],"collection":[{"href":"https:\/\/www.eldiario.net\/portal\/wp-json\/wp\/v2\/posts"}],"about":[{"href":"https:\/\/www.eldiario.net\/portal\/wp-json\/wp\/v2\/types\/post"}],"author":[{"embeddable":true,"href":"https:\/\/www.eldiario.net\/portal\/wp-json\/wp\/v2\/users\/1"}],"replies":[{"embeddable":true,"href":"https:\/\/www.eldiario.net\/portal\/wp-json\/wp\/v2\/comments?post=119889"}],"version-history":[{"count":0,"href":"https:\/\/www.eldiario.net\/portal\/wp-json\/wp\/v2\/posts\/119889\/revisions"}],"wp:attachment":[{"href":"https:\/\/www.eldiario.net\/portal\/wp-json\/wp\/v2\/media?parent=119889"}],"wp:term":[{"taxonomy":"category","embeddable":true,"href":"https:\/\/www.eldiario.net\/portal\/wp-json\/wp\/v2\/categories?post=119889"},{"taxonomy":"post_tag","embeddable":true,"href":"https:\/\/www.eldiario.net\/portal\/wp-json\/wp\/v2\/tags?post=119889"}],"curies":[{"name":"wp","href":"https:\/\/api.w.org\/{rel}","templated":true}]}}