{"id":119876,"date":"2022-11-02T06:28:04","date_gmt":"2022-11-02T10:28:04","guid":{"rendered":"https:\/\/www.eldiario.net\/portal\/?p=119876"},"modified":"2022-11-02T06:28:04","modified_gmt":"2022-11-02T10:28:04","slug":"tiahuanaco-dio-el-puntapie-inicial-al-torneo-provincial","status":"publish","type":"post","link":"https:\/\/www.eldiario.net\/portal\/2022\/11\/02\/tiahuanaco-dio-el-puntapie-inicial-al-torneo-provincial\/","title":{"rendered":"Tiahuanaco dio el puntapi\u00e9  inicial al torneo Provincial"},"content":{"rendered":"<p>Bajo los auspicios de la Asociaci\u00f3n de F\u00fatbol Provincial de la AFLP, la Alcald\u00eda de Tiahuanuaco y la Asociaci\u00f3n Municipal de F\u00fatbol de Tiahuanaco se inaugur\u00f3 el pasado s\u00e1bado el torneo provincial de f\u00fatbol, el mismo que es clasificatorio a la Copa Sim\u00f3n Bol\u00edvar 2023.<br \/>\nEl estadio Monumental de Tiahuanaco fue el escenario donde se dio al arranque de este torneo que muestra a los talentos del f\u00fatbol provincial, donde a la cabeza del Alcalde de Tiahuanaco, Flavio Merlo, y con la presencia de su par de Desaguadero, adem\u00e1s del presidente de la Asociaci\u00f3n Provincial de la AFLP, Humberto Choque y el Director Ejecutivo de la AFLP, Wilfredo Cortez se dio inicio a este certamen.<br \/>\nEn Tiahunaco, Sica Sica, Huarina, Palcoma, Sapecho, m\u00e1s de 20 representativos de las diferentes provincias pelear\u00e1n por un cupo a la Copa Sim\u00f3n Bol\u00edvar 2023.<br \/>\nFlavio Merlo, Alcalde de Tiahuanaco, en palabras de bienvenida, expres\u00f3 su benepl\u00e1cito por acoger este certamen. \u201cPara nosotros es un honor recibir a los cinco municipios, se ve elementos que a futuro ser\u00e1n grandes jugadores. Vamos a ir apoyando siempre a nuestros deportistas\u201d, indic\u00f3.<br \/>\n\u201cTiahuanaco es un municipio futbolero, aqu\u00ed se tiene un campeonato competitivo. En mi gesti\u00f3n se piensa en tener canchas de b\u00e1squet, voleibol, front\u00f3n, tenis, incluso pensamos en hacer un espacio para el golf, a fin de contar no solo con un centro tur\u00edstico sino deportivo, con la implementaci\u00f3n \u2013adem\u00e1s- de una piscina con la tecnolog\u00eda que dan los paneles solares\u201d, subray\u00f3.<br \/>\nMerlo inform\u00f3 que entre los planes actuales que tienen est\u00e1 el de refaccionar el estadio Monumental de Tiahuanaco y se ha presentado un plan para refaccionarlo, y lo que corresponde es hacer un seguimiento al mismo.<br \/>\nPor su parte, Humberto Choque expres\u00f3 que este certamen no se podr\u00eda llevar adelante sin el apoyo de las autoridades municipales:\u201cEl interprovincial es apoyado por las autoridades, en este caso de Tiahuanaco, y las autoridades originarias, todos de forma unida apoyan al certamen; para este certamen llegaron de todos lados. La gente es afecta al f\u00fatbol en las provincias, esperamos contar pronto con jugadores de provincial en la Divisi\u00f3n Profesional\u201d.<\/p>\n<p><a href=\"https:\/\/www.eldiario.net\/portal\/wp-content\/uploads\/2022\/11\/FOTO-TIHUANACU-2.jpg\"><img loading=\"lazy\" decoding=\"async\" class=\"aligncenter  wp-image-119878\" src=\"https:\/\/www.eldiario.net\/portal\/wp-content\/uploads\/2022\/11\/FOTO-TIHUANACU-2.jpg\" alt=\"\" width=\"723\" height=\"542\" \/><\/a><\/p>\n","protected":false},"excerpt":{"rendered":"<p>Bajo los auspicios de la Asociaci\u00f3n de F\u00fatbol Provincial de la AFLP, la Alcald\u00eda de Tiahuanuaco y la Asociaci\u00f3n Municipal de F\u00fatbol de Tiahuanaco se inaugur\u00f3 el pasado s\u00e1bado el torneo provincial de f\u00fatbol, el mismo que es clasificatorio a la Copa Sim\u00f3n Bol\u00edvar 2023. El estadio Monumental de Tiahuanaco fue el escenario donde se [&hellip;]<\/p>\n","protected":false},"author":1,"featured_media":119877,"comment_status":"closed","ping_status":"closed","sticky":false,"template":"","format":"standard","meta":{"_acf_changed":false,"footnotes":""},"categories":[6],"tags":[],"class_list":["post-119876","post","type-post","status-publish","format-standard","has-post-thumbnail","category-deportes"],"acf":{"antetitulo":""},"yoast_head":"<!-- This site is optimized with the Yoast SEO plugin v28.4 - https:\/\/yoast.com\/product\/yoast-seo-wordpress\/ -->\n<title>Tiahuanaco dio el puntapi\u00e9 inicial al torneo Provincial - El Diario - Bolivia<\/title>\n<meta name=\"robots\" content=\"index, follow, max-snippet:-1, max-image-preview:large, max-video-preview:-1\" \/>\n<link rel=\"canonical\" href=\"https:\/\/www.eldiario.net\/portal\/2022\/11\/02\/tiahuanaco-dio-el-puntapie-inicial-al-torneo-provincial\/\" \/>\n<meta property=\"og:locale\" content=\"es_ES\" \/>\n<meta property=\"og:type\" content=\"article\" \/>\n<meta property=\"og:title\" content=\"Tiahuanaco dio el puntapi\u00e9 inicial al torneo Provincial - El Diario - Bolivia\" \/>\n<meta property=\"og:description\" content=\"Bajo los auspicios de la Asociaci\u00f3n de F\u00fatbol Provincial de la AFLP, la Alcald\u00eda de Tiahuanuaco y la Asociaci\u00f3n Municipal de F\u00fatbol de Tiahuanaco se inaugur\u00f3 el pasado s\u00e1bado el torneo provincial de f\u00fatbol, el mismo que es clasificatorio a la Copa Sim\u00f3n Bol\u00edvar 2023. El estadio Monumental de Tiahuanaco fue el escenario donde se [&hellip;]\" \/>\n<meta property=\"og:url\" content=\"https:\/\/www.eldiario.net\/portal\/2022\/11\/02\/tiahuanaco-dio-el-puntapie-inicial-al-torneo-provincial\/\" \/>\n<meta property=\"og:site_name\" content=\"El Diario - Bolivia\" \/>\n<meta property=\"article:publisher\" content=\"https:\/\/www.facebook.com\/eldiario.bolivia\/\" \/>\n<meta property=\"article:published_time\" content=\"2022-11-02T10:28:04+00:00\" \/>\n<meta name=\"author\" content=\"Jeanette\" \/>\n<meta name=\"twitter:card\" content=\"summary_large_image\" \/>\n<meta name=\"twitter:creator\" content=\"@eldiario_net\" \/>\n<meta name=\"twitter:site\" content=\"@eldiario_net\" \/>\n<meta name=\"twitter:label1\" content=\"Escrito por\" \/>\n\t<meta name=\"twitter:data1\" content=\"Jeanette\" \/>\n\t<meta name=\"twitter:label2\" content=\"Tiempo de lectura\" \/>\n\t<meta name=\"twitter:data2\" content=\"2 minutos\" \/>\n<script type=\"application\/ld+json\" class=\"yoast-schema-graph\">{\"@context\":\"https:\\\/\\\/schema.org\",\"@graph\":[{\"@type\":\"Article\",\"@id\":\"https:\\\/\\\/www.eldiario.net\\\/portal\\\/2022\\\/11\\\/02\\\/tiahuanaco-dio-el-puntapie-inicial-al-torneo-provincial\\\/#article\",\"isPartOf\":{\"@id\":\"https:\\\/\\\/www.eldiario.net\\\/portal\\\/2022\\\/11\\\/02\\\/tiahuanaco-dio-el-puntapie-inicial-al-torneo-provincial\\\/\"},\"author\":{\"name\":\"Jeanette\",\"@id\":\"https:\\\/\\\/www.eldiario.net\\\/portal\\\/#\\\/schema\\\/person\\\/f46445640444750d7d753ccd04ae01b7\"},\"headline\":\"Tiahuanaco dio el puntapi\u00e9 inicial al torneo Provincial\",\"datePublished\":\"2022-11-02T10:28:04+00:00\",\"mainEntityOfPage\":{\"@id\":\"https:\\\/\\\/www.eldiario.net\\\/portal\\\/2022\\\/11\\\/02\\\/tiahuanaco-dio-el-puntapie-inicial-al-torneo-provincial\\\/\"},\"wordCount\":385,\"publisher\":{\"@id\":\"https:\\\/\\\/www.eldiario.net\\\/portal\\\/#organization\"},\"image\":{\"@id\":\"https:\\\/\\\/www.eldiario.net\\\/portal\\\/2022\\\/11\\\/02\\\/tiahuanaco-dio-el-puntapie-inicial-al-torneo-provincial\\\/#primaryimage\"},\"thumbnailUrl\":\"\",\"articleSection\":[\"Deportes\"],\"inLanguage\":\"es\"},{\"@type\":\"WebPage\",\"@id\":\"https:\\\/\\\/www.eldiario.net\\\/portal\\\/2022\\\/11\\\/02\\\/tiahuanaco-dio-el-puntapie-inicial-al-torneo-provincial\\\/\",\"url\":\"https:\\\/\\\/www.eldiario.net\\\/portal\\\/2022\\\/11\\\/02\\\/tiahuanaco-dio-el-puntapie-inicial-al-torneo-provincial\\\/\",\"name\":\"Tiahuanaco dio el puntapi\u00e9 inicial al torneo Provincial - El Diario - Bolivia\",\"isPartOf\":{\"@id\":\"https:\\\/\\\/www.eldiario.net\\\/portal\\\/#website\"},\"primaryImageOfPage\":{\"@id\":\"https:\\\/\\\/www.eldiario.net\\\/portal\\\/2022\\\/11\\\/02\\\/tiahuanaco-dio-el-puntapie-inicial-al-torneo-provincial\\\/#primaryimage\"},\"image\":{\"@id\":\"https:\\\/\\\/www.eldiario.net\\\/portal\\\/2022\\\/11\\\/02\\\/tiahuanaco-dio-el-puntapie-inicial-al-torneo-provincial\\\/#primaryimage\"},\"thumbnailUrl\":\"\",\"datePublished\":\"2022-11-02T10:28:04+00:00\",\"breadcrumb\":{\"@id\":\"https:\\\/\\\/www.eldiario.net\\\/portal\\\/2022\\\/11\\\/02\\\/tiahuanaco-dio-el-puntapie-inicial-al-torneo-provincial\\\/#breadcrumb\"},\"inLanguage\":\"es\",\"potentialAction\":[{\"@type\":\"ReadAction\",\"target\":[\"https:\\\/\\\/www.eldiario.net\\\/portal\\\/2022\\\/11\\\/02\\\/tiahuanaco-dio-el-puntapie-inicial-al-torneo-provincial\\\/\"]}]},{\"@type\":\"ImageObject\",\"inLanguage\":\"es\",\"@id\":\"https:\\\/\\\/www.eldiario.net\\\/portal\\\/2022\\\/11\\\/02\\\/tiahuanaco-dio-el-puntapie-inicial-al-torneo-provincial\\\/#primaryimage\",\"url\":\"\",\"contentUrl\":\"\"},{\"@type\":\"BreadcrumbList\",\"@id\":\"https:\\\/\\\/www.eldiario.net\\\/portal\\\/2022\\\/11\\\/02\\\/tiahuanaco-dio-el-puntapie-inicial-al-torneo-provincial\\\/#breadcrumb\",\"itemListElement\":[{\"@type\":\"ListItem\",\"position\":1,\"name\":\"Portada\",\"item\":\"https:\\\/\\\/www.eldiario.net\\\/portal\\\/\"},{\"@type\":\"ListItem\",\"position\":2,\"name\":\"Tiahuanaco dio el puntapi\u00e9 inicial al torneo Provincial\"}]},{\"@type\":\"WebSite\",\"@id\":\"https:\\\/\\\/www.eldiario.net\\\/portal\\\/#website\",\"url\":\"https:\\\/\\\/www.eldiario.net\\\/portal\\\/\",\"name\":\"El Diario - Decano de la prensa nacional\",\"description\":\"El Diario - Decano de la prensa nacional\",\"publisher\":{\"@id\":\"https:\\\/\\\/www.eldiario.net\\\/portal\\\/#organization\"},\"potentialAction\":[{\"@type\":\"SearchAction\",\"target\":{\"@type\":\"EntryPoint\",\"urlTemplate\":\"https:\\\/\\\/www.eldiario.net\\\/portal\\\/?s={search_term_string}\"},\"query-input\":{\"@type\":\"PropertyValueSpecification\",\"valueRequired\":true,\"valueName\":\"search_term_string\"}}],\"inLanguage\":\"es\"},{\"@type\":\"Organization\",\"@id\":\"https:\\\/\\\/www.eldiario.net\\\/portal\\\/#organization\",\"name\":\"El Diario - Decano de la prensa nacional\",\"url\":\"https:\\\/\\\/www.eldiario.net\\\/portal\\\/\",\"logo\":{\"@type\":\"ImageObject\",\"inLanguage\":\"es\",\"@id\":\"https:\\\/\\\/www.eldiario.net\\\/portal\\\/#\\\/schema\\\/logo\\\/image\\\/\",\"url\":\"https:\\\/\\\/www.eldiario.net\\\/portal\\\/wp-content\\\/uploads\\\/2023\\\/07\\\/logo_ED.jpg\",\"contentUrl\":\"https:\\\/\\\/www.eldiario.net\\\/portal\\\/wp-content\\\/uploads\\\/2023\\\/07\\\/logo_ED.jpg\",\"width\":272,\"height\":52,\"caption\":\"El Diario - Decano de la prensa nacional\"},\"image\":{\"@id\":\"https:\\\/\\\/www.eldiario.net\\\/portal\\\/#\\\/schema\\\/logo\\\/image\\\/\"},\"sameAs\":[\"https:\\\/\\\/www.facebook.com\\\/eldiario.bolivia\\\/\",\"https:\\\/\\\/x.com\\\/eldiario_net\"]},{\"@type\":\"Person\",\"@id\":\"https:\\\/\\\/www.eldiario.net\\\/portal\\\/#\\\/schema\\\/person\\\/f46445640444750d7d753ccd04ae01b7\",\"name\":\"Jeanette\",\"image\":{\"@type\":\"ImageObject\",\"inLanguage\":\"es\",\"@id\":\"https:\\\/\\\/secure.gravatar.com\\\/avatar\\\/3ea2118a5f7dad2b7138b1187a6b7ee55f160b9968b66013c3a3ef39dd7e5798?s=96&d=mm&r=g\",\"url\":\"https:\\\/\\\/secure.gravatar.com\\\/avatar\\\/3ea2118a5f7dad2b7138b1187a6b7ee55f160b9968b66013c3a3ef39dd7e5798?s=96&d=mm&r=g\",\"contentUrl\":\"https:\\\/\\\/secure.gravatar.com\\\/avatar\\\/3ea2118a5f7dad2b7138b1187a6b7ee55f160b9968b66013c3a3ef39dd7e5798?s=96&d=mm&r=g\",\"caption\":\"Jeanette\"},\"sameAs\":[\"https:\\\/\\\/www.eldiario.net\\\/portal\"],\"url\":\"https:\\\/\\\/www.eldiario.net\\\/portal\\\/author\\\/jeanette\\\/\"}]}<\/script>\n<!-- \/ Yoast SEO plugin. -->","yoast_head_json":{"title":"Tiahuanaco dio el puntapi\u00e9 inicial al torneo Provincial - El Diario - Bolivia","robots":{"index":"index","follow":"follow","max-snippet":"max-snippet:-1","max-image-preview":"max-image-preview:large","max-video-preview":"max-video-preview:-1"},"canonical":"https:\/\/www.eldiario.net\/portal\/2022\/11\/02\/tiahuanaco-dio-el-puntapie-inicial-al-torneo-provincial\/","og_locale":"es_ES","og_type":"article","og_title":"Tiahuanaco dio el puntapi\u00e9 inicial al torneo Provincial - El Diario - Bolivia","og_description":"Bajo los auspicios de la Asociaci\u00f3n de F\u00fatbol Provincial de la AFLP, la Alcald\u00eda de Tiahuanuaco y la Asociaci\u00f3n Municipal de F\u00fatbol de Tiahuanaco se inaugur\u00f3 el pasado s\u00e1bado el torneo provincial de f\u00fatbol, el mismo que es clasificatorio a la Copa Sim\u00f3n Bol\u00edvar 2023. El estadio Monumental de Tiahuanaco fue el escenario donde se [&hellip;]","og_url":"https:\/\/www.eldiario.net\/portal\/2022\/11\/02\/tiahuanaco-dio-el-puntapie-inicial-al-torneo-provincial\/","og_site_name":"El Diario - Bolivia","article_publisher":"https:\/\/www.facebook.com\/eldiario.bolivia\/","article_published_time":"2022-11-02T10:28:04+00:00","author":"Jeanette","twitter_card":"summary_large_image","twitter_creator":"@eldiario_net","twitter_site":"@eldiario_net","twitter_misc":{"Escrito por":"Jeanette","Tiempo de lectura":"2 minutos"},"schema":{"@context":"https:\/\/schema.org","@graph":[{"@type":"Article","@id":"https:\/\/www.eldiario.net\/portal\/2022\/11\/02\/tiahuanaco-dio-el-puntapie-inicial-al-torneo-provincial\/#article","isPartOf":{"@id":"https:\/\/www.eldiario.net\/portal\/2022\/11\/02\/tiahuanaco-dio-el-puntapie-inicial-al-torneo-provincial\/"},"author":{"name":"Jeanette","@id":"https:\/\/www.eldiario.net\/portal\/#\/schema\/person\/f46445640444750d7d753ccd04ae01b7"},"headline":"Tiahuanaco dio el puntapi\u00e9 inicial al torneo Provincial","datePublished":"2022-11-02T10:28:04+00:00","mainEntityOfPage":{"@id":"https:\/\/www.eldiario.net\/portal\/2022\/11\/02\/tiahuanaco-dio-el-puntapie-inicial-al-torneo-provincial\/"},"wordCount":385,"publisher":{"@id":"https:\/\/www.eldiario.net\/portal\/#organization"},"image":{"@id":"https:\/\/www.eldiario.net\/portal\/2022\/11\/02\/tiahuanaco-dio-el-puntapie-inicial-al-torneo-provincial\/#primaryimage"},"thumbnailUrl":"","articleSection":["Deportes"],"inLanguage":"es"},{"@type":"WebPage","@id":"https:\/\/www.eldiario.net\/portal\/2022\/11\/02\/tiahuanaco-dio-el-puntapie-inicial-al-torneo-provincial\/","url":"https:\/\/www.eldiario.net\/portal\/2022\/11\/02\/tiahuanaco-dio-el-puntapie-inicial-al-torneo-provincial\/","name":"Tiahuanaco dio el puntapi\u00e9 inicial al torneo Provincial - El Diario - Bolivia","isPartOf":{"@id":"https:\/\/www.eldiario.net\/portal\/#website"},"primaryImageOfPage":{"@id":"https:\/\/www.eldiario.net\/portal\/2022\/11\/02\/tiahuanaco-dio-el-puntapie-inicial-al-torneo-provincial\/#primaryimage"},"image":{"@id":"https:\/\/www.eldiario.net\/portal\/2022\/11\/02\/tiahuanaco-dio-el-puntapie-inicial-al-torneo-provincial\/#primaryimage"},"thumbnailUrl":"","datePublished":"2022-11-02T10:28:04+00:00","breadcrumb":{"@id":"https:\/\/www.eldiario.net\/portal\/2022\/11\/02\/tiahuanaco-dio-el-puntapie-inicial-al-torneo-provincial\/#breadcrumb"},"inLanguage":"es","potentialAction":[{"@type":"ReadAction","target":["https:\/\/www.eldiario.net\/portal\/2022\/11\/02\/tiahuanaco-dio-el-puntapie-inicial-al-torneo-provincial\/"]}]},{"@type":"ImageObject","inLanguage":"es","@id":"https:\/\/www.eldiario.net\/portal\/2022\/11\/02\/tiahuanaco-dio-el-puntapie-inicial-al-torneo-provincial\/#primaryimage","url":"","contentUrl":""},{"@type":"BreadcrumbList","@id":"https:\/\/www.eldiario.net\/portal\/2022\/11\/02\/tiahuanaco-dio-el-puntapie-inicial-al-torneo-provincial\/#breadcrumb","itemListElement":[{"@type":"ListItem","position":1,"name":"Portada","item":"https:\/\/www.eldiario.net\/portal\/"},{"@type":"ListItem","position":2,"name":"Tiahuanaco dio el puntapi\u00e9 inicial al torneo Provincial"}]},{"@type":"WebSite","@id":"https:\/\/www.eldiario.net\/portal\/#website","url":"https:\/\/www.eldiario.net\/portal\/","name":"El Diario - Decano de la prensa nacional","description":"El Diario - Decano de la prensa nacional","publisher":{"@id":"https:\/\/www.eldiario.net\/portal\/#organization"},"potentialAction":[{"@type":"SearchAction","target":{"@type":"EntryPoint","urlTemplate":"https:\/\/www.eldiario.net\/portal\/?s={search_term_string}"},"query-input":{"@type":"PropertyValueSpecification","valueRequired":true,"valueName":"search_term_string"}}],"inLanguage":"es"},{"@type":"Organization","@id":"https:\/\/www.eldiario.net\/portal\/#organization","name":"El Diario - Decano de la prensa nacional","url":"https:\/\/www.eldiario.net\/portal\/","logo":{"@type":"ImageObject","inLanguage":"es","@id":"https:\/\/www.eldiario.net\/portal\/#\/schema\/logo\/image\/","url":"https:\/\/www.eldiario.net\/portal\/wp-content\/uploads\/2023\/07\/logo_ED.jpg","contentUrl":"https:\/\/www.eldiario.net\/portal\/wp-content\/uploads\/2023\/07\/logo_ED.jpg","width":272,"height":52,"caption":"El Diario - Decano de la prensa nacional"},"image":{"@id":"https:\/\/www.eldiario.net\/portal\/#\/schema\/logo\/image\/"},"sameAs":["https:\/\/www.facebook.com\/eldiario.bolivia\/","https:\/\/x.com\/eldiario_net"]},{"@type":"Person","@id":"https:\/\/www.eldiario.net\/portal\/#\/schema\/person\/f46445640444750d7d753ccd04ae01b7","name":"Jeanette","image":{"@type":"ImageObject","inLanguage":"es","@id":"https:\/\/secure.gravatar.com\/avatar\/3ea2118a5f7dad2b7138b1187a6b7ee55f160b9968b66013c3a3ef39dd7e5798?s=96&d=mm&r=g","url":"https:\/\/secure.gravatar.com\/avatar\/3ea2118a5f7dad2b7138b1187a6b7ee55f160b9968b66013c3a3ef39dd7e5798?s=96&d=mm&r=g","contentUrl":"https:\/\/secure.gravatar.com\/avatar\/3ea2118a5f7dad2b7138b1187a6b7ee55f160b9968b66013c3a3ef39dd7e5798?s=96&d=mm&r=g","caption":"Jeanette"},"sameAs":["https:\/\/www.eldiario.net\/portal"],"url":"https:\/\/www.eldiario.net\/portal\/author\/jeanette\/"}]}},"_links":{"self":[{"href":"https:\/\/www.eldiario.net\/portal\/wp-json\/wp\/v2\/posts\/119876","targetHints":{"allow":["GET"]}}],"collection":[{"href":"https:\/\/www.eldiario.net\/portal\/wp-json\/wp\/v2\/posts"}],"about":[{"href":"https:\/\/www.eldiario.net\/portal\/wp-json\/wp\/v2\/types\/post"}],"author":[{"embeddable":true,"href":"https:\/\/www.eldiario.net\/portal\/wp-json\/wp\/v2\/users\/1"}],"replies":[{"embeddable":true,"href":"https:\/\/www.eldiario.net\/portal\/wp-json\/wp\/v2\/comments?post=119876"}],"version-history":[{"count":0,"href":"https:\/\/www.eldiario.net\/portal\/wp-json\/wp\/v2\/posts\/119876\/revisions"}],"wp:attachment":[{"href":"https:\/\/www.eldiario.net\/portal\/wp-json\/wp\/v2\/media?parent=119876"}],"wp:term":[{"taxonomy":"category","embeddable":true,"href":"https:\/\/www.eldiario.net\/portal\/wp-json\/wp\/v2\/categories?post=119876"},{"taxonomy":"post_tag","embeddable":true,"href":"https:\/\/www.eldiario.net\/portal\/wp-json\/wp\/v2\/tags?post=119876"}],"curies":[{"name":"wp","href":"https:\/\/api.w.org\/{rel}","templated":true}]}}