{"id":119842,"date":"2022-11-02T06:08:11","date_gmt":"2022-11-02T10:08:11","guid":{"rendered":"https:\/\/www.eldiario.net\/portal\/?p=119842"},"modified":"2022-11-02T06:08:11","modified_gmt":"2022-11-02T10:08:11","slug":"fuerzas-policiales-reprimen-a-pobladores-de-la-guardia","status":"publish","type":"post","link":"https:\/\/www.eldiario.net\/portal\/2022\/11\/02\/fuerzas-policiales-reprimen-a-pobladores-de-la-guardia\/","title":{"rendered":"Fuerzas policiales reprimen  a pobladores de La Guardia"},"content":{"rendered":"<p>El conflicto por el censo registr\u00f3 ayer una dura jornada de violencia debido al enfrentamiento, que dur\u00f3 m\u00e1s de 6 horas, entre grupos afines al Movimiento al Socialismo (MAS) con los pobladores del municipio cruce\u00f1o de La Guardia y estos fueron reprimidos por centenares de polic\u00edas, dejando un saldo de varios heridos y el arresto de 15 ciudadanos que apoyan el paro.<br \/>\nTodo comenz\u00f3 desde horas de la tarde cuando ambos bandos protagonizaron incidentes con petardos y piedras. Varias calles, especialmente la doble v\u00eda hacia el municipio de Santa Cruz de la Sierra, fueron los lugares, donde se registraron las grescas.<br \/>\nEl clima de tensi\u00f3n subi\u00f3 en medio de la gasificaci\u00f3n, debido al uso desmedido de agentes qu\u00edmicos para reprimir a los habitantes de La Guardia operado por m\u00e1s de tres centenares de polic\u00edas, situaci\u00f3n que enardeci\u00f3 a los habitantes y exigieron la liberaci\u00f3n de los arrestados.<br \/>\nEn horas de la noche hubo la convocatoria del Gobierno a un di\u00e1logo a los representantes del Comit\u00e9 Interinstitucional de Santa Cruz en busca de una soluci\u00f3n al conflicto que lleg\u00f3 ayer al d\u00eda 11, el mismo que no prosper\u00f3 debido al clima de violencia.<br \/>\nAl caer la noche, para las 20:15 horas, el Gobierno fij\u00f3 una reuni\u00f3n con el Comit\u00e9 Interinstitucional Impulsor de Santa Cruz debido al conflicto para tratar la definici\u00f3n de la fecha del Censo Nacional de Poblaci\u00f3n y Vivienda.<br \/>\nEl vocero presidencial Jorge Richter inform\u00f3 que se tom\u00f3 contacto con representantes de la institucionalidad cruce\u00f1a para establecer el encuentro que ser\u00e1 en la Direcci\u00f3n de Apoyo a la Prevenci\u00f3n del Consumo de Drogas, Control del Tr\u00e1fico Il\u00edcito de Sustancias Controladas y Coca Excedentaria (Diprevcon), ubicado en la capital cruce\u00f1a.<br \/>\nPor otro lado, el presidente del Comit\u00e9 C\u00edvico pro Santa Cruz, R\u00f3mulo Calvo, afirm\u00f3 que no acudir\u00edan al di\u00e1logo con el Gobierno por el conflicto del Censo Nacional de Poblaci\u00f3n y Vivienda, mientras persista la represi\u00f3n policial en el municipio cruce\u00f1o de La Guardia.<br \/>\n\u201cAntes de iniciarse cualquier mesa de di\u00e1logo tiene que acabarse la represi\u00f3n policial y la represi\u00f3n de la gente que ha venido de otro departamento a querer amedrentar y avasallar al pueblo cruce\u00f1o\u201d, puntualiz\u00f3 el dirigente c\u00edvico.<\/p>\n<div id='gallery-1' class='gallery galleryid-119842 gallery-columns-3 gallery-size-medium'><figure class='gallery-item'>\n\t\t\t<div class='gallery-icon landscape'>\n\t\t\t\t<a href='https:\/\/www.eldiario.net\/portal\/2022\/11\/02\/fuerzas-policiales-reprimen-a-pobladores-de-la-guardia\/p-2-10-cm-x-7-cm-color-19\/'><img loading=\"lazy\" decoding=\"async\" width=\"300\" height=\"192\" src=\"https:\/\/www.eldiario.net\/portal\/wp-content\/uploads\/2022\/11\/P-2-10-cm-x-7-cm-Color-300x192.jpg\" class=\"attachment-medium size-medium\" alt=\"\" aria-describedby=\"gallery-1-119844\" srcset=\"https:\/\/www.eldiario.net\/portal\/wp-content\/uploads\/2022\/11\/P-2-10-cm-x-7-cm-Color-300x192.jpg 300w, https:\/\/www.eldiario.net\/portal\/wp-content\/uploads\/2022\/11\/P-2-10-cm-x-7-cm-Color-768x492.jpg 768w, https:\/\/www.eldiario.net\/portal\/wp-content\/uploads\/2022\/11\/P-2-10-cm-x-7-cm-Color-696x446.jpg 696w, https:\/\/www.eldiario.net\/portal\/wp-content\/uploads\/2022\/11\/P-2-10-cm-x-7-cm-Color.jpg 1000w\" sizes=\"auto, (max-width: 300px) 100vw, 300px\" \/><\/a>\n\t\t\t<\/div>\n\t\t\t\t<figcaption class='wp-caption-text gallery-caption' id='gallery-1-119844'>\n\t\t\t\tVocero presidencial Jorge Richter.\n\t\t\t\t<\/figcaption><\/figure>\n\t\t<\/div>\n\n","protected":false},"excerpt":{"rendered":"<p>El conflicto por el censo registr\u00f3 ayer una dura jornada de violencia debido al enfrentamiento, que dur\u00f3 m\u00e1s de 6 horas, entre grupos afines al Movimiento al Socialismo (MAS) con los pobladores del municipio cruce\u00f1o de La Guardia y estos fueron reprimidos por centenares de polic\u00edas, dejando un saldo de varios heridos y el arresto [&hellip;]<\/p>\n","protected":false},"author":1,"featured_media":119843,"comment_status":"closed","ping_status":"closed","sticky":false,"template":"","format":"standard","meta":{"_acf_changed":false,"footnotes":""},"categories":[17],"tags":[],"class_list":["post-119842","post","type-post","status-publish","format-standard","has-post-thumbnail","category-principal"],"acf":{"antetitulo":""},"yoast_head":"<!-- This site is optimized with the Yoast SEO plugin v28.4 - https:\/\/yoast.com\/product\/yoast-seo-wordpress\/ -->\n<title>Fuerzas policiales reprimen a pobladores de La Guardia - El Diario - Bolivia<\/title>\n<meta name=\"robots\" content=\"index, follow, max-snippet:-1, max-image-preview:large, max-video-preview:-1\" \/>\n<link rel=\"canonical\" href=\"https:\/\/www.eldiario.net\/portal\/2022\/11\/02\/fuerzas-policiales-reprimen-a-pobladores-de-la-guardia\/\" \/>\n<meta property=\"og:locale\" content=\"es_ES\" \/>\n<meta property=\"og:type\" content=\"article\" \/>\n<meta property=\"og:title\" content=\"Fuerzas policiales reprimen a pobladores de La Guardia - El Diario - Bolivia\" \/>\n<meta property=\"og:description\" content=\"El conflicto por el censo registr\u00f3 ayer una dura jornada de violencia debido al enfrentamiento, que dur\u00f3 m\u00e1s de 6 horas, entre grupos afines al Movimiento al Socialismo (MAS) con los pobladores del municipio cruce\u00f1o de La Guardia y estos fueron reprimidos por centenares de polic\u00edas, dejando un saldo de varios heridos y el arresto [&hellip;]\" \/>\n<meta property=\"og:url\" content=\"https:\/\/www.eldiario.net\/portal\/2022\/11\/02\/fuerzas-policiales-reprimen-a-pobladores-de-la-guardia\/\" \/>\n<meta property=\"og:site_name\" content=\"El Diario - Bolivia\" \/>\n<meta property=\"article:publisher\" content=\"https:\/\/www.facebook.com\/eldiario.bolivia\/\" \/>\n<meta property=\"article:published_time\" content=\"2022-11-02T10:08:11+00:00\" \/>\n<meta property=\"og:image\" content=\"https:\/\/www.eldiario.net\/portal\/wp-content\/uploads\/2022\/11\/P-1-20-cm-y-11-cm-Color.jpg\" \/>\n\t<meta property=\"og:image:width\" content=\"980\" \/>\n\t<meta property=\"og:image:height\" content=\"552\" \/>\n\t<meta property=\"og:image:type\" content=\"image\/jpeg\" \/>\n<meta name=\"author\" content=\"Jeanette\" \/>\n<meta name=\"twitter:card\" content=\"summary_large_image\" \/>\n<meta name=\"twitter:creator\" content=\"@eldiario_net\" \/>\n<meta name=\"twitter:site\" content=\"@eldiario_net\" \/>\n<meta name=\"twitter:label1\" content=\"Escrito por\" \/>\n\t<meta name=\"twitter:data1\" content=\"Jeanette\" \/>\n\t<meta name=\"twitter:label2\" content=\"Tiempo de lectura\" \/>\n\t<meta name=\"twitter:data2\" content=\"2 minutos\" \/>\n<script type=\"application\/ld+json\" class=\"yoast-schema-graph\">{\"@context\":\"https:\\\/\\\/schema.org\",\"@graph\":[{\"@type\":\"Article\",\"@id\":\"https:\\\/\\\/www.eldiario.net\\\/portal\\\/2022\\\/11\\\/02\\\/fuerzas-policiales-reprimen-a-pobladores-de-la-guardia\\\/#article\",\"isPartOf\":{\"@id\":\"https:\\\/\\\/www.eldiario.net\\\/portal\\\/2022\\\/11\\\/02\\\/fuerzas-policiales-reprimen-a-pobladores-de-la-guardia\\\/\"},\"author\":{\"name\":\"Jeanette\",\"@id\":\"https:\\\/\\\/www.eldiario.net\\\/portal\\\/#\\\/schema\\\/person\\\/f46445640444750d7d753ccd04ae01b7\"},\"headline\":\"Fuerzas policiales reprimen a pobladores de La Guardia\",\"datePublished\":\"2022-11-02T10:08:11+00:00\",\"mainEntityOfPage\":{\"@id\":\"https:\\\/\\\/www.eldiario.net\\\/portal\\\/2022\\\/11\\\/02\\\/fuerzas-policiales-reprimen-a-pobladores-de-la-guardia\\\/\"},\"wordCount\":404,\"publisher\":{\"@id\":\"https:\\\/\\\/www.eldiario.net\\\/portal\\\/#organization\"},\"image\":{\"@id\":\"https:\\\/\\\/www.eldiario.net\\\/portal\\\/2022\\\/11\\\/02\\\/fuerzas-policiales-reprimen-a-pobladores-de-la-guardia\\\/#primaryimage\"},\"thumbnailUrl\":\"https:\\\/\\\/www.eldiario.net\\\/portal\\\/wp-content\\\/uploads\\\/2022\\\/11\\\/P-1-20-cm-y-11-cm-Color.jpg\",\"articleSection\":[\"Principal\"],\"inLanguage\":\"es\"},{\"@type\":\"WebPage\",\"@id\":\"https:\\\/\\\/www.eldiario.net\\\/portal\\\/2022\\\/11\\\/02\\\/fuerzas-policiales-reprimen-a-pobladores-de-la-guardia\\\/\",\"url\":\"https:\\\/\\\/www.eldiario.net\\\/portal\\\/2022\\\/11\\\/02\\\/fuerzas-policiales-reprimen-a-pobladores-de-la-guardia\\\/\",\"name\":\"Fuerzas policiales reprimen a pobladores de La Guardia - El Diario - Bolivia\",\"isPartOf\":{\"@id\":\"https:\\\/\\\/www.eldiario.net\\\/portal\\\/#website\"},\"primaryImageOfPage\":{\"@id\":\"https:\\\/\\\/www.eldiario.net\\\/portal\\\/2022\\\/11\\\/02\\\/fuerzas-policiales-reprimen-a-pobladores-de-la-guardia\\\/#primaryimage\"},\"image\":{\"@id\":\"https:\\\/\\\/www.eldiario.net\\\/portal\\\/2022\\\/11\\\/02\\\/fuerzas-policiales-reprimen-a-pobladores-de-la-guardia\\\/#primaryimage\"},\"thumbnailUrl\":\"https:\\\/\\\/www.eldiario.net\\\/portal\\\/wp-content\\\/uploads\\\/2022\\\/11\\\/P-1-20-cm-y-11-cm-Color.jpg\",\"datePublished\":\"2022-11-02T10:08:11+00:00\",\"breadcrumb\":{\"@id\":\"https:\\\/\\\/www.eldiario.net\\\/portal\\\/2022\\\/11\\\/02\\\/fuerzas-policiales-reprimen-a-pobladores-de-la-guardia\\\/#breadcrumb\"},\"inLanguage\":\"es\",\"potentialAction\":[{\"@type\":\"ReadAction\",\"target\":[\"https:\\\/\\\/www.eldiario.net\\\/portal\\\/2022\\\/11\\\/02\\\/fuerzas-policiales-reprimen-a-pobladores-de-la-guardia\\\/\"]}]},{\"@type\":\"ImageObject\",\"inLanguage\":\"es\",\"@id\":\"https:\\\/\\\/www.eldiario.net\\\/portal\\\/2022\\\/11\\\/02\\\/fuerzas-policiales-reprimen-a-pobladores-de-la-guardia\\\/#primaryimage\",\"url\":\"https:\\\/\\\/www.eldiario.net\\\/portal\\\/wp-content\\\/uploads\\\/2022\\\/11\\\/P-1-20-cm-y-11-cm-Color.jpg\",\"contentUrl\":\"https:\\\/\\\/www.eldiario.net\\\/portal\\\/wp-content\\\/uploads\\\/2022\\\/11\\\/P-1-20-cm-y-11-cm-Color.jpg\",\"width\":980,\"height\":552,\"caption\":\"En el municipio de La Guardia se registraron momentos de tensi\u00f3n debido a la gasificaci\u00f3n de la Polic\u00eda, en el enfrentamiento entre pobladores de aquella localidad que intentaron intervenir un cerco instalado por organizaciones sociales que piden que se levante el paro por el censo.\"},{\"@type\":\"BreadcrumbList\",\"@id\":\"https:\\\/\\\/www.eldiario.net\\\/portal\\\/2022\\\/11\\\/02\\\/fuerzas-policiales-reprimen-a-pobladores-de-la-guardia\\\/#breadcrumb\",\"itemListElement\":[{\"@type\":\"ListItem\",\"position\":1,\"name\":\"Portada\",\"item\":\"https:\\\/\\\/www.eldiario.net\\\/portal\\\/\"},{\"@type\":\"ListItem\",\"position\":2,\"name\":\"Fuerzas policiales reprimen a pobladores de La Guardia\"}]},{\"@type\":\"WebSite\",\"@id\":\"https:\\\/\\\/www.eldiario.net\\\/portal\\\/#website\",\"url\":\"https:\\\/\\\/www.eldiario.net\\\/portal\\\/\",\"name\":\"El Diario - Decano de la prensa nacional\",\"description\":\"El Diario - Decano de la prensa nacional\",\"publisher\":{\"@id\":\"https:\\\/\\\/www.eldiario.net\\\/portal\\\/#organization\"},\"potentialAction\":[{\"@type\":\"SearchAction\",\"target\":{\"@type\":\"EntryPoint\",\"urlTemplate\":\"https:\\\/\\\/www.eldiario.net\\\/portal\\\/?s={search_term_string}\"},\"query-input\":{\"@type\":\"PropertyValueSpecification\",\"valueRequired\":true,\"valueName\":\"search_term_string\"}}],\"inLanguage\":\"es\"},{\"@type\":\"Organization\",\"@id\":\"https:\\\/\\\/www.eldiario.net\\\/portal\\\/#organization\",\"name\":\"El Diario - Decano de la prensa nacional\",\"url\":\"https:\\\/\\\/www.eldiario.net\\\/portal\\\/\",\"logo\":{\"@type\":\"ImageObject\",\"inLanguage\":\"es\",\"@id\":\"https:\\\/\\\/www.eldiario.net\\\/portal\\\/#\\\/schema\\\/logo\\\/image\\\/\",\"url\":\"https:\\\/\\\/www.eldiario.net\\\/portal\\\/wp-content\\\/uploads\\\/2023\\\/07\\\/logo_ED.jpg\",\"contentUrl\":\"https:\\\/\\\/www.eldiario.net\\\/portal\\\/wp-content\\\/uploads\\\/2023\\\/07\\\/logo_ED.jpg\",\"width\":272,\"height\":52,\"caption\":\"El Diario - Decano de la prensa nacional\"},\"image\":{\"@id\":\"https:\\\/\\\/www.eldiario.net\\\/portal\\\/#\\\/schema\\\/logo\\\/image\\\/\"},\"sameAs\":[\"https:\\\/\\\/www.facebook.com\\\/eldiario.bolivia\\\/\",\"https:\\\/\\\/x.com\\\/eldiario_net\"]},{\"@type\":\"Person\",\"@id\":\"https:\\\/\\\/www.eldiario.net\\\/portal\\\/#\\\/schema\\\/person\\\/f46445640444750d7d753ccd04ae01b7\",\"name\":\"Jeanette\",\"image\":{\"@type\":\"ImageObject\",\"inLanguage\":\"es\",\"@id\":\"https:\\\/\\\/secure.gravatar.com\\\/avatar\\\/3ea2118a5f7dad2b7138b1187a6b7ee55f160b9968b66013c3a3ef39dd7e5798?s=96&d=mm&r=g\",\"url\":\"https:\\\/\\\/secure.gravatar.com\\\/avatar\\\/3ea2118a5f7dad2b7138b1187a6b7ee55f160b9968b66013c3a3ef39dd7e5798?s=96&d=mm&r=g\",\"contentUrl\":\"https:\\\/\\\/secure.gravatar.com\\\/avatar\\\/3ea2118a5f7dad2b7138b1187a6b7ee55f160b9968b66013c3a3ef39dd7e5798?s=96&d=mm&r=g\",\"caption\":\"Jeanette\"},\"sameAs\":[\"https:\\\/\\\/www.eldiario.net\\\/portal\"],\"url\":\"https:\\\/\\\/www.eldiario.net\\\/portal\\\/author\\\/jeanette\\\/\"}]}<\/script>\n<!-- \/ Yoast SEO plugin. -->","yoast_head_json":{"title":"Fuerzas policiales reprimen a pobladores de La Guardia - El Diario - Bolivia","robots":{"index":"index","follow":"follow","max-snippet":"max-snippet:-1","max-image-preview":"max-image-preview:large","max-video-preview":"max-video-preview:-1"},"canonical":"https:\/\/www.eldiario.net\/portal\/2022\/11\/02\/fuerzas-policiales-reprimen-a-pobladores-de-la-guardia\/","og_locale":"es_ES","og_type":"article","og_title":"Fuerzas policiales reprimen a pobladores de La Guardia - El Diario - Bolivia","og_description":"El conflicto por el censo registr\u00f3 ayer una dura jornada de violencia debido al enfrentamiento, que dur\u00f3 m\u00e1s de 6 horas, entre grupos afines al Movimiento al Socialismo (MAS) con los pobladores del municipio cruce\u00f1o de La Guardia y estos fueron reprimidos por centenares de polic\u00edas, dejando un saldo de varios heridos y el arresto [&hellip;]","og_url":"https:\/\/www.eldiario.net\/portal\/2022\/11\/02\/fuerzas-policiales-reprimen-a-pobladores-de-la-guardia\/","og_site_name":"El Diario - Bolivia","article_publisher":"https:\/\/www.facebook.com\/eldiario.bolivia\/","article_published_time":"2022-11-02T10:08:11+00:00","og_image":[{"width":980,"height":552,"url":"https:\/\/www.eldiario.net\/portal\/wp-content\/uploads\/2022\/11\/P-1-20-cm-y-11-cm-Color.jpg","type":"image\/jpeg"}],"author":"Jeanette","twitter_card":"summary_large_image","twitter_creator":"@eldiario_net","twitter_site":"@eldiario_net","twitter_misc":{"Escrito por":"Jeanette","Tiempo de lectura":"2 minutos"},"schema":{"@context":"https:\/\/schema.org","@graph":[{"@type":"Article","@id":"https:\/\/www.eldiario.net\/portal\/2022\/11\/02\/fuerzas-policiales-reprimen-a-pobladores-de-la-guardia\/#article","isPartOf":{"@id":"https:\/\/www.eldiario.net\/portal\/2022\/11\/02\/fuerzas-policiales-reprimen-a-pobladores-de-la-guardia\/"},"author":{"name":"Jeanette","@id":"https:\/\/www.eldiario.net\/portal\/#\/schema\/person\/f46445640444750d7d753ccd04ae01b7"},"headline":"Fuerzas policiales reprimen a pobladores de La Guardia","datePublished":"2022-11-02T10:08:11+00:00","mainEntityOfPage":{"@id":"https:\/\/www.eldiario.net\/portal\/2022\/11\/02\/fuerzas-policiales-reprimen-a-pobladores-de-la-guardia\/"},"wordCount":404,"publisher":{"@id":"https:\/\/www.eldiario.net\/portal\/#organization"},"image":{"@id":"https:\/\/www.eldiario.net\/portal\/2022\/11\/02\/fuerzas-policiales-reprimen-a-pobladores-de-la-guardia\/#primaryimage"},"thumbnailUrl":"https:\/\/www.eldiario.net\/portal\/wp-content\/uploads\/2022\/11\/P-1-20-cm-y-11-cm-Color.jpg","articleSection":["Principal"],"inLanguage":"es"},{"@type":"WebPage","@id":"https:\/\/www.eldiario.net\/portal\/2022\/11\/02\/fuerzas-policiales-reprimen-a-pobladores-de-la-guardia\/","url":"https:\/\/www.eldiario.net\/portal\/2022\/11\/02\/fuerzas-policiales-reprimen-a-pobladores-de-la-guardia\/","name":"Fuerzas policiales reprimen a pobladores de La Guardia - El Diario - Bolivia","isPartOf":{"@id":"https:\/\/www.eldiario.net\/portal\/#website"},"primaryImageOfPage":{"@id":"https:\/\/www.eldiario.net\/portal\/2022\/11\/02\/fuerzas-policiales-reprimen-a-pobladores-de-la-guardia\/#primaryimage"},"image":{"@id":"https:\/\/www.eldiario.net\/portal\/2022\/11\/02\/fuerzas-policiales-reprimen-a-pobladores-de-la-guardia\/#primaryimage"},"thumbnailUrl":"https:\/\/www.eldiario.net\/portal\/wp-content\/uploads\/2022\/11\/P-1-20-cm-y-11-cm-Color.jpg","datePublished":"2022-11-02T10:08:11+00:00","breadcrumb":{"@id":"https:\/\/www.eldiario.net\/portal\/2022\/11\/02\/fuerzas-policiales-reprimen-a-pobladores-de-la-guardia\/#breadcrumb"},"inLanguage":"es","potentialAction":[{"@type":"ReadAction","target":["https:\/\/www.eldiario.net\/portal\/2022\/11\/02\/fuerzas-policiales-reprimen-a-pobladores-de-la-guardia\/"]}]},{"@type":"ImageObject","inLanguage":"es","@id":"https:\/\/www.eldiario.net\/portal\/2022\/11\/02\/fuerzas-policiales-reprimen-a-pobladores-de-la-guardia\/#primaryimage","url":"https:\/\/www.eldiario.net\/portal\/wp-content\/uploads\/2022\/11\/P-1-20-cm-y-11-cm-Color.jpg","contentUrl":"https:\/\/www.eldiario.net\/portal\/wp-content\/uploads\/2022\/11\/P-1-20-cm-y-11-cm-Color.jpg","width":980,"height":552,"caption":"En el municipio de La Guardia se registraron momentos de tensi\u00f3n debido a la gasificaci\u00f3n de la Polic\u00eda, en el enfrentamiento entre pobladores de aquella localidad que intentaron intervenir un cerco instalado por organizaciones sociales que piden que se levante el paro por el censo."},{"@type":"BreadcrumbList","@id":"https:\/\/www.eldiario.net\/portal\/2022\/11\/02\/fuerzas-policiales-reprimen-a-pobladores-de-la-guardia\/#breadcrumb","itemListElement":[{"@type":"ListItem","position":1,"name":"Portada","item":"https:\/\/www.eldiario.net\/portal\/"},{"@type":"ListItem","position":2,"name":"Fuerzas policiales reprimen a pobladores de La Guardia"}]},{"@type":"WebSite","@id":"https:\/\/www.eldiario.net\/portal\/#website","url":"https:\/\/www.eldiario.net\/portal\/","name":"El Diario - Decano de la prensa nacional","description":"El Diario - Decano de la prensa nacional","publisher":{"@id":"https:\/\/www.eldiario.net\/portal\/#organization"},"potentialAction":[{"@type":"SearchAction","target":{"@type":"EntryPoint","urlTemplate":"https:\/\/www.eldiario.net\/portal\/?s={search_term_string}"},"query-input":{"@type":"PropertyValueSpecification","valueRequired":true,"valueName":"search_term_string"}}],"inLanguage":"es"},{"@type":"Organization","@id":"https:\/\/www.eldiario.net\/portal\/#organization","name":"El Diario - Decano de la prensa nacional","url":"https:\/\/www.eldiario.net\/portal\/","logo":{"@type":"ImageObject","inLanguage":"es","@id":"https:\/\/www.eldiario.net\/portal\/#\/schema\/logo\/image\/","url":"https:\/\/www.eldiario.net\/portal\/wp-content\/uploads\/2023\/07\/logo_ED.jpg","contentUrl":"https:\/\/www.eldiario.net\/portal\/wp-content\/uploads\/2023\/07\/logo_ED.jpg","width":272,"height":52,"caption":"El Diario - Decano de la prensa nacional"},"image":{"@id":"https:\/\/www.eldiario.net\/portal\/#\/schema\/logo\/image\/"},"sameAs":["https:\/\/www.facebook.com\/eldiario.bolivia\/","https:\/\/x.com\/eldiario_net"]},{"@type":"Person","@id":"https:\/\/www.eldiario.net\/portal\/#\/schema\/person\/f46445640444750d7d753ccd04ae01b7","name":"Jeanette","image":{"@type":"ImageObject","inLanguage":"es","@id":"https:\/\/secure.gravatar.com\/avatar\/3ea2118a5f7dad2b7138b1187a6b7ee55f160b9968b66013c3a3ef39dd7e5798?s=96&d=mm&r=g","url":"https:\/\/secure.gravatar.com\/avatar\/3ea2118a5f7dad2b7138b1187a6b7ee55f160b9968b66013c3a3ef39dd7e5798?s=96&d=mm&r=g","contentUrl":"https:\/\/secure.gravatar.com\/avatar\/3ea2118a5f7dad2b7138b1187a6b7ee55f160b9968b66013c3a3ef39dd7e5798?s=96&d=mm&r=g","caption":"Jeanette"},"sameAs":["https:\/\/www.eldiario.net\/portal"],"url":"https:\/\/www.eldiario.net\/portal\/author\/jeanette\/"}]}},"_links":{"self":[{"href":"https:\/\/www.eldiario.net\/portal\/wp-json\/wp\/v2\/posts\/119842","targetHints":{"allow":["GET"]}}],"collection":[{"href":"https:\/\/www.eldiario.net\/portal\/wp-json\/wp\/v2\/posts"}],"about":[{"href":"https:\/\/www.eldiario.net\/portal\/wp-json\/wp\/v2\/types\/post"}],"author":[{"embeddable":true,"href":"https:\/\/www.eldiario.net\/portal\/wp-json\/wp\/v2\/users\/1"}],"replies":[{"embeddable":true,"href":"https:\/\/www.eldiario.net\/portal\/wp-json\/wp\/v2\/comments?post=119842"}],"version-history":[{"count":0,"href":"https:\/\/www.eldiario.net\/portal\/wp-json\/wp\/v2\/posts\/119842\/revisions"}],"wp:featuredmedia":[{"embeddable":true,"href":"https:\/\/www.eldiario.net\/portal\/wp-json\/wp\/v2\/media\/119843"}],"wp:attachment":[{"href":"https:\/\/www.eldiario.net\/portal\/wp-json\/wp\/v2\/media?parent=119842"}],"wp:term":[{"taxonomy":"category","embeddable":true,"href":"https:\/\/www.eldiario.net\/portal\/wp-json\/wp\/v2\/categories?post=119842"},{"taxonomy":"post_tag","embeddable":true,"href":"https:\/\/www.eldiario.net\/portal\/wp-json\/wp\/v2\/tags?post=119842"}],"curies":[{"name":"wp","href":"https:\/\/api.w.org\/{rel}","templated":true}]}}