{"id":119835,"date":"2022-11-02T06:05:25","date_gmt":"2022-11-02T10:05:25","guid":{"rendered":"https:\/\/www.eldiario.net\/portal\/?p=119835"},"modified":"2022-11-02T06:05:25","modified_gmt":"2022-11-02T10:05:25","slug":"solicitan-reanudar-investigacion-a-crimenes-de-lesa-humanidad","status":"publish","type":"post","link":"https:\/\/www.eldiario.net\/portal\/2022\/11\/02\/solicitan-reanudar-investigacion-a-crimenes-de-lesa-humanidad\/","title":{"rendered":"Solicitan  reanudar investigaci\u00f3n  a cr\u00edmenes de lesa humanidad"},"content":{"rendered":"<p>El fiscal jefe de la Corte Penal Internacional solicit\u00f3 ayer la reapertura de su investigaci\u00f3n sobre las denuncias de torturas y ejecuciones extrajudiciales presuntamente cometidas por las fuerzas de seguridad venezolanas bajo el gobierno del presidente Nicol\u00e1s Maduro.<br \/>\nEl pedido de autorizaci\u00f3n del fiscal Karim Khan para reanudar la investigaci\u00f3n se produjo poco m\u00e1s de seis meses despu\u00e9s de que Venezuela solicitara a la CPI que difiriera su pesquisa sobre las autoridades de la naci\u00f3n latinoamericana.<\/p>\n","protected":false},"excerpt":{"rendered":"<p>El fiscal jefe de la Corte Penal Internacional solicit\u00f3 ayer la reapertura de su investigaci\u00f3n sobre las denuncias de torturas y ejecuciones extrajudiciales presuntamente cometidas por las fuerzas de seguridad venezolanas bajo el gobierno del presidente Nicol\u00e1s Maduro. El pedido de autorizaci\u00f3n del fiscal Karim Khan para reanudar la investigaci\u00f3n se produjo poco m\u00e1s de [&hellip;]<\/p>\n","protected":false},"author":1,"featured_media":0,"comment_status":"closed","ping_status":"closed","sticky":false,"template":"","format":"standard","meta":{"_acf_changed":false,"footnotes":""},"categories":[15],"tags":[],"class_list":["post-119835","post","type-post","status-publish","format-standard","category-portada"],"acf":{"antetitulo":""},"yoast_head":"<!-- This site is optimized with the Yoast SEO plugin v28.4 - https:\/\/yoast.com\/product\/yoast-seo-wordpress\/ -->\n<title>Solicitan reanudar investigaci\u00f3n a cr\u00edmenes de lesa humanidad - El Diario - Bolivia<\/title>\n<meta name=\"robots\" content=\"index, follow, max-snippet:-1, max-image-preview:large, max-video-preview:-1\" \/>\n<link rel=\"canonical\" href=\"https:\/\/www.eldiario.net\/portal\/2022\/11\/02\/solicitan-reanudar-investigacion-a-crimenes-de-lesa-humanidad\/\" \/>\n<meta property=\"og:locale\" content=\"es_ES\" \/>\n<meta property=\"og:type\" content=\"article\" \/>\n<meta property=\"og:title\" content=\"Solicitan reanudar investigaci\u00f3n a cr\u00edmenes de lesa humanidad - El Diario - Bolivia\" \/>\n<meta property=\"og:description\" content=\"El fiscal jefe de la Corte Penal Internacional solicit\u00f3 ayer la reapertura de su investigaci\u00f3n sobre las denuncias de torturas y ejecuciones extrajudiciales presuntamente cometidas por las fuerzas de seguridad venezolanas bajo el gobierno del presidente Nicol\u00e1s Maduro. El pedido de autorizaci\u00f3n del fiscal Karim Khan para reanudar la investigaci\u00f3n se produjo poco m\u00e1s de [&hellip;]\" \/>\n<meta property=\"og:url\" content=\"https:\/\/www.eldiario.net\/portal\/2022\/11\/02\/solicitan-reanudar-investigacion-a-crimenes-de-lesa-humanidad\/\" \/>\n<meta property=\"og:site_name\" content=\"El Diario - Bolivia\" \/>\n<meta property=\"article:publisher\" content=\"https:\/\/www.facebook.com\/eldiario.bolivia\/\" \/>\n<meta property=\"article:published_time\" content=\"2022-11-02T10:05:25+00:00\" \/>\n<meta name=\"author\" content=\"Jeanette\" \/>\n<meta name=\"twitter:card\" content=\"summary_large_image\" \/>\n<meta name=\"twitter:creator\" content=\"@eldiario_net\" \/>\n<meta name=\"twitter:site\" content=\"@eldiario_net\" \/>\n<meta name=\"twitter:label1\" content=\"Escrito por\" \/>\n\t<meta name=\"twitter:data1\" content=\"Jeanette\" \/>\n\t<meta name=\"twitter:label2\" content=\"Tiempo de lectura\" \/>\n\t<meta name=\"twitter:data2\" content=\"1 minuto\" \/>\n<script type=\"application\/ld+json\" class=\"yoast-schema-graph\">{\"@context\":\"https:\\\/\\\/schema.org\",\"@graph\":[{\"@type\":\"Article\",\"@id\":\"https:\\\/\\\/www.eldiario.net\\\/portal\\\/2022\\\/11\\\/02\\\/solicitan-reanudar-investigacion-a-crimenes-de-lesa-humanidad\\\/#article\",\"isPartOf\":{\"@id\":\"https:\\\/\\\/www.eldiario.net\\\/portal\\\/2022\\\/11\\\/02\\\/solicitan-reanudar-investigacion-a-crimenes-de-lesa-humanidad\\\/\"},\"author\":{\"name\":\"Jeanette\",\"@id\":\"https:\\\/\\\/www.eldiario.net\\\/portal\\\/#\\\/schema\\\/person\\\/f46445640444750d7d753ccd04ae01b7\"},\"headline\":\"Solicitan reanudar investigaci\u00f3n a cr\u00edmenes de lesa humanidad\",\"datePublished\":\"2022-11-02T10:05:25+00:00\",\"mainEntityOfPage\":{\"@id\":\"https:\\\/\\\/www.eldiario.net\\\/portal\\\/2022\\\/11\\\/02\\\/solicitan-reanudar-investigacion-a-crimenes-de-lesa-humanidad\\\/\"},\"wordCount\":93,\"publisher\":{\"@id\":\"https:\\\/\\\/www.eldiario.net\\\/portal\\\/#organization\"},\"articleSection\":[\"Portada\"],\"inLanguage\":\"es\"},{\"@type\":\"WebPage\",\"@id\":\"https:\\\/\\\/www.eldiario.net\\\/portal\\\/2022\\\/11\\\/02\\\/solicitan-reanudar-investigacion-a-crimenes-de-lesa-humanidad\\\/\",\"url\":\"https:\\\/\\\/www.eldiario.net\\\/portal\\\/2022\\\/11\\\/02\\\/solicitan-reanudar-investigacion-a-crimenes-de-lesa-humanidad\\\/\",\"name\":\"Solicitan reanudar investigaci\u00f3n a cr\u00edmenes de lesa humanidad - El Diario - Bolivia\",\"isPartOf\":{\"@id\":\"https:\\\/\\\/www.eldiario.net\\\/portal\\\/#website\"},\"datePublished\":\"2022-11-02T10:05:25+00:00\",\"breadcrumb\":{\"@id\":\"https:\\\/\\\/www.eldiario.net\\\/portal\\\/2022\\\/11\\\/02\\\/solicitan-reanudar-investigacion-a-crimenes-de-lesa-humanidad\\\/#breadcrumb\"},\"inLanguage\":\"es\",\"potentialAction\":[{\"@type\":\"ReadAction\",\"target\":[\"https:\\\/\\\/www.eldiario.net\\\/portal\\\/2022\\\/11\\\/02\\\/solicitan-reanudar-investigacion-a-crimenes-de-lesa-humanidad\\\/\"]}]},{\"@type\":\"BreadcrumbList\",\"@id\":\"https:\\\/\\\/www.eldiario.net\\\/portal\\\/2022\\\/11\\\/02\\\/solicitan-reanudar-investigacion-a-crimenes-de-lesa-humanidad\\\/#breadcrumb\",\"itemListElement\":[{\"@type\":\"ListItem\",\"position\":1,\"name\":\"Portada\",\"item\":\"https:\\\/\\\/www.eldiario.net\\\/portal\\\/\"},{\"@type\":\"ListItem\",\"position\":2,\"name\":\"Solicitan reanudar investigaci\u00f3n a cr\u00edmenes de lesa humanidad\"}]},{\"@type\":\"WebSite\",\"@id\":\"https:\\\/\\\/www.eldiario.net\\\/portal\\\/#website\",\"url\":\"https:\\\/\\\/www.eldiario.net\\\/portal\\\/\",\"name\":\"El Diario - Decano de la prensa nacional\",\"description\":\"El Diario - Decano de la prensa nacional\",\"publisher\":{\"@id\":\"https:\\\/\\\/www.eldiario.net\\\/portal\\\/#organization\"},\"potentialAction\":[{\"@type\":\"SearchAction\",\"target\":{\"@type\":\"EntryPoint\",\"urlTemplate\":\"https:\\\/\\\/www.eldiario.net\\\/portal\\\/?s={search_term_string}\"},\"query-input\":{\"@type\":\"PropertyValueSpecification\",\"valueRequired\":true,\"valueName\":\"search_term_string\"}}],\"inLanguage\":\"es\"},{\"@type\":\"Organization\",\"@id\":\"https:\\\/\\\/www.eldiario.net\\\/portal\\\/#organization\",\"name\":\"El Diario - Decano de la prensa nacional\",\"url\":\"https:\\\/\\\/www.eldiario.net\\\/portal\\\/\",\"logo\":{\"@type\":\"ImageObject\",\"inLanguage\":\"es\",\"@id\":\"https:\\\/\\\/www.eldiario.net\\\/portal\\\/#\\\/schema\\\/logo\\\/image\\\/\",\"url\":\"https:\\\/\\\/www.eldiario.net\\\/portal\\\/wp-content\\\/uploads\\\/2023\\\/07\\\/logo_ED.jpg\",\"contentUrl\":\"https:\\\/\\\/www.eldiario.net\\\/portal\\\/wp-content\\\/uploads\\\/2023\\\/07\\\/logo_ED.jpg\",\"width\":272,\"height\":52,\"caption\":\"El Diario - Decano de la prensa nacional\"},\"image\":{\"@id\":\"https:\\\/\\\/www.eldiario.net\\\/portal\\\/#\\\/schema\\\/logo\\\/image\\\/\"},\"sameAs\":[\"https:\\\/\\\/www.facebook.com\\\/eldiario.bolivia\\\/\",\"https:\\\/\\\/x.com\\\/eldiario_net\"]},{\"@type\":\"Person\",\"@id\":\"https:\\\/\\\/www.eldiario.net\\\/portal\\\/#\\\/schema\\\/person\\\/f46445640444750d7d753ccd04ae01b7\",\"name\":\"Jeanette\",\"image\":{\"@type\":\"ImageObject\",\"inLanguage\":\"es\",\"@id\":\"https:\\\/\\\/secure.gravatar.com\\\/avatar\\\/3ea2118a5f7dad2b7138b1187a6b7ee55f160b9968b66013c3a3ef39dd7e5798?s=96&d=mm&r=g\",\"url\":\"https:\\\/\\\/secure.gravatar.com\\\/avatar\\\/3ea2118a5f7dad2b7138b1187a6b7ee55f160b9968b66013c3a3ef39dd7e5798?s=96&d=mm&r=g\",\"contentUrl\":\"https:\\\/\\\/secure.gravatar.com\\\/avatar\\\/3ea2118a5f7dad2b7138b1187a6b7ee55f160b9968b66013c3a3ef39dd7e5798?s=96&d=mm&r=g\",\"caption\":\"Jeanette\"},\"sameAs\":[\"https:\\\/\\\/www.eldiario.net\\\/portal\"],\"url\":\"https:\\\/\\\/www.eldiario.net\\\/portal\\\/author\\\/jeanette\\\/\"}]}<\/script>\n<!-- \/ Yoast SEO plugin. -->","yoast_head_json":{"title":"Solicitan reanudar investigaci\u00f3n a cr\u00edmenes de lesa humanidad - El Diario - Bolivia","robots":{"index":"index","follow":"follow","max-snippet":"max-snippet:-1","max-image-preview":"max-image-preview:large","max-video-preview":"max-video-preview:-1"},"canonical":"https:\/\/www.eldiario.net\/portal\/2022\/11\/02\/solicitan-reanudar-investigacion-a-crimenes-de-lesa-humanidad\/","og_locale":"es_ES","og_type":"article","og_title":"Solicitan reanudar investigaci\u00f3n a cr\u00edmenes de lesa humanidad - El Diario - Bolivia","og_description":"El fiscal jefe de la Corte Penal Internacional solicit\u00f3 ayer la reapertura de su investigaci\u00f3n sobre las denuncias de torturas y ejecuciones extrajudiciales presuntamente cometidas por las fuerzas de seguridad venezolanas bajo el gobierno del presidente Nicol\u00e1s Maduro. El pedido de autorizaci\u00f3n del fiscal Karim Khan para reanudar la investigaci\u00f3n se produjo poco m\u00e1s de [&hellip;]","og_url":"https:\/\/www.eldiario.net\/portal\/2022\/11\/02\/solicitan-reanudar-investigacion-a-crimenes-de-lesa-humanidad\/","og_site_name":"El Diario - Bolivia","article_publisher":"https:\/\/www.facebook.com\/eldiario.bolivia\/","article_published_time":"2022-11-02T10:05:25+00:00","author":"Jeanette","twitter_card":"summary_large_image","twitter_creator":"@eldiario_net","twitter_site":"@eldiario_net","twitter_misc":{"Escrito por":"Jeanette","Tiempo de lectura":"1 minuto"},"schema":{"@context":"https:\/\/schema.org","@graph":[{"@type":"Article","@id":"https:\/\/www.eldiario.net\/portal\/2022\/11\/02\/solicitan-reanudar-investigacion-a-crimenes-de-lesa-humanidad\/#article","isPartOf":{"@id":"https:\/\/www.eldiario.net\/portal\/2022\/11\/02\/solicitan-reanudar-investigacion-a-crimenes-de-lesa-humanidad\/"},"author":{"name":"Jeanette","@id":"https:\/\/www.eldiario.net\/portal\/#\/schema\/person\/f46445640444750d7d753ccd04ae01b7"},"headline":"Solicitan reanudar investigaci\u00f3n a cr\u00edmenes de lesa humanidad","datePublished":"2022-11-02T10:05:25+00:00","mainEntityOfPage":{"@id":"https:\/\/www.eldiario.net\/portal\/2022\/11\/02\/solicitan-reanudar-investigacion-a-crimenes-de-lesa-humanidad\/"},"wordCount":93,"publisher":{"@id":"https:\/\/www.eldiario.net\/portal\/#organization"},"articleSection":["Portada"],"inLanguage":"es"},{"@type":"WebPage","@id":"https:\/\/www.eldiario.net\/portal\/2022\/11\/02\/solicitan-reanudar-investigacion-a-crimenes-de-lesa-humanidad\/","url":"https:\/\/www.eldiario.net\/portal\/2022\/11\/02\/solicitan-reanudar-investigacion-a-crimenes-de-lesa-humanidad\/","name":"Solicitan reanudar investigaci\u00f3n a cr\u00edmenes de lesa humanidad - El Diario - Bolivia","isPartOf":{"@id":"https:\/\/www.eldiario.net\/portal\/#website"},"datePublished":"2022-11-02T10:05:25+00:00","breadcrumb":{"@id":"https:\/\/www.eldiario.net\/portal\/2022\/11\/02\/solicitan-reanudar-investigacion-a-crimenes-de-lesa-humanidad\/#breadcrumb"},"inLanguage":"es","potentialAction":[{"@type":"ReadAction","target":["https:\/\/www.eldiario.net\/portal\/2022\/11\/02\/solicitan-reanudar-investigacion-a-crimenes-de-lesa-humanidad\/"]}]},{"@type":"BreadcrumbList","@id":"https:\/\/www.eldiario.net\/portal\/2022\/11\/02\/solicitan-reanudar-investigacion-a-crimenes-de-lesa-humanidad\/#breadcrumb","itemListElement":[{"@type":"ListItem","position":1,"name":"Portada","item":"https:\/\/www.eldiario.net\/portal\/"},{"@type":"ListItem","position":2,"name":"Solicitan reanudar investigaci\u00f3n a cr\u00edmenes de lesa humanidad"}]},{"@type":"WebSite","@id":"https:\/\/www.eldiario.net\/portal\/#website","url":"https:\/\/www.eldiario.net\/portal\/","name":"El Diario - Decano de la prensa nacional","description":"El Diario - Decano de la prensa nacional","publisher":{"@id":"https:\/\/www.eldiario.net\/portal\/#organization"},"potentialAction":[{"@type":"SearchAction","target":{"@type":"EntryPoint","urlTemplate":"https:\/\/www.eldiario.net\/portal\/?s={search_term_string}"},"query-input":{"@type":"PropertyValueSpecification","valueRequired":true,"valueName":"search_term_string"}}],"inLanguage":"es"},{"@type":"Organization","@id":"https:\/\/www.eldiario.net\/portal\/#organization","name":"El Diario - Decano de la prensa nacional","url":"https:\/\/www.eldiario.net\/portal\/","logo":{"@type":"ImageObject","inLanguage":"es","@id":"https:\/\/www.eldiario.net\/portal\/#\/schema\/logo\/image\/","url":"https:\/\/www.eldiario.net\/portal\/wp-content\/uploads\/2023\/07\/logo_ED.jpg","contentUrl":"https:\/\/www.eldiario.net\/portal\/wp-content\/uploads\/2023\/07\/logo_ED.jpg","width":272,"height":52,"caption":"El Diario - Decano de la prensa nacional"},"image":{"@id":"https:\/\/www.eldiario.net\/portal\/#\/schema\/logo\/image\/"},"sameAs":["https:\/\/www.facebook.com\/eldiario.bolivia\/","https:\/\/x.com\/eldiario_net"]},{"@type":"Person","@id":"https:\/\/www.eldiario.net\/portal\/#\/schema\/person\/f46445640444750d7d753ccd04ae01b7","name":"Jeanette","image":{"@type":"ImageObject","inLanguage":"es","@id":"https:\/\/secure.gravatar.com\/avatar\/3ea2118a5f7dad2b7138b1187a6b7ee55f160b9968b66013c3a3ef39dd7e5798?s=96&d=mm&r=g","url":"https:\/\/secure.gravatar.com\/avatar\/3ea2118a5f7dad2b7138b1187a6b7ee55f160b9968b66013c3a3ef39dd7e5798?s=96&d=mm&r=g","contentUrl":"https:\/\/secure.gravatar.com\/avatar\/3ea2118a5f7dad2b7138b1187a6b7ee55f160b9968b66013c3a3ef39dd7e5798?s=96&d=mm&r=g","caption":"Jeanette"},"sameAs":["https:\/\/www.eldiario.net\/portal"],"url":"https:\/\/www.eldiario.net\/portal\/author\/jeanette\/"}]}},"_links":{"self":[{"href":"https:\/\/www.eldiario.net\/portal\/wp-json\/wp\/v2\/posts\/119835","targetHints":{"allow":["GET"]}}],"collection":[{"href":"https:\/\/www.eldiario.net\/portal\/wp-json\/wp\/v2\/posts"}],"about":[{"href":"https:\/\/www.eldiario.net\/portal\/wp-json\/wp\/v2\/types\/post"}],"author":[{"embeddable":true,"href":"https:\/\/www.eldiario.net\/portal\/wp-json\/wp\/v2\/users\/1"}],"replies":[{"embeddable":true,"href":"https:\/\/www.eldiario.net\/portal\/wp-json\/wp\/v2\/comments?post=119835"}],"version-history":[{"count":0,"href":"https:\/\/www.eldiario.net\/portal\/wp-json\/wp\/v2\/posts\/119835\/revisions"}],"wp:attachment":[{"href":"https:\/\/www.eldiario.net\/portal\/wp-json\/wp\/v2\/media?parent=119835"}],"wp:term":[{"taxonomy":"category","embeddable":true,"href":"https:\/\/www.eldiario.net\/portal\/wp-json\/wp\/v2\/categories?post=119835"},{"taxonomy":"post_tag","embeddable":true,"href":"https:\/\/www.eldiario.net\/portal\/wp-json\/wp\/v2\/tags?post=119835"}],"curies":[{"name":"wp","href":"https:\/\/api.w.org\/{rel}","templated":true}]}}