{"id":119832,"date":"2022-11-02T06:04:58","date_gmt":"2022-11-02T10:04:58","guid":{"rendered":"https:\/\/www.eldiario.net\/portal\/?p=119832"},"modified":"2022-11-02T06:04:58","modified_gmt":"2022-11-02T10:04:58","slug":"comibol-usa-relleno-seco-en-hundimiento-del-cerro-rico","status":"publish","type":"post","link":"https:\/\/www.eldiario.net\/portal\/2022\/11\/02\/comibol-usa-relleno-seco-en-hundimiento-del-cerro-rico\/","title":{"rendered":"Comibol usa relleno seco en hundimiento del Cerro Rico"},"content":{"rendered":"<p class=\"v1MsoNormal\">Una hilera de volquetas de alto tonelaje comenz\u00f3 a vaciar con relleno seco \u2013material rocoso en desuso\u2013 en el hundimiento n\u00famero 3, uno de los m\u00e1s significativos, detectados en la c\u00faspide del Cerro Rico de Potos\u00ed, inform\u00f3 el gerente regional de la Corporaci\u00f3n Minera de Bolivia (Comibol), Ramil Silvestre.<\/p>\n<p class=\"v1MsoNormal\">Las operaciones de intervenci\u00f3n arrancaron el 31 de octubre, una fecha conmemorativa a la nacionalizaci\u00f3n de las minas y, homenaje al trabajador minero. En este sentido la gerencia regional Potos\u00ed, ech\u00f3 candado a los festejos, y opt\u00f3 por ponerse manos a la obra para resolver un problema que data de hace d\u00e9cadas.<\/p>\n<p class=\"v1MsoNormal\">El hundimiento n\u00famero tres requerir\u00e1, aproximadamente entre 59 a 60 mil metros c\u00fabicos de relleno seco, lo que implicar\u00e1 movilizar m\u00e1s de 2.000 volquetas. Este desaf\u00edo gerencial arranc\u00f3 este 31 de octubre, y no parar\u00e1 hasta alcanzar el objetivo, mitigar completamente la falla geol\u00f3gica y, asegurar un proceso gradual, pero sostenido, de estabilizaci\u00f3n estructural de la roca en la c\u00faspide, se\u00f1al\u00f3 el directivo gerencial.<\/p>\n<p class=\"v1MsoNormal\">\u201cEs la primera volqueta de alto tonelaje que llega a la c\u00faspide del Cerro Rico despu\u00e9s de seis a\u00f1os y medio cuando la estatal minera intervino tambi\u00e9n con relleno seco el hundimiento No. 1\u201d, se\u00f1al\u00f3 el ge\u00f3logo de la estatal minera y responsable del proyecto, Gregorio Soca\u00f1o Coro.<\/p>\n<p class=\"v1MsoNormal\">Para rellenar por completo el hundimiento tendr\u00e1 que pasar al menos cinco meses y, todo hace predecir, que incluso podr\u00eda acortarse los plazos, ya que existe premura para resolver el problema, coment\u00f3 Soca\u00f1o. Para llegar a la c\u00faspide, la Comibol habilit\u00f3 una v\u00eda alterna capaz de prestar un rodamiento, seguro y adecuado, a las volquetas de alto tonelaje.<\/p>\n<p class=\"v1MsoNormal\">La Gobernaci\u00f3n de Potos\u00ed, a trav\u00e9s del Servicio Departamental de Caminos (Sedcam), prest\u00f3 en este sentido, valiosa colaboraci\u00f3n para que los accesos est\u00e9n listos en tiempo y plazos pre establecidos, coment\u00f3 Soca\u00f1o. Las volquetas llevan material desde la zona de Garita Surco, en la base Pailaviri del Cerro Rico de Potos\u00ed. Recorren aproximadamente entre 8 a 9 kil\u00f3metros de distancia hasta la c\u00faspide del macizo de plata y demorar\u00e1n entre 45 a 50 minutos, aproximadamente, describi\u00f3 el ingeniero responsable del proyecto. \u00b4<\/p>\n<p class=\"v1MsoNormal\">Hasta ahora la Comibol logr\u00f3 mitigar, por lo menos, 15 de 113 incidencias geol\u00f3gicas detectadas oficialmente con relleno seco. A lo largo de la presente gesti\u00f3n, la gerencia viene interviniendo los problemas estructurales del Cerro Rico con decisiones puntuales orientadas en dos \u00e1mbitos estrat\u00e9gicos.<\/p>\n<p class=\"v1MsoNormal\">La urgencia de intervenir los hundimientos en el Cerro Rico mitigar las incidencias m\u00e1s significativas, precipit\u00f3 tambi\u00e9n decisiones inteligentes las fisuras, y el relleno seco, fue elegido como t\u00e9cnica apropiada por haber sido catalogada de bajo costo, accesible y soluci\u00f3n efectiva para intervenir incidencias de grandes dimensiones.<\/p>\n<p class=\"v1MsoNormal\">Los ingenieros de la Corporaci\u00f3n Minera de Bolivia (Comibol) Regional Potos\u00ed, explicaron que la t\u00e9cnica es conocida como \u201crock fill\u201d, no utiliza agua y requiere para emplearse, desechos de lixiviaci\u00f3n metal\u00fargicos o simplemente, materiales rocoso granulado proveniente de dep\u00f3sitos en desuso que existen en el mismo Cerro Rico.<\/p>\n<p class=\"v1MsoNormal\">La t\u00e9cnica adem\u00e1s es econ\u00f3mica ya que no requiere adicionar ning\u00fan aditivo, tampoco necesita personal especializado para aplicarlo y el transporte del material requiere solo volquetas y palas, es decir, maquinaria pesada, mencionaron las cualidades que tiene. Para demostrar que el relleno seco funciona, los ingenieros evaluaron tambi\u00e9n el comportamiento del hundimiento No. 1 que el a\u00f1o 2015 fue intervenido para evitar el deterioro morfol\u00f3gico de la c\u00faspide del Cerro Rico.<\/p>\n<p class=\"v1MsoNormal\">En el laboratorio del Servicio Departamental de Caminos de Potos\u00ed (Sedcam), los ingenieros realizaron un estudio minucioso del comportamiento que mostr\u00f3 el relleno seco en el hundimiento No. 1, en tiempo de lluvia y \u00e9poca seca. Evaluaron los materiales utilizados en dos \u00e1reas: sostenimiento por refuerzo y sostenimiento por soporte, para conocer el comportamiento de los anclajes por adherencia, y por fricci\u00f3n que podr\u00edan mostrar en los hundimientos.<\/p>\n<p class=\"v1MsoNormal\">El relleno seco evit\u00f3 en el hundimiento No.1 el deterioro de la c\u00faspide del Cerro y para alcanzar resultados necesit\u00f3 varias etapas de consolidaci\u00f3n. En la actualidad el proceso est\u00e1 en fase de pre consolidaci\u00f3n, que equivale a decir, termin\u00f3 y alcanz\u00f3 los resultados esperados, indicaron los profesionales. Lo que har\u00e1 la empresa es cubrir el relleno con una capa de arcilla y materia org\u00e1nica para que exista regeneraci\u00f3n vegetal\u00a0 en el cerro. (Br\u00fajula Digital)<\/p>\n","protected":false},"excerpt":{"rendered":"<p>Una hilera de volquetas de alto tonelaje comenz\u00f3 a vaciar con relleno seco \u2013material rocoso en desuso\u2013 en el hundimiento n\u00famero 3, uno de los m\u00e1s significativos, detectados en la c\u00faspide del Cerro Rico de Potos\u00ed, inform\u00f3 el gerente regional de la Corporaci\u00f3n Minera de Bolivia (Comibol), Ramil Silvestre. Las operaciones de intervenci\u00f3n arrancaron el [&hellip;]<\/p>\n","protected":false},"author":1,"featured_media":119833,"comment_status":"closed","ping_status":"closed","sticky":false,"template":"","format":"standard","meta":{"_acf_changed":false,"footnotes":""},"categories":[15],"tags":[],"class_list":["post-119832","post","type-post","status-publish","format-standard","has-post-thumbnail","category-portada"],"acf":{"antetitulo":""},"yoast_head":"<!-- This site is optimized with the Yoast SEO plugin v28.4 - https:\/\/yoast.com\/product\/yoast-seo-wordpress\/ -->\n<title>Comibol usa relleno seco en hundimiento del Cerro Rico - El Diario - Bolivia<\/title>\n<meta name=\"robots\" content=\"index, follow, max-snippet:-1, max-image-preview:large, max-video-preview:-1\" \/>\n<link rel=\"canonical\" href=\"https:\/\/www.eldiario.net\/portal\/2022\/11\/02\/comibol-usa-relleno-seco-en-hundimiento-del-cerro-rico\/\" \/>\n<meta property=\"og:locale\" content=\"es_ES\" \/>\n<meta property=\"og:type\" content=\"article\" \/>\n<meta property=\"og:title\" content=\"Comibol usa relleno seco en hundimiento del Cerro Rico - El Diario - Bolivia\" \/>\n<meta property=\"og:description\" content=\"Una hilera de volquetas de alto tonelaje comenz\u00f3 a vaciar con relleno seco \u2013material rocoso en desuso\u2013 en el hundimiento n\u00famero 3, uno de los m\u00e1s significativos, detectados en la c\u00faspide del Cerro Rico de Potos\u00ed, inform\u00f3 el gerente regional de la Corporaci\u00f3n Minera de Bolivia (Comibol), Ramil Silvestre. Las operaciones de intervenci\u00f3n arrancaron el [&hellip;]\" \/>\n<meta property=\"og:url\" content=\"https:\/\/www.eldiario.net\/portal\/2022\/11\/02\/comibol-usa-relleno-seco-en-hundimiento-del-cerro-rico\/\" \/>\n<meta property=\"og:site_name\" content=\"El Diario - Bolivia\" \/>\n<meta property=\"article:publisher\" content=\"https:\/\/www.facebook.com\/eldiario.bolivia\/\" \/>\n<meta property=\"article:published_time\" content=\"2022-11-02T10:04:58+00:00\" \/>\n<meta name=\"author\" content=\"Jeanette\" \/>\n<meta name=\"twitter:card\" content=\"summary_large_image\" \/>\n<meta name=\"twitter:creator\" content=\"@eldiario_net\" \/>\n<meta name=\"twitter:site\" content=\"@eldiario_net\" \/>\n<meta name=\"twitter:label1\" content=\"Escrito por\" \/>\n\t<meta name=\"twitter:data1\" content=\"Jeanette\" \/>\n\t<meta name=\"twitter:label2\" content=\"Tiempo de lectura\" \/>\n\t<meta name=\"twitter:data2\" content=\"4 minutos\" \/>\n<script type=\"application\/ld+json\" class=\"yoast-schema-graph\">{\"@context\":\"https:\\\/\\\/schema.org\",\"@graph\":[{\"@type\":\"Article\",\"@id\":\"https:\\\/\\\/www.eldiario.net\\\/portal\\\/2022\\\/11\\\/02\\\/comibol-usa-relleno-seco-en-hundimiento-del-cerro-rico\\\/#article\",\"isPartOf\":{\"@id\":\"https:\\\/\\\/www.eldiario.net\\\/portal\\\/2022\\\/11\\\/02\\\/comibol-usa-relleno-seco-en-hundimiento-del-cerro-rico\\\/\"},\"author\":{\"name\":\"Jeanette\",\"@id\":\"https:\\\/\\\/www.eldiario.net\\\/portal\\\/#\\\/schema\\\/person\\\/f46445640444750d7d753ccd04ae01b7\"},\"headline\":\"Comibol usa relleno seco en hundimiento del Cerro Rico\",\"datePublished\":\"2022-11-02T10:04:58+00:00\",\"mainEntityOfPage\":{\"@id\":\"https:\\\/\\\/www.eldiario.net\\\/portal\\\/2022\\\/11\\\/02\\\/comibol-usa-relleno-seco-en-hundimiento-del-cerro-rico\\\/\"},\"wordCount\":760,\"publisher\":{\"@id\":\"https:\\\/\\\/www.eldiario.net\\\/portal\\\/#organization\"},\"image\":{\"@id\":\"https:\\\/\\\/www.eldiario.net\\\/portal\\\/2022\\\/11\\\/02\\\/comibol-usa-relleno-seco-en-hundimiento-del-cerro-rico\\\/#primaryimage\"},\"thumbnailUrl\":\"\",\"articleSection\":[\"Portada\"],\"inLanguage\":\"es\"},{\"@type\":\"WebPage\",\"@id\":\"https:\\\/\\\/www.eldiario.net\\\/portal\\\/2022\\\/11\\\/02\\\/comibol-usa-relleno-seco-en-hundimiento-del-cerro-rico\\\/\",\"url\":\"https:\\\/\\\/www.eldiario.net\\\/portal\\\/2022\\\/11\\\/02\\\/comibol-usa-relleno-seco-en-hundimiento-del-cerro-rico\\\/\",\"name\":\"Comibol usa relleno seco en hundimiento del Cerro Rico - El Diario - Bolivia\",\"isPartOf\":{\"@id\":\"https:\\\/\\\/www.eldiario.net\\\/portal\\\/#website\"},\"primaryImageOfPage\":{\"@id\":\"https:\\\/\\\/www.eldiario.net\\\/portal\\\/2022\\\/11\\\/02\\\/comibol-usa-relleno-seco-en-hundimiento-del-cerro-rico\\\/#primaryimage\"},\"image\":{\"@id\":\"https:\\\/\\\/www.eldiario.net\\\/portal\\\/2022\\\/11\\\/02\\\/comibol-usa-relleno-seco-en-hundimiento-del-cerro-rico\\\/#primaryimage\"},\"thumbnailUrl\":\"\",\"datePublished\":\"2022-11-02T10:04:58+00:00\",\"breadcrumb\":{\"@id\":\"https:\\\/\\\/www.eldiario.net\\\/portal\\\/2022\\\/11\\\/02\\\/comibol-usa-relleno-seco-en-hundimiento-del-cerro-rico\\\/#breadcrumb\"},\"inLanguage\":\"es\",\"potentialAction\":[{\"@type\":\"ReadAction\",\"target\":[\"https:\\\/\\\/www.eldiario.net\\\/portal\\\/2022\\\/11\\\/02\\\/comibol-usa-relleno-seco-en-hundimiento-del-cerro-rico\\\/\"]}]},{\"@type\":\"ImageObject\",\"inLanguage\":\"es\",\"@id\":\"https:\\\/\\\/www.eldiario.net\\\/portal\\\/2022\\\/11\\\/02\\\/comibol-usa-relleno-seco-en-hundimiento-del-cerro-rico\\\/#primaryimage\",\"url\":\"\",\"contentUrl\":\"\"},{\"@type\":\"BreadcrumbList\",\"@id\":\"https:\\\/\\\/www.eldiario.net\\\/portal\\\/2022\\\/11\\\/02\\\/comibol-usa-relleno-seco-en-hundimiento-del-cerro-rico\\\/#breadcrumb\",\"itemListElement\":[{\"@type\":\"ListItem\",\"position\":1,\"name\":\"Portada\",\"item\":\"https:\\\/\\\/www.eldiario.net\\\/portal\\\/\"},{\"@type\":\"ListItem\",\"position\":2,\"name\":\"Comibol usa relleno seco en hundimiento del Cerro Rico\"}]},{\"@type\":\"WebSite\",\"@id\":\"https:\\\/\\\/www.eldiario.net\\\/portal\\\/#website\",\"url\":\"https:\\\/\\\/www.eldiario.net\\\/portal\\\/\",\"name\":\"El Diario - Decano de la prensa nacional\",\"description\":\"El Diario - Decano de la prensa nacional\",\"publisher\":{\"@id\":\"https:\\\/\\\/www.eldiario.net\\\/portal\\\/#organization\"},\"potentialAction\":[{\"@type\":\"SearchAction\",\"target\":{\"@type\":\"EntryPoint\",\"urlTemplate\":\"https:\\\/\\\/www.eldiario.net\\\/portal\\\/?s={search_term_string}\"},\"query-input\":{\"@type\":\"PropertyValueSpecification\",\"valueRequired\":true,\"valueName\":\"search_term_string\"}}],\"inLanguage\":\"es\"},{\"@type\":\"Organization\",\"@id\":\"https:\\\/\\\/www.eldiario.net\\\/portal\\\/#organization\",\"name\":\"El Diario - Decano de la prensa nacional\",\"url\":\"https:\\\/\\\/www.eldiario.net\\\/portal\\\/\",\"logo\":{\"@type\":\"ImageObject\",\"inLanguage\":\"es\",\"@id\":\"https:\\\/\\\/www.eldiario.net\\\/portal\\\/#\\\/schema\\\/logo\\\/image\\\/\",\"url\":\"https:\\\/\\\/www.eldiario.net\\\/portal\\\/wp-content\\\/uploads\\\/2023\\\/07\\\/logo_ED.jpg\",\"contentUrl\":\"https:\\\/\\\/www.eldiario.net\\\/portal\\\/wp-content\\\/uploads\\\/2023\\\/07\\\/logo_ED.jpg\",\"width\":272,\"height\":52,\"caption\":\"El Diario - Decano de la prensa nacional\"},\"image\":{\"@id\":\"https:\\\/\\\/www.eldiario.net\\\/portal\\\/#\\\/schema\\\/logo\\\/image\\\/\"},\"sameAs\":[\"https:\\\/\\\/www.facebook.com\\\/eldiario.bolivia\\\/\",\"https:\\\/\\\/x.com\\\/eldiario_net\"]},{\"@type\":\"Person\",\"@id\":\"https:\\\/\\\/www.eldiario.net\\\/portal\\\/#\\\/schema\\\/person\\\/f46445640444750d7d753ccd04ae01b7\",\"name\":\"Jeanette\",\"image\":{\"@type\":\"ImageObject\",\"inLanguage\":\"es\",\"@id\":\"https:\\\/\\\/secure.gravatar.com\\\/avatar\\\/3ea2118a5f7dad2b7138b1187a6b7ee55f160b9968b66013c3a3ef39dd7e5798?s=96&d=mm&r=g\",\"url\":\"https:\\\/\\\/secure.gravatar.com\\\/avatar\\\/3ea2118a5f7dad2b7138b1187a6b7ee55f160b9968b66013c3a3ef39dd7e5798?s=96&d=mm&r=g\",\"contentUrl\":\"https:\\\/\\\/secure.gravatar.com\\\/avatar\\\/3ea2118a5f7dad2b7138b1187a6b7ee55f160b9968b66013c3a3ef39dd7e5798?s=96&d=mm&r=g\",\"caption\":\"Jeanette\"},\"sameAs\":[\"https:\\\/\\\/www.eldiario.net\\\/portal\"],\"url\":\"https:\\\/\\\/www.eldiario.net\\\/portal\\\/author\\\/jeanette\\\/\"}]}<\/script>\n<!-- \/ Yoast SEO plugin. -->","yoast_head_json":{"title":"Comibol usa relleno seco en hundimiento del Cerro Rico - El Diario - Bolivia","robots":{"index":"index","follow":"follow","max-snippet":"max-snippet:-1","max-image-preview":"max-image-preview:large","max-video-preview":"max-video-preview:-1"},"canonical":"https:\/\/www.eldiario.net\/portal\/2022\/11\/02\/comibol-usa-relleno-seco-en-hundimiento-del-cerro-rico\/","og_locale":"es_ES","og_type":"article","og_title":"Comibol usa relleno seco en hundimiento del Cerro Rico - El Diario - Bolivia","og_description":"Una hilera de volquetas de alto tonelaje comenz\u00f3 a vaciar con relleno seco \u2013material rocoso en desuso\u2013 en el hundimiento n\u00famero 3, uno de los m\u00e1s significativos, detectados en la c\u00faspide del Cerro Rico de Potos\u00ed, inform\u00f3 el gerente regional de la Corporaci\u00f3n Minera de Bolivia (Comibol), Ramil Silvestre. Las operaciones de intervenci\u00f3n arrancaron el [&hellip;]","og_url":"https:\/\/www.eldiario.net\/portal\/2022\/11\/02\/comibol-usa-relleno-seco-en-hundimiento-del-cerro-rico\/","og_site_name":"El Diario - Bolivia","article_publisher":"https:\/\/www.facebook.com\/eldiario.bolivia\/","article_published_time":"2022-11-02T10:04:58+00:00","author":"Jeanette","twitter_card":"summary_large_image","twitter_creator":"@eldiario_net","twitter_site":"@eldiario_net","twitter_misc":{"Escrito por":"Jeanette","Tiempo de lectura":"4 minutos"},"schema":{"@context":"https:\/\/schema.org","@graph":[{"@type":"Article","@id":"https:\/\/www.eldiario.net\/portal\/2022\/11\/02\/comibol-usa-relleno-seco-en-hundimiento-del-cerro-rico\/#article","isPartOf":{"@id":"https:\/\/www.eldiario.net\/portal\/2022\/11\/02\/comibol-usa-relleno-seco-en-hundimiento-del-cerro-rico\/"},"author":{"name":"Jeanette","@id":"https:\/\/www.eldiario.net\/portal\/#\/schema\/person\/f46445640444750d7d753ccd04ae01b7"},"headline":"Comibol usa relleno seco en hundimiento del Cerro Rico","datePublished":"2022-11-02T10:04:58+00:00","mainEntityOfPage":{"@id":"https:\/\/www.eldiario.net\/portal\/2022\/11\/02\/comibol-usa-relleno-seco-en-hundimiento-del-cerro-rico\/"},"wordCount":760,"publisher":{"@id":"https:\/\/www.eldiario.net\/portal\/#organization"},"image":{"@id":"https:\/\/www.eldiario.net\/portal\/2022\/11\/02\/comibol-usa-relleno-seco-en-hundimiento-del-cerro-rico\/#primaryimage"},"thumbnailUrl":"","articleSection":["Portada"],"inLanguage":"es"},{"@type":"WebPage","@id":"https:\/\/www.eldiario.net\/portal\/2022\/11\/02\/comibol-usa-relleno-seco-en-hundimiento-del-cerro-rico\/","url":"https:\/\/www.eldiario.net\/portal\/2022\/11\/02\/comibol-usa-relleno-seco-en-hundimiento-del-cerro-rico\/","name":"Comibol usa relleno seco en hundimiento del Cerro Rico - El Diario - Bolivia","isPartOf":{"@id":"https:\/\/www.eldiario.net\/portal\/#website"},"primaryImageOfPage":{"@id":"https:\/\/www.eldiario.net\/portal\/2022\/11\/02\/comibol-usa-relleno-seco-en-hundimiento-del-cerro-rico\/#primaryimage"},"image":{"@id":"https:\/\/www.eldiario.net\/portal\/2022\/11\/02\/comibol-usa-relleno-seco-en-hundimiento-del-cerro-rico\/#primaryimage"},"thumbnailUrl":"","datePublished":"2022-11-02T10:04:58+00:00","breadcrumb":{"@id":"https:\/\/www.eldiario.net\/portal\/2022\/11\/02\/comibol-usa-relleno-seco-en-hundimiento-del-cerro-rico\/#breadcrumb"},"inLanguage":"es","potentialAction":[{"@type":"ReadAction","target":["https:\/\/www.eldiario.net\/portal\/2022\/11\/02\/comibol-usa-relleno-seco-en-hundimiento-del-cerro-rico\/"]}]},{"@type":"ImageObject","inLanguage":"es","@id":"https:\/\/www.eldiario.net\/portal\/2022\/11\/02\/comibol-usa-relleno-seco-en-hundimiento-del-cerro-rico\/#primaryimage","url":"","contentUrl":""},{"@type":"BreadcrumbList","@id":"https:\/\/www.eldiario.net\/portal\/2022\/11\/02\/comibol-usa-relleno-seco-en-hundimiento-del-cerro-rico\/#breadcrumb","itemListElement":[{"@type":"ListItem","position":1,"name":"Portada","item":"https:\/\/www.eldiario.net\/portal\/"},{"@type":"ListItem","position":2,"name":"Comibol usa relleno seco en hundimiento del Cerro Rico"}]},{"@type":"WebSite","@id":"https:\/\/www.eldiario.net\/portal\/#website","url":"https:\/\/www.eldiario.net\/portal\/","name":"El Diario - Decano de la prensa nacional","description":"El Diario - Decano de la prensa nacional","publisher":{"@id":"https:\/\/www.eldiario.net\/portal\/#organization"},"potentialAction":[{"@type":"SearchAction","target":{"@type":"EntryPoint","urlTemplate":"https:\/\/www.eldiario.net\/portal\/?s={search_term_string}"},"query-input":{"@type":"PropertyValueSpecification","valueRequired":true,"valueName":"search_term_string"}}],"inLanguage":"es"},{"@type":"Organization","@id":"https:\/\/www.eldiario.net\/portal\/#organization","name":"El Diario - Decano de la prensa nacional","url":"https:\/\/www.eldiario.net\/portal\/","logo":{"@type":"ImageObject","inLanguage":"es","@id":"https:\/\/www.eldiario.net\/portal\/#\/schema\/logo\/image\/","url":"https:\/\/www.eldiario.net\/portal\/wp-content\/uploads\/2023\/07\/logo_ED.jpg","contentUrl":"https:\/\/www.eldiario.net\/portal\/wp-content\/uploads\/2023\/07\/logo_ED.jpg","width":272,"height":52,"caption":"El Diario - Decano de la prensa nacional"},"image":{"@id":"https:\/\/www.eldiario.net\/portal\/#\/schema\/logo\/image\/"},"sameAs":["https:\/\/www.facebook.com\/eldiario.bolivia\/","https:\/\/x.com\/eldiario_net"]},{"@type":"Person","@id":"https:\/\/www.eldiario.net\/portal\/#\/schema\/person\/f46445640444750d7d753ccd04ae01b7","name":"Jeanette","image":{"@type":"ImageObject","inLanguage":"es","@id":"https:\/\/secure.gravatar.com\/avatar\/3ea2118a5f7dad2b7138b1187a6b7ee55f160b9968b66013c3a3ef39dd7e5798?s=96&d=mm&r=g","url":"https:\/\/secure.gravatar.com\/avatar\/3ea2118a5f7dad2b7138b1187a6b7ee55f160b9968b66013c3a3ef39dd7e5798?s=96&d=mm&r=g","contentUrl":"https:\/\/secure.gravatar.com\/avatar\/3ea2118a5f7dad2b7138b1187a6b7ee55f160b9968b66013c3a3ef39dd7e5798?s=96&d=mm&r=g","caption":"Jeanette"},"sameAs":["https:\/\/www.eldiario.net\/portal"],"url":"https:\/\/www.eldiario.net\/portal\/author\/jeanette\/"}]}},"_links":{"self":[{"href":"https:\/\/www.eldiario.net\/portal\/wp-json\/wp\/v2\/posts\/119832","targetHints":{"allow":["GET"]}}],"collection":[{"href":"https:\/\/www.eldiario.net\/portal\/wp-json\/wp\/v2\/posts"}],"about":[{"href":"https:\/\/www.eldiario.net\/portal\/wp-json\/wp\/v2\/types\/post"}],"author":[{"embeddable":true,"href":"https:\/\/www.eldiario.net\/portal\/wp-json\/wp\/v2\/users\/1"}],"replies":[{"embeddable":true,"href":"https:\/\/www.eldiario.net\/portal\/wp-json\/wp\/v2\/comments?post=119832"}],"version-history":[{"count":0,"href":"https:\/\/www.eldiario.net\/portal\/wp-json\/wp\/v2\/posts\/119832\/revisions"}],"wp:attachment":[{"href":"https:\/\/www.eldiario.net\/portal\/wp-json\/wp\/v2\/media?parent=119832"}],"wp:term":[{"taxonomy":"category","embeddable":true,"href":"https:\/\/www.eldiario.net\/portal\/wp-json\/wp\/v2\/categories?post=119832"},{"taxonomy":"post_tag","embeddable":true,"href":"https:\/\/www.eldiario.net\/portal\/wp-json\/wp\/v2\/tags?post=119832"}],"curies":[{"name":"wp","href":"https:\/\/api.w.org\/{rel}","templated":true}]}}