{"id":119823,"date":"2022-11-02T06:01:08","date_gmt":"2022-11-02T10:01:08","guid":{"rendered":"https:\/\/www.eldiario.net\/portal\/?p=119823"},"modified":"2022-11-02T06:01:08","modified_gmt":"2022-11-02T10:01:08","slug":"posesion-de-nuevo-mando-militar-va-aparejado-a-probable-represion","status":"publish","type":"post","link":"https:\/\/www.eldiario.net\/portal\/2022\/11\/02\/posesion-de-nuevo-mando-militar-va-aparejado-a-probable-represion\/","title":{"rendered":"Posesi\u00f3n de nuevo Mando Militar  va aparejado a probable represi\u00f3n"},"content":{"rendered":"<p>Despu\u00e9s que el presidente, Luis Arce, posesion\u00f3 al nuevo Mando Militar, el coronel en servicio pasivo del Ej\u00e9rcito y abogado, Jorge Santistevan, manifest\u00f3 a EL DIARIO que el cambio va aparejado presuntamente a una represi\u00f3n, tomando en cuenta que el pa\u00eds atraviesa una crisis social.<br \/>\n\u201cLlama la atenci\u00f3n el cambio en una situaci\u00f3n delicada (\u2026), es una l\u00ednea dura, radical y de alta confianza del presidente Luis Arce, seguramente el relevo que se ha producido era necesario para adoptar ciertas medidas (\u2026) en Santa Cruz hay una protesta de caracter\u00edsticas donde el ciudadano se siente comprometido con su accionar (\u2026), este mando duro y radical, en vez de tomar acciones que vayan a paliar y llegar a la pacificaci\u00f3n a trav\u00e9s de los m\u00e9todos de resoluci\u00f3n de conflictos como el di\u00e1logo y el consenso, su accionar va aparejado de una represi\u00f3n sistem\u00e1tica con organizaciones o afines y financiadas por el partido de gobierno\u201d, dijo.<br \/>\nEl nuevo Mando Militar posesionado ayer est\u00e1 constituido por el Comandante en Jefe de las Fuerzas Armadas, Gral. del Ej\u00e9rcito Hugo Eduardo Arandia L\u00f3pez. Jefe del Estado Mayor Gral. Accidental del Comando en Jefe de las Fuerzas Armadas; contraalmirante Gonzalo V\u00edctor Vigabriel S\u00e1nchez. Comandante Gral. Accidental del Ej\u00e9rcito de Bolivia, Gral. de Brigada Juan Jos\u00e9 Z\u00fa\u00f1iga Mac\u00edas. Comandante Gral. Accidental de la Fuerza A\u00e9rea Boliviana, Gral. de Brigada A\u00e9rea Marcelo Javier Zegarra Guti\u00e9rrez. Comandante Gral. Accidental de la Armada Boliviana, Contraalmirante Juan Arn\u00e9s Salvador.<br \/>\nSantistevan aclar\u00f3 que el cambio tendr\u00e1 tambi\u00e9n repercusiones pol\u00edticas porque el actual Comandante del Ej\u00e9rcito fue denunciado por el jefe del Movimiento al Socialismo (MAS), Evo Morales, de estar detr\u00e1s de un \u201cplan negro\u201d.<br \/>\n\u201cCuando vemos al general Z\u00fa\u00f1iga como comandante del Ej\u00e9rcito, el hombre a quien Evo Morales acusa del promotor de su persecuci\u00f3n pol\u00edtica e investigaci\u00f3n en franca vulneraci\u00f3n de su intimidad mediante la ejecuci\u00f3n del plan negro, habr\u00eda que preguntarse, c\u00f3mo asimilar\u00e1 Evo Morales esta designaci\u00f3n de Z\u00fa\u00f1iga y cu\u00e1l ser\u00e1 su reacci\u00f3n\u201d, asever\u00f3.<br \/>\nEl jurista aclar\u00f3 que las nuevas autoridades castrenses, principalmente Arandia y Z\u00fa\u00f1iga, son calificadas como \u201cradicales\u201d por su accionar dentro de la instituci\u00f3n militar, ya que cuando ellos estaban al mando hubo situaciones de arbitrariedad en la instituci\u00f3n militar y de excesos en el ejercicio del mando como en la aplicaci\u00f3n de las leyes y reglamentos militares.<br \/>\n\u201cEs una desventaja para el Presidente, y si \u00e9l considera lo contrario porque son gente de su confianza, se equivoca, solo cabe preguntarse \u00bfqu\u00e9 dir\u00e1 el mando intermedio, medio y los subalternos?, \u00bfestar\u00e1n conformes? Claro que no, cuando la carrera militar est\u00e1 desvirtuada porque los ascensos y cargos se dan por el grado de influencia que puedan tener dentro del M\u00c1S y padrinazgo del gobernante actual. Estas aristas se deben considerar en una situaci\u00f3n delicada como la actual en el pa\u00eds\u201d, asever\u00f3.<\/p>\n<p>SIN ALTERNANCIA<br \/>\nPor otro lado, el abogado y exmilitar, Omar Dur\u00e1n, advirti\u00f3 que con la posesi\u00f3n del general Arandia se volvi\u00f3 a vulnerar el principio de alternancia en esa instituci\u00f3n.<br \/>\nDur\u00e1n advirti\u00f3 que el nuevo Comandante en Jefe de las FFAA deb\u00eda ser un jefe de la Armada Bolivia, ya que la \u00faltima autoridad de esta fuerza que ocup\u00f3 ese cargo fue el almirante Yamil Borda, en 2017.<br \/>\n\u201cLa Armada Boliviana ha sido relegada y discriminada y no s\u00f3lo en este periodo, ya por tercera vez es relegada. Entonces la alternabilidad ha habido entre el Ej\u00e9rcito y la Fuerza A\u00e9rea, dos veces para el Ej\u00e9rcito y una para la Fuerza A\u00e9rea y otra vez se ve que el Ej\u00e9rcito toma el mando a trav\u00e9s del general Arandia\u201d, declar\u00f3 Dur\u00e1n.<\/p>\n<p>CONSTITUCI\u00d3N<br \/>\nPor otro lado, al momento de la posesi\u00f3n, el presidente Arce destac\u00f3 que el cambio se da en el marco de la Constituci\u00f3n Pol\u00edtica del Estado que le otorga atribuciones con apego riguroso a la institucionalizaci\u00f3n de las Fuerzas Armadas.<br \/>\n\u201cLas Fuerzas Armadas en los \u00faltimos a\u00f1os ha destacado por su apoyo decisivo al pueblo boliviano para superarse a los efectos de la pandemia covid 19, para reencaminar al pa\u00eds hacia la recuperaci\u00f3n econ\u00f3mica y para restaurar la estabilidad pol\u00edtica de nuestra sociedad respetando y defendiendo los resultados de las elecciones del 18 de octubre de 2020 en las cuales m\u00e1s del 55% de la poblaci\u00f3n boliviana vot\u00f3 por la recuperaci\u00f3n de la democracia y la soberan\u00eda\u201d, dijo.<br \/>\nRecord\u00f3 que la misi\u00f3n constitucional de las Fuerzas Armadas es garantizar y defender la independencia la unidad y la integridad del territorio de la patria.<br \/>\n\u201cHoy Bolivia se encuentra nuevamente amenazada por aquellos que incapaces de aportar a la democracia apuestan hoy por la confrontaci\u00f3n y la violencia poniendo en peligro la convivencia democr\u00e1tica entre bolivianos\u201d, remarc\u00f3.<br \/>\nPor su parte, Arandia L\u00f3pez se\u00f1al\u00f3 que la conducta de las Fuerzas Armadas como instituci\u00f3n fundamental y permanente del Estado estar\u00e1 enmarcada en la l\u00ednea de la \u201cobediencia constitucional de la leyes y adem\u00e1s de las disposiciones y \u00f3rdenes de nuestro Capit\u00e1n General\u201d.<\/p>\n","protected":false},"excerpt":{"rendered":"<p>Despu\u00e9s que el presidente, Luis Arce, posesion\u00f3 al nuevo Mando Militar, el coronel en servicio pasivo del Ej\u00e9rcito y abogado, Jorge Santistevan, manifest\u00f3 a EL DIARIO que el cambio va aparejado presuntamente a una represi\u00f3n, tomando en cuenta que el pa\u00eds atraviesa una crisis social. \u201cLlama la atenci\u00f3n el cambio en una situaci\u00f3n delicada (\u2026), [&hellip;]<\/p>\n","protected":false},"author":1,"featured_media":119824,"comment_status":"closed","ping_status":"closed","sticky":false,"template":"","format":"standard","meta":{"_acf_changed":false,"footnotes":""},"categories":[39],"tags":[],"class_list":["post-119823","post","type-post","status-publish","format-standard","has-post-thumbnail","category-sociedad"],"acf":{"antetitulo":""},"yoast_head":"<!-- This site is optimized with the Yoast SEO plugin v28.4 - https:\/\/yoast.com\/product\/yoast-seo-wordpress\/ -->\n<title>Posesi\u00f3n de nuevo Mando Militar va aparejado a probable represi\u00f3n - El Diario - Bolivia<\/title>\n<meta name=\"robots\" content=\"index, follow, max-snippet:-1, max-image-preview:large, max-video-preview:-1\" \/>\n<link rel=\"canonical\" href=\"https:\/\/www.eldiario.net\/portal\/2022\/11\/02\/posesion-de-nuevo-mando-militar-va-aparejado-a-probable-represion\/\" \/>\n<meta property=\"og:locale\" content=\"es_ES\" \/>\n<meta property=\"og:type\" content=\"article\" \/>\n<meta property=\"og:title\" content=\"Posesi\u00f3n de nuevo Mando Militar va aparejado a probable represi\u00f3n - El Diario - Bolivia\" \/>\n<meta property=\"og:description\" content=\"Despu\u00e9s que el presidente, Luis Arce, posesion\u00f3 al nuevo Mando Militar, el coronel en servicio pasivo del Ej\u00e9rcito y abogado, Jorge Santistevan, manifest\u00f3 a EL DIARIO que el cambio va aparejado presuntamente a una represi\u00f3n, tomando en cuenta que el pa\u00eds atraviesa una crisis social. \u201cLlama la atenci\u00f3n el cambio en una situaci\u00f3n delicada (\u2026), [&hellip;]\" \/>\n<meta property=\"og:url\" content=\"https:\/\/www.eldiario.net\/portal\/2022\/11\/02\/posesion-de-nuevo-mando-militar-va-aparejado-a-probable-represion\/\" \/>\n<meta property=\"og:site_name\" content=\"El Diario - Bolivia\" \/>\n<meta property=\"article:publisher\" content=\"https:\/\/www.facebook.com\/eldiario.bolivia\/\" \/>\n<meta property=\"article:published_time\" content=\"2022-11-02T10:01:08+00:00\" \/>\n<meta name=\"author\" content=\"Jeanette\" \/>\n<meta name=\"twitter:card\" content=\"summary_large_image\" \/>\n<meta name=\"twitter:creator\" content=\"@eldiario_net\" \/>\n<meta name=\"twitter:site\" content=\"@eldiario_net\" \/>\n<meta name=\"twitter:label1\" content=\"Escrito por\" \/>\n\t<meta name=\"twitter:data1\" content=\"Jeanette\" \/>\n\t<meta name=\"twitter:label2\" content=\"Tiempo de lectura\" \/>\n\t<meta name=\"twitter:data2\" content=\"4 minutos\" \/>\n<script type=\"application\/ld+json\" class=\"yoast-schema-graph\">{\"@context\":\"https:\\\/\\\/schema.org\",\"@graph\":[{\"@type\":\"Article\",\"@id\":\"https:\\\/\\\/www.eldiario.net\\\/portal\\\/2022\\\/11\\\/02\\\/posesion-de-nuevo-mando-militar-va-aparejado-a-probable-represion\\\/#article\",\"isPartOf\":{\"@id\":\"https:\\\/\\\/www.eldiario.net\\\/portal\\\/2022\\\/11\\\/02\\\/posesion-de-nuevo-mando-militar-va-aparejado-a-probable-represion\\\/\"},\"author\":{\"name\":\"Jeanette\",\"@id\":\"https:\\\/\\\/www.eldiario.net\\\/portal\\\/#\\\/schema\\\/person\\\/f46445640444750d7d753ccd04ae01b7\"},\"headline\":\"Posesi\u00f3n de nuevo Mando Militar va aparejado a probable represi\u00f3n\",\"datePublished\":\"2022-11-02T10:01:08+00:00\",\"mainEntityOfPage\":{\"@id\":\"https:\\\/\\\/www.eldiario.net\\\/portal\\\/2022\\\/11\\\/02\\\/posesion-de-nuevo-mando-militar-va-aparejado-a-probable-represion\\\/\"},\"wordCount\":903,\"publisher\":{\"@id\":\"https:\\\/\\\/www.eldiario.net\\\/portal\\\/#organization\"},\"image\":{\"@id\":\"https:\\\/\\\/www.eldiario.net\\\/portal\\\/2022\\\/11\\\/02\\\/posesion-de-nuevo-mando-militar-va-aparejado-a-probable-represion\\\/#primaryimage\"},\"thumbnailUrl\":\"\",\"articleSection\":[\"Sociedad - Seguridad\"],\"inLanguage\":\"es\"},{\"@type\":\"WebPage\",\"@id\":\"https:\\\/\\\/www.eldiario.net\\\/portal\\\/2022\\\/11\\\/02\\\/posesion-de-nuevo-mando-militar-va-aparejado-a-probable-represion\\\/\",\"url\":\"https:\\\/\\\/www.eldiario.net\\\/portal\\\/2022\\\/11\\\/02\\\/posesion-de-nuevo-mando-militar-va-aparejado-a-probable-represion\\\/\",\"name\":\"Posesi\u00f3n de nuevo Mando Militar va aparejado a probable represi\u00f3n - El Diario - Bolivia\",\"isPartOf\":{\"@id\":\"https:\\\/\\\/www.eldiario.net\\\/portal\\\/#website\"},\"primaryImageOfPage\":{\"@id\":\"https:\\\/\\\/www.eldiario.net\\\/portal\\\/2022\\\/11\\\/02\\\/posesion-de-nuevo-mando-militar-va-aparejado-a-probable-represion\\\/#primaryimage\"},\"image\":{\"@id\":\"https:\\\/\\\/www.eldiario.net\\\/portal\\\/2022\\\/11\\\/02\\\/posesion-de-nuevo-mando-militar-va-aparejado-a-probable-represion\\\/#primaryimage\"},\"thumbnailUrl\":\"\",\"datePublished\":\"2022-11-02T10:01:08+00:00\",\"breadcrumb\":{\"@id\":\"https:\\\/\\\/www.eldiario.net\\\/portal\\\/2022\\\/11\\\/02\\\/posesion-de-nuevo-mando-militar-va-aparejado-a-probable-represion\\\/#breadcrumb\"},\"inLanguage\":\"es\",\"potentialAction\":[{\"@type\":\"ReadAction\",\"target\":[\"https:\\\/\\\/www.eldiario.net\\\/portal\\\/2022\\\/11\\\/02\\\/posesion-de-nuevo-mando-militar-va-aparejado-a-probable-represion\\\/\"]}]},{\"@type\":\"ImageObject\",\"inLanguage\":\"es\",\"@id\":\"https:\\\/\\\/www.eldiario.net\\\/portal\\\/2022\\\/11\\\/02\\\/posesion-de-nuevo-mando-militar-va-aparejado-a-probable-represion\\\/#primaryimage\",\"url\":\"\",\"contentUrl\":\"\"},{\"@type\":\"BreadcrumbList\",\"@id\":\"https:\\\/\\\/www.eldiario.net\\\/portal\\\/2022\\\/11\\\/02\\\/posesion-de-nuevo-mando-militar-va-aparejado-a-probable-represion\\\/#breadcrumb\",\"itemListElement\":[{\"@type\":\"ListItem\",\"position\":1,\"name\":\"Portada\",\"item\":\"https:\\\/\\\/www.eldiario.net\\\/portal\\\/\"},{\"@type\":\"ListItem\",\"position\":2,\"name\":\"Posesi\u00f3n de nuevo Mando Militar va aparejado a probable represi\u00f3n\"}]},{\"@type\":\"WebSite\",\"@id\":\"https:\\\/\\\/www.eldiario.net\\\/portal\\\/#website\",\"url\":\"https:\\\/\\\/www.eldiario.net\\\/portal\\\/\",\"name\":\"El Diario - Decano de la prensa nacional\",\"description\":\"El Diario - Decano de la prensa nacional\",\"publisher\":{\"@id\":\"https:\\\/\\\/www.eldiario.net\\\/portal\\\/#organization\"},\"potentialAction\":[{\"@type\":\"SearchAction\",\"target\":{\"@type\":\"EntryPoint\",\"urlTemplate\":\"https:\\\/\\\/www.eldiario.net\\\/portal\\\/?s={search_term_string}\"},\"query-input\":{\"@type\":\"PropertyValueSpecification\",\"valueRequired\":true,\"valueName\":\"search_term_string\"}}],\"inLanguage\":\"es\"},{\"@type\":\"Organization\",\"@id\":\"https:\\\/\\\/www.eldiario.net\\\/portal\\\/#organization\",\"name\":\"El Diario - Decano de la prensa nacional\",\"url\":\"https:\\\/\\\/www.eldiario.net\\\/portal\\\/\",\"logo\":{\"@type\":\"ImageObject\",\"inLanguage\":\"es\",\"@id\":\"https:\\\/\\\/www.eldiario.net\\\/portal\\\/#\\\/schema\\\/logo\\\/image\\\/\",\"url\":\"https:\\\/\\\/www.eldiario.net\\\/portal\\\/wp-content\\\/uploads\\\/2023\\\/07\\\/logo_ED.jpg\",\"contentUrl\":\"https:\\\/\\\/www.eldiario.net\\\/portal\\\/wp-content\\\/uploads\\\/2023\\\/07\\\/logo_ED.jpg\",\"width\":272,\"height\":52,\"caption\":\"El Diario - Decano de la prensa nacional\"},\"image\":{\"@id\":\"https:\\\/\\\/www.eldiario.net\\\/portal\\\/#\\\/schema\\\/logo\\\/image\\\/\"},\"sameAs\":[\"https:\\\/\\\/www.facebook.com\\\/eldiario.bolivia\\\/\",\"https:\\\/\\\/x.com\\\/eldiario_net\"]},{\"@type\":\"Person\",\"@id\":\"https:\\\/\\\/www.eldiario.net\\\/portal\\\/#\\\/schema\\\/person\\\/f46445640444750d7d753ccd04ae01b7\",\"name\":\"Jeanette\",\"image\":{\"@type\":\"ImageObject\",\"inLanguage\":\"es\",\"@id\":\"https:\\\/\\\/secure.gravatar.com\\\/avatar\\\/3ea2118a5f7dad2b7138b1187a6b7ee55f160b9968b66013c3a3ef39dd7e5798?s=96&d=mm&r=g\",\"url\":\"https:\\\/\\\/secure.gravatar.com\\\/avatar\\\/3ea2118a5f7dad2b7138b1187a6b7ee55f160b9968b66013c3a3ef39dd7e5798?s=96&d=mm&r=g\",\"contentUrl\":\"https:\\\/\\\/secure.gravatar.com\\\/avatar\\\/3ea2118a5f7dad2b7138b1187a6b7ee55f160b9968b66013c3a3ef39dd7e5798?s=96&d=mm&r=g\",\"caption\":\"Jeanette\"},\"sameAs\":[\"https:\\\/\\\/www.eldiario.net\\\/portal\"],\"url\":\"https:\\\/\\\/www.eldiario.net\\\/portal\\\/author\\\/jeanette\\\/\"}]}<\/script>\n<!-- \/ Yoast SEO plugin. -->","yoast_head_json":{"title":"Posesi\u00f3n de nuevo Mando Militar va aparejado a probable represi\u00f3n - El Diario - Bolivia","robots":{"index":"index","follow":"follow","max-snippet":"max-snippet:-1","max-image-preview":"max-image-preview:large","max-video-preview":"max-video-preview:-1"},"canonical":"https:\/\/www.eldiario.net\/portal\/2022\/11\/02\/posesion-de-nuevo-mando-militar-va-aparejado-a-probable-represion\/","og_locale":"es_ES","og_type":"article","og_title":"Posesi\u00f3n de nuevo Mando Militar va aparejado a probable represi\u00f3n - El Diario - Bolivia","og_description":"Despu\u00e9s que el presidente, Luis Arce, posesion\u00f3 al nuevo Mando Militar, el coronel en servicio pasivo del Ej\u00e9rcito y abogado, Jorge Santistevan, manifest\u00f3 a EL DIARIO que el cambio va aparejado presuntamente a una represi\u00f3n, tomando en cuenta que el pa\u00eds atraviesa una crisis social. \u201cLlama la atenci\u00f3n el cambio en una situaci\u00f3n delicada (\u2026), [&hellip;]","og_url":"https:\/\/www.eldiario.net\/portal\/2022\/11\/02\/posesion-de-nuevo-mando-militar-va-aparejado-a-probable-represion\/","og_site_name":"El Diario - Bolivia","article_publisher":"https:\/\/www.facebook.com\/eldiario.bolivia\/","article_published_time":"2022-11-02T10:01:08+00:00","author":"Jeanette","twitter_card":"summary_large_image","twitter_creator":"@eldiario_net","twitter_site":"@eldiario_net","twitter_misc":{"Escrito por":"Jeanette","Tiempo de lectura":"4 minutos"},"schema":{"@context":"https:\/\/schema.org","@graph":[{"@type":"Article","@id":"https:\/\/www.eldiario.net\/portal\/2022\/11\/02\/posesion-de-nuevo-mando-militar-va-aparejado-a-probable-represion\/#article","isPartOf":{"@id":"https:\/\/www.eldiario.net\/portal\/2022\/11\/02\/posesion-de-nuevo-mando-militar-va-aparejado-a-probable-represion\/"},"author":{"name":"Jeanette","@id":"https:\/\/www.eldiario.net\/portal\/#\/schema\/person\/f46445640444750d7d753ccd04ae01b7"},"headline":"Posesi\u00f3n de nuevo Mando Militar va aparejado a probable represi\u00f3n","datePublished":"2022-11-02T10:01:08+00:00","mainEntityOfPage":{"@id":"https:\/\/www.eldiario.net\/portal\/2022\/11\/02\/posesion-de-nuevo-mando-militar-va-aparejado-a-probable-represion\/"},"wordCount":903,"publisher":{"@id":"https:\/\/www.eldiario.net\/portal\/#organization"},"image":{"@id":"https:\/\/www.eldiario.net\/portal\/2022\/11\/02\/posesion-de-nuevo-mando-militar-va-aparejado-a-probable-represion\/#primaryimage"},"thumbnailUrl":"","articleSection":["Sociedad - Seguridad"],"inLanguage":"es"},{"@type":"WebPage","@id":"https:\/\/www.eldiario.net\/portal\/2022\/11\/02\/posesion-de-nuevo-mando-militar-va-aparejado-a-probable-represion\/","url":"https:\/\/www.eldiario.net\/portal\/2022\/11\/02\/posesion-de-nuevo-mando-militar-va-aparejado-a-probable-represion\/","name":"Posesi\u00f3n de nuevo Mando Militar va aparejado a probable represi\u00f3n - El Diario - Bolivia","isPartOf":{"@id":"https:\/\/www.eldiario.net\/portal\/#website"},"primaryImageOfPage":{"@id":"https:\/\/www.eldiario.net\/portal\/2022\/11\/02\/posesion-de-nuevo-mando-militar-va-aparejado-a-probable-represion\/#primaryimage"},"image":{"@id":"https:\/\/www.eldiario.net\/portal\/2022\/11\/02\/posesion-de-nuevo-mando-militar-va-aparejado-a-probable-represion\/#primaryimage"},"thumbnailUrl":"","datePublished":"2022-11-02T10:01:08+00:00","breadcrumb":{"@id":"https:\/\/www.eldiario.net\/portal\/2022\/11\/02\/posesion-de-nuevo-mando-militar-va-aparejado-a-probable-represion\/#breadcrumb"},"inLanguage":"es","potentialAction":[{"@type":"ReadAction","target":["https:\/\/www.eldiario.net\/portal\/2022\/11\/02\/posesion-de-nuevo-mando-militar-va-aparejado-a-probable-represion\/"]}]},{"@type":"ImageObject","inLanguage":"es","@id":"https:\/\/www.eldiario.net\/portal\/2022\/11\/02\/posesion-de-nuevo-mando-militar-va-aparejado-a-probable-represion\/#primaryimage","url":"","contentUrl":""},{"@type":"BreadcrumbList","@id":"https:\/\/www.eldiario.net\/portal\/2022\/11\/02\/posesion-de-nuevo-mando-militar-va-aparejado-a-probable-represion\/#breadcrumb","itemListElement":[{"@type":"ListItem","position":1,"name":"Portada","item":"https:\/\/www.eldiario.net\/portal\/"},{"@type":"ListItem","position":2,"name":"Posesi\u00f3n de nuevo Mando Militar va aparejado a probable represi\u00f3n"}]},{"@type":"WebSite","@id":"https:\/\/www.eldiario.net\/portal\/#website","url":"https:\/\/www.eldiario.net\/portal\/","name":"El Diario - Decano de la prensa nacional","description":"El Diario - Decano de la prensa nacional","publisher":{"@id":"https:\/\/www.eldiario.net\/portal\/#organization"},"potentialAction":[{"@type":"SearchAction","target":{"@type":"EntryPoint","urlTemplate":"https:\/\/www.eldiario.net\/portal\/?s={search_term_string}"},"query-input":{"@type":"PropertyValueSpecification","valueRequired":true,"valueName":"search_term_string"}}],"inLanguage":"es"},{"@type":"Organization","@id":"https:\/\/www.eldiario.net\/portal\/#organization","name":"El Diario - Decano de la prensa nacional","url":"https:\/\/www.eldiario.net\/portal\/","logo":{"@type":"ImageObject","inLanguage":"es","@id":"https:\/\/www.eldiario.net\/portal\/#\/schema\/logo\/image\/","url":"https:\/\/www.eldiario.net\/portal\/wp-content\/uploads\/2023\/07\/logo_ED.jpg","contentUrl":"https:\/\/www.eldiario.net\/portal\/wp-content\/uploads\/2023\/07\/logo_ED.jpg","width":272,"height":52,"caption":"El Diario - Decano de la prensa nacional"},"image":{"@id":"https:\/\/www.eldiario.net\/portal\/#\/schema\/logo\/image\/"},"sameAs":["https:\/\/www.facebook.com\/eldiario.bolivia\/","https:\/\/x.com\/eldiario_net"]},{"@type":"Person","@id":"https:\/\/www.eldiario.net\/portal\/#\/schema\/person\/f46445640444750d7d753ccd04ae01b7","name":"Jeanette","image":{"@type":"ImageObject","inLanguage":"es","@id":"https:\/\/secure.gravatar.com\/avatar\/3ea2118a5f7dad2b7138b1187a6b7ee55f160b9968b66013c3a3ef39dd7e5798?s=96&d=mm&r=g","url":"https:\/\/secure.gravatar.com\/avatar\/3ea2118a5f7dad2b7138b1187a6b7ee55f160b9968b66013c3a3ef39dd7e5798?s=96&d=mm&r=g","contentUrl":"https:\/\/secure.gravatar.com\/avatar\/3ea2118a5f7dad2b7138b1187a6b7ee55f160b9968b66013c3a3ef39dd7e5798?s=96&d=mm&r=g","caption":"Jeanette"},"sameAs":["https:\/\/www.eldiario.net\/portal"],"url":"https:\/\/www.eldiario.net\/portal\/author\/jeanette\/"}]}},"_links":{"self":[{"href":"https:\/\/www.eldiario.net\/portal\/wp-json\/wp\/v2\/posts\/119823","targetHints":{"allow":["GET"]}}],"collection":[{"href":"https:\/\/www.eldiario.net\/portal\/wp-json\/wp\/v2\/posts"}],"about":[{"href":"https:\/\/www.eldiario.net\/portal\/wp-json\/wp\/v2\/types\/post"}],"author":[{"embeddable":true,"href":"https:\/\/www.eldiario.net\/portal\/wp-json\/wp\/v2\/users\/1"}],"replies":[{"embeddable":true,"href":"https:\/\/www.eldiario.net\/portal\/wp-json\/wp\/v2\/comments?post=119823"}],"version-history":[{"count":0,"href":"https:\/\/www.eldiario.net\/portal\/wp-json\/wp\/v2\/posts\/119823\/revisions"}],"wp:attachment":[{"href":"https:\/\/www.eldiario.net\/portal\/wp-json\/wp\/v2\/media?parent=119823"}],"wp:term":[{"taxonomy":"category","embeddable":true,"href":"https:\/\/www.eldiario.net\/portal\/wp-json\/wp\/v2\/categories?post=119823"},{"taxonomy":"post_tag","embeddable":true,"href":"https:\/\/www.eldiario.net\/portal\/wp-json\/wp\/v2\/tags?post=119823"}],"curies":[{"name":"wp","href":"https:\/\/api.w.org\/{rel}","templated":true}]}}