{"id":119820,"date":"2022-11-02T06:00:08","date_gmt":"2022-11-02T10:00:08","guid":{"rendered":"https:\/\/www.eldiario.net\/portal\/?p=119820"},"modified":"2022-11-02T06:00:08","modified_gmt":"2022-11-02T10:00:08","slug":"tres-hechos-cuestionan-causas-de-muerte-de-funcionario-municipal","status":"publish","type":"post","link":"https:\/\/www.eldiario.net\/portal\/2022\/11\/02\/tres-hechos-cuestionan-causas-de-muerte-de-funcionario-municipal\/","title":{"rendered":"Tres hechos cuestionan causas de  muerte de funcionario municipal"},"content":{"rendered":"<p>El hijo del funcionario de la Alcald\u00eda de Puerto Quijarro (Santa Cruz), que perdi\u00f3 la vida la madrugada del 22 de octubre, cuando fue a desbloquear, asegur\u00f3 que su pap\u00e1 muri\u00f3 cuando intent\u00f3 agarrar una granada de gas lanzada por la Polic\u00eda, a ello se suma que el profesional que firm\u00f3 el certificado m\u00e9dico no est\u00e1 registrado como especialista, y que la viuda de la v\u00edctima fatal recibi\u00f3 dinero para responsabilizar del hecho a los c\u00edvicos, seg\u00fan manifest\u00f3 el abogado Jorge Valda a EL DIARIO.<br \/>\nA decir del jurista el hijo del funcionario municipal fue el primero en auxiliarlo al verlo caer de espaldas, despu\u00e9s de que una granada de gas le estall\u00f3 en la cara,<br \/>\n\u201cLos m\u00e9dicos del Hospital Pr\u00edncipe de Paz de Puerto Quijarro, fueron ellos quienes se\u00f1alaron que hab\u00eda muerto de una broncoaspiraci\u00f3n (\u2026), es decir que los pulmones quedaron sin la posibilidad de recibir el ox\u00edgeno\u201d, precis\u00f3.<br \/>\nEn una conferencia de prensa el lunes, el hijo del funcionario municipal relat\u00f3: \u201cFue a las 1.30 de la madrugada, \u00e9l se puso adelante (\u2026) todos se fueron corriendo, la Polic\u00eda lanz\u00f3 el gas y mi padre lo que hizo es poner la venesta, que estaba usando como escudo, quiso levantar el gas con un brazo, casi alza el gas y ese momento sali\u00f3 con una presi\u00f3n directo a su rostro y mi padre se levant\u00f3 aturdido y se cay\u00f3 de espaldas\u201d.<br \/>\nEn ese marco, Valda dijo que el examen m\u00e9dico forense, firmado por Rodrigo Valdez Zamorano, que certifica que la causa de muerte del funcionario municipal\u00a0fue por golpes, es decir, por un Traumatismo Enc\u00e9falo Craneano\u00a0(TEC) seriado, hematoma subdural (hemorragia en el cerebro) y politraumatismo, es altamente cuestionable.<br \/>\n\u201cTenemos un certificado m\u00e9dico forense, en la \u00faltima hoja, que es la copia fiel de un documento borroneado, un documento que tiene tachaduras, y que dice raz\u00f3n de la muerte pulmones insuflados por congesti\u00f3n cr\u00f3nica, eso significa bronco aspiraci\u00f3n (\u2026). Hay una lista donde est\u00e1n todos los m\u00e9dicos legistas en Bolivia, est\u00e1n autorizados para ser m\u00e9dicos forenses (\u2026) en ninguna parte aparece el se\u00f1or Rodrigo Valdez Zamorano, es decir que no es una persona que est\u00e9 habilitada para realizar una autopsia m\u00e9dico legal, porque la misma autopsia m\u00e9dico legal nos dice sin presencia de lesiones en la cabeza ni en el cr\u00e1neo, c\u00f3mo puede tener un resultado de traumatismo cr\u00e1neo enc\u00e9falo si nos dice sin presencia de lesiones\u201d, advirti\u00f3.<br \/>\nAsimismo dijo que con la versi\u00f3n del hijo de la v\u00edctima fatal se contrarresta el informe m\u00e9dico legal y se demostrar\u00eda que sus patrocinados, los c\u00edvicos que fueron aprehendidos la madrugada del 23 de octubre, son inocentes.<br \/>\nEl 23 de octubre, familiares de los dirigentes c\u00edvicos del municipio de Puerto Quijarro (frontera con Brasil), denunciaron excesos por parte de efectivos policiales que ejecutaron la orden de aprehensi\u00f3n en horas de la madrugada. Los tres fueron trasladados a Santa Cruz, son investigados porque presuntamente participaron en los enfrentamientos donde perdi\u00f3 la vida el funcionario municipal.<br \/>\nD\u00edas despu\u00e9s dos de ellos fueron enviados con detenci\u00f3n preventiva al penal de Palmasola, y un tercero no prest\u00f3 a\u00fan su declaraci\u00f3n informativa porque se encuentra hospitalizado por su delicado estado de salud.<\/p>\n<p>VIUDA<br \/>\nEl d\u00eda que el funcionario falleci\u00f3, la esposa manifest\u00f3 que fue a movilizarse en contra del paro, porque les dijeron que el bloqueo iba a ser pac\u00edfico, pero terminaron apaleando a su pareja.<br \/>\n\u201cEst\u00e1bamos con mis compa\u00f1eros y mi esposo estaba con nosotros, ellos empezaron a atacarnos. Los del comit\u00e9 c\u00edvico dijeron que iban a bloquear pac\u00edficamente, pero ellos llegaron con bombas caseras y palos y presenci\u00e9 el momento en el que golpearon a mi esposo a palazos\u201d, manifest\u00f3 a Ancestro Noticias, en la oportunidad.<br \/>\n\u201cPido justicia, que no quede impune la muerte de mi esposo\u201d, afirm\u00f3 la esposa, mientras esperaba recoger el cuerpo de su esposo, de la morgue.<br \/>\nAyer, Valda asegur\u00f3 que de acuerdo a las declaraciones de la viuda ante la Fiscal\u00eda, ella reconoci\u00f3 que no estaba en el lugar de los hechos.<br \/>\n\u201cLa esposa no estuvo presente y lo dijo en su declaraci\u00f3n en la Fiscal\u00eda. En los medios dice yo vi c\u00f3mo cay\u00f3 mi esposo, eso es mentira, en la Fiscal\u00eda declara, yo no estaba presente, pero la se\u00f1ora Roc\u00edo Lino me cont\u00f3. \u00bfQu\u00e9 dice Lino?, funcionaria municipal, dice: yo vi un mont\u00f3n de gente, estaban los c\u00edvicos (\u2026)\u201d, asever\u00f3.<br \/>\nAsimismo, el jurista dijo que la viuda, al d\u00eda siguiente del fallecimiento de su esposo, se declar\u00f3 Bartolina Sisa.<br \/>\n\u201c\u00c9l (hijo del funcionario) nos se\u00f1ala que ella hubiera recibido m\u00e1s de 20.000 d\u00f3lares, solo que no le consta c\u00f3mo los ha recibido (\u2026) ella tiene un nuevo negocio y ya no tendr\u00eda ning\u00fan problema econ\u00f3mico, a pesar de que ten\u00eda varias deudas, es una pena que se quiera manejar la justicia con la econom\u00eda\u201d, asever\u00f3.<br \/>\nPor otro lado, Valda asegur\u00f3 que el alcalde de Puerto Quijarro, Luis Chambi, tiene 24 millones de bolivianos de patrimonio, 18 inmuebles, de acuerdo a informaci\u00f3n de la Contralor\u00eda General del Estado.<\/p>\n<figure id=\"attachment_119821\" aria-describedby=\"caption-attachment-119821\" style=\"width: 942px\" class=\"wp-caption aligncenter\"><a href=\"https:\/\/www.eldiario.net\/portal\/wp-content\/uploads\/2022\/11\/LLANOS.jpg\"><img loading=\"lazy\" decoding=\"async\" class=\"size-full wp-image-119821\" src=\"https:\/\/www.eldiario.net\/portal\/wp-content\/uploads\/2022\/11\/LLANOS.jpg\" alt=\"\" width=\"942\" height=\"1532\" \/><\/a><figcaption id=\"caption-attachment-119821\" class=\"wp-caption-text\">CERTIFICADO M\u00c9DICO FORENSE DEL DECESO DEL FUNCIONARIO DE LA ALCALD\u00cdA DE PUERTO QUIJARRO<\/figcaption><\/figure>\n","protected":false},"excerpt":{"rendered":"<p>El hijo del funcionario de la Alcald\u00eda de Puerto Quijarro (Santa Cruz), que perdi\u00f3 la vida la madrugada del 22 de octubre, cuando fue a desbloquear, asegur\u00f3 que su pap\u00e1 muri\u00f3 cuando intent\u00f3 agarrar una granada de gas lanzada por la Polic\u00eda, a ello se suma que el profesional que firm\u00f3 el certificado m\u00e9dico no [&hellip;]<\/p>\n","protected":false},"author":1,"featured_media":119821,"comment_status":"closed","ping_status":"closed","sticky":false,"template":"","format":"standard","meta":{"_acf_changed":false,"footnotes":""},"categories":[39],"tags":[],"class_list":["post-119820","post","type-post","status-publish","format-standard","has-post-thumbnail","category-sociedad"],"acf":{"antetitulo":""},"yoast_head":"<!-- This site is optimized with the Yoast SEO plugin v28.4 - https:\/\/yoast.com\/product\/yoast-seo-wordpress\/ -->\n<title>Tres hechos cuestionan causas de muerte de funcionario municipal - El Diario - Bolivia<\/title>\n<meta name=\"robots\" content=\"index, follow, max-snippet:-1, max-image-preview:large, max-video-preview:-1\" \/>\n<link rel=\"canonical\" href=\"https:\/\/www.eldiario.net\/portal\/2022\/11\/02\/tres-hechos-cuestionan-causas-de-muerte-de-funcionario-municipal\/\" \/>\n<meta property=\"og:locale\" content=\"es_ES\" \/>\n<meta property=\"og:type\" content=\"article\" \/>\n<meta property=\"og:title\" content=\"Tres hechos cuestionan causas de muerte de funcionario municipal - El Diario - Bolivia\" \/>\n<meta property=\"og:description\" content=\"El hijo del funcionario de la Alcald\u00eda de Puerto Quijarro (Santa Cruz), que perdi\u00f3 la vida la madrugada del 22 de octubre, cuando fue a desbloquear, asegur\u00f3 que su pap\u00e1 muri\u00f3 cuando intent\u00f3 agarrar una granada de gas lanzada por la Polic\u00eda, a ello se suma que el profesional que firm\u00f3 el certificado m\u00e9dico no [&hellip;]\" \/>\n<meta property=\"og:url\" content=\"https:\/\/www.eldiario.net\/portal\/2022\/11\/02\/tres-hechos-cuestionan-causas-de-muerte-de-funcionario-municipal\/\" \/>\n<meta property=\"og:site_name\" content=\"El Diario - Bolivia\" \/>\n<meta property=\"article:publisher\" content=\"https:\/\/www.facebook.com\/eldiario.bolivia\/\" \/>\n<meta property=\"article:published_time\" content=\"2022-11-02T10:00:08+00:00\" \/>\n<meta name=\"author\" content=\"Jeanette\" \/>\n<meta name=\"twitter:card\" content=\"summary_large_image\" \/>\n<meta name=\"twitter:creator\" content=\"@eldiario_net\" \/>\n<meta name=\"twitter:site\" content=\"@eldiario_net\" \/>\n<meta name=\"twitter:label1\" content=\"Escrito por\" \/>\n\t<meta name=\"twitter:data1\" content=\"Jeanette\" \/>\n\t<meta name=\"twitter:label2\" content=\"Tiempo de lectura\" \/>\n\t<meta name=\"twitter:data2\" content=\"5 minutos\" \/>\n<script type=\"application\/ld+json\" class=\"yoast-schema-graph\">{\"@context\":\"https:\\\/\\\/schema.org\",\"@graph\":[{\"@type\":\"Article\",\"@id\":\"https:\\\/\\\/www.eldiario.net\\\/portal\\\/2022\\\/11\\\/02\\\/tres-hechos-cuestionan-causas-de-muerte-de-funcionario-municipal\\\/#article\",\"isPartOf\":{\"@id\":\"https:\\\/\\\/www.eldiario.net\\\/portal\\\/2022\\\/11\\\/02\\\/tres-hechos-cuestionan-causas-de-muerte-de-funcionario-municipal\\\/\"},\"author\":{\"name\":\"Jeanette\",\"@id\":\"https:\\\/\\\/www.eldiario.net\\\/portal\\\/#\\\/schema\\\/person\\\/f46445640444750d7d753ccd04ae01b7\"},\"headline\":\"Tres hechos cuestionan causas de muerte de funcionario municipal\",\"datePublished\":\"2022-11-02T10:00:08+00:00\",\"mainEntityOfPage\":{\"@id\":\"https:\\\/\\\/www.eldiario.net\\\/portal\\\/2022\\\/11\\\/02\\\/tres-hechos-cuestionan-causas-de-muerte-de-funcionario-municipal\\\/\"},\"wordCount\":920,\"publisher\":{\"@id\":\"https:\\\/\\\/www.eldiario.net\\\/portal\\\/#organization\"},\"image\":{\"@id\":\"https:\\\/\\\/www.eldiario.net\\\/portal\\\/2022\\\/11\\\/02\\\/tres-hechos-cuestionan-causas-de-muerte-de-funcionario-municipal\\\/#primaryimage\"},\"thumbnailUrl\":\"\",\"articleSection\":[\"Sociedad - Seguridad\"],\"inLanguage\":\"es\"},{\"@type\":\"WebPage\",\"@id\":\"https:\\\/\\\/www.eldiario.net\\\/portal\\\/2022\\\/11\\\/02\\\/tres-hechos-cuestionan-causas-de-muerte-de-funcionario-municipal\\\/\",\"url\":\"https:\\\/\\\/www.eldiario.net\\\/portal\\\/2022\\\/11\\\/02\\\/tres-hechos-cuestionan-causas-de-muerte-de-funcionario-municipal\\\/\",\"name\":\"Tres hechos cuestionan causas de muerte de funcionario municipal - El Diario - Bolivia\",\"isPartOf\":{\"@id\":\"https:\\\/\\\/www.eldiario.net\\\/portal\\\/#website\"},\"primaryImageOfPage\":{\"@id\":\"https:\\\/\\\/www.eldiario.net\\\/portal\\\/2022\\\/11\\\/02\\\/tres-hechos-cuestionan-causas-de-muerte-de-funcionario-municipal\\\/#primaryimage\"},\"image\":{\"@id\":\"https:\\\/\\\/www.eldiario.net\\\/portal\\\/2022\\\/11\\\/02\\\/tres-hechos-cuestionan-causas-de-muerte-de-funcionario-municipal\\\/#primaryimage\"},\"thumbnailUrl\":\"\",\"datePublished\":\"2022-11-02T10:00:08+00:00\",\"breadcrumb\":{\"@id\":\"https:\\\/\\\/www.eldiario.net\\\/portal\\\/2022\\\/11\\\/02\\\/tres-hechos-cuestionan-causas-de-muerte-de-funcionario-municipal\\\/#breadcrumb\"},\"inLanguage\":\"es\",\"potentialAction\":[{\"@type\":\"ReadAction\",\"target\":[\"https:\\\/\\\/www.eldiario.net\\\/portal\\\/2022\\\/11\\\/02\\\/tres-hechos-cuestionan-causas-de-muerte-de-funcionario-municipal\\\/\"]}]},{\"@type\":\"ImageObject\",\"inLanguage\":\"es\",\"@id\":\"https:\\\/\\\/www.eldiario.net\\\/portal\\\/2022\\\/11\\\/02\\\/tres-hechos-cuestionan-causas-de-muerte-de-funcionario-municipal\\\/#primaryimage\",\"url\":\"\",\"contentUrl\":\"\"},{\"@type\":\"BreadcrumbList\",\"@id\":\"https:\\\/\\\/www.eldiario.net\\\/portal\\\/2022\\\/11\\\/02\\\/tres-hechos-cuestionan-causas-de-muerte-de-funcionario-municipal\\\/#breadcrumb\",\"itemListElement\":[{\"@type\":\"ListItem\",\"position\":1,\"name\":\"Portada\",\"item\":\"https:\\\/\\\/www.eldiario.net\\\/portal\\\/\"},{\"@type\":\"ListItem\",\"position\":2,\"name\":\"Tres hechos cuestionan causas de muerte de funcionario municipal\"}]},{\"@type\":\"WebSite\",\"@id\":\"https:\\\/\\\/www.eldiario.net\\\/portal\\\/#website\",\"url\":\"https:\\\/\\\/www.eldiario.net\\\/portal\\\/\",\"name\":\"El Diario - Decano de la prensa nacional\",\"description\":\"El Diario - Decano de la prensa nacional\",\"publisher\":{\"@id\":\"https:\\\/\\\/www.eldiario.net\\\/portal\\\/#organization\"},\"potentialAction\":[{\"@type\":\"SearchAction\",\"target\":{\"@type\":\"EntryPoint\",\"urlTemplate\":\"https:\\\/\\\/www.eldiario.net\\\/portal\\\/?s={search_term_string}\"},\"query-input\":{\"@type\":\"PropertyValueSpecification\",\"valueRequired\":true,\"valueName\":\"search_term_string\"}}],\"inLanguage\":\"es\"},{\"@type\":\"Organization\",\"@id\":\"https:\\\/\\\/www.eldiario.net\\\/portal\\\/#organization\",\"name\":\"El Diario - Decano de la prensa nacional\",\"url\":\"https:\\\/\\\/www.eldiario.net\\\/portal\\\/\",\"logo\":{\"@type\":\"ImageObject\",\"inLanguage\":\"es\",\"@id\":\"https:\\\/\\\/www.eldiario.net\\\/portal\\\/#\\\/schema\\\/logo\\\/image\\\/\",\"url\":\"https:\\\/\\\/www.eldiario.net\\\/portal\\\/wp-content\\\/uploads\\\/2023\\\/07\\\/logo_ED.jpg\",\"contentUrl\":\"https:\\\/\\\/www.eldiario.net\\\/portal\\\/wp-content\\\/uploads\\\/2023\\\/07\\\/logo_ED.jpg\",\"width\":272,\"height\":52,\"caption\":\"El Diario - Decano de la prensa nacional\"},\"image\":{\"@id\":\"https:\\\/\\\/www.eldiario.net\\\/portal\\\/#\\\/schema\\\/logo\\\/image\\\/\"},\"sameAs\":[\"https:\\\/\\\/www.facebook.com\\\/eldiario.bolivia\\\/\",\"https:\\\/\\\/x.com\\\/eldiario_net\"]},{\"@type\":\"Person\",\"@id\":\"https:\\\/\\\/www.eldiario.net\\\/portal\\\/#\\\/schema\\\/person\\\/f46445640444750d7d753ccd04ae01b7\",\"name\":\"Jeanette\",\"image\":{\"@type\":\"ImageObject\",\"inLanguage\":\"es\",\"@id\":\"https:\\\/\\\/secure.gravatar.com\\\/avatar\\\/3ea2118a5f7dad2b7138b1187a6b7ee55f160b9968b66013c3a3ef39dd7e5798?s=96&d=mm&r=g\",\"url\":\"https:\\\/\\\/secure.gravatar.com\\\/avatar\\\/3ea2118a5f7dad2b7138b1187a6b7ee55f160b9968b66013c3a3ef39dd7e5798?s=96&d=mm&r=g\",\"contentUrl\":\"https:\\\/\\\/secure.gravatar.com\\\/avatar\\\/3ea2118a5f7dad2b7138b1187a6b7ee55f160b9968b66013c3a3ef39dd7e5798?s=96&d=mm&r=g\",\"caption\":\"Jeanette\"},\"sameAs\":[\"https:\\\/\\\/www.eldiario.net\\\/portal\"],\"url\":\"https:\\\/\\\/www.eldiario.net\\\/portal\\\/author\\\/jeanette\\\/\"}]}<\/script>\n<!-- \/ Yoast SEO plugin. -->","yoast_head_json":{"title":"Tres hechos cuestionan causas de muerte de funcionario municipal - El Diario - Bolivia","robots":{"index":"index","follow":"follow","max-snippet":"max-snippet:-1","max-image-preview":"max-image-preview:large","max-video-preview":"max-video-preview:-1"},"canonical":"https:\/\/www.eldiario.net\/portal\/2022\/11\/02\/tres-hechos-cuestionan-causas-de-muerte-de-funcionario-municipal\/","og_locale":"es_ES","og_type":"article","og_title":"Tres hechos cuestionan causas de muerte de funcionario municipal - El Diario - Bolivia","og_description":"El hijo del funcionario de la Alcald\u00eda de Puerto Quijarro (Santa Cruz), que perdi\u00f3 la vida la madrugada del 22 de octubre, cuando fue a desbloquear, asegur\u00f3 que su pap\u00e1 muri\u00f3 cuando intent\u00f3 agarrar una granada de gas lanzada por la Polic\u00eda, a ello se suma que el profesional que firm\u00f3 el certificado m\u00e9dico no [&hellip;]","og_url":"https:\/\/www.eldiario.net\/portal\/2022\/11\/02\/tres-hechos-cuestionan-causas-de-muerte-de-funcionario-municipal\/","og_site_name":"El Diario - Bolivia","article_publisher":"https:\/\/www.facebook.com\/eldiario.bolivia\/","article_published_time":"2022-11-02T10:00:08+00:00","author":"Jeanette","twitter_card":"summary_large_image","twitter_creator":"@eldiario_net","twitter_site":"@eldiario_net","twitter_misc":{"Escrito por":"Jeanette","Tiempo de lectura":"5 minutos"},"schema":{"@context":"https:\/\/schema.org","@graph":[{"@type":"Article","@id":"https:\/\/www.eldiario.net\/portal\/2022\/11\/02\/tres-hechos-cuestionan-causas-de-muerte-de-funcionario-municipal\/#article","isPartOf":{"@id":"https:\/\/www.eldiario.net\/portal\/2022\/11\/02\/tres-hechos-cuestionan-causas-de-muerte-de-funcionario-municipal\/"},"author":{"name":"Jeanette","@id":"https:\/\/www.eldiario.net\/portal\/#\/schema\/person\/f46445640444750d7d753ccd04ae01b7"},"headline":"Tres hechos cuestionan causas de muerte de funcionario municipal","datePublished":"2022-11-02T10:00:08+00:00","mainEntityOfPage":{"@id":"https:\/\/www.eldiario.net\/portal\/2022\/11\/02\/tres-hechos-cuestionan-causas-de-muerte-de-funcionario-municipal\/"},"wordCount":920,"publisher":{"@id":"https:\/\/www.eldiario.net\/portal\/#organization"},"image":{"@id":"https:\/\/www.eldiario.net\/portal\/2022\/11\/02\/tres-hechos-cuestionan-causas-de-muerte-de-funcionario-municipal\/#primaryimage"},"thumbnailUrl":"","articleSection":["Sociedad - Seguridad"],"inLanguage":"es"},{"@type":"WebPage","@id":"https:\/\/www.eldiario.net\/portal\/2022\/11\/02\/tres-hechos-cuestionan-causas-de-muerte-de-funcionario-municipal\/","url":"https:\/\/www.eldiario.net\/portal\/2022\/11\/02\/tres-hechos-cuestionan-causas-de-muerte-de-funcionario-municipal\/","name":"Tres hechos cuestionan causas de muerte de funcionario municipal - El Diario - Bolivia","isPartOf":{"@id":"https:\/\/www.eldiario.net\/portal\/#website"},"primaryImageOfPage":{"@id":"https:\/\/www.eldiario.net\/portal\/2022\/11\/02\/tres-hechos-cuestionan-causas-de-muerte-de-funcionario-municipal\/#primaryimage"},"image":{"@id":"https:\/\/www.eldiario.net\/portal\/2022\/11\/02\/tres-hechos-cuestionan-causas-de-muerte-de-funcionario-municipal\/#primaryimage"},"thumbnailUrl":"","datePublished":"2022-11-02T10:00:08+00:00","breadcrumb":{"@id":"https:\/\/www.eldiario.net\/portal\/2022\/11\/02\/tres-hechos-cuestionan-causas-de-muerte-de-funcionario-municipal\/#breadcrumb"},"inLanguage":"es","potentialAction":[{"@type":"ReadAction","target":["https:\/\/www.eldiario.net\/portal\/2022\/11\/02\/tres-hechos-cuestionan-causas-de-muerte-de-funcionario-municipal\/"]}]},{"@type":"ImageObject","inLanguage":"es","@id":"https:\/\/www.eldiario.net\/portal\/2022\/11\/02\/tres-hechos-cuestionan-causas-de-muerte-de-funcionario-municipal\/#primaryimage","url":"","contentUrl":""},{"@type":"BreadcrumbList","@id":"https:\/\/www.eldiario.net\/portal\/2022\/11\/02\/tres-hechos-cuestionan-causas-de-muerte-de-funcionario-municipal\/#breadcrumb","itemListElement":[{"@type":"ListItem","position":1,"name":"Portada","item":"https:\/\/www.eldiario.net\/portal\/"},{"@type":"ListItem","position":2,"name":"Tres hechos cuestionan causas de muerte de funcionario municipal"}]},{"@type":"WebSite","@id":"https:\/\/www.eldiario.net\/portal\/#website","url":"https:\/\/www.eldiario.net\/portal\/","name":"El Diario - Decano de la prensa nacional","description":"El Diario - Decano de la prensa nacional","publisher":{"@id":"https:\/\/www.eldiario.net\/portal\/#organization"},"potentialAction":[{"@type":"SearchAction","target":{"@type":"EntryPoint","urlTemplate":"https:\/\/www.eldiario.net\/portal\/?s={search_term_string}"},"query-input":{"@type":"PropertyValueSpecification","valueRequired":true,"valueName":"search_term_string"}}],"inLanguage":"es"},{"@type":"Organization","@id":"https:\/\/www.eldiario.net\/portal\/#organization","name":"El Diario - Decano de la prensa nacional","url":"https:\/\/www.eldiario.net\/portal\/","logo":{"@type":"ImageObject","inLanguage":"es","@id":"https:\/\/www.eldiario.net\/portal\/#\/schema\/logo\/image\/","url":"https:\/\/www.eldiario.net\/portal\/wp-content\/uploads\/2023\/07\/logo_ED.jpg","contentUrl":"https:\/\/www.eldiario.net\/portal\/wp-content\/uploads\/2023\/07\/logo_ED.jpg","width":272,"height":52,"caption":"El Diario - Decano de la prensa nacional"},"image":{"@id":"https:\/\/www.eldiario.net\/portal\/#\/schema\/logo\/image\/"},"sameAs":["https:\/\/www.facebook.com\/eldiario.bolivia\/","https:\/\/x.com\/eldiario_net"]},{"@type":"Person","@id":"https:\/\/www.eldiario.net\/portal\/#\/schema\/person\/f46445640444750d7d753ccd04ae01b7","name":"Jeanette","image":{"@type":"ImageObject","inLanguage":"es","@id":"https:\/\/secure.gravatar.com\/avatar\/3ea2118a5f7dad2b7138b1187a6b7ee55f160b9968b66013c3a3ef39dd7e5798?s=96&d=mm&r=g","url":"https:\/\/secure.gravatar.com\/avatar\/3ea2118a5f7dad2b7138b1187a6b7ee55f160b9968b66013c3a3ef39dd7e5798?s=96&d=mm&r=g","contentUrl":"https:\/\/secure.gravatar.com\/avatar\/3ea2118a5f7dad2b7138b1187a6b7ee55f160b9968b66013c3a3ef39dd7e5798?s=96&d=mm&r=g","caption":"Jeanette"},"sameAs":["https:\/\/www.eldiario.net\/portal"],"url":"https:\/\/www.eldiario.net\/portal\/author\/jeanette\/"}]}},"_links":{"self":[{"href":"https:\/\/www.eldiario.net\/portal\/wp-json\/wp\/v2\/posts\/119820","targetHints":{"allow":["GET"]}}],"collection":[{"href":"https:\/\/www.eldiario.net\/portal\/wp-json\/wp\/v2\/posts"}],"about":[{"href":"https:\/\/www.eldiario.net\/portal\/wp-json\/wp\/v2\/types\/post"}],"author":[{"embeddable":true,"href":"https:\/\/www.eldiario.net\/portal\/wp-json\/wp\/v2\/users\/1"}],"replies":[{"embeddable":true,"href":"https:\/\/www.eldiario.net\/portal\/wp-json\/wp\/v2\/comments?post=119820"}],"version-history":[{"count":0,"href":"https:\/\/www.eldiario.net\/portal\/wp-json\/wp\/v2\/posts\/119820\/revisions"}],"wp:attachment":[{"href":"https:\/\/www.eldiario.net\/portal\/wp-json\/wp\/v2\/media?parent=119820"}],"wp:term":[{"taxonomy":"category","embeddable":true,"href":"https:\/\/www.eldiario.net\/portal\/wp-json\/wp\/v2\/categories?post=119820"},{"taxonomy":"post_tag","embeddable":true,"href":"https:\/\/www.eldiario.net\/portal\/wp-json\/wp\/v2\/tags?post=119820"}],"curies":[{"name":"wp","href":"https:\/\/api.w.org\/{rel}","templated":true}]}}