{"id":119812,"date":"2022-11-02T05:57:47","date_gmt":"2022-11-02T09:57:47","guid":{"rendered":"https:\/\/www.eldiario.net\/portal\/?p=119812"},"modified":"2022-11-02T05:57:47","modified_gmt":"2022-11-02T09:57:47","slug":"anuncian-medidas-por-mal-uso-de-parada-de-pumakatari","status":"publish","type":"post","link":"https:\/\/www.eldiario.net\/portal\/2022\/11\/02\/anuncian-medidas-por-mal-uso-de-parada-de-pumakatari\/","title":{"rendered":"Anuncian medidas por mal  uso de parada de Pumakatari"},"content":{"rendered":"<p>Ante quejas de usuarios de los buses Pumakatari respecto a la \u201cocupaci\u00f3n indebida\u201d de las paradas de estos veh\u00edculos, por radiotaxis, la Alcald\u00eda pace\u00f1a apela a la \u201cconciencia y sentido com\u00fan\u201d de conductores para no estacionar en dichos espacios, pero analiza recurrir a instancias legales sobre un acuerdo que Mi Telef\u00e9rico realiz\u00f3 con una empresa de m\u00f3viles para que ocupe un sector de v\u00eda p\u00fablica cerca a la curva de Holgu\u00edn.<br \/>\nPor su parte, la empresa estatal asegura que tal convenio no afecta la v\u00eda p\u00fablica, porque se tratar\u00eda de predios que est\u00e1n en sus terrenos.<br \/>\n\u201cEs el colmo y tenemos que esperar hasta que carguen (pasajeros) y reci\u00e9n se mueven\u201d, dijo molesto un usuario del Pumakatari cuando el bus intentaba estacionarse en la parada ubicada a la altura del Telef\u00e9rico de la l\u00ednea Amarilla.<br \/>\nComo \u00e9l, varios usuarios expresaron su enojo al se\u00f1alar que \u201cno es la primera vez que pasa eso\u201d. Hecho que ratifica el secretario de Movilidad y Seguridad Ciudadana de la Alcald\u00eda de La Paz, Enrique Villanueva. \u201cHemos tenido reportes de ocupaciones indebidas (\u2026) ocurre espor\u00e1dicamente, pero s\u00ed ocurre\u201d, afirm\u00f3.<br \/>\nSostuvo que, en esa parada, el problema es recurrente m\u00e1s cuando parte del espacio, seg\u00fan \u00e9l, fue alquilado por la empresa estatal. \u201cQuiero denunciarlo p\u00fablicamente que el Telef\u00e9rico ha hecho un uso arbitrario de la v\u00eda y ha cedido el uso a ciertos servicios de taxi cuando no les corresponde\u201d, enfatiz\u00f3.<br \/>\nApunt\u00f3 que estudian, en t\u00e9rminos jur\u00eddicos, esa supuesta arbitrariedad, porque se tratar\u00eda de v\u00eda p\u00fablica \u201cy ellos no tienen derecho sobre ella. Entendemos que han hecho una especie de sesi\u00f3n de uso de v\u00eda lo cual es absolutamente irregular y nosotros vamos a analizar con nuestro equipo jur\u00eddico para apelar a las instancias correspondientes\u201d, apunt\u00f3.<br \/>\nPara conocer la posici\u00f3n de la otra parte, este medio intent\u00f3 contactarse con representantes de Mi Telef\u00e9rico, pero respondieron con un escrito en el que corroboran que s\u00ed hay una especie de alquiler de espacio a conductores de radiotaxi, pero que el lugar en cuesti\u00f3n no est\u00e1 cerca del espacio que usa el Pumakatari.<br \/>\n\u201cLa Empresa Estatal de Transporte por Cable Mi Telef\u00e9rico, realiz\u00f3 la convocatoria p\u00fablica para el arrendamiento de la Bah\u00eda de Intercambio Modal, de la Estaci\u00f3n Libertador de la L\u00ednea Amarilla, la empresa ganadora es Radio M\u00f3vil Mallasa City Sur, la cual cuenta con un contrato de arrendamiento por dos a\u00f1os calendario para el uso de este predio interno dentro de la Estaci\u00f3n para la Parada de sus movilidades\u201d, se lee en la nota.<br \/>\nAclara, adem\u00e1s, que otras movilidades que estar\u00edan ocupando espacios sobre la avenida Libertador no tienen relaci\u00f3n comercial con ellos, es decir, que si bien existe el convenio \u00e9ste no es de un espacio p\u00fablico sino de uno que est\u00e1 al interior de sus predios.<br \/>\nDe todas maneras, ser\u00e1n las investigaciones que realicen las partes las que determinen la verdadera situaci\u00f3n que se registra en ese sector.<br \/>\nAl margen de eso, Villanueva explic\u00f3 que si bien no hay una norma espec\u00edfica y directa sobre el uso de las paradas destinadas al servicio de transporte municipal, s\u00ed lo hay de manera impl\u00edcita pues esos sitios est\u00e1n demarcados y \u201cexisten letreros como el de no estacionar donde es obvio que los veh\u00edculos no deber\u00edan hacerlo, pero por otro lado tambi\u00e9n es un poco de sentido com\u00fan respetar otros servicios de transporte y en el caso del bus con mayor raz\u00f3n\u201d.<br \/>\nPara evitar este tipo de inconvenientes, adelant\u00f3 que desplazar\u00e1n mayor cantidad de guardias municipales y colocar\u00e1n m\u00e1s y mejores letreros de se\u00f1alizaci\u00f3n para evitar \u201cocupaci\u00f3n indebida\u201d de las paradas de los \u201cpumas\u201d.<br \/>\n\u201cApelamos a la conciencia de la poblaci\u00f3n puesto que el servicio de transporte municipal es un emblema de la ciudad y pedimos la colaboraci\u00f3n de todos\u201d, indic\u00f3 a tiempo de se\u00f1alar que la curva de Holgu\u00edn no es la \u00fanica que tiene ese tipo de problema, pues similar hecho pasa en paradas del eje central de La Paz, de la avenida Arce, de las calles M\u00e9xico, la 15 y la 21 de Calacoto, entre otros.<\/p>\n","protected":false},"excerpt":{"rendered":"<p>Ante quejas de usuarios de los buses Pumakatari respecto a la \u201cocupaci\u00f3n indebida\u201d de las paradas de estos veh\u00edculos, por radiotaxis, la Alcald\u00eda pace\u00f1a apela a la \u201cconciencia y sentido com\u00fan\u201d de conductores para no estacionar en dichos espacios, pero analiza recurrir a instancias legales sobre un acuerdo que Mi Telef\u00e9rico realiz\u00f3 con una empresa [&hellip;]<\/p>\n","protected":false},"author":1,"featured_media":119813,"comment_status":"closed","ping_status":"closed","sticky":false,"template":"","format":"standard","meta":{"_acf_changed":false,"footnotes":""},"categories":[12],"tags":[],"class_list":["post-119812","post","type-post","status-publish","format-standard","has-post-thumbnail","category-nacional"],"acf":{"antetitulo":""},"yoast_head":"<!-- This site is optimized with the Yoast SEO plugin v28.4 - https:\/\/yoast.com\/product\/yoast-seo-wordpress\/ -->\n<title>Anuncian medidas por mal uso de parada de Pumakatari - El Diario - Bolivia<\/title>\n<meta name=\"robots\" content=\"index, follow, max-snippet:-1, max-image-preview:large, max-video-preview:-1\" \/>\n<link rel=\"canonical\" href=\"https:\/\/www.eldiario.net\/portal\/2022\/11\/02\/anuncian-medidas-por-mal-uso-de-parada-de-pumakatari\/\" \/>\n<meta property=\"og:locale\" content=\"es_ES\" \/>\n<meta property=\"og:type\" content=\"article\" \/>\n<meta property=\"og:title\" content=\"Anuncian medidas por mal uso de parada de Pumakatari - El Diario - Bolivia\" \/>\n<meta property=\"og:description\" content=\"Ante quejas de usuarios de los buses Pumakatari respecto a la \u201cocupaci\u00f3n indebida\u201d de las paradas de estos veh\u00edculos, por radiotaxis, la Alcald\u00eda pace\u00f1a apela a la \u201cconciencia y sentido com\u00fan\u201d de conductores para no estacionar en dichos espacios, pero analiza recurrir a instancias legales sobre un acuerdo que Mi Telef\u00e9rico realiz\u00f3 con una empresa [&hellip;]\" \/>\n<meta property=\"og:url\" content=\"https:\/\/www.eldiario.net\/portal\/2022\/11\/02\/anuncian-medidas-por-mal-uso-de-parada-de-pumakatari\/\" \/>\n<meta property=\"og:site_name\" content=\"El Diario - Bolivia\" \/>\n<meta property=\"article:publisher\" content=\"https:\/\/www.facebook.com\/eldiario.bolivia\/\" \/>\n<meta property=\"article:published_time\" content=\"2022-11-02T09:57:47+00:00\" \/>\n<meta property=\"og:image\" content=\"https:\/\/www.eldiario.net\/portal\/wp-content\/uploads\/2022\/11\/F12.jpg\" \/>\n\t<meta property=\"og:image:width\" content=\"1599\" \/>\n\t<meta property=\"og:image:height\" content=\"1066\" \/>\n\t<meta property=\"og:image:type\" content=\"image\/jpeg\" \/>\n<meta name=\"author\" content=\"Jeanette\" \/>\n<meta name=\"twitter:card\" content=\"summary_large_image\" \/>\n<meta name=\"twitter:creator\" content=\"@eldiario_net\" \/>\n<meta name=\"twitter:site\" content=\"@eldiario_net\" \/>\n<meta name=\"twitter:label1\" content=\"Escrito por\" \/>\n\t<meta name=\"twitter:data1\" content=\"Jeanette\" \/>\n\t<meta name=\"twitter:label2\" content=\"Tiempo de lectura\" \/>\n\t<meta name=\"twitter:data2\" content=\"4 minutos\" \/>\n<script type=\"application\/ld+json\" class=\"yoast-schema-graph\">{\"@context\":\"https:\\\/\\\/schema.org\",\"@graph\":[{\"@type\":\"Article\",\"@id\":\"https:\\\/\\\/www.eldiario.net\\\/portal\\\/2022\\\/11\\\/02\\\/anuncian-medidas-por-mal-uso-de-parada-de-pumakatari\\\/#article\",\"isPartOf\":{\"@id\":\"https:\\\/\\\/www.eldiario.net\\\/portal\\\/2022\\\/11\\\/02\\\/anuncian-medidas-por-mal-uso-de-parada-de-pumakatari\\\/\"},\"author\":{\"name\":\"Jeanette\",\"@id\":\"https:\\\/\\\/www.eldiario.net\\\/portal\\\/#\\\/schema\\\/person\\\/f46445640444750d7d753ccd04ae01b7\"},\"headline\":\"Anuncian medidas por mal uso de parada de Pumakatari\",\"datePublished\":\"2022-11-02T09:57:47+00:00\",\"mainEntityOfPage\":{\"@id\":\"https:\\\/\\\/www.eldiario.net\\\/portal\\\/2022\\\/11\\\/02\\\/anuncian-medidas-por-mal-uso-de-parada-de-pumakatari\\\/\"},\"wordCount\":746,\"publisher\":{\"@id\":\"https:\\\/\\\/www.eldiario.net\\\/portal\\\/#organization\"},\"image\":{\"@id\":\"https:\\\/\\\/www.eldiario.net\\\/portal\\\/2022\\\/11\\\/02\\\/anuncian-medidas-por-mal-uso-de-parada-de-pumakatari\\\/#primaryimage\"},\"thumbnailUrl\":\"https:\\\/\\\/www.eldiario.net\\\/portal\\\/wp-content\\\/uploads\\\/2022\\\/11\\\/F12.jpg\",\"articleSection\":[\"Nacional\"],\"inLanguage\":\"es\"},{\"@type\":\"WebPage\",\"@id\":\"https:\\\/\\\/www.eldiario.net\\\/portal\\\/2022\\\/11\\\/02\\\/anuncian-medidas-por-mal-uso-de-parada-de-pumakatari\\\/\",\"url\":\"https:\\\/\\\/www.eldiario.net\\\/portal\\\/2022\\\/11\\\/02\\\/anuncian-medidas-por-mal-uso-de-parada-de-pumakatari\\\/\",\"name\":\"Anuncian medidas por mal uso de parada de Pumakatari - El Diario - Bolivia\",\"isPartOf\":{\"@id\":\"https:\\\/\\\/www.eldiario.net\\\/portal\\\/#website\"},\"primaryImageOfPage\":{\"@id\":\"https:\\\/\\\/www.eldiario.net\\\/portal\\\/2022\\\/11\\\/02\\\/anuncian-medidas-por-mal-uso-de-parada-de-pumakatari\\\/#primaryimage\"},\"image\":{\"@id\":\"https:\\\/\\\/www.eldiario.net\\\/portal\\\/2022\\\/11\\\/02\\\/anuncian-medidas-por-mal-uso-de-parada-de-pumakatari\\\/#primaryimage\"},\"thumbnailUrl\":\"https:\\\/\\\/www.eldiario.net\\\/portal\\\/wp-content\\\/uploads\\\/2022\\\/11\\\/F12.jpg\",\"datePublished\":\"2022-11-02T09:57:47+00:00\",\"breadcrumb\":{\"@id\":\"https:\\\/\\\/www.eldiario.net\\\/portal\\\/2022\\\/11\\\/02\\\/anuncian-medidas-por-mal-uso-de-parada-de-pumakatari\\\/#breadcrumb\"},\"inLanguage\":\"es\",\"potentialAction\":[{\"@type\":\"ReadAction\",\"target\":[\"https:\\\/\\\/www.eldiario.net\\\/portal\\\/2022\\\/11\\\/02\\\/anuncian-medidas-por-mal-uso-de-parada-de-pumakatari\\\/\"]}]},{\"@type\":\"ImageObject\",\"inLanguage\":\"es\",\"@id\":\"https:\\\/\\\/www.eldiario.net\\\/portal\\\/2022\\\/11\\\/02\\\/anuncian-medidas-por-mal-uso-de-parada-de-pumakatari\\\/#primaryimage\",\"url\":\"https:\\\/\\\/www.eldiario.net\\\/portal\\\/wp-content\\\/uploads\\\/2022\\\/11\\\/F12.jpg\",\"contentUrl\":\"https:\\\/\\\/www.eldiario.net\\\/portal\\\/wp-content\\\/uploads\\\/2022\\\/11\\\/F12.jpg\",\"width\":1599,\"height\":1066,\"caption\":\"Adem\u00e1s de perjudicar la circulaci\u00f3n de motorizados, poneN en riesgo la seguridad de personas que necesitan movilizarse.\"},{\"@type\":\"BreadcrumbList\",\"@id\":\"https:\\\/\\\/www.eldiario.net\\\/portal\\\/2022\\\/11\\\/02\\\/anuncian-medidas-por-mal-uso-de-parada-de-pumakatari\\\/#breadcrumb\",\"itemListElement\":[{\"@type\":\"ListItem\",\"position\":1,\"name\":\"Portada\",\"item\":\"https:\\\/\\\/www.eldiario.net\\\/portal\\\/\"},{\"@type\":\"ListItem\",\"position\":2,\"name\":\"Anuncian medidas por mal uso de parada de Pumakatari\"}]},{\"@type\":\"WebSite\",\"@id\":\"https:\\\/\\\/www.eldiario.net\\\/portal\\\/#website\",\"url\":\"https:\\\/\\\/www.eldiario.net\\\/portal\\\/\",\"name\":\"El Diario - Decano de la prensa nacional\",\"description\":\"El Diario - Decano de la prensa nacional\",\"publisher\":{\"@id\":\"https:\\\/\\\/www.eldiario.net\\\/portal\\\/#organization\"},\"potentialAction\":[{\"@type\":\"SearchAction\",\"target\":{\"@type\":\"EntryPoint\",\"urlTemplate\":\"https:\\\/\\\/www.eldiario.net\\\/portal\\\/?s={search_term_string}\"},\"query-input\":{\"@type\":\"PropertyValueSpecification\",\"valueRequired\":true,\"valueName\":\"search_term_string\"}}],\"inLanguage\":\"es\"},{\"@type\":\"Organization\",\"@id\":\"https:\\\/\\\/www.eldiario.net\\\/portal\\\/#organization\",\"name\":\"El Diario - Decano de la prensa nacional\",\"url\":\"https:\\\/\\\/www.eldiario.net\\\/portal\\\/\",\"logo\":{\"@type\":\"ImageObject\",\"inLanguage\":\"es\",\"@id\":\"https:\\\/\\\/www.eldiario.net\\\/portal\\\/#\\\/schema\\\/logo\\\/image\\\/\",\"url\":\"https:\\\/\\\/www.eldiario.net\\\/portal\\\/wp-content\\\/uploads\\\/2023\\\/07\\\/logo_ED.jpg\",\"contentUrl\":\"https:\\\/\\\/www.eldiario.net\\\/portal\\\/wp-content\\\/uploads\\\/2023\\\/07\\\/logo_ED.jpg\",\"width\":272,\"height\":52,\"caption\":\"El Diario - Decano de la prensa nacional\"},\"image\":{\"@id\":\"https:\\\/\\\/www.eldiario.net\\\/portal\\\/#\\\/schema\\\/logo\\\/image\\\/\"},\"sameAs\":[\"https:\\\/\\\/www.facebook.com\\\/eldiario.bolivia\\\/\",\"https:\\\/\\\/x.com\\\/eldiario_net\"]},{\"@type\":\"Person\",\"@id\":\"https:\\\/\\\/www.eldiario.net\\\/portal\\\/#\\\/schema\\\/person\\\/f46445640444750d7d753ccd04ae01b7\",\"name\":\"Jeanette\",\"image\":{\"@type\":\"ImageObject\",\"inLanguage\":\"es\",\"@id\":\"https:\\\/\\\/secure.gravatar.com\\\/avatar\\\/3ea2118a5f7dad2b7138b1187a6b7ee55f160b9968b66013c3a3ef39dd7e5798?s=96&d=mm&r=g\",\"url\":\"https:\\\/\\\/secure.gravatar.com\\\/avatar\\\/3ea2118a5f7dad2b7138b1187a6b7ee55f160b9968b66013c3a3ef39dd7e5798?s=96&d=mm&r=g\",\"contentUrl\":\"https:\\\/\\\/secure.gravatar.com\\\/avatar\\\/3ea2118a5f7dad2b7138b1187a6b7ee55f160b9968b66013c3a3ef39dd7e5798?s=96&d=mm&r=g\",\"caption\":\"Jeanette\"},\"sameAs\":[\"https:\\\/\\\/www.eldiario.net\\\/portal\"],\"url\":\"https:\\\/\\\/www.eldiario.net\\\/portal\\\/author\\\/jeanette\\\/\"}]}<\/script>\n<!-- \/ Yoast SEO plugin. -->","yoast_head_json":{"title":"Anuncian medidas por mal uso de parada de Pumakatari - El Diario - Bolivia","robots":{"index":"index","follow":"follow","max-snippet":"max-snippet:-1","max-image-preview":"max-image-preview:large","max-video-preview":"max-video-preview:-1"},"canonical":"https:\/\/www.eldiario.net\/portal\/2022\/11\/02\/anuncian-medidas-por-mal-uso-de-parada-de-pumakatari\/","og_locale":"es_ES","og_type":"article","og_title":"Anuncian medidas por mal uso de parada de Pumakatari - El Diario - Bolivia","og_description":"Ante quejas de usuarios de los buses Pumakatari respecto a la \u201cocupaci\u00f3n indebida\u201d de las paradas de estos veh\u00edculos, por radiotaxis, la Alcald\u00eda pace\u00f1a apela a la \u201cconciencia y sentido com\u00fan\u201d de conductores para no estacionar en dichos espacios, pero analiza recurrir a instancias legales sobre un acuerdo que Mi Telef\u00e9rico realiz\u00f3 con una empresa [&hellip;]","og_url":"https:\/\/www.eldiario.net\/portal\/2022\/11\/02\/anuncian-medidas-por-mal-uso-de-parada-de-pumakatari\/","og_site_name":"El Diario - Bolivia","article_publisher":"https:\/\/www.facebook.com\/eldiario.bolivia\/","article_published_time":"2022-11-02T09:57:47+00:00","og_image":[{"width":1599,"height":1066,"url":"https:\/\/www.eldiario.net\/portal\/wp-content\/uploads\/2022\/11\/F12.jpg","type":"image\/jpeg"}],"author":"Jeanette","twitter_card":"summary_large_image","twitter_creator":"@eldiario_net","twitter_site":"@eldiario_net","twitter_misc":{"Escrito por":"Jeanette","Tiempo de lectura":"4 minutos"},"schema":{"@context":"https:\/\/schema.org","@graph":[{"@type":"Article","@id":"https:\/\/www.eldiario.net\/portal\/2022\/11\/02\/anuncian-medidas-por-mal-uso-de-parada-de-pumakatari\/#article","isPartOf":{"@id":"https:\/\/www.eldiario.net\/portal\/2022\/11\/02\/anuncian-medidas-por-mal-uso-de-parada-de-pumakatari\/"},"author":{"name":"Jeanette","@id":"https:\/\/www.eldiario.net\/portal\/#\/schema\/person\/f46445640444750d7d753ccd04ae01b7"},"headline":"Anuncian medidas por mal uso de parada de Pumakatari","datePublished":"2022-11-02T09:57:47+00:00","mainEntityOfPage":{"@id":"https:\/\/www.eldiario.net\/portal\/2022\/11\/02\/anuncian-medidas-por-mal-uso-de-parada-de-pumakatari\/"},"wordCount":746,"publisher":{"@id":"https:\/\/www.eldiario.net\/portal\/#organization"},"image":{"@id":"https:\/\/www.eldiario.net\/portal\/2022\/11\/02\/anuncian-medidas-por-mal-uso-de-parada-de-pumakatari\/#primaryimage"},"thumbnailUrl":"https:\/\/www.eldiario.net\/portal\/wp-content\/uploads\/2022\/11\/F12.jpg","articleSection":["Nacional"],"inLanguage":"es"},{"@type":"WebPage","@id":"https:\/\/www.eldiario.net\/portal\/2022\/11\/02\/anuncian-medidas-por-mal-uso-de-parada-de-pumakatari\/","url":"https:\/\/www.eldiario.net\/portal\/2022\/11\/02\/anuncian-medidas-por-mal-uso-de-parada-de-pumakatari\/","name":"Anuncian medidas por mal uso de parada de Pumakatari - El Diario - Bolivia","isPartOf":{"@id":"https:\/\/www.eldiario.net\/portal\/#website"},"primaryImageOfPage":{"@id":"https:\/\/www.eldiario.net\/portal\/2022\/11\/02\/anuncian-medidas-por-mal-uso-de-parada-de-pumakatari\/#primaryimage"},"image":{"@id":"https:\/\/www.eldiario.net\/portal\/2022\/11\/02\/anuncian-medidas-por-mal-uso-de-parada-de-pumakatari\/#primaryimage"},"thumbnailUrl":"https:\/\/www.eldiario.net\/portal\/wp-content\/uploads\/2022\/11\/F12.jpg","datePublished":"2022-11-02T09:57:47+00:00","breadcrumb":{"@id":"https:\/\/www.eldiario.net\/portal\/2022\/11\/02\/anuncian-medidas-por-mal-uso-de-parada-de-pumakatari\/#breadcrumb"},"inLanguage":"es","potentialAction":[{"@type":"ReadAction","target":["https:\/\/www.eldiario.net\/portal\/2022\/11\/02\/anuncian-medidas-por-mal-uso-de-parada-de-pumakatari\/"]}]},{"@type":"ImageObject","inLanguage":"es","@id":"https:\/\/www.eldiario.net\/portal\/2022\/11\/02\/anuncian-medidas-por-mal-uso-de-parada-de-pumakatari\/#primaryimage","url":"https:\/\/www.eldiario.net\/portal\/wp-content\/uploads\/2022\/11\/F12.jpg","contentUrl":"https:\/\/www.eldiario.net\/portal\/wp-content\/uploads\/2022\/11\/F12.jpg","width":1599,"height":1066,"caption":"Adem\u00e1s de perjudicar la circulaci\u00f3n de motorizados, poneN en riesgo la seguridad de personas que necesitan movilizarse."},{"@type":"BreadcrumbList","@id":"https:\/\/www.eldiario.net\/portal\/2022\/11\/02\/anuncian-medidas-por-mal-uso-de-parada-de-pumakatari\/#breadcrumb","itemListElement":[{"@type":"ListItem","position":1,"name":"Portada","item":"https:\/\/www.eldiario.net\/portal\/"},{"@type":"ListItem","position":2,"name":"Anuncian medidas por mal uso de parada de Pumakatari"}]},{"@type":"WebSite","@id":"https:\/\/www.eldiario.net\/portal\/#website","url":"https:\/\/www.eldiario.net\/portal\/","name":"El Diario - Decano de la prensa nacional","description":"El Diario - Decano de la prensa nacional","publisher":{"@id":"https:\/\/www.eldiario.net\/portal\/#organization"},"potentialAction":[{"@type":"SearchAction","target":{"@type":"EntryPoint","urlTemplate":"https:\/\/www.eldiario.net\/portal\/?s={search_term_string}"},"query-input":{"@type":"PropertyValueSpecification","valueRequired":true,"valueName":"search_term_string"}}],"inLanguage":"es"},{"@type":"Organization","@id":"https:\/\/www.eldiario.net\/portal\/#organization","name":"El Diario - Decano de la prensa nacional","url":"https:\/\/www.eldiario.net\/portal\/","logo":{"@type":"ImageObject","inLanguage":"es","@id":"https:\/\/www.eldiario.net\/portal\/#\/schema\/logo\/image\/","url":"https:\/\/www.eldiario.net\/portal\/wp-content\/uploads\/2023\/07\/logo_ED.jpg","contentUrl":"https:\/\/www.eldiario.net\/portal\/wp-content\/uploads\/2023\/07\/logo_ED.jpg","width":272,"height":52,"caption":"El Diario - Decano de la prensa nacional"},"image":{"@id":"https:\/\/www.eldiario.net\/portal\/#\/schema\/logo\/image\/"},"sameAs":["https:\/\/www.facebook.com\/eldiario.bolivia\/","https:\/\/x.com\/eldiario_net"]},{"@type":"Person","@id":"https:\/\/www.eldiario.net\/portal\/#\/schema\/person\/f46445640444750d7d753ccd04ae01b7","name":"Jeanette","image":{"@type":"ImageObject","inLanguage":"es","@id":"https:\/\/secure.gravatar.com\/avatar\/3ea2118a5f7dad2b7138b1187a6b7ee55f160b9968b66013c3a3ef39dd7e5798?s=96&d=mm&r=g","url":"https:\/\/secure.gravatar.com\/avatar\/3ea2118a5f7dad2b7138b1187a6b7ee55f160b9968b66013c3a3ef39dd7e5798?s=96&d=mm&r=g","contentUrl":"https:\/\/secure.gravatar.com\/avatar\/3ea2118a5f7dad2b7138b1187a6b7ee55f160b9968b66013c3a3ef39dd7e5798?s=96&d=mm&r=g","caption":"Jeanette"},"sameAs":["https:\/\/www.eldiario.net\/portal"],"url":"https:\/\/www.eldiario.net\/portal\/author\/jeanette\/"}]}},"_links":{"self":[{"href":"https:\/\/www.eldiario.net\/portal\/wp-json\/wp\/v2\/posts\/119812","targetHints":{"allow":["GET"]}}],"collection":[{"href":"https:\/\/www.eldiario.net\/portal\/wp-json\/wp\/v2\/posts"}],"about":[{"href":"https:\/\/www.eldiario.net\/portal\/wp-json\/wp\/v2\/types\/post"}],"author":[{"embeddable":true,"href":"https:\/\/www.eldiario.net\/portal\/wp-json\/wp\/v2\/users\/1"}],"replies":[{"embeddable":true,"href":"https:\/\/www.eldiario.net\/portal\/wp-json\/wp\/v2\/comments?post=119812"}],"version-history":[{"count":0,"href":"https:\/\/www.eldiario.net\/portal\/wp-json\/wp\/v2\/posts\/119812\/revisions"}],"wp:featuredmedia":[{"embeddable":true,"href":"https:\/\/www.eldiario.net\/portal\/wp-json\/wp\/v2\/media\/119813"}],"wp:attachment":[{"href":"https:\/\/www.eldiario.net\/portal\/wp-json\/wp\/v2\/media?parent=119812"}],"wp:term":[{"taxonomy":"category","embeddable":true,"href":"https:\/\/www.eldiario.net\/portal\/wp-json\/wp\/v2\/categories?post=119812"},{"taxonomy":"post_tag","embeddable":true,"href":"https:\/\/www.eldiario.net\/portal\/wp-json\/wp\/v2\/tags?post=119812"}],"curies":[{"name":"wp","href":"https:\/\/api.w.org\/{rel}","templated":true}]}}