{"id":119809,"date":"2022-11-02T05:57:02","date_gmt":"2022-11-02T09:57:02","guid":{"rendered":"https:\/\/www.eldiario.net\/portal\/?p=119809"},"modified":"2022-11-02T05:57:02","modified_gmt":"2022-11-02T09:57:02","slug":"arman-mesa-para-recordar-a-mascotas-que-partieron","status":"publish","type":"post","link":"https:\/\/www.eldiario.net\/portal\/2022\/11\/02\/arman-mesa-para-recordar-a-mascotas-que-partieron\/","title":{"rendered":"Arman mesa para recordar a mascotas que partieron"},"content":{"rendered":"<p>Con varias fotos de gatos y perros, adem\u00e1s de flores, una variedad de alimentos, ropa y juguetes para mascotas, entre otros productos, por noveno a\u00f1o, personal de una veterinaria arm\u00f3 la mesa en honor a las mascotitas que partieron al cielo.<br \/>\nDe lo que se trata es de reflejar, en algo, todo el cari\u00f1o y amor incondicional que las personas tienen hacia los angelitos de cuatro patas. El objetivo, seg\u00fan Patricia Fr\u00edas de la veterinaria Pirahiba, es que las personas tomen conciencia de que los animales tienen sentimientos y alma al igual que los seres humanos.<br \/>\n\u201cRendimos homenaje a nuestros queridos peluditos que ya no est\u00e1n f\u00edsicamente entre nosotros, pero tambi\u00e9n a aquellos que murieron en tr\u00e1gicas consecuencias o en manos de personas desalmadas y los que fallecieron en la m\u00e1s absoluta indiferencia y anonimato\u201d, se\u00f1al\u00f3.<br \/>\nDetall\u00f3 que si bien, seg\u00fan las costumbres las almas llegan cada 1 de noviembre, el armado de la mesa para las mascotas comenz\u00f3 el 27 de octubre, \u201cporque una creencia indica que es desde esa fecha cuando empiezan a llegar las almas y los primeros en llegar son los animales\u201d, enfatiz\u00f3.<br \/>\nPor lo que desde ese d\u00eda, la gente se da cita al local que est\u00e1 en la calle Mendoza de la zona alto San Antonio, para dejar croquetas, panes, galletas, adem\u00e1s, de juguetes, ropa y la fotograf\u00eda de su mascota, que la colocan en un muro.<br \/>\n\u201cEntre cinco a siete personas vienen por d\u00eda, a dejar la fotograf\u00eda de su animalito\u201d, sostuvo la entrevistada, a tiempo de especificar que el armado permanecer\u00e1 hasta las 18:00 de hoy y ma\u00f1ana repartir\u00e1n todo entre animales que est\u00e1n en alg\u00fan albergue y los que viven en la calle.<br \/>\nFr\u00edas cont\u00f3 que la iniciativa naci\u00f3 a ra\u00edz de la muerte de dos mascotas que \u201cmarcaron mi vida\u201d; su gato \u201cBoris\u201d y \u201cNer\u00f3n\u201d, un perro con problemas en las patas y al que atendieron en ese centro, pero que falleci\u00f3 debido a su avanzada edad.<br \/>\nEn la actualidad, varias familias tambi\u00e9n arman mesas para sus mascotas en sus hogares, \u201cincluso hay m\u00e1s grupos, veterinarias y asociaciones que hacen los mismo.<\/p>\n","protected":false},"excerpt":{"rendered":"<p>Con varias fotos de gatos y perros, adem\u00e1s de flores, una variedad de alimentos, ropa y juguetes para mascotas, entre otros productos, por noveno a\u00f1o, personal de una veterinaria arm\u00f3 la mesa en honor a las mascotitas que partieron al cielo. De lo que se trata es de reflejar, en algo, todo el cari\u00f1o y [&hellip;]<\/p>\n","protected":false},"author":1,"featured_media":119810,"comment_status":"closed","ping_status":"closed","sticky":false,"template":"","format":"standard","meta":{"_acf_changed":false,"footnotes":""},"categories":[12],"tags":[],"class_list":["post-119809","post","type-post","status-publish","format-standard","has-post-thumbnail","category-nacional"],"acf":{"antetitulo":""},"yoast_head":"<!-- This site is optimized with the Yoast SEO plugin v28.4 - https:\/\/yoast.com\/product\/yoast-seo-wordpress\/ -->\n<title>Arman mesa para recordar a mascotas que partieron - El Diario - Bolivia<\/title>\n<meta name=\"robots\" content=\"index, follow, max-snippet:-1, max-image-preview:large, max-video-preview:-1\" \/>\n<link rel=\"canonical\" href=\"https:\/\/www.eldiario.net\/portal\/2022\/11\/02\/arman-mesa-para-recordar-a-mascotas-que-partieron\/\" \/>\n<meta property=\"og:locale\" content=\"es_ES\" \/>\n<meta property=\"og:type\" content=\"article\" \/>\n<meta property=\"og:title\" content=\"Arman mesa para recordar a mascotas que partieron - El Diario - Bolivia\" \/>\n<meta property=\"og:description\" content=\"Con varias fotos de gatos y perros, adem\u00e1s de flores, una variedad de alimentos, ropa y juguetes para mascotas, entre otros productos, por noveno a\u00f1o, personal de una veterinaria arm\u00f3 la mesa en honor a las mascotitas que partieron al cielo. De lo que se trata es de reflejar, en algo, todo el cari\u00f1o y [&hellip;]\" \/>\n<meta property=\"og:url\" content=\"https:\/\/www.eldiario.net\/portal\/2022\/11\/02\/arman-mesa-para-recordar-a-mascotas-que-partieron\/\" \/>\n<meta property=\"og:site_name\" content=\"El Diario - Bolivia\" \/>\n<meta property=\"article:publisher\" content=\"https:\/\/www.facebook.com\/eldiario.bolivia\/\" \/>\n<meta property=\"article:published_time\" content=\"2022-11-02T09:57:02+00:00\" \/>\n<meta name=\"author\" content=\"Jeanette\" \/>\n<meta name=\"twitter:card\" content=\"summary_large_image\" \/>\n<meta name=\"twitter:creator\" content=\"@eldiario_net\" \/>\n<meta name=\"twitter:site\" content=\"@eldiario_net\" \/>\n<meta name=\"twitter:label1\" content=\"Escrito por\" \/>\n\t<meta name=\"twitter:data1\" content=\"Jeanette\" \/>\n\t<meta name=\"twitter:label2\" content=\"Tiempo de lectura\" \/>\n\t<meta name=\"twitter:data2\" content=\"2 minutos\" \/>\n<script type=\"application\/ld+json\" class=\"yoast-schema-graph\">{\"@context\":\"https:\\\/\\\/schema.org\",\"@graph\":[{\"@type\":\"Article\",\"@id\":\"https:\\\/\\\/www.eldiario.net\\\/portal\\\/2022\\\/11\\\/02\\\/arman-mesa-para-recordar-a-mascotas-que-partieron\\\/#article\",\"isPartOf\":{\"@id\":\"https:\\\/\\\/www.eldiario.net\\\/portal\\\/2022\\\/11\\\/02\\\/arman-mesa-para-recordar-a-mascotas-que-partieron\\\/\"},\"author\":{\"name\":\"Jeanette\",\"@id\":\"https:\\\/\\\/www.eldiario.net\\\/portal\\\/#\\\/schema\\\/person\\\/f46445640444750d7d753ccd04ae01b7\"},\"headline\":\"Arman mesa para recordar a mascotas que partieron\",\"datePublished\":\"2022-11-02T09:57:02+00:00\",\"mainEntityOfPage\":{\"@id\":\"https:\\\/\\\/www.eldiario.net\\\/portal\\\/2022\\\/11\\\/02\\\/arman-mesa-para-recordar-a-mascotas-que-partieron\\\/\"},\"wordCount\":383,\"publisher\":{\"@id\":\"https:\\\/\\\/www.eldiario.net\\\/portal\\\/#organization\"},\"image\":{\"@id\":\"https:\\\/\\\/www.eldiario.net\\\/portal\\\/2022\\\/11\\\/02\\\/arman-mesa-para-recordar-a-mascotas-que-partieron\\\/#primaryimage\"},\"thumbnailUrl\":\"\",\"articleSection\":[\"Nacional\"],\"inLanguage\":\"es\"},{\"@type\":\"WebPage\",\"@id\":\"https:\\\/\\\/www.eldiario.net\\\/portal\\\/2022\\\/11\\\/02\\\/arman-mesa-para-recordar-a-mascotas-que-partieron\\\/\",\"url\":\"https:\\\/\\\/www.eldiario.net\\\/portal\\\/2022\\\/11\\\/02\\\/arman-mesa-para-recordar-a-mascotas-que-partieron\\\/\",\"name\":\"Arman mesa para recordar a mascotas que partieron - El Diario - Bolivia\",\"isPartOf\":{\"@id\":\"https:\\\/\\\/www.eldiario.net\\\/portal\\\/#website\"},\"primaryImageOfPage\":{\"@id\":\"https:\\\/\\\/www.eldiario.net\\\/portal\\\/2022\\\/11\\\/02\\\/arman-mesa-para-recordar-a-mascotas-que-partieron\\\/#primaryimage\"},\"image\":{\"@id\":\"https:\\\/\\\/www.eldiario.net\\\/portal\\\/2022\\\/11\\\/02\\\/arman-mesa-para-recordar-a-mascotas-que-partieron\\\/#primaryimage\"},\"thumbnailUrl\":\"\",\"datePublished\":\"2022-11-02T09:57:02+00:00\",\"breadcrumb\":{\"@id\":\"https:\\\/\\\/www.eldiario.net\\\/portal\\\/2022\\\/11\\\/02\\\/arman-mesa-para-recordar-a-mascotas-que-partieron\\\/#breadcrumb\"},\"inLanguage\":\"es\",\"potentialAction\":[{\"@type\":\"ReadAction\",\"target\":[\"https:\\\/\\\/www.eldiario.net\\\/portal\\\/2022\\\/11\\\/02\\\/arman-mesa-para-recordar-a-mascotas-que-partieron\\\/\"]}]},{\"@type\":\"ImageObject\",\"inLanguage\":\"es\",\"@id\":\"https:\\\/\\\/www.eldiario.net\\\/portal\\\/2022\\\/11\\\/02\\\/arman-mesa-para-recordar-a-mascotas-que-partieron\\\/#primaryimage\",\"url\":\"\",\"contentUrl\":\"\"},{\"@type\":\"BreadcrumbList\",\"@id\":\"https:\\\/\\\/www.eldiario.net\\\/portal\\\/2022\\\/11\\\/02\\\/arman-mesa-para-recordar-a-mascotas-que-partieron\\\/#breadcrumb\",\"itemListElement\":[{\"@type\":\"ListItem\",\"position\":1,\"name\":\"Portada\",\"item\":\"https:\\\/\\\/www.eldiario.net\\\/portal\\\/\"},{\"@type\":\"ListItem\",\"position\":2,\"name\":\"Arman mesa para recordar a mascotas que partieron\"}]},{\"@type\":\"WebSite\",\"@id\":\"https:\\\/\\\/www.eldiario.net\\\/portal\\\/#website\",\"url\":\"https:\\\/\\\/www.eldiario.net\\\/portal\\\/\",\"name\":\"El Diario - Decano de la prensa nacional\",\"description\":\"El Diario - Decano de la prensa nacional\",\"publisher\":{\"@id\":\"https:\\\/\\\/www.eldiario.net\\\/portal\\\/#organization\"},\"potentialAction\":[{\"@type\":\"SearchAction\",\"target\":{\"@type\":\"EntryPoint\",\"urlTemplate\":\"https:\\\/\\\/www.eldiario.net\\\/portal\\\/?s={search_term_string}\"},\"query-input\":{\"@type\":\"PropertyValueSpecification\",\"valueRequired\":true,\"valueName\":\"search_term_string\"}}],\"inLanguage\":\"es\"},{\"@type\":\"Organization\",\"@id\":\"https:\\\/\\\/www.eldiario.net\\\/portal\\\/#organization\",\"name\":\"El Diario - Decano de la prensa nacional\",\"url\":\"https:\\\/\\\/www.eldiario.net\\\/portal\\\/\",\"logo\":{\"@type\":\"ImageObject\",\"inLanguage\":\"es\",\"@id\":\"https:\\\/\\\/www.eldiario.net\\\/portal\\\/#\\\/schema\\\/logo\\\/image\\\/\",\"url\":\"https:\\\/\\\/www.eldiario.net\\\/portal\\\/wp-content\\\/uploads\\\/2023\\\/07\\\/logo_ED.jpg\",\"contentUrl\":\"https:\\\/\\\/www.eldiario.net\\\/portal\\\/wp-content\\\/uploads\\\/2023\\\/07\\\/logo_ED.jpg\",\"width\":272,\"height\":52,\"caption\":\"El Diario - Decano de la prensa nacional\"},\"image\":{\"@id\":\"https:\\\/\\\/www.eldiario.net\\\/portal\\\/#\\\/schema\\\/logo\\\/image\\\/\"},\"sameAs\":[\"https:\\\/\\\/www.facebook.com\\\/eldiario.bolivia\\\/\",\"https:\\\/\\\/x.com\\\/eldiario_net\"]},{\"@type\":\"Person\",\"@id\":\"https:\\\/\\\/www.eldiario.net\\\/portal\\\/#\\\/schema\\\/person\\\/f46445640444750d7d753ccd04ae01b7\",\"name\":\"Jeanette\",\"image\":{\"@type\":\"ImageObject\",\"inLanguage\":\"es\",\"@id\":\"https:\\\/\\\/secure.gravatar.com\\\/avatar\\\/3ea2118a5f7dad2b7138b1187a6b7ee55f160b9968b66013c3a3ef39dd7e5798?s=96&d=mm&r=g\",\"url\":\"https:\\\/\\\/secure.gravatar.com\\\/avatar\\\/3ea2118a5f7dad2b7138b1187a6b7ee55f160b9968b66013c3a3ef39dd7e5798?s=96&d=mm&r=g\",\"contentUrl\":\"https:\\\/\\\/secure.gravatar.com\\\/avatar\\\/3ea2118a5f7dad2b7138b1187a6b7ee55f160b9968b66013c3a3ef39dd7e5798?s=96&d=mm&r=g\",\"caption\":\"Jeanette\"},\"sameAs\":[\"https:\\\/\\\/www.eldiario.net\\\/portal\"],\"url\":\"https:\\\/\\\/www.eldiario.net\\\/portal\\\/author\\\/jeanette\\\/\"}]}<\/script>\n<!-- \/ Yoast SEO plugin. -->","yoast_head_json":{"title":"Arman mesa para recordar a mascotas que partieron - El Diario - Bolivia","robots":{"index":"index","follow":"follow","max-snippet":"max-snippet:-1","max-image-preview":"max-image-preview:large","max-video-preview":"max-video-preview:-1"},"canonical":"https:\/\/www.eldiario.net\/portal\/2022\/11\/02\/arman-mesa-para-recordar-a-mascotas-que-partieron\/","og_locale":"es_ES","og_type":"article","og_title":"Arman mesa para recordar a mascotas que partieron - El Diario - Bolivia","og_description":"Con varias fotos de gatos y perros, adem\u00e1s de flores, una variedad de alimentos, ropa y juguetes para mascotas, entre otros productos, por noveno a\u00f1o, personal de una veterinaria arm\u00f3 la mesa en honor a las mascotitas que partieron al cielo. De lo que se trata es de reflejar, en algo, todo el cari\u00f1o y [&hellip;]","og_url":"https:\/\/www.eldiario.net\/portal\/2022\/11\/02\/arman-mesa-para-recordar-a-mascotas-que-partieron\/","og_site_name":"El Diario - Bolivia","article_publisher":"https:\/\/www.facebook.com\/eldiario.bolivia\/","article_published_time":"2022-11-02T09:57:02+00:00","author":"Jeanette","twitter_card":"summary_large_image","twitter_creator":"@eldiario_net","twitter_site":"@eldiario_net","twitter_misc":{"Escrito por":"Jeanette","Tiempo de lectura":"2 minutos"},"schema":{"@context":"https:\/\/schema.org","@graph":[{"@type":"Article","@id":"https:\/\/www.eldiario.net\/portal\/2022\/11\/02\/arman-mesa-para-recordar-a-mascotas-que-partieron\/#article","isPartOf":{"@id":"https:\/\/www.eldiario.net\/portal\/2022\/11\/02\/arman-mesa-para-recordar-a-mascotas-que-partieron\/"},"author":{"name":"Jeanette","@id":"https:\/\/www.eldiario.net\/portal\/#\/schema\/person\/f46445640444750d7d753ccd04ae01b7"},"headline":"Arman mesa para recordar a mascotas que partieron","datePublished":"2022-11-02T09:57:02+00:00","mainEntityOfPage":{"@id":"https:\/\/www.eldiario.net\/portal\/2022\/11\/02\/arman-mesa-para-recordar-a-mascotas-que-partieron\/"},"wordCount":383,"publisher":{"@id":"https:\/\/www.eldiario.net\/portal\/#organization"},"image":{"@id":"https:\/\/www.eldiario.net\/portal\/2022\/11\/02\/arman-mesa-para-recordar-a-mascotas-que-partieron\/#primaryimage"},"thumbnailUrl":"","articleSection":["Nacional"],"inLanguage":"es"},{"@type":"WebPage","@id":"https:\/\/www.eldiario.net\/portal\/2022\/11\/02\/arman-mesa-para-recordar-a-mascotas-que-partieron\/","url":"https:\/\/www.eldiario.net\/portal\/2022\/11\/02\/arman-mesa-para-recordar-a-mascotas-que-partieron\/","name":"Arman mesa para recordar a mascotas que partieron - El Diario - Bolivia","isPartOf":{"@id":"https:\/\/www.eldiario.net\/portal\/#website"},"primaryImageOfPage":{"@id":"https:\/\/www.eldiario.net\/portal\/2022\/11\/02\/arman-mesa-para-recordar-a-mascotas-que-partieron\/#primaryimage"},"image":{"@id":"https:\/\/www.eldiario.net\/portal\/2022\/11\/02\/arman-mesa-para-recordar-a-mascotas-que-partieron\/#primaryimage"},"thumbnailUrl":"","datePublished":"2022-11-02T09:57:02+00:00","breadcrumb":{"@id":"https:\/\/www.eldiario.net\/portal\/2022\/11\/02\/arman-mesa-para-recordar-a-mascotas-que-partieron\/#breadcrumb"},"inLanguage":"es","potentialAction":[{"@type":"ReadAction","target":["https:\/\/www.eldiario.net\/portal\/2022\/11\/02\/arman-mesa-para-recordar-a-mascotas-que-partieron\/"]}]},{"@type":"ImageObject","inLanguage":"es","@id":"https:\/\/www.eldiario.net\/portal\/2022\/11\/02\/arman-mesa-para-recordar-a-mascotas-que-partieron\/#primaryimage","url":"","contentUrl":""},{"@type":"BreadcrumbList","@id":"https:\/\/www.eldiario.net\/portal\/2022\/11\/02\/arman-mesa-para-recordar-a-mascotas-que-partieron\/#breadcrumb","itemListElement":[{"@type":"ListItem","position":1,"name":"Portada","item":"https:\/\/www.eldiario.net\/portal\/"},{"@type":"ListItem","position":2,"name":"Arman mesa para recordar a mascotas que partieron"}]},{"@type":"WebSite","@id":"https:\/\/www.eldiario.net\/portal\/#website","url":"https:\/\/www.eldiario.net\/portal\/","name":"El Diario - Decano de la prensa nacional","description":"El Diario - Decano de la prensa nacional","publisher":{"@id":"https:\/\/www.eldiario.net\/portal\/#organization"},"potentialAction":[{"@type":"SearchAction","target":{"@type":"EntryPoint","urlTemplate":"https:\/\/www.eldiario.net\/portal\/?s={search_term_string}"},"query-input":{"@type":"PropertyValueSpecification","valueRequired":true,"valueName":"search_term_string"}}],"inLanguage":"es"},{"@type":"Organization","@id":"https:\/\/www.eldiario.net\/portal\/#organization","name":"El Diario - Decano de la prensa nacional","url":"https:\/\/www.eldiario.net\/portal\/","logo":{"@type":"ImageObject","inLanguage":"es","@id":"https:\/\/www.eldiario.net\/portal\/#\/schema\/logo\/image\/","url":"https:\/\/www.eldiario.net\/portal\/wp-content\/uploads\/2023\/07\/logo_ED.jpg","contentUrl":"https:\/\/www.eldiario.net\/portal\/wp-content\/uploads\/2023\/07\/logo_ED.jpg","width":272,"height":52,"caption":"El Diario - Decano de la prensa nacional"},"image":{"@id":"https:\/\/www.eldiario.net\/portal\/#\/schema\/logo\/image\/"},"sameAs":["https:\/\/www.facebook.com\/eldiario.bolivia\/","https:\/\/x.com\/eldiario_net"]},{"@type":"Person","@id":"https:\/\/www.eldiario.net\/portal\/#\/schema\/person\/f46445640444750d7d753ccd04ae01b7","name":"Jeanette","image":{"@type":"ImageObject","inLanguage":"es","@id":"https:\/\/secure.gravatar.com\/avatar\/3ea2118a5f7dad2b7138b1187a6b7ee55f160b9968b66013c3a3ef39dd7e5798?s=96&d=mm&r=g","url":"https:\/\/secure.gravatar.com\/avatar\/3ea2118a5f7dad2b7138b1187a6b7ee55f160b9968b66013c3a3ef39dd7e5798?s=96&d=mm&r=g","contentUrl":"https:\/\/secure.gravatar.com\/avatar\/3ea2118a5f7dad2b7138b1187a6b7ee55f160b9968b66013c3a3ef39dd7e5798?s=96&d=mm&r=g","caption":"Jeanette"},"sameAs":["https:\/\/www.eldiario.net\/portal"],"url":"https:\/\/www.eldiario.net\/portal\/author\/jeanette\/"}]}},"_links":{"self":[{"href":"https:\/\/www.eldiario.net\/portal\/wp-json\/wp\/v2\/posts\/119809","targetHints":{"allow":["GET"]}}],"collection":[{"href":"https:\/\/www.eldiario.net\/portal\/wp-json\/wp\/v2\/posts"}],"about":[{"href":"https:\/\/www.eldiario.net\/portal\/wp-json\/wp\/v2\/types\/post"}],"author":[{"embeddable":true,"href":"https:\/\/www.eldiario.net\/portal\/wp-json\/wp\/v2\/users\/1"}],"replies":[{"embeddable":true,"href":"https:\/\/www.eldiario.net\/portal\/wp-json\/wp\/v2\/comments?post=119809"}],"version-history":[{"count":0,"href":"https:\/\/www.eldiario.net\/portal\/wp-json\/wp\/v2\/posts\/119809\/revisions"}],"wp:attachment":[{"href":"https:\/\/www.eldiario.net\/portal\/wp-json\/wp\/v2\/media?parent=119809"}],"wp:term":[{"taxonomy":"category","embeddable":true,"href":"https:\/\/www.eldiario.net\/portal\/wp-json\/wp\/v2\/categories?post=119809"},{"taxonomy":"post_tag","embeddable":true,"href":"https:\/\/www.eldiario.net\/portal\/wp-json\/wp\/v2\/tags?post=119809"}],"curies":[{"name":"wp","href":"https:\/\/api.w.org\/{rel}","templated":true}]}}