{"id":119804,"date":"2022-11-02T05:55:39","date_gmt":"2022-11-02T09:55:39","guid":{"rendered":"https:\/\/www.eldiario.net\/portal\/?p=119804"},"modified":"2022-11-02T05:55:39","modified_gmt":"2022-11-02T09:55:39","slug":"vieja-rosca-del-mas-no-volvera-a-mandar-en-bancada-oficialista","status":"publish","type":"post","link":"https:\/\/www.eldiario.net\/portal\/2022\/11\/02\/vieja-rosca-del-mas-no-volvera-a-mandar-en-bancada-oficialista\/","title":{"rendered":"Vieja rosca del MAS no volver\u00e1  a mandar en bancada oficialista"},"content":{"rendered":"<p>Afirmando que la renovaci\u00f3n hundir\u00e1 al ala radical y a la vieja rosca del Movimiento al Socialismo (MAS), el diputado Rolando Cuellar, se\u00f1al\u00f3 que los legisladores oficialistas que pertenecen a estos grupos en el partido gobernante no volver\u00e1n a ocupar cargos directivos en la bancada oficialista.<br \/>\nAnunciando la formalizaci\u00f3n de una demanda penal en contra de su colega diputado, Gualberto Arispe, por un supuesto delito de legitimaci\u00f3n de ganancias, en complicidad con miembros de su familia, Cuellar acus\u00f3 al legislador de su bancada de ser un infiltrado de la derecha en el MAS.<br \/>\nDenunci\u00f3 adem\u00e1s que existen serios indicios de haberse coordinado con la oposici\u00f3n las interpelaciones a ministros de Estado y los constantes cuestionamientos a las primeras autoridades del pa\u00eds.<br \/>\n\u201cYo creo que ha estado coordinando con la oposici\u00f3n y es por eso que ha estado interpelando a ministros, cuestionado al Presidente y al Vicepresidente. En ese sentido, las pruebas son contundentes de que es un infiltrado de la derecha a nombre del Movimiento al Socialismo\u201d, dijo.<br \/>\nPor ello, anunci\u00f3 que por una determinaci\u00f3n de la bancada nacional del partido gobernante, ninguno de los legisladores que forman parte del ala radical del MAS volver\u00e1n a ocupar cargos de mando en la ALP.<br \/>\n\u201cNosotros hemos marcado una l\u00ednea a nivel nacional y lo hemos denunciado varias veces pero en este momento el ala radical ya no va estar nunca m\u00e1s en la Asamblea, en ning\u00fan cargo mandando a toda la bancada\u201d, sostuvo Cuellar.<br \/>\nFinaliz\u00f3 manifestando que esta determinaci\u00f3n es producto de un acuerdo entre los miembros del ala renovadora para impedir que el \u201cala radical y la vieja rosca\u201d controlen nuevamente los rumbos de esta bancada.<br \/>\nArispe neg\u00f3 estas versiones puntualizando que \u00e9l no es el titular de los bienes sobre los que su colega basa sus denuncias y continuar\u00e1 en su labor de denunciar corrupci\u00f3n e irregularidades.<\/p>\n","protected":false},"excerpt":{"rendered":"<p>Afirmando que la renovaci\u00f3n hundir\u00e1 al ala radical y a la vieja rosca del Movimiento al Socialismo (MAS), el diputado Rolando Cuellar, se\u00f1al\u00f3 que los legisladores oficialistas que pertenecen a estos grupos en el partido gobernante no volver\u00e1n a ocupar cargos directivos en la bancada oficialista. Anunciando la formalizaci\u00f3n de una demanda penal en contra [&hellip;]<\/p>\n","protected":false},"author":1,"featured_media":119805,"comment_status":"closed","ping_status":"closed","sticky":false,"template":"","format":"standard","meta":{"_acf_changed":false,"footnotes":""},"categories":[14],"tags":[],"class_list":["post-119804","post","type-post","status-publish","format-standard","has-post-thumbnail","category-politica"],"acf":{"antetitulo":""},"yoast_head":"<!-- This site is optimized with the Yoast SEO plugin v28.4 - https:\/\/yoast.com\/product\/yoast-seo-wordpress\/ -->\n<title>Vieja rosca del MAS no volver\u00e1 a mandar en bancada oficialista - El Diario - Bolivia<\/title>\n<meta name=\"robots\" content=\"index, follow, max-snippet:-1, max-image-preview:large, max-video-preview:-1\" \/>\n<link rel=\"canonical\" href=\"https:\/\/www.eldiario.net\/portal\/2022\/11\/02\/vieja-rosca-del-mas-no-volvera-a-mandar-en-bancada-oficialista\/\" \/>\n<meta property=\"og:locale\" content=\"es_ES\" \/>\n<meta property=\"og:type\" content=\"article\" \/>\n<meta property=\"og:title\" content=\"Vieja rosca del MAS no volver\u00e1 a mandar en bancada oficialista - El Diario - Bolivia\" \/>\n<meta property=\"og:description\" content=\"Afirmando que la renovaci\u00f3n hundir\u00e1 al ala radical y a la vieja rosca del Movimiento al Socialismo (MAS), el diputado Rolando Cuellar, se\u00f1al\u00f3 que los legisladores oficialistas que pertenecen a estos grupos en el partido gobernante no volver\u00e1n a ocupar cargos directivos en la bancada oficialista. Anunciando la formalizaci\u00f3n de una demanda penal en contra [&hellip;]\" \/>\n<meta property=\"og:url\" content=\"https:\/\/www.eldiario.net\/portal\/2022\/11\/02\/vieja-rosca-del-mas-no-volvera-a-mandar-en-bancada-oficialista\/\" \/>\n<meta property=\"og:site_name\" content=\"El Diario - Bolivia\" \/>\n<meta property=\"article:publisher\" content=\"https:\/\/www.facebook.com\/eldiario.bolivia\/\" \/>\n<meta property=\"article:published_time\" content=\"2022-11-02T09:55:39+00:00\" \/>\n<meta name=\"author\" content=\"Jeanette\" \/>\n<meta name=\"twitter:card\" content=\"summary_large_image\" \/>\n<meta name=\"twitter:creator\" content=\"@eldiario_net\" \/>\n<meta name=\"twitter:site\" content=\"@eldiario_net\" \/>\n<meta name=\"twitter:label1\" content=\"Escrito por\" \/>\n\t<meta name=\"twitter:data1\" content=\"Jeanette\" \/>\n\t<meta name=\"twitter:label2\" content=\"Tiempo de lectura\" \/>\n\t<meta name=\"twitter:data2\" content=\"2 minutos\" \/>\n<script type=\"application\/ld+json\" class=\"yoast-schema-graph\">{\"@context\":\"https:\\\/\\\/schema.org\",\"@graph\":[{\"@type\":\"Article\",\"@id\":\"https:\\\/\\\/www.eldiario.net\\\/portal\\\/2022\\\/11\\\/02\\\/vieja-rosca-del-mas-no-volvera-a-mandar-en-bancada-oficialista\\\/#article\",\"isPartOf\":{\"@id\":\"https:\\\/\\\/www.eldiario.net\\\/portal\\\/2022\\\/11\\\/02\\\/vieja-rosca-del-mas-no-volvera-a-mandar-en-bancada-oficialista\\\/\"},\"author\":{\"name\":\"Jeanette\",\"@id\":\"https:\\\/\\\/www.eldiario.net\\\/portal\\\/#\\\/schema\\\/person\\\/f46445640444750d7d753ccd04ae01b7\"},\"headline\":\"Vieja rosca del MAS no volver\u00e1 a mandar en bancada oficialista\",\"datePublished\":\"2022-11-02T09:55:39+00:00\",\"mainEntityOfPage\":{\"@id\":\"https:\\\/\\\/www.eldiario.net\\\/portal\\\/2022\\\/11\\\/02\\\/vieja-rosca-del-mas-no-volvera-a-mandar-en-bancada-oficialista\\\/\"},\"wordCount\":335,\"publisher\":{\"@id\":\"https:\\\/\\\/www.eldiario.net\\\/portal\\\/#organization\"},\"image\":{\"@id\":\"https:\\\/\\\/www.eldiario.net\\\/portal\\\/2022\\\/11\\\/02\\\/vieja-rosca-del-mas-no-volvera-a-mandar-en-bancada-oficialista\\\/#primaryimage\"},\"thumbnailUrl\":\"\",\"articleSection\":[\"Pol\u00edtica\"],\"inLanguage\":\"es\"},{\"@type\":\"WebPage\",\"@id\":\"https:\\\/\\\/www.eldiario.net\\\/portal\\\/2022\\\/11\\\/02\\\/vieja-rosca-del-mas-no-volvera-a-mandar-en-bancada-oficialista\\\/\",\"url\":\"https:\\\/\\\/www.eldiario.net\\\/portal\\\/2022\\\/11\\\/02\\\/vieja-rosca-del-mas-no-volvera-a-mandar-en-bancada-oficialista\\\/\",\"name\":\"Vieja rosca del MAS no volver\u00e1 a mandar en bancada oficialista - El Diario - Bolivia\",\"isPartOf\":{\"@id\":\"https:\\\/\\\/www.eldiario.net\\\/portal\\\/#website\"},\"primaryImageOfPage\":{\"@id\":\"https:\\\/\\\/www.eldiario.net\\\/portal\\\/2022\\\/11\\\/02\\\/vieja-rosca-del-mas-no-volvera-a-mandar-en-bancada-oficialista\\\/#primaryimage\"},\"image\":{\"@id\":\"https:\\\/\\\/www.eldiario.net\\\/portal\\\/2022\\\/11\\\/02\\\/vieja-rosca-del-mas-no-volvera-a-mandar-en-bancada-oficialista\\\/#primaryimage\"},\"thumbnailUrl\":\"\",\"datePublished\":\"2022-11-02T09:55:39+00:00\",\"breadcrumb\":{\"@id\":\"https:\\\/\\\/www.eldiario.net\\\/portal\\\/2022\\\/11\\\/02\\\/vieja-rosca-del-mas-no-volvera-a-mandar-en-bancada-oficialista\\\/#breadcrumb\"},\"inLanguage\":\"es\",\"potentialAction\":[{\"@type\":\"ReadAction\",\"target\":[\"https:\\\/\\\/www.eldiario.net\\\/portal\\\/2022\\\/11\\\/02\\\/vieja-rosca-del-mas-no-volvera-a-mandar-en-bancada-oficialista\\\/\"]}]},{\"@type\":\"ImageObject\",\"inLanguage\":\"es\",\"@id\":\"https:\\\/\\\/www.eldiario.net\\\/portal\\\/2022\\\/11\\\/02\\\/vieja-rosca-del-mas-no-volvera-a-mandar-en-bancada-oficialista\\\/#primaryimage\",\"url\":\"\",\"contentUrl\":\"\"},{\"@type\":\"BreadcrumbList\",\"@id\":\"https:\\\/\\\/www.eldiario.net\\\/portal\\\/2022\\\/11\\\/02\\\/vieja-rosca-del-mas-no-volvera-a-mandar-en-bancada-oficialista\\\/#breadcrumb\",\"itemListElement\":[{\"@type\":\"ListItem\",\"position\":1,\"name\":\"Portada\",\"item\":\"https:\\\/\\\/www.eldiario.net\\\/portal\\\/\"},{\"@type\":\"ListItem\",\"position\":2,\"name\":\"Vieja rosca del MAS no volver\u00e1 a mandar en bancada oficialista\"}]},{\"@type\":\"WebSite\",\"@id\":\"https:\\\/\\\/www.eldiario.net\\\/portal\\\/#website\",\"url\":\"https:\\\/\\\/www.eldiario.net\\\/portal\\\/\",\"name\":\"El Diario - Decano de la prensa nacional\",\"description\":\"El Diario - Decano de la prensa nacional\",\"publisher\":{\"@id\":\"https:\\\/\\\/www.eldiario.net\\\/portal\\\/#organization\"},\"potentialAction\":[{\"@type\":\"SearchAction\",\"target\":{\"@type\":\"EntryPoint\",\"urlTemplate\":\"https:\\\/\\\/www.eldiario.net\\\/portal\\\/?s={search_term_string}\"},\"query-input\":{\"@type\":\"PropertyValueSpecification\",\"valueRequired\":true,\"valueName\":\"search_term_string\"}}],\"inLanguage\":\"es\"},{\"@type\":\"Organization\",\"@id\":\"https:\\\/\\\/www.eldiario.net\\\/portal\\\/#organization\",\"name\":\"El Diario - Decano de la prensa nacional\",\"url\":\"https:\\\/\\\/www.eldiario.net\\\/portal\\\/\",\"logo\":{\"@type\":\"ImageObject\",\"inLanguage\":\"es\",\"@id\":\"https:\\\/\\\/www.eldiario.net\\\/portal\\\/#\\\/schema\\\/logo\\\/image\\\/\",\"url\":\"https:\\\/\\\/www.eldiario.net\\\/portal\\\/wp-content\\\/uploads\\\/2023\\\/07\\\/logo_ED.jpg\",\"contentUrl\":\"https:\\\/\\\/www.eldiario.net\\\/portal\\\/wp-content\\\/uploads\\\/2023\\\/07\\\/logo_ED.jpg\",\"width\":272,\"height\":52,\"caption\":\"El Diario - Decano de la prensa nacional\"},\"image\":{\"@id\":\"https:\\\/\\\/www.eldiario.net\\\/portal\\\/#\\\/schema\\\/logo\\\/image\\\/\"},\"sameAs\":[\"https:\\\/\\\/www.facebook.com\\\/eldiario.bolivia\\\/\",\"https:\\\/\\\/x.com\\\/eldiario_net\"]},{\"@type\":\"Person\",\"@id\":\"https:\\\/\\\/www.eldiario.net\\\/portal\\\/#\\\/schema\\\/person\\\/f46445640444750d7d753ccd04ae01b7\",\"name\":\"Jeanette\",\"image\":{\"@type\":\"ImageObject\",\"inLanguage\":\"es\",\"@id\":\"https:\\\/\\\/secure.gravatar.com\\\/avatar\\\/3ea2118a5f7dad2b7138b1187a6b7ee55f160b9968b66013c3a3ef39dd7e5798?s=96&d=mm&r=g\",\"url\":\"https:\\\/\\\/secure.gravatar.com\\\/avatar\\\/3ea2118a5f7dad2b7138b1187a6b7ee55f160b9968b66013c3a3ef39dd7e5798?s=96&d=mm&r=g\",\"contentUrl\":\"https:\\\/\\\/secure.gravatar.com\\\/avatar\\\/3ea2118a5f7dad2b7138b1187a6b7ee55f160b9968b66013c3a3ef39dd7e5798?s=96&d=mm&r=g\",\"caption\":\"Jeanette\"},\"sameAs\":[\"https:\\\/\\\/www.eldiario.net\\\/portal\"],\"url\":\"https:\\\/\\\/www.eldiario.net\\\/portal\\\/author\\\/jeanette\\\/\"}]}<\/script>\n<!-- \/ Yoast SEO plugin. -->","yoast_head_json":{"title":"Vieja rosca del MAS no volver\u00e1 a mandar en bancada oficialista - El Diario - Bolivia","robots":{"index":"index","follow":"follow","max-snippet":"max-snippet:-1","max-image-preview":"max-image-preview:large","max-video-preview":"max-video-preview:-1"},"canonical":"https:\/\/www.eldiario.net\/portal\/2022\/11\/02\/vieja-rosca-del-mas-no-volvera-a-mandar-en-bancada-oficialista\/","og_locale":"es_ES","og_type":"article","og_title":"Vieja rosca del MAS no volver\u00e1 a mandar en bancada oficialista - El Diario - Bolivia","og_description":"Afirmando que la renovaci\u00f3n hundir\u00e1 al ala radical y a la vieja rosca del Movimiento al Socialismo (MAS), el diputado Rolando Cuellar, se\u00f1al\u00f3 que los legisladores oficialistas que pertenecen a estos grupos en el partido gobernante no volver\u00e1n a ocupar cargos directivos en la bancada oficialista. Anunciando la formalizaci\u00f3n de una demanda penal en contra [&hellip;]","og_url":"https:\/\/www.eldiario.net\/portal\/2022\/11\/02\/vieja-rosca-del-mas-no-volvera-a-mandar-en-bancada-oficialista\/","og_site_name":"El Diario - Bolivia","article_publisher":"https:\/\/www.facebook.com\/eldiario.bolivia\/","article_published_time":"2022-11-02T09:55:39+00:00","author":"Jeanette","twitter_card":"summary_large_image","twitter_creator":"@eldiario_net","twitter_site":"@eldiario_net","twitter_misc":{"Escrito por":"Jeanette","Tiempo de lectura":"2 minutos"},"schema":{"@context":"https:\/\/schema.org","@graph":[{"@type":"Article","@id":"https:\/\/www.eldiario.net\/portal\/2022\/11\/02\/vieja-rosca-del-mas-no-volvera-a-mandar-en-bancada-oficialista\/#article","isPartOf":{"@id":"https:\/\/www.eldiario.net\/portal\/2022\/11\/02\/vieja-rosca-del-mas-no-volvera-a-mandar-en-bancada-oficialista\/"},"author":{"name":"Jeanette","@id":"https:\/\/www.eldiario.net\/portal\/#\/schema\/person\/f46445640444750d7d753ccd04ae01b7"},"headline":"Vieja rosca del MAS no volver\u00e1 a mandar en bancada oficialista","datePublished":"2022-11-02T09:55:39+00:00","mainEntityOfPage":{"@id":"https:\/\/www.eldiario.net\/portal\/2022\/11\/02\/vieja-rosca-del-mas-no-volvera-a-mandar-en-bancada-oficialista\/"},"wordCount":335,"publisher":{"@id":"https:\/\/www.eldiario.net\/portal\/#organization"},"image":{"@id":"https:\/\/www.eldiario.net\/portal\/2022\/11\/02\/vieja-rosca-del-mas-no-volvera-a-mandar-en-bancada-oficialista\/#primaryimage"},"thumbnailUrl":"","articleSection":["Pol\u00edtica"],"inLanguage":"es"},{"@type":"WebPage","@id":"https:\/\/www.eldiario.net\/portal\/2022\/11\/02\/vieja-rosca-del-mas-no-volvera-a-mandar-en-bancada-oficialista\/","url":"https:\/\/www.eldiario.net\/portal\/2022\/11\/02\/vieja-rosca-del-mas-no-volvera-a-mandar-en-bancada-oficialista\/","name":"Vieja rosca del MAS no volver\u00e1 a mandar en bancada oficialista - El Diario - Bolivia","isPartOf":{"@id":"https:\/\/www.eldiario.net\/portal\/#website"},"primaryImageOfPage":{"@id":"https:\/\/www.eldiario.net\/portal\/2022\/11\/02\/vieja-rosca-del-mas-no-volvera-a-mandar-en-bancada-oficialista\/#primaryimage"},"image":{"@id":"https:\/\/www.eldiario.net\/portal\/2022\/11\/02\/vieja-rosca-del-mas-no-volvera-a-mandar-en-bancada-oficialista\/#primaryimage"},"thumbnailUrl":"","datePublished":"2022-11-02T09:55:39+00:00","breadcrumb":{"@id":"https:\/\/www.eldiario.net\/portal\/2022\/11\/02\/vieja-rosca-del-mas-no-volvera-a-mandar-en-bancada-oficialista\/#breadcrumb"},"inLanguage":"es","potentialAction":[{"@type":"ReadAction","target":["https:\/\/www.eldiario.net\/portal\/2022\/11\/02\/vieja-rosca-del-mas-no-volvera-a-mandar-en-bancada-oficialista\/"]}]},{"@type":"ImageObject","inLanguage":"es","@id":"https:\/\/www.eldiario.net\/portal\/2022\/11\/02\/vieja-rosca-del-mas-no-volvera-a-mandar-en-bancada-oficialista\/#primaryimage","url":"","contentUrl":""},{"@type":"BreadcrumbList","@id":"https:\/\/www.eldiario.net\/portal\/2022\/11\/02\/vieja-rosca-del-mas-no-volvera-a-mandar-en-bancada-oficialista\/#breadcrumb","itemListElement":[{"@type":"ListItem","position":1,"name":"Portada","item":"https:\/\/www.eldiario.net\/portal\/"},{"@type":"ListItem","position":2,"name":"Vieja rosca del MAS no volver\u00e1 a mandar en bancada oficialista"}]},{"@type":"WebSite","@id":"https:\/\/www.eldiario.net\/portal\/#website","url":"https:\/\/www.eldiario.net\/portal\/","name":"El Diario - Decano de la prensa nacional","description":"El Diario - Decano de la prensa nacional","publisher":{"@id":"https:\/\/www.eldiario.net\/portal\/#organization"},"potentialAction":[{"@type":"SearchAction","target":{"@type":"EntryPoint","urlTemplate":"https:\/\/www.eldiario.net\/portal\/?s={search_term_string}"},"query-input":{"@type":"PropertyValueSpecification","valueRequired":true,"valueName":"search_term_string"}}],"inLanguage":"es"},{"@type":"Organization","@id":"https:\/\/www.eldiario.net\/portal\/#organization","name":"El Diario - Decano de la prensa nacional","url":"https:\/\/www.eldiario.net\/portal\/","logo":{"@type":"ImageObject","inLanguage":"es","@id":"https:\/\/www.eldiario.net\/portal\/#\/schema\/logo\/image\/","url":"https:\/\/www.eldiario.net\/portal\/wp-content\/uploads\/2023\/07\/logo_ED.jpg","contentUrl":"https:\/\/www.eldiario.net\/portal\/wp-content\/uploads\/2023\/07\/logo_ED.jpg","width":272,"height":52,"caption":"El Diario - Decano de la prensa nacional"},"image":{"@id":"https:\/\/www.eldiario.net\/portal\/#\/schema\/logo\/image\/"},"sameAs":["https:\/\/www.facebook.com\/eldiario.bolivia\/","https:\/\/x.com\/eldiario_net"]},{"@type":"Person","@id":"https:\/\/www.eldiario.net\/portal\/#\/schema\/person\/f46445640444750d7d753ccd04ae01b7","name":"Jeanette","image":{"@type":"ImageObject","inLanguage":"es","@id":"https:\/\/secure.gravatar.com\/avatar\/3ea2118a5f7dad2b7138b1187a6b7ee55f160b9968b66013c3a3ef39dd7e5798?s=96&d=mm&r=g","url":"https:\/\/secure.gravatar.com\/avatar\/3ea2118a5f7dad2b7138b1187a6b7ee55f160b9968b66013c3a3ef39dd7e5798?s=96&d=mm&r=g","contentUrl":"https:\/\/secure.gravatar.com\/avatar\/3ea2118a5f7dad2b7138b1187a6b7ee55f160b9968b66013c3a3ef39dd7e5798?s=96&d=mm&r=g","caption":"Jeanette"},"sameAs":["https:\/\/www.eldiario.net\/portal"],"url":"https:\/\/www.eldiario.net\/portal\/author\/jeanette\/"}]}},"_links":{"self":[{"href":"https:\/\/www.eldiario.net\/portal\/wp-json\/wp\/v2\/posts\/119804","targetHints":{"allow":["GET"]}}],"collection":[{"href":"https:\/\/www.eldiario.net\/portal\/wp-json\/wp\/v2\/posts"}],"about":[{"href":"https:\/\/www.eldiario.net\/portal\/wp-json\/wp\/v2\/types\/post"}],"author":[{"embeddable":true,"href":"https:\/\/www.eldiario.net\/portal\/wp-json\/wp\/v2\/users\/1"}],"replies":[{"embeddable":true,"href":"https:\/\/www.eldiario.net\/portal\/wp-json\/wp\/v2\/comments?post=119804"}],"version-history":[{"count":0,"href":"https:\/\/www.eldiario.net\/portal\/wp-json\/wp\/v2\/posts\/119804\/revisions"}],"wp:attachment":[{"href":"https:\/\/www.eldiario.net\/portal\/wp-json\/wp\/v2\/media?parent=119804"}],"wp:term":[{"taxonomy":"category","embeddable":true,"href":"https:\/\/www.eldiario.net\/portal\/wp-json\/wp\/v2\/categories?post=119804"},{"taxonomy":"post_tag","embeddable":true,"href":"https:\/\/www.eldiario.net\/portal\/wp-json\/wp\/v2\/tags?post=119804"}],"curies":[{"name":"wp","href":"https:\/\/api.w.org\/{rel}","templated":true}]}}