{"id":119802,"date":"2022-11-02T05:54:51","date_gmt":"2022-11-02T09:54:51","guid":{"rendered":"https:\/\/www.eldiario.net\/portal\/?p=119802"},"modified":"2022-11-02T05:54:51","modified_gmt":"2022-11-02T09:54:51","slug":"surge-comite-nacional-impulsor-del-censo-2023","status":"publish","type":"post","link":"https:\/\/www.eldiario.net\/portal\/2022\/11\/02\/surge-comite-nacional-impulsor-del-censo-2023\/","title":{"rendered":"Surge Comit\u00e9 Nacional  Impulsor del Censo 2023"},"content":{"rendered":"<p>En el d\u00e9cimo primer d\u00eda del paro c\u00edvico en demanda del Censo de Poblaci\u00f3n y Vivienda para el pr\u00f3ximo a\u00f1o y en medio de la profundizaci\u00f3n del cerco a Santa Cruz, marchas rumbo a la capital cruce\u00f1a para romper bloqueos y amenazas de tomas de empresas por parte de sectores afines al partido de Gobierno, se conform\u00f3 el Comit\u00e9 Nacional Impulsor del Censo 2023.<br \/>\nEl vocero del nuevo c\u00f3mit\u00e9, Manfredo Bravo, explic\u00f3 que la entidad surgi\u00f3 desde la sociedad civil organizada con participaci\u00f3n los nueve departamentos del pa\u00eds y el Comit\u00e9 Nacional de Defensa de la Democracia (Conade).<br \/>\nBravo dijo que esta instituci\u00f3n tiene como objetivo articular una serie de acciones pac\u00edficas, de movilizaciones, en demanda y apoyo al Comit\u00e9 Interinstitucional de Santa Cruz; debido a que la demanda del censo para el 2023, no es un tema solo regional, sino que beneficiar\u00e1 a todo el pa\u00eds.<br \/>\n\u201cAl Presidente (Luis Arce) le pedimos que evite la confrontaci\u00f3n, solo hemos visto una posici\u00f3n confrontacional y ese no es s\u00edntoma de disposici\u00f3n al di\u00e1logo, puesto que se pide abrir las puertas del di\u00e1logo para escuchar a los t\u00e9cnicos cruce\u00f1os sobre la viabilidad de la actividad censal el 2023\u201d, dijo.<br \/>\nDej\u00f3 en claro que el paro indefinido no se suspender\u00e1, en tanto y en cuanto el Gobierno no muestre la apertura para derogar el Decreto Supremo 4760.<br \/>\nR\u00f3ger Castell\u00f3n, representante del Conade de Santa Cruz lament\u00f3 que el rechazo a las condiciones para el di\u00e1logo, haya sido respondido desde el gobierno de Luis Arce, \u201ccon violencia, amedrentamiento con diferentes actos genocidas, como el cerco a la ciudad con la prohibici\u00f3n del ingreso de alimentos, tomas de refiner\u00edas\u201d.<br \/>\nPor su parte, el vocero presidencial, Jorge Richter, quien condicion\u00f3 el di\u00e1logo al Comit\u00e9 pro Santa Cruz, previo al levantamiento del paro c\u00edvico, flexibiliz\u00f3 posteriormente su discurso, al indicar que se puede instalar el di\u00e1logo y en simult\u00e1neo suspender todas las medidas de presi\u00f3n.<br \/>\nSe\u00f1al\u00f3 que se puede reinstalar el di\u00e1logo sobre dos acuerdos arribados anteriormente, como es el consenso para que la fecha de la redistribuci\u00f3n de los recursos en funci\u00f3n de los resultados preliminares sea en octubre de 2024 y que la fecha del censo quede abierta, en funci\u00f3n del trabajo de la mesa t\u00e9cnica.<br \/>\nSin embargo, desde la dirigencia de sectores afines al Gobierno continuaron con las amenazas de tomas de empresas, y obligar a renunciar al gobernador de Santa Cruz, Luis Fernando Camacho. El ejecutivo de los interculturales, Esteban Alavi, anunci\u00f3 desde La Paz que viajar\u00e1n sus afiliados a la capital cruce\u00f1a para fortalecer los cercos.<br \/>\nPor lo pronto, el Comit\u00e9 Nacional Impulsor del Censo 2023, dio 48 horas para que el Gobierno retire del departamento de Santa Cruz a los grupos de choque oficialistas que se han trasladado con el prop\u00f3sito de atacar violentamente a la movilizaci\u00f3n ciudadana por el censo 2023\u201d. (Santa Cruz, Br\u00fajula Digital).<\/p>\n","protected":false},"excerpt":{"rendered":"<p>En el d\u00e9cimo primer d\u00eda del paro c\u00edvico en demanda del Censo de Poblaci\u00f3n y Vivienda para el pr\u00f3ximo a\u00f1o y en medio de la profundizaci\u00f3n del cerco a Santa Cruz, marchas rumbo a la capital cruce\u00f1a para romper bloqueos y amenazas de tomas de empresas por parte de sectores afines al partido de Gobierno, [&hellip;]<\/p>\n","protected":false},"author":1,"featured_media":0,"comment_status":"closed","ping_status":"closed","sticky":false,"template":"","format":"standard","meta":{"_acf_changed":false,"footnotes":""},"categories":[14],"tags":[],"class_list":["post-119802","post","type-post","status-publish","format-standard","category-politica"],"acf":{"antetitulo":""},"yoast_head":"<!-- This site is optimized with the Yoast SEO plugin v28.4 - https:\/\/yoast.com\/product\/yoast-seo-wordpress\/ -->\n<title>Surge Comit\u00e9 Nacional Impulsor del Censo 2023 - El Diario - Bolivia<\/title>\n<meta name=\"robots\" content=\"index, follow, max-snippet:-1, max-image-preview:large, max-video-preview:-1\" \/>\n<link rel=\"canonical\" href=\"https:\/\/www.eldiario.net\/portal\/2022\/11\/02\/surge-comite-nacional-impulsor-del-censo-2023\/\" \/>\n<meta property=\"og:locale\" content=\"es_ES\" \/>\n<meta property=\"og:type\" content=\"article\" \/>\n<meta property=\"og:title\" content=\"Surge Comit\u00e9 Nacional Impulsor del Censo 2023 - El Diario - Bolivia\" \/>\n<meta property=\"og:description\" content=\"En el d\u00e9cimo primer d\u00eda del paro c\u00edvico en demanda del Censo de Poblaci\u00f3n y Vivienda para el pr\u00f3ximo a\u00f1o y en medio de la profundizaci\u00f3n del cerco a Santa Cruz, marchas rumbo a la capital cruce\u00f1a para romper bloqueos y amenazas de tomas de empresas por parte de sectores afines al partido de Gobierno, [&hellip;]\" \/>\n<meta property=\"og:url\" content=\"https:\/\/www.eldiario.net\/portal\/2022\/11\/02\/surge-comite-nacional-impulsor-del-censo-2023\/\" \/>\n<meta property=\"og:site_name\" content=\"El Diario - Bolivia\" \/>\n<meta property=\"article:publisher\" content=\"https:\/\/www.facebook.com\/eldiario.bolivia\/\" \/>\n<meta property=\"article:published_time\" content=\"2022-11-02T09:54:51+00:00\" \/>\n<meta name=\"author\" content=\"Jeanette\" \/>\n<meta name=\"twitter:card\" content=\"summary_large_image\" \/>\n<meta name=\"twitter:creator\" content=\"@eldiario_net\" \/>\n<meta name=\"twitter:site\" content=\"@eldiario_net\" \/>\n<meta name=\"twitter:label1\" content=\"Escrito por\" \/>\n\t<meta name=\"twitter:data1\" content=\"Jeanette\" \/>\n\t<meta name=\"twitter:label2\" content=\"Tiempo de lectura\" \/>\n\t<meta name=\"twitter:data2\" content=\"3 minutos\" \/>\n<script type=\"application\/ld+json\" class=\"yoast-schema-graph\">{\"@context\":\"https:\\\/\\\/schema.org\",\"@graph\":[{\"@type\":\"Article\",\"@id\":\"https:\\\/\\\/www.eldiario.net\\\/portal\\\/2022\\\/11\\\/02\\\/surge-comite-nacional-impulsor-del-censo-2023\\\/#article\",\"isPartOf\":{\"@id\":\"https:\\\/\\\/www.eldiario.net\\\/portal\\\/2022\\\/11\\\/02\\\/surge-comite-nacional-impulsor-del-censo-2023\\\/\"},\"author\":{\"name\":\"Jeanette\",\"@id\":\"https:\\\/\\\/www.eldiario.net\\\/portal\\\/#\\\/schema\\\/person\\\/f46445640444750d7d753ccd04ae01b7\"},\"headline\":\"Surge Comit\u00e9 Nacional Impulsor del Censo 2023\",\"datePublished\":\"2022-11-02T09:54:51+00:00\",\"mainEntityOfPage\":{\"@id\":\"https:\\\/\\\/www.eldiario.net\\\/portal\\\/2022\\\/11\\\/02\\\/surge-comite-nacional-impulsor-del-censo-2023\\\/\"},\"wordCount\":516,\"publisher\":{\"@id\":\"https:\\\/\\\/www.eldiario.net\\\/portal\\\/#organization\"},\"articleSection\":[\"Pol\u00edtica\"],\"inLanguage\":\"es\"},{\"@type\":\"WebPage\",\"@id\":\"https:\\\/\\\/www.eldiario.net\\\/portal\\\/2022\\\/11\\\/02\\\/surge-comite-nacional-impulsor-del-censo-2023\\\/\",\"url\":\"https:\\\/\\\/www.eldiario.net\\\/portal\\\/2022\\\/11\\\/02\\\/surge-comite-nacional-impulsor-del-censo-2023\\\/\",\"name\":\"Surge Comit\u00e9 Nacional Impulsor del Censo 2023 - El Diario - Bolivia\",\"isPartOf\":{\"@id\":\"https:\\\/\\\/www.eldiario.net\\\/portal\\\/#website\"},\"datePublished\":\"2022-11-02T09:54:51+00:00\",\"breadcrumb\":{\"@id\":\"https:\\\/\\\/www.eldiario.net\\\/portal\\\/2022\\\/11\\\/02\\\/surge-comite-nacional-impulsor-del-censo-2023\\\/#breadcrumb\"},\"inLanguage\":\"es\",\"potentialAction\":[{\"@type\":\"ReadAction\",\"target\":[\"https:\\\/\\\/www.eldiario.net\\\/portal\\\/2022\\\/11\\\/02\\\/surge-comite-nacional-impulsor-del-censo-2023\\\/\"]}]},{\"@type\":\"BreadcrumbList\",\"@id\":\"https:\\\/\\\/www.eldiario.net\\\/portal\\\/2022\\\/11\\\/02\\\/surge-comite-nacional-impulsor-del-censo-2023\\\/#breadcrumb\",\"itemListElement\":[{\"@type\":\"ListItem\",\"position\":1,\"name\":\"Portada\",\"item\":\"https:\\\/\\\/www.eldiario.net\\\/portal\\\/\"},{\"@type\":\"ListItem\",\"position\":2,\"name\":\"Surge Comit\u00e9 Nacional Impulsor del Censo 2023\"}]},{\"@type\":\"WebSite\",\"@id\":\"https:\\\/\\\/www.eldiario.net\\\/portal\\\/#website\",\"url\":\"https:\\\/\\\/www.eldiario.net\\\/portal\\\/\",\"name\":\"El Diario - Decano de la prensa nacional\",\"description\":\"El Diario - Decano de la prensa nacional\",\"publisher\":{\"@id\":\"https:\\\/\\\/www.eldiario.net\\\/portal\\\/#organization\"},\"potentialAction\":[{\"@type\":\"SearchAction\",\"target\":{\"@type\":\"EntryPoint\",\"urlTemplate\":\"https:\\\/\\\/www.eldiario.net\\\/portal\\\/?s={search_term_string}\"},\"query-input\":{\"@type\":\"PropertyValueSpecification\",\"valueRequired\":true,\"valueName\":\"search_term_string\"}}],\"inLanguage\":\"es\"},{\"@type\":\"Organization\",\"@id\":\"https:\\\/\\\/www.eldiario.net\\\/portal\\\/#organization\",\"name\":\"El Diario - Decano de la prensa nacional\",\"url\":\"https:\\\/\\\/www.eldiario.net\\\/portal\\\/\",\"logo\":{\"@type\":\"ImageObject\",\"inLanguage\":\"es\",\"@id\":\"https:\\\/\\\/www.eldiario.net\\\/portal\\\/#\\\/schema\\\/logo\\\/image\\\/\",\"url\":\"https:\\\/\\\/www.eldiario.net\\\/portal\\\/wp-content\\\/uploads\\\/2023\\\/07\\\/logo_ED.jpg\",\"contentUrl\":\"https:\\\/\\\/www.eldiario.net\\\/portal\\\/wp-content\\\/uploads\\\/2023\\\/07\\\/logo_ED.jpg\",\"width\":272,\"height\":52,\"caption\":\"El Diario - Decano de la prensa nacional\"},\"image\":{\"@id\":\"https:\\\/\\\/www.eldiario.net\\\/portal\\\/#\\\/schema\\\/logo\\\/image\\\/\"},\"sameAs\":[\"https:\\\/\\\/www.facebook.com\\\/eldiario.bolivia\\\/\",\"https:\\\/\\\/x.com\\\/eldiario_net\"]},{\"@type\":\"Person\",\"@id\":\"https:\\\/\\\/www.eldiario.net\\\/portal\\\/#\\\/schema\\\/person\\\/f46445640444750d7d753ccd04ae01b7\",\"name\":\"Jeanette\",\"image\":{\"@type\":\"ImageObject\",\"inLanguage\":\"es\",\"@id\":\"https:\\\/\\\/secure.gravatar.com\\\/avatar\\\/3ea2118a5f7dad2b7138b1187a6b7ee55f160b9968b66013c3a3ef39dd7e5798?s=96&d=mm&r=g\",\"url\":\"https:\\\/\\\/secure.gravatar.com\\\/avatar\\\/3ea2118a5f7dad2b7138b1187a6b7ee55f160b9968b66013c3a3ef39dd7e5798?s=96&d=mm&r=g\",\"contentUrl\":\"https:\\\/\\\/secure.gravatar.com\\\/avatar\\\/3ea2118a5f7dad2b7138b1187a6b7ee55f160b9968b66013c3a3ef39dd7e5798?s=96&d=mm&r=g\",\"caption\":\"Jeanette\"},\"sameAs\":[\"https:\\\/\\\/www.eldiario.net\\\/portal\"],\"url\":\"https:\\\/\\\/www.eldiario.net\\\/portal\\\/author\\\/jeanette\\\/\"}]}<\/script>\n<!-- \/ Yoast SEO plugin. -->","yoast_head_json":{"title":"Surge Comit\u00e9 Nacional Impulsor del Censo 2023 - El Diario - Bolivia","robots":{"index":"index","follow":"follow","max-snippet":"max-snippet:-1","max-image-preview":"max-image-preview:large","max-video-preview":"max-video-preview:-1"},"canonical":"https:\/\/www.eldiario.net\/portal\/2022\/11\/02\/surge-comite-nacional-impulsor-del-censo-2023\/","og_locale":"es_ES","og_type":"article","og_title":"Surge Comit\u00e9 Nacional Impulsor del Censo 2023 - El Diario - Bolivia","og_description":"En el d\u00e9cimo primer d\u00eda del paro c\u00edvico en demanda del Censo de Poblaci\u00f3n y Vivienda para el pr\u00f3ximo a\u00f1o y en medio de la profundizaci\u00f3n del cerco a Santa Cruz, marchas rumbo a la capital cruce\u00f1a para romper bloqueos y amenazas de tomas de empresas por parte de sectores afines al partido de Gobierno, [&hellip;]","og_url":"https:\/\/www.eldiario.net\/portal\/2022\/11\/02\/surge-comite-nacional-impulsor-del-censo-2023\/","og_site_name":"El Diario - Bolivia","article_publisher":"https:\/\/www.facebook.com\/eldiario.bolivia\/","article_published_time":"2022-11-02T09:54:51+00:00","author":"Jeanette","twitter_card":"summary_large_image","twitter_creator":"@eldiario_net","twitter_site":"@eldiario_net","twitter_misc":{"Escrito por":"Jeanette","Tiempo de lectura":"3 minutos"},"schema":{"@context":"https:\/\/schema.org","@graph":[{"@type":"Article","@id":"https:\/\/www.eldiario.net\/portal\/2022\/11\/02\/surge-comite-nacional-impulsor-del-censo-2023\/#article","isPartOf":{"@id":"https:\/\/www.eldiario.net\/portal\/2022\/11\/02\/surge-comite-nacional-impulsor-del-censo-2023\/"},"author":{"name":"Jeanette","@id":"https:\/\/www.eldiario.net\/portal\/#\/schema\/person\/f46445640444750d7d753ccd04ae01b7"},"headline":"Surge Comit\u00e9 Nacional Impulsor del Censo 2023","datePublished":"2022-11-02T09:54:51+00:00","mainEntityOfPage":{"@id":"https:\/\/www.eldiario.net\/portal\/2022\/11\/02\/surge-comite-nacional-impulsor-del-censo-2023\/"},"wordCount":516,"publisher":{"@id":"https:\/\/www.eldiario.net\/portal\/#organization"},"articleSection":["Pol\u00edtica"],"inLanguage":"es"},{"@type":"WebPage","@id":"https:\/\/www.eldiario.net\/portal\/2022\/11\/02\/surge-comite-nacional-impulsor-del-censo-2023\/","url":"https:\/\/www.eldiario.net\/portal\/2022\/11\/02\/surge-comite-nacional-impulsor-del-censo-2023\/","name":"Surge Comit\u00e9 Nacional Impulsor del Censo 2023 - El Diario - Bolivia","isPartOf":{"@id":"https:\/\/www.eldiario.net\/portal\/#website"},"datePublished":"2022-11-02T09:54:51+00:00","breadcrumb":{"@id":"https:\/\/www.eldiario.net\/portal\/2022\/11\/02\/surge-comite-nacional-impulsor-del-censo-2023\/#breadcrumb"},"inLanguage":"es","potentialAction":[{"@type":"ReadAction","target":["https:\/\/www.eldiario.net\/portal\/2022\/11\/02\/surge-comite-nacional-impulsor-del-censo-2023\/"]}]},{"@type":"BreadcrumbList","@id":"https:\/\/www.eldiario.net\/portal\/2022\/11\/02\/surge-comite-nacional-impulsor-del-censo-2023\/#breadcrumb","itemListElement":[{"@type":"ListItem","position":1,"name":"Portada","item":"https:\/\/www.eldiario.net\/portal\/"},{"@type":"ListItem","position":2,"name":"Surge Comit\u00e9 Nacional Impulsor del Censo 2023"}]},{"@type":"WebSite","@id":"https:\/\/www.eldiario.net\/portal\/#website","url":"https:\/\/www.eldiario.net\/portal\/","name":"El Diario - Decano de la prensa nacional","description":"El Diario - Decano de la prensa nacional","publisher":{"@id":"https:\/\/www.eldiario.net\/portal\/#organization"},"potentialAction":[{"@type":"SearchAction","target":{"@type":"EntryPoint","urlTemplate":"https:\/\/www.eldiario.net\/portal\/?s={search_term_string}"},"query-input":{"@type":"PropertyValueSpecification","valueRequired":true,"valueName":"search_term_string"}}],"inLanguage":"es"},{"@type":"Organization","@id":"https:\/\/www.eldiario.net\/portal\/#organization","name":"El Diario - Decano de la prensa nacional","url":"https:\/\/www.eldiario.net\/portal\/","logo":{"@type":"ImageObject","inLanguage":"es","@id":"https:\/\/www.eldiario.net\/portal\/#\/schema\/logo\/image\/","url":"https:\/\/www.eldiario.net\/portal\/wp-content\/uploads\/2023\/07\/logo_ED.jpg","contentUrl":"https:\/\/www.eldiario.net\/portal\/wp-content\/uploads\/2023\/07\/logo_ED.jpg","width":272,"height":52,"caption":"El Diario - Decano de la prensa nacional"},"image":{"@id":"https:\/\/www.eldiario.net\/portal\/#\/schema\/logo\/image\/"},"sameAs":["https:\/\/www.facebook.com\/eldiario.bolivia\/","https:\/\/x.com\/eldiario_net"]},{"@type":"Person","@id":"https:\/\/www.eldiario.net\/portal\/#\/schema\/person\/f46445640444750d7d753ccd04ae01b7","name":"Jeanette","image":{"@type":"ImageObject","inLanguage":"es","@id":"https:\/\/secure.gravatar.com\/avatar\/3ea2118a5f7dad2b7138b1187a6b7ee55f160b9968b66013c3a3ef39dd7e5798?s=96&d=mm&r=g","url":"https:\/\/secure.gravatar.com\/avatar\/3ea2118a5f7dad2b7138b1187a6b7ee55f160b9968b66013c3a3ef39dd7e5798?s=96&d=mm&r=g","contentUrl":"https:\/\/secure.gravatar.com\/avatar\/3ea2118a5f7dad2b7138b1187a6b7ee55f160b9968b66013c3a3ef39dd7e5798?s=96&d=mm&r=g","caption":"Jeanette"},"sameAs":["https:\/\/www.eldiario.net\/portal"],"url":"https:\/\/www.eldiario.net\/portal\/author\/jeanette\/"}]}},"_links":{"self":[{"href":"https:\/\/www.eldiario.net\/portal\/wp-json\/wp\/v2\/posts\/119802","targetHints":{"allow":["GET"]}}],"collection":[{"href":"https:\/\/www.eldiario.net\/portal\/wp-json\/wp\/v2\/posts"}],"about":[{"href":"https:\/\/www.eldiario.net\/portal\/wp-json\/wp\/v2\/types\/post"}],"author":[{"embeddable":true,"href":"https:\/\/www.eldiario.net\/portal\/wp-json\/wp\/v2\/users\/1"}],"replies":[{"embeddable":true,"href":"https:\/\/www.eldiario.net\/portal\/wp-json\/wp\/v2\/comments?post=119802"}],"version-history":[{"count":0,"href":"https:\/\/www.eldiario.net\/portal\/wp-json\/wp\/v2\/posts\/119802\/revisions"}],"wp:attachment":[{"href":"https:\/\/www.eldiario.net\/portal\/wp-json\/wp\/v2\/media?parent=119802"}],"wp:term":[{"taxonomy":"category","embeddable":true,"href":"https:\/\/www.eldiario.net\/portal\/wp-json\/wp\/v2\/categories?post=119802"},{"taxonomy":"post_tag","embeddable":true,"href":"https:\/\/www.eldiario.net\/portal\/wp-json\/wp\/v2\/tags?post=119802"}],"curies":[{"name":"wp","href":"https:\/\/api.w.org\/{rel}","templated":true}]}}