{"id":119800,"date":"2022-11-02T05:54:23","date_gmt":"2022-11-02T09:54:23","guid":{"rendered":"https:\/\/www.eldiario.net\/portal\/?p=119800"},"modified":"2022-11-02T05:54:23","modified_gmt":"2022-11-02T09:54:23","slug":"arce-ve-que-confrontacion-y-violencia-amenazan-al-pais","status":"publish","type":"post","link":"https:\/\/www.eldiario.net\/portal\/2022\/11\/02\/arce-ve-que-confrontacion-y-violencia-amenazan-al-pais\/","title":{"rendered":"Arce ve que confrontaci\u00f3n y violencia amenazan al pa\u00eds"},"content":{"rendered":"<p>Rechazando las versiones expresadas por el presidente del Estado, Luis Arce Catacora, durante la posesi\u00f3n de un nuevo mando militar sobre supuestas amenazas de atentar contra la integridad nacional y la convivencia democr\u00e1tica, por parte de grupos que apuestan por la confrontaci\u00f3n y la violencia, parlamentarios de oposici\u00f3n manifestaron que estas acusaciones responden a discursos para desvirtuar la movilizaci\u00f3n ciudadana por el censo.<br \/>\nDirigi\u00e9ndose al nuevo comandante en jefe de las Fuerzas Armadas del Estado y los comandantes de las tres fuerzas que la conforman, el primer Mandatario manifest\u00f3 que el pa\u00eds atraviesa por un momento en que la convivencia pac\u00edfica de la poblaci\u00f3n se ve amenazada por intereses que apuestan por la generaci\u00f3n de nuevos escenarios de confrontaci\u00f3n.<br \/>\n\u201cHoy Bolivia se encuentra nuevamente amenazada por aquellos que incapaces de aportar a la democracia apuestan por la confrontaci\u00f3n y la violencia, poniendo en peligro la convivencia democr\u00e1tica entre bolivianos\u201d, dijo.<br \/>\nDenunci\u00f3 que se gestan movimientos que buscan reeditar los hechos de violencia del a\u00f1o 2019 y todas sus consecuencias, adem\u00e1s de intentos para posicionar conceptos y visiones que atentan contra la estabilidad del pa\u00eds.<br \/>\n\u201cSe habla de la marcha hacia la federalizaci\u00f3n y otros de un proceso de facto, y no como resultado de un proceso de pacto social para cambiar nuestro Estado por otro. Eso se llama atentar contra la estabilidad nacional\u201d, refiri\u00f3 Arce.<br \/>\nPor ello, record\u00f3 a los nuevos comandantes que las Fuerzas Armadas tiene la misi\u00f3n constitucional de garantizar y defender la independencia nacional y la integridad del territorio.<br \/>\nTras estas declaraciones, desde la oposici\u00f3n se neg\u00f3 la posibilidad de que las manifestaciones y movilizaci\u00f3n, a las que hizo referencia el primer mandatario, se traten de intentos de desestabilizaci\u00f3n como se pretende hacer creer desde el Gobierno.<br \/>\n\u201cLa poblaci\u00f3n boliviana, las autoridades a nivel nacional e internacional saben que, lo que estamos pidiendo es que se realice el censo en el a\u00f1o 2023, esa es la \u00fanica demanda\u201d, asegur\u00f3 el diputado Walthy Eg\u00fcez, de la agrupaci\u00f3n Creemos.<br \/>\nEl parlamentario se\u00f1al\u00f3 adem\u00e1s que estas demandas solo buscan mejorar la calidad de vida de todos los bolivianos, sin embargo, desde el Gobierno solo \u201cse quiere arremeter y doblegar\u201d a un departamento que en la actualidad se constituye en \u201cla vanguardia de la libertad\u201d.<br \/>\nPor su parte, el diputado Jos\u00e9 Carlos Guti\u00e9rrez, sostuvo que la reciente modificaci\u00f3n en el mando militar responde a la falta de confianza de Arce sobre algunos de los comandantes de la instituci\u00f3n castrense.<br \/>\n\u201cLos cambios de comandantes departamentales y nacionales en el tema de las Fuerzas Armadas tienen que ver con la lealtad, no nos mintamos, la lealtad tiene que ver con este tipo de cambios y seguramente el Gobierno nacional desconf\u00eda de muchos militares\u201d, sostuvo.<br \/>\nEn criterio del parlamentario cruce\u00f1o, las recomendaciones a los nuevos comandantes deben estar dirigidas, m\u00e1s all\u00e1 del cumplimiento de su rol fundamental, a garantizar lealtad hacia un pa\u00eds y su Constituci\u00f3n, dejando de lado toda manipulaci\u00f3n pol\u00edtica partidaria que se pueda ejercer desde el poder de turno.<br \/>\n\u201cTiene que haber primero lealtad con la patria, con la Constituci\u00f3n y con los principios. No podemos buscar lealtades para entender que aqu\u00ed es a un partido, al jefazo o al dedazo\u201d, indic\u00f3.<br \/>\nAmbos legisladores coincidieron en rechazar los intentos de desvirtuar la movilizaci\u00f3n ciudadana por el censo, bajo el argumento de que se gestan acciones para tatar de desestabilizar al actual Gobierno.<\/p>\n","protected":false},"excerpt":{"rendered":"<p>Rechazando las versiones expresadas por el presidente del Estado, Luis Arce Catacora, durante la posesi\u00f3n de un nuevo mando militar sobre supuestas amenazas de atentar contra la integridad nacional y la convivencia democr\u00e1tica, por parte de grupos que apuestan por la confrontaci\u00f3n y la violencia, parlamentarios de oposici\u00f3n manifestaron que estas acusaciones responden a discursos [&hellip;]<\/p>\n","protected":false},"author":1,"featured_media":0,"comment_status":"closed","ping_status":"closed","sticky":false,"template":"","format":"standard","meta":{"_acf_changed":false,"footnotes":""},"categories":[14],"tags":[],"class_list":["post-119800","post","type-post","status-publish","format-standard","category-politica"],"acf":{"antetitulo":""},"yoast_head":"<!-- This site is optimized with the Yoast SEO plugin v28.4 - https:\/\/yoast.com\/product\/yoast-seo-wordpress\/ -->\n<title>Arce ve que confrontaci\u00f3n y violencia amenazan al pa\u00eds - El Diario - Bolivia<\/title>\n<meta name=\"robots\" content=\"index, follow, max-snippet:-1, max-image-preview:large, max-video-preview:-1\" \/>\n<link rel=\"canonical\" href=\"https:\/\/www.eldiario.net\/portal\/2022\/11\/02\/arce-ve-que-confrontacion-y-violencia-amenazan-al-pais\/\" \/>\n<meta property=\"og:locale\" content=\"es_ES\" \/>\n<meta property=\"og:type\" content=\"article\" \/>\n<meta property=\"og:title\" content=\"Arce ve que confrontaci\u00f3n y violencia amenazan al pa\u00eds - El Diario - Bolivia\" \/>\n<meta property=\"og:description\" content=\"Rechazando las versiones expresadas por el presidente del Estado, Luis Arce Catacora, durante la posesi\u00f3n de un nuevo mando militar sobre supuestas amenazas de atentar contra la integridad nacional y la convivencia democr\u00e1tica, por parte de grupos que apuestan por la confrontaci\u00f3n y la violencia, parlamentarios de oposici\u00f3n manifestaron que estas acusaciones responden a discursos [&hellip;]\" \/>\n<meta property=\"og:url\" content=\"https:\/\/www.eldiario.net\/portal\/2022\/11\/02\/arce-ve-que-confrontacion-y-violencia-amenazan-al-pais\/\" \/>\n<meta property=\"og:site_name\" content=\"El Diario - Bolivia\" \/>\n<meta property=\"article:publisher\" content=\"https:\/\/www.facebook.com\/eldiario.bolivia\/\" \/>\n<meta property=\"article:published_time\" content=\"2022-11-02T09:54:23+00:00\" \/>\n<meta name=\"author\" content=\"Jeanette\" \/>\n<meta name=\"twitter:card\" content=\"summary_large_image\" \/>\n<meta name=\"twitter:creator\" content=\"@eldiario_net\" \/>\n<meta name=\"twitter:site\" content=\"@eldiario_net\" \/>\n<meta name=\"twitter:label1\" content=\"Escrito por\" \/>\n\t<meta name=\"twitter:data1\" content=\"Jeanette\" \/>\n\t<meta name=\"twitter:label2\" content=\"Tiempo de lectura\" \/>\n\t<meta name=\"twitter:data2\" content=\"3 minutos\" \/>\n<script type=\"application\/ld+json\" class=\"yoast-schema-graph\">{\"@context\":\"https:\\\/\\\/schema.org\",\"@graph\":[{\"@type\":\"Article\",\"@id\":\"https:\\\/\\\/www.eldiario.net\\\/portal\\\/2022\\\/11\\\/02\\\/arce-ve-que-confrontacion-y-violencia-amenazan-al-pais\\\/#article\",\"isPartOf\":{\"@id\":\"https:\\\/\\\/www.eldiario.net\\\/portal\\\/2022\\\/11\\\/02\\\/arce-ve-que-confrontacion-y-violencia-amenazan-al-pais\\\/\"},\"author\":{\"name\":\"Jeanette\",\"@id\":\"https:\\\/\\\/www.eldiario.net\\\/portal\\\/#\\\/schema\\\/person\\\/f46445640444750d7d753ccd04ae01b7\"},\"headline\":\"Arce ve que confrontaci\u00f3n y violencia amenazan al pa\u00eds\",\"datePublished\":\"2022-11-02T09:54:23+00:00\",\"mainEntityOfPage\":{\"@id\":\"https:\\\/\\\/www.eldiario.net\\\/portal\\\/2022\\\/11\\\/02\\\/arce-ve-que-confrontacion-y-violencia-amenazan-al-pais\\\/\"},\"wordCount\":609,\"publisher\":{\"@id\":\"https:\\\/\\\/www.eldiario.net\\\/portal\\\/#organization\"},\"articleSection\":[\"Pol\u00edtica\"],\"inLanguage\":\"es\"},{\"@type\":\"WebPage\",\"@id\":\"https:\\\/\\\/www.eldiario.net\\\/portal\\\/2022\\\/11\\\/02\\\/arce-ve-que-confrontacion-y-violencia-amenazan-al-pais\\\/\",\"url\":\"https:\\\/\\\/www.eldiario.net\\\/portal\\\/2022\\\/11\\\/02\\\/arce-ve-que-confrontacion-y-violencia-amenazan-al-pais\\\/\",\"name\":\"Arce ve que confrontaci\u00f3n y violencia amenazan al pa\u00eds - El Diario - Bolivia\",\"isPartOf\":{\"@id\":\"https:\\\/\\\/www.eldiario.net\\\/portal\\\/#website\"},\"datePublished\":\"2022-11-02T09:54:23+00:00\",\"breadcrumb\":{\"@id\":\"https:\\\/\\\/www.eldiario.net\\\/portal\\\/2022\\\/11\\\/02\\\/arce-ve-que-confrontacion-y-violencia-amenazan-al-pais\\\/#breadcrumb\"},\"inLanguage\":\"es\",\"potentialAction\":[{\"@type\":\"ReadAction\",\"target\":[\"https:\\\/\\\/www.eldiario.net\\\/portal\\\/2022\\\/11\\\/02\\\/arce-ve-que-confrontacion-y-violencia-amenazan-al-pais\\\/\"]}]},{\"@type\":\"BreadcrumbList\",\"@id\":\"https:\\\/\\\/www.eldiario.net\\\/portal\\\/2022\\\/11\\\/02\\\/arce-ve-que-confrontacion-y-violencia-amenazan-al-pais\\\/#breadcrumb\",\"itemListElement\":[{\"@type\":\"ListItem\",\"position\":1,\"name\":\"Portada\",\"item\":\"https:\\\/\\\/www.eldiario.net\\\/portal\\\/\"},{\"@type\":\"ListItem\",\"position\":2,\"name\":\"Arce ve que confrontaci\u00f3n y violencia amenazan al pa\u00eds\"}]},{\"@type\":\"WebSite\",\"@id\":\"https:\\\/\\\/www.eldiario.net\\\/portal\\\/#website\",\"url\":\"https:\\\/\\\/www.eldiario.net\\\/portal\\\/\",\"name\":\"El Diario - Decano de la prensa nacional\",\"description\":\"El Diario - Decano de la prensa nacional\",\"publisher\":{\"@id\":\"https:\\\/\\\/www.eldiario.net\\\/portal\\\/#organization\"},\"potentialAction\":[{\"@type\":\"SearchAction\",\"target\":{\"@type\":\"EntryPoint\",\"urlTemplate\":\"https:\\\/\\\/www.eldiario.net\\\/portal\\\/?s={search_term_string}\"},\"query-input\":{\"@type\":\"PropertyValueSpecification\",\"valueRequired\":true,\"valueName\":\"search_term_string\"}}],\"inLanguage\":\"es\"},{\"@type\":\"Organization\",\"@id\":\"https:\\\/\\\/www.eldiario.net\\\/portal\\\/#organization\",\"name\":\"El Diario - Decano de la prensa nacional\",\"url\":\"https:\\\/\\\/www.eldiario.net\\\/portal\\\/\",\"logo\":{\"@type\":\"ImageObject\",\"inLanguage\":\"es\",\"@id\":\"https:\\\/\\\/www.eldiario.net\\\/portal\\\/#\\\/schema\\\/logo\\\/image\\\/\",\"url\":\"https:\\\/\\\/www.eldiario.net\\\/portal\\\/wp-content\\\/uploads\\\/2023\\\/07\\\/logo_ED.jpg\",\"contentUrl\":\"https:\\\/\\\/www.eldiario.net\\\/portal\\\/wp-content\\\/uploads\\\/2023\\\/07\\\/logo_ED.jpg\",\"width\":272,\"height\":52,\"caption\":\"El Diario - Decano de la prensa nacional\"},\"image\":{\"@id\":\"https:\\\/\\\/www.eldiario.net\\\/portal\\\/#\\\/schema\\\/logo\\\/image\\\/\"},\"sameAs\":[\"https:\\\/\\\/www.facebook.com\\\/eldiario.bolivia\\\/\",\"https:\\\/\\\/x.com\\\/eldiario_net\"]},{\"@type\":\"Person\",\"@id\":\"https:\\\/\\\/www.eldiario.net\\\/portal\\\/#\\\/schema\\\/person\\\/f46445640444750d7d753ccd04ae01b7\",\"name\":\"Jeanette\",\"image\":{\"@type\":\"ImageObject\",\"inLanguage\":\"es\",\"@id\":\"https:\\\/\\\/secure.gravatar.com\\\/avatar\\\/3ea2118a5f7dad2b7138b1187a6b7ee55f160b9968b66013c3a3ef39dd7e5798?s=96&d=mm&r=g\",\"url\":\"https:\\\/\\\/secure.gravatar.com\\\/avatar\\\/3ea2118a5f7dad2b7138b1187a6b7ee55f160b9968b66013c3a3ef39dd7e5798?s=96&d=mm&r=g\",\"contentUrl\":\"https:\\\/\\\/secure.gravatar.com\\\/avatar\\\/3ea2118a5f7dad2b7138b1187a6b7ee55f160b9968b66013c3a3ef39dd7e5798?s=96&d=mm&r=g\",\"caption\":\"Jeanette\"},\"sameAs\":[\"https:\\\/\\\/www.eldiario.net\\\/portal\"],\"url\":\"https:\\\/\\\/www.eldiario.net\\\/portal\\\/author\\\/jeanette\\\/\"}]}<\/script>\n<!-- \/ Yoast SEO plugin. -->","yoast_head_json":{"title":"Arce ve que confrontaci\u00f3n y violencia amenazan al pa\u00eds - El Diario - Bolivia","robots":{"index":"index","follow":"follow","max-snippet":"max-snippet:-1","max-image-preview":"max-image-preview:large","max-video-preview":"max-video-preview:-1"},"canonical":"https:\/\/www.eldiario.net\/portal\/2022\/11\/02\/arce-ve-que-confrontacion-y-violencia-amenazan-al-pais\/","og_locale":"es_ES","og_type":"article","og_title":"Arce ve que confrontaci\u00f3n y violencia amenazan al pa\u00eds - El Diario - Bolivia","og_description":"Rechazando las versiones expresadas por el presidente del Estado, Luis Arce Catacora, durante la posesi\u00f3n de un nuevo mando militar sobre supuestas amenazas de atentar contra la integridad nacional y la convivencia democr\u00e1tica, por parte de grupos que apuestan por la confrontaci\u00f3n y la violencia, parlamentarios de oposici\u00f3n manifestaron que estas acusaciones responden a discursos [&hellip;]","og_url":"https:\/\/www.eldiario.net\/portal\/2022\/11\/02\/arce-ve-que-confrontacion-y-violencia-amenazan-al-pais\/","og_site_name":"El Diario - Bolivia","article_publisher":"https:\/\/www.facebook.com\/eldiario.bolivia\/","article_published_time":"2022-11-02T09:54:23+00:00","author":"Jeanette","twitter_card":"summary_large_image","twitter_creator":"@eldiario_net","twitter_site":"@eldiario_net","twitter_misc":{"Escrito por":"Jeanette","Tiempo de lectura":"3 minutos"},"schema":{"@context":"https:\/\/schema.org","@graph":[{"@type":"Article","@id":"https:\/\/www.eldiario.net\/portal\/2022\/11\/02\/arce-ve-que-confrontacion-y-violencia-amenazan-al-pais\/#article","isPartOf":{"@id":"https:\/\/www.eldiario.net\/portal\/2022\/11\/02\/arce-ve-que-confrontacion-y-violencia-amenazan-al-pais\/"},"author":{"name":"Jeanette","@id":"https:\/\/www.eldiario.net\/portal\/#\/schema\/person\/f46445640444750d7d753ccd04ae01b7"},"headline":"Arce ve que confrontaci\u00f3n y violencia amenazan al pa\u00eds","datePublished":"2022-11-02T09:54:23+00:00","mainEntityOfPage":{"@id":"https:\/\/www.eldiario.net\/portal\/2022\/11\/02\/arce-ve-que-confrontacion-y-violencia-amenazan-al-pais\/"},"wordCount":609,"publisher":{"@id":"https:\/\/www.eldiario.net\/portal\/#organization"},"articleSection":["Pol\u00edtica"],"inLanguage":"es"},{"@type":"WebPage","@id":"https:\/\/www.eldiario.net\/portal\/2022\/11\/02\/arce-ve-que-confrontacion-y-violencia-amenazan-al-pais\/","url":"https:\/\/www.eldiario.net\/portal\/2022\/11\/02\/arce-ve-que-confrontacion-y-violencia-amenazan-al-pais\/","name":"Arce ve que confrontaci\u00f3n y violencia amenazan al pa\u00eds - El Diario - Bolivia","isPartOf":{"@id":"https:\/\/www.eldiario.net\/portal\/#website"},"datePublished":"2022-11-02T09:54:23+00:00","breadcrumb":{"@id":"https:\/\/www.eldiario.net\/portal\/2022\/11\/02\/arce-ve-que-confrontacion-y-violencia-amenazan-al-pais\/#breadcrumb"},"inLanguage":"es","potentialAction":[{"@type":"ReadAction","target":["https:\/\/www.eldiario.net\/portal\/2022\/11\/02\/arce-ve-que-confrontacion-y-violencia-amenazan-al-pais\/"]}]},{"@type":"BreadcrumbList","@id":"https:\/\/www.eldiario.net\/portal\/2022\/11\/02\/arce-ve-que-confrontacion-y-violencia-amenazan-al-pais\/#breadcrumb","itemListElement":[{"@type":"ListItem","position":1,"name":"Portada","item":"https:\/\/www.eldiario.net\/portal\/"},{"@type":"ListItem","position":2,"name":"Arce ve que confrontaci\u00f3n y violencia amenazan al pa\u00eds"}]},{"@type":"WebSite","@id":"https:\/\/www.eldiario.net\/portal\/#website","url":"https:\/\/www.eldiario.net\/portal\/","name":"El Diario - Decano de la prensa nacional","description":"El Diario - Decano de la prensa nacional","publisher":{"@id":"https:\/\/www.eldiario.net\/portal\/#organization"},"potentialAction":[{"@type":"SearchAction","target":{"@type":"EntryPoint","urlTemplate":"https:\/\/www.eldiario.net\/portal\/?s={search_term_string}"},"query-input":{"@type":"PropertyValueSpecification","valueRequired":true,"valueName":"search_term_string"}}],"inLanguage":"es"},{"@type":"Organization","@id":"https:\/\/www.eldiario.net\/portal\/#organization","name":"El Diario - Decano de la prensa nacional","url":"https:\/\/www.eldiario.net\/portal\/","logo":{"@type":"ImageObject","inLanguage":"es","@id":"https:\/\/www.eldiario.net\/portal\/#\/schema\/logo\/image\/","url":"https:\/\/www.eldiario.net\/portal\/wp-content\/uploads\/2023\/07\/logo_ED.jpg","contentUrl":"https:\/\/www.eldiario.net\/portal\/wp-content\/uploads\/2023\/07\/logo_ED.jpg","width":272,"height":52,"caption":"El Diario - Decano de la prensa nacional"},"image":{"@id":"https:\/\/www.eldiario.net\/portal\/#\/schema\/logo\/image\/"},"sameAs":["https:\/\/www.facebook.com\/eldiario.bolivia\/","https:\/\/x.com\/eldiario_net"]},{"@type":"Person","@id":"https:\/\/www.eldiario.net\/portal\/#\/schema\/person\/f46445640444750d7d753ccd04ae01b7","name":"Jeanette","image":{"@type":"ImageObject","inLanguage":"es","@id":"https:\/\/secure.gravatar.com\/avatar\/3ea2118a5f7dad2b7138b1187a6b7ee55f160b9968b66013c3a3ef39dd7e5798?s=96&d=mm&r=g","url":"https:\/\/secure.gravatar.com\/avatar\/3ea2118a5f7dad2b7138b1187a6b7ee55f160b9968b66013c3a3ef39dd7e5798?s=96&d=mm&r=g","contentUrl":"https:\/\/secure.gravatar.com\/avatar\/3ea2118a5f7dad2b7138b1187a6b7ee55f160b9968b66013c3a3ef39dd7e5798?s=96&d=mm&r=g","caption":"Jeanette"},"sameAs":["https:\/\/www.eldiario.net\/portal"],"url":"https:\/\/www.eldiario.net\/portal\/author\/jeanette\/"}]}},"_links":{"self":[{"href":"https:\/\/www.eldiario.net\/portal\/wp-json\/wp\/v2\/posts\/119800","targetHints":{"allow":["GET"]}}],"collection":[{"href":"https:\/\/www.eldiario.net\/portal\/wp-json\/wp\/v2\/posts"}],"about":[{"href":"https:\/\/www.eldiario.net\/portal\/wp-json\/wp\/v2\/types\/post"}],"author":[{"embeddable":true,"href":"https:\/\/www.eldiario.net\/portal\/wp-json\/wp\/v2\/users\/1"}],"replies":[{"embeddable":true,"href":"https:\/\/www.eldiario.net\/portal\/wp-json\/wp\/v2\/comments?post=119800"}],"version-history":[{"count":0,"href":"https:\/\/www.eldiario.net\/portal\/wp-json\/wp\/v2\/posts\/119800\/revisions"}],"wp:attachment":[{"href":"https:\/\/www.eldiario.net\/portal\/wp-json\/wp\/v2\/media?parent=119800"}],"wp:term":[{"taxonomy":"category","embeddable":true,"href":"https:\/\/www.eldiario.net\/portal\/wp-json\/wp\/v2\/categories?post=119800"},{"taxonomy":"post_tag","embeddable":true,"href":"https:\/\/www.eldiario.net\/portal\/wp-json\/wp\/v2\/tags?post=119800"}],"curies":[{"name":"wp","href":"https:\/\/api.w.org\/{rel}","templated":true}]}}