{"id":119795,"date":"2022-11-02T05:53:07","date_gmt":"2022-11-02T09:53:07","guid":{"rendered":"https:\/\/www.eldiario.net\/portal\/?p=119795"},"modified":"2022-11-02T05:53:07","modified_gmt":"2022-11-02T09:53:07","slug":"creemos-denuncia-penalmente-a-dirigentes-del-mas-por-cerco","status":"publish","type":"post","link":"https:\/\/www.eldiario.net\/portal\/2022\/11\/02\/creemos-denuncia-penalmente-a-dirigentes-del-mas-por-cerco\/","title":{"rendered":"Creemos denuncia penalmente  a dirigentes del MAS por cerco"},"content":{"rendered":"<p>La representaci\u00f3n legal de los legisladores de la agrupaci\u00f3n Creemos, inform\u00f3 que dirigentes del Movimiento al Socialismo (MAS) fueron denunciados penalmente por los cargos de terrorismo, genocidio, organizaci\u00f3n criminal y otros ocasionados por el cerco a la ciudad de Santa Cruz como respuesta al paro indefinido por el censo.<br \/>\nSe inform\u00f3 que la demanda est\u00e1 dirigida contra los dirigentes Edwin Arce, Ponciano Colque Cruz, Franklin Vargas, Felipa Yalilly Montenegro y Rolando Borda, por atentados contra la seguridad com\u00fan de la poblaci\u00f3n en el Departamento de Santa Cruz, adem\u00e1s de vulnerar el derecho ciudadano leg\u00edtimo de exigir un censo nacional oportuno y trasparente.<br \/>\n\u201cEl Ministerio P\u00fablico tendr\u00e1 que convocar a estas personas para que digan bajo que contexto que norma que derecho se autoriza a limitar el ejercicio de los derechos de la poblaci\u00f3n cruce\u00f1a y del pa\u00eds\u201d, puntualiz\u00f3, Juan Carlos Camacho, representante legal los legisladores.<br \/>\nEn declaraciones a medios de prensa, el jurista se\u00f1al\u00f3 que los dirigentes sindicados en la demanda afirmaron no permitir el ingreso de alimentos, de ox\u00edgeno para uso m\u00e9dico, hecho que implica acciones de lesa humanidad.<br \/>\nLa denuncia tiene lugar luego de que, el pasado 26 de octubre, grupos organizados afines al MAS iniciaron un cerco a la ciudad de Santa Cruz, con el fin de asfixiar la econom\u00eda departamental como mecanismo de extorsi\u00f3n para suspender el paro indefinido, exigiendo la realizaci\u00f3n del censo nacional en la gesti\u00f3n 2023.<br \/>\nEl jurista no descart\u00f3 que autoridades del Ejecutivo, ente ellas la ministra de la Presidencia, Mar\u00eda Nela Prada, adem\u00e1s de parlamentarios del MAS, fueran convocados a declarar como testigos, tomando como elemento legal declaraciones p\u00fablicas de los sindicados que se\u00f1alan tener la \u201cvenia\u201d de esas cartera de Estado.<br \/>\n\u201cVamos a ver si el Gobierno mide con la misma vara que se han medido en otros casos como Golpe I o Golpe II, las declaraciones p\u00fablicas que han hecho funcionarios y determinar de esta manera su responsabilidad\u201d, puntualiz\u00f3.<br \/>\nEn esta l\u00ednea, se\u00f1al\u00f3 que estas medidas extorsivas ponen en riesgo la vida de la poblaci\u00f3n, no s\u00f3lo en Santa Cruz, sino del pa\u00eds, m\u00e1s all\u00e1 de afectaci\u00f3n a los l\u00edderes c\u00edvicos y la representaci\u00f3n regional.<br \/>\nAl respecto, el diputado Erwin Baz\u00e1n, asegur\u00f3 que no se puede comparar un paro c\u00edvico efectuado por ciudadanos en demanda de la realizaci\u00f3n del censo, con la medida de cercar toda una ciudad, puesto que el segundo caso, se cometen acciones criminales, genocidas y de terrorismo contra la poblaci\u00f3n boliviana.<br \/>\n\u201cNo es lo mismo un paro c\u00edvico que un cerco criminal genocida como el que han montado las organizaciones sociales afines al Movimiento al Socialismo. Hemos presentado en la ciudad de La Paz una denuncia penal contra estos dirigentes\u201d, dijo.<br \/>\nAfirm\u00f3 que los delitos que sustentan esta querella est\u00e1n vinculados al impedimento del paso para suministros m\u00e9dicos y alimentos que son soportes vitales para la supervivencia de la ciudadan\u00eda.<\/p>\n","protected":false},"excerpt":{"rendered":"<p>La representaci\u00f3n legal de los legisladores de la agrupaci\u00f3n Creemos, inform\u00f3 que dirigentes del Movimiento al Socialismo (MAS) fueron denunciados penalmente por los cargos de terrorismo, genocidio, organizaci\u00f3n criminal y otros ocasionados por el cerco a la ciudad de Santa Cruz como respuesta al paro indefinido por el censo. Se inform\u00f3 que la demanda est\u00e1 [&hellip;]<\/p>\n","protected":false},"author":1,"featured_media":0,"comment_status":"closed","ping_status":"closed","sticky":false,"template":"","format":"standard","meta":{"_acf_changed":false,"footnotes":""},"categories":[14],"tags":[],"class_list":["post-119795","post","type-post","status-publish","format-standard","category-politica"],"acf":{"antetitulo":""},"yoast_head":"<!-- This site is optimized with the Yoast SEO plugin v28.4 - https:\/\/yoast.com\/product\/yoast-seo-wordpress\/ -->\n<title>Creemos denuncia penalmente a dirigentes del MAS por cerco - El Diario - Bolivia<\/title>\n<meta name=\"robots\" content=\"index, follow, max-snippet:-1, max-image-preview:large, max-video-preview:-1\" \/>\n<link rel=\"canonical\" href=\"https:\/\/www.eldiario.net\/portal\/2022\/11\/02\/creemos-denuncia-penalmente-a-dirigentes-del-mas-por-cerco\/\" \/>\n<meta property=\"og:locale\" content=\"es_ES\" \/>\n<meta property=\"og:type\" content=\"article\" \/>\n<meta property=\"og:title\" content=\"Creemos denuncia penalmente a dirigentes del MAS por cerco - El Diario - Bolivia\" \/>\n<meta property=\"og:description\" content=\"La representaci\u00f3n legal de los legisladores de la agrupaci\u00f3n Creemos, inform\u00f3 que dirigentes del Movimiento al Socialismo (MAS) fueron denunciados penalmente por los cargos de terrorismo, genocidio, organizaci\u00f3n criminal y otros ocasionados por el cerco a la ciudad de Santa Cruz como respuesta al paro indefinido por el censo. Se inform\u00f3 que la demanda est\u00e1 [&hellip;]\" \/>\n<meta property=\"og:url\" content=\"https:\/\/www.eldiario.net\/portal\/2022\/11\/02\/creemos-denuncia-penalmente-a-dirigentes-del-mas-por-cerco\/\" \/>\n<meta property=\"og:site_name\" content=\"El Diario - Bolivia\" \/>\n<meta property=\"article:publisher\" content=\"https:\/\/www.facebook.com\/eldiario.bolivia\/\" \/>\n<meta property=\"article:published_time\" content=\"2022-11-02T09:53:07+00:00\" \/>\n<meta name=\"author\" content=\"Jeanette\" \/>\n<meta name=\"twitter:card\" content=\"summary_large_image\" \/>\n<meta name=\"twitter:creator\" content=\"@eldiario_net\" \/>\n<meta name=\"twitter:site\" content=\"@eldiario_net\" \/>\n<meta name=\"twitter:label1\" content=\"Escrito por\" \/>\n\t<meta name=\"twitter:data1\" content=\"Jeanette\" \/>\n\t<meta name=\"twitter:label2\" content=\"Tiempo de lectura\" \/>\n\t<meta name=\"twitter:data2\" content=\"3 minutos\" \/>\n<script type=\"application\/ld+json\" class=\"yoast-schema-graph\">{\"@context\":\"https:\\\/\\\/schema.org\",\"@graph\":[{\"@type\":\"Article\",\"@id\":\"https:\\\/\\\/www.eldiario.net\\\/portal\\\/2022\\\/11\\\/02\\\/creemos-denuncia-penalmente-a-dirigentes-del-mas-por-cerco\\\/#article\",\"isPartOf\":{\"@id\":\"https:\\\/\\\/www.eldiario.net\\\/portal\\\/2022\\\/11\\\/02\\\/creemos-denuncia-penalmente-a-dirigentes-del-mas-por-cerco\\\/\"},\"author\":{\"name\":\"Jeanette\",\"@id\":\"https:\\\/\\\/www.eldiario.net\\\/portal\\\/#\\\/schema\\\/person\\\/f46445640444750d7d753ccd04ae01b7\"},\"headline\":\"Creemos denuncia penalmente a dirigentes del MAS por cerco\",\"datePublished\":\"2022-11-02T09:53:07+00:00\",\"mainEntityOfPage\":{\"@id\":\"https:\\\/\\\/www.eldiario.net\\\/portal\\\/2022\\\/11\\\/02\\\/creemos-denuncia-penalmente-a-dirigentes-del-mas-por-cerco\\\/\"},\"wordCount\":523,\"publisher\":{\"@id\":\"https:\\\/\\\/www.eldiario.net\\\/portal\\\/#organization\"},\"articleSection\":[\"Pol\u00edtica\"],\"inLanguage\":\"es\"},{\"@type\":\"WebPage\",\"@id\":\"https:\\\/\\\/www.eldiario.net\\\/portal\\\/2022\\\/11\\\/02\\\/creemos-denuncia-penalmente-a-dirigentes-del-mas-por-cerco\\\/\",\"url\":\"https:\\\/\\\/www.eldiario.net\\\/portal\\\/2022\\\/11\\\/02\\\/creemos-denuncia-penalmente-a-dirigentes-del-mas-por-cerco\\\/\",\"name\":\"Creemos denuncia penalmente a dirigentes del MAS por cerco - El Diario - Bolivia\",\"isPartOf\":{\"@id\":\"https:\\\/\\\/www.eldiario.net\\\/portal\\\/#website\"},\"datePublished\":\"2022-11-02T09:53:07+00:00\",\"breadcrumb\":{\"@id\":\"https:\\\/\\\/www.eldiario.net\\\/portal\\\/2022\\\/11\\\/02\\\/creemos-denuncia-penalmente-a-dirigentes-del-mas-por-cerco\\\/#breadcrumb\"},\"inLanguage\":\"es\",\"potentialAction\":[{\"@type\":\"ReadAction\",\"target\":[\"https:\\\/\\\/www.eldiario.net\\\/portal\\\/2022\\\/11\\\/02\\\/creemos-denuncia-penalmente-a-dirigentes-del-mas-por-cerco\\\/\"]}]},{\"@type\":\"BreadcrumbList\",\"@id\":\"https:\\\/\\\/www.eldiario.net\\\/portal\\\/2022\\\/11\\\/02\\\/creemos-denuncia-penalmente-a-dirigentes-del-mas-por-cerco\\\/#breadcrumb\",\"itemListElement\":[{\"@type\":\"ListItem\",\"position\":1,\"name\":\"Portada\",\"item\":\"https:\\\/\\\/www.eldiario.net\\\/portal\\\/\"},{\"@type\":\"ListItem\",\"position\":2,\"name\":\"Creemos denuncia penalmente a dirigentes del MAS por cerco\"}]},{\"@type\":\"WebSite\",\"@id\":\"https:\\\/\\\/www.eldiario.net\\\/portal\\\/#website\",\"url\":\"https:\\\/\\\/www.eldiario.net\\\/portal\\\/\",\"name\":\"El Diario - Decano de la prensa nacional\",\"description\":\"El Diario - Decano de la prensa nacional\",\"publisher\":{\"@id\":\"https:\\\/\\\/www.eldiario.net\\\/portal\\\/#organization\"},\"potentialAction\":[{\"@type\":\"SearchAction\",\"target\":{\"@type\":\"EntryPoint\",\"urlTemplate\":\"https:\\\/\\\/www.eldiario.net\\\/portal\\\/?s={search_term_string}\"},\"query-input\":{\"@type\":\"PropertyValueSpecification\",\"valueRequired\":true,\"valueName\":\"search_term_string\"}}],\"inLanguage\":\"es\"},{\"@type\":\"Organization\",\"@id\":\"https:\\\/\\\/www.eldiario.net\\\/portal\\\/#organization\",\"name\":\"El Diario - Decano de la prensa nacional\",\"url\":\"https:\\\/\\\/www.eldiario.net\\\/portal\\\/\",\"logo\":{\"@type\":\"ImageObject\",\"inLanguage\":\"es\",\"@id\":\"https:\\\/\\\/www.eldiario.net\\\/portal\\\/#\\\/schema\\\/logo\\\/image\\\/\",\"url\":\"https:\\\/\\\/www.eldiario.net\\\/portal\\\/wp-content\\\/uploads\\\/2023\\\/07\\\/logo_ED.jpg\",\"contentUrl\":\"https:\\\/\\\/www.eldiario.net\\\/portal\\\/wp-content\\\/uploads\\\/2023\\\/07\\\/logo_ED.jpg\",\"width\":272,\"height\":52,\"caption\":\"El Diario - Decano de la prensa nacional\"},\"image\":{\"@id\":\"https:\\\/\\\/www.eldiario.net\\\/portal\\\/#\\\/schema\\\/logo\\\/image\\\/\"},\"sameAs\":[\"https:\\\/\\\/www.facebook.com\\\/eldiario.bolivia\\\/\",\"https:\\\/\\\/x.com\\\/eldiario_net\"]},{\"@type\":\"Person\",\"@id\":\"https:\\\/\\\/www.eldiario.net\\\/portal\\\/#\\\/schema\\\/person\\\/f46445640444750d7d753ccd04ae01b7\",\"name\":\"Jeanette\",\"image\":{\"@type\":\"ImageObject\",\"inLanguage\":\"es\",\"@id\":\"https:\\\/\\\/secure.gravatar.com\\\/avatar\\\/3ea2118a5f7dad2b7138b1187a6b7ee55f160b9968b66013c3a3ef39dd7e5798?s=96&d=mm&r=g\",\"url\":\"https:\\\/\\\/secure.gravatar.com\\\/avatar\\\/3ea2118a5f7dad2b7138b1187a6b7ee55f160b9968b66013c3a3ef39dd7e5798?s=96&d=mm&r=g\",\"contentUrl\":\"https:\\\/\\\/secure.gravatar.com\\\/avatar\\\/3ea2118a5f7dad2b7138b1187a6b7ee55f160b9968b66013c3a3ef39dd7e5798?s=96&d=mm&r=g\",\"caption\":\"Jeanette\"},\"sameAs\":[\"https:\\\/\\\/www.eldiario.net\\\/portal\"],\"url\":\"https:\\\/\\\/www.eldiario.net\\\/portal\\\/author\\\/jeanette\\\/\"}]}<\/script>\n<!-- \/ Yoast SEO plugin. -->","yoast_head_json":{"title":"Creemos denuncia penalmente a dirigentes del MAS por cerco - El Diario - Bolivia","robots":{"index":"index","follow":"follow","max-snippet":"max-snippet:-1","max-image-preview":"max-image-preview:large","max-video-preview":"max-video-preview:-1"},"canonical":"https:\/\/www.eldiario.net\/portal\/2022\/11\/02\/creemos-denuncia-penalmente-a-dirigentes-del-mas-por-cerco\/","og_locale":"es_ES","og_type":"article","og_title":"Creemos denuncia penalmente a dirigentes del MAS por cerco - El Diario - Bolivia","og_description":"La representaci\u00f3n legal de los legisladores de la agrupaci\u00f3n Creemos, inform\u00f3 que dirigentes del Movimiento al Socialismo (MAS) fueron denunciados penalmente por los cargos de terrorismo, genocidio, organizaci\u00f3n criminal y otros ocasionados por el cerco a la ciudad de Santa Cruz como respuesta al paro indefinido por el censo. Se inform\u00f3 que la demanda est\u00e1 [&hellip;]","og_url":"https:\/\/www.eldiario.net\/portal\/2022\/11\/02\/creemos-denuncia-penalmente-a-dirigentes-del-mas-por-cerco\/","og_site_name":"El Diario - Bolivia","article_publisher":"https:\/\/www.facebook.com\/eldiario.bolivia\/","article_published_time":"2022-11-02T09:53:07+00:00","author":"Jeanette","twitter_card":"summary_large_image","twitter_creator":"@eldiario_net","twitter_site":"@eldiario_net","twitter_misc":{"Escrito por":"Jeanette","Tiempo de lectura":"3 minutos"},"schema":{"@context":"https:\/\/schema.org","@graph":[{"@type":"Article","@id":"https:\/\/www.eldiario.net\/portal\/2022\/11\/02\/creemos-denuncia-penalmente-a-dirigentes-del-mas-por-cerco\/#article","isPartOf":{"@id":"https:\/\/www.eldiario.net\/portal\/2022\/11\/02\/creemos-denuncia-penalmente-a-dirigentes-del-mas-por-cerco\/"},"author":{"name":"Jeanette","@id":"https:\/\/www.eldiario.net\/portal\/#\/schema\/person\/f46445640444750d7d753ccd04ae01b7"},"headline":"Creemos denuncia penalmente a dirigentes del MAS por cerco","datePublished":"2022-11-02T09:53:07+00:00","mainEntityOfPage":{"@id":"https:\/\/www.eldiario.net\/portal\/2022\/11\/02\/creemos-denuncia-penalmente-a-dirigentes-del-mas-por-cerco\/"},"wordCount":523,"publisher":{"@id":"https:\/\/www.eldiario.net\/portal\/#organization"},"articleSection":["Pol\u00edtica"],"inLanguage":"es"},{"@type":"WebPage","@id":"https:\/\/www.eldiario.net\/portal\/2022\/11\/02\/creemos-denuncia-penalmente-a-dirigentes-del-mas-por-cerco\/","url":"https:\/\/www.eldiario.net\/portal\/2022\/11\/02\/creemos-denuncia-penalmente-a-dirigentes-del-mas-por-cerco\/","name":"Creemos denuncia penalmente a dirigentes del MAS por cerco - El Diario - Bolivia","isPartOf":{"@id":"https:\/\/www.eldiario.net\/portal\/#website"},"datePublished":"2022-11-02T09:53:07+00:00","breadcrumb":{"@id":"https:\/\/www.eldiario.net\/portal\/2022\/11\/02\/creemos-denuncia-penalmente-a-dirigentes-del-mas-por-cerco\/#breadcrumb"},"inLanguage":"es","potentialAction":[{"@type":"ReadAction","target":["https:\/\/www.eldiario.net\/portal\/2022\/11\/02\/creemos-denuncia-penalmente-a-dirigentes-del-mas-por-cerco\/"]}]},{"@type":"BreadcrumbList","@id":"https:\/\/www.eldiario.net\/portal\/2022\/11\/02\/creemos-denuncia-penalmente-a-dirigentes-del-mas-por-cerco\/#breadcrumb","itemListElement":[{"@type":"ListItem","position":1,"name":"Portada","item":"https:\/\/www.eldiario.net\/portal\/"},{"@type":"ListItem","position":2,"name":"Creemos denuncia penalmente a dirigentes del MAS por cerco"}]},{"@type":"WebSite","@id":"https:\/\/www.eldiario.net\/portal\/#website","url":"https:\/\/www.eldiario.net\/portal\/","name":"El Diario - Decano de la prensa nacional","description":"El Diario - Decano de la prensa nacional","publisher":{"@id":"https:\/\/www.eldiario.net\/portal\/#organization"},"potentialAction":[{"@type":"SearchAction","target":{"@type":"EntryPoint","urlTemplate":"https:\/\/www.eldiario.net\/portal\/?s={search_term_string}"},"query-input":{"@type":"PropertyValueSpecification","valueRequired":true,"valueName":"search_term_string"}}],"inLanguage":"es"},{"@type":"Organization","@id":"https:\/\/www.eldiario.net\/portal\/#organization","name":"El Diario - Decano de la prensa nacional","url":"https:\/\/www.eldiario.net\/portal\/","logo":{"@type":"ImageObject","inLanguage":"es","@id":"https:\/\/www.eldiario.net\/portal\/#\/schema\/logo\/image\/","url":"https:\/\/www.eldiario.net\/portal\/wp-content\/uploads\/2023\/07\/logo_ED.jpg","contentUrl":"https:\/\/www.eldiario.net\/portal\/wp-content\/uploads\/2023\/07\/logo_ED.jpg","width":272,"height":52,"caption":"El Diario - Decano de la prensa nacional"},"image":{"@id":"https:\/\/www.eldiario.net\/portal\/#\/schema\/logo\/image\/"},"sameAs":["https:\/\/www.facebook.com\/eldiario.bolivia\/","https:\/\/x.com\/eldiario_net"]},{"@type":"Person","@id":"https:\/\/www.eldiario.net\/portal\/#\/schema\/person\/f46445640444750d7d753ccd04ae01b7","name":"Jeanette","image":{"@type":"ImageObject","inLanguage":"es","@id":"https:\/\/secure.gravatar.com\/avatar\/3ea2118a5f7dad2b7138b1187a6b7ee55f160b9968b66013c3a3ef39dd7e5798?s=96&d=mm&r=g","url":"https:\/\/secure.gravatar.com\/avatar\/3ea2118a5f7dad2b7138b1187a6b7ee55f160b9968b66013c3a3ef39dd7e5798?s=96&d=mm&r=g","contentUrl":"https:\/\/secure.gravatar.com\/avatar\/3ea2118a5f7dad2b7138b1187a6b7ee55f160b9968b66013c3a3ef39dd7e5798?s=96&d=mm&r=g","caption":"Jeanette"},"sameAs":["https:\/\/www.eldiario.net\/portal"],"url":"https:\/\/www.eldiario.net\/portal\/author\/jeanette\/"}]}},"_links":{"self":[{"href":"https:\/\/www.eldiario.net\/portal\/wp-json\/wp\/v2\/posts\/119795","targetHints":{"allow":["GET"]}}],"collection":[{"href":"https:\/\/www.eldiario.net\/portal\/wp-json\/wp\/v2\/posts"}],"about":[{"href":"https:\/\/www.eldiario.net\/portal\/wp-json\/wp\/v2\/types\/post"}],"author":[{"embeddable":true,"href":"https:\/\/www.eldiario.net\/portal\/wp-json\/wp\/v2\/users\/1"}],"replies":[{"embeddable":true,"href":"https:\/\/www.eldiario.net\/portal\/wp-json\/wp\/v2\/comments?post=119795"}],"version-history":[{"count":0,"href":"https:\/\/www.eldiario.net\/portal\/wp-json\/wp\/v2\/posts\/119795\/revisions"}],"wp:attachment":[{"href":"https:\/\/www.eldiario.net\/portal\/wp-json\/wp\/v2\/media?parent=119795"}],"wp:term":[{"taxonomy":"category","embeddable":true,"href":"https:\/\/www.eldiario.net\/portal\/wp-json\/wp\/v2\/categories?post=119795"},{"taxonomy":"post_tag","embeddable":true,"href":"https:\/\/www.eldiario.net\/portal\/wp-json\/wp\/v2\/tags?post=119795"}],"curies":[{"name":"wp","href":"https:\/\/api.w.org\/{rel}","templated":true}]}}