{"id":119790,"date":"2022-11-02T05:51:10","date_gmt":"2022-11-02T09:51:10","guid":{"rendered":"https:\/\/www.eldiario.net\/portal\/?p=119790"},"modified":"2022-11-02T05:51:10","modified_gmt":"2022-11-02T09:51:10","slug":"llegaran-los-libros-pero-los-desafios-continuan","status":"publish","type":"post","link":"https:\/\/www.eldiario.net\/portal\/2022\/11\/02\/llegaran-los-libros-pero-los-desafios-continuan\/","title":{"rendered":"Llegar\u00e1n los libros, pero los desaf\u00edos contin\u00faan"},"content":{"rendered":"<p>\u00a1\u201cEsta Resoluci\u00f3n del TSE puede significar un gran avance en la propuesta de Reforma de la Justicia v\u00eda referendo, y tenemos que convertirla en una decisi\u00f3n que abra sin cortapisas el poder constituyente ciudadano, para primero recabar en los libros la adhesi\u00f3n de 1.5 millones de firmas en todo el pa\u00eds, y luego, cumplido el tr\u00e1mite ante el Tribunal Constitucional, convocar a las urnas a todas y todos los bolivianos, como momento inicial de transformaci\u00f3n de la administraci\u00f3n de justicia\u2026\u201d.<br \/>\nEs lo que se lee en la \u201cDeclaraci\u00f3n P\u00fablica\u201d de los Juristas Independientes, el 28 de octubre, luego de conocerse la Resoluci\u00f3n 0377\/2022 del TSE por la que se autoriza la recolecci\u00f3n de firmas de adhesi\u00f3n a la propuesta de Reforma, v\u00eda Referendo ciudadano.<br \/>\nTuvieron que pasar tres meses para que se apruebe la recolecci\u00f3n de firmas, luego de que el 28 de julio se presentara ante el TSE la propuesta integral de Reforma. Pese a la demora se trata de una decisi\u00f3n ponderable de la c\u00fapula del \u00d3rgano Electoral que, efectivamente, puede abrir por primera vez en la historia el camino de un Referendo para iniciar el cambio estructural de la justicia.<br \/>\nEse cambio no puede esperar m\u00e1s. La crisis judicial centenaria, agravada por el autoritarismo de la \u00faltima d\u00e9cada, ha devenido en tragedia y podredumbre judicial. La independencia de los jueces ha sido demolida por el sometimiento pol\u00edtico; el servicio judicial ha sido degradado por la corrupci\u00f3n, la retardaci\u00f3n, el hacinamiento carcelario y la impunidad de los delincuentes, al tiempo que los valores de equidad y servicio p\u00fablico han sido trastrocados por la venta de los cargos y los fallos, la persecuci\u00f3n de la disidencia y la eliminaci\u00f3n de los frenos constitucionales al poder autoritario.<br \/>\nDe ah\u00ed la pertinencia y profundidad de la Propuesta que plantea 3 cambios esenciales en la Constituci\u00f3n: 1) Independencia e idoneidad de los jueces, empezando por los supremos, eliminando la selecci\u00f3n partidocr\u00e1tica de los postulantes con una Comisi\u00f3n Ciudadana que calificar\u00e1 solo m\u00e9ritos e idoneidades para la designaci\u00f3n parlamentaria y el voto popular ratificatorio. 2) Presupuesto digno del 3% para el servicio judicial, inscrito en la Constituci\u00f3n y administrado por un renovado Consejo de la Magistratura y, 3) Universalizar el acceso a la justicia y la resoluci\u00f3n de conflictos, revalorizando la Justicia originaria e instituyendo la justicia de Paz.<br \/>\nEse planteamiento dorsal, est\u00e1 resumido en 4 preguntas que el electorado deber\u00e1 absolver en el momento del Referendo y las urnas, pero ese momento todav\u00eda hay que trabajarlo arduamente. Veamos:<br \/>\nPrimero. La Resoluci\u00f3n autorizando las firmas y dando un plazo de 90 d\u00edas para su recolecci\u00f3n tiene algunos equ\u00edvocos; el principal es que el TSE no entregar\u00e1 libros sino solo un \u201cformato\u201d con el que los promotores tienen que imprimirlos, notariarlos y distribuirlos, tareas onerosas que llevar\u00e1n varias semanas, pero, por error de la Resoluci\u00f3n del TSE, ese tiempo administrativo se computa como parte de los 90 d\u00edas, reduciendo peligrosamente el plazo efectivo de recolecci\u00f3n de 1.5 millones de firmas.<br \/>\nSegundo. Esos 90 d\u00edas son un tiempo brev\u00edsimo para lograr 1.5 millones de firmas de adhesi\u00f3n, en todo el territorio nacional y donde cada departamento debe aportar el 15% de su padr\u00f3n electoral, para sumar el 20% del padr\u00f3n nacional. Ya se han constituido 9 Comit\u00e9s Departamentales para la Reforma, pero est\u00e1 claro que se requerir\u00e1 la movilizaci\u00f3n de cientos de voluntarios que se sumen a la recolecci\u00f3n de firmas, difusi\u00f3n y organizaci\u00f3n, construyendo una verdadera y gran cruzada nacional por la justicia.<br \/>\nTercero. Recabadas y verificadas las firmas todav\u00eda el tr\u00e1mite va al Tribunal Constitucional para que se verifique que la Reforma no afecta la forma de gobierno, los derechos fundamentales y la primac\u00eda de la Constituci\u00f3n. No solo que en el TCP podr\u00eda haber nuevas demoras sino una abierta intromisi\u00f3n gubernamental, en un tribunal que no ha dado se\u00f1ales ni de eficiencia ni independencia, pero 1.5 millones de firmas y la movilizaci\u00f3n previa podr\u00edan disipar esos temores.<br \/>\nCuarto. Finalmente, est\u00e1 el Referendo y el voto que tiene que concretarse mayoritariamente antes de diciembre del 2023, para que las nuevas elecciones judiciales se efect\u00faen con las nuevas reglas que el poder constituyente haya aprobado, a las que obligatoriamente tendr\u00e1 que someterse el poder constituido.<br \/>\nLos Juristas Independientes ya han presentado un recurso de complementaci\u00f3n y enmienda para que los 90 d\u00edas empiecen a correr desde que los libros est\u00e9n impresos y en las calles, pero los otros desaf\u00edos arduos tenemos que superarlos con nuestro compromiso, construyendo esa gran movilizaci\u00f3n por la justicia.<\/p>\n","protected":false},"excerpt":{"rendered":"<p>\u00a1\u201cEsta Resoluci\u00f3n del TSE puede significar un gran avance en la propuesta de Reforma de la Justicia v\u00eda referendo, y tenemos que convertirla en una decisi\u00f3n que abra sin cortapisas el poder constituyente ciudadano, para primero recabar en los libros la adhesi\u00f3n de 1.5 millones de firmas en todo el pa\u00eds, y luego, cumplido el [&hellip;]<\/p>\n","protected":false},"author":1,"featured_media":43067,"comment_status":"closed","ping_status":"closed","sticky":false,"template":"","format":"standard","meta":{"_acf_changed":false,"footnotes":""},"categories":[9],"tags":[],"class_list":["post-119790","post","type-post","status-publish","format-standard","has-post-thumbnail","category-opinion"],"acf":{"antetitulo":""},"yoast_head":"<!-- This site is optimized with the Yoast SEO plugin v28.4 - https:\/\/yoast.com\/product\/yoast-seo-wordpress\/ -->\n<title>Llegar\u00e1n los libros, pero los desaf\u00edos contin\u00faan - El Diario - Bolivia<\/title>\n<meta name=\"robots\" content=\"index, follow, max-snippet:-1, max-image-preview:large, max-video-preview:-1\" \/>\n<link rel=\"canonical\" href=\"https:\/\/www.eldiario.net\/portal\/2022\/11\/02\/llegaran-los-libros-pero-los-desafios-continuan\/\" \/>\n<meta property=\"og:locale\" content=\"es_ES\" \/>\n<meta property=\"og:type\" content=\"article\" \/>\n<meta property=\"og:title\" content=\"Llegar\u00e1n los libros, pero los desaf\u00edos contin\u00faan - El Diario - Bolivia\" \/>\n<meta property=\"og:description\" content=\"\u00a1\u201cEsta Resoluci\u00f3n del TSE puede significar un gran avance en la propuesta de Reforma de la Justicia v\u00eda referendo, y tenemos que convertirla en una decisi\u00f3n que abra sin cortapisas el poder constituyente ciudadano, para primero recabar en los libros la adhesi\u00f3n de 1.5 millones de firmas en todo el pa\u00eds, y luego, cumplido el [&hellip;]\" \/>\n<meta property=\"og:url\" content=\"https:\/\/www.eldiario.net\/portal\/2022\/11\/02\/llegaran-los-libros-pero-los-desafios-continuan\/\" \/>\n<meta property=\"og:site_name\" content=\"El Diario - Bolivia\" \/>\n<meta property=\"article:publisher\" content=\"https:\/\/www.facebook.com\/eldiario.bolivia\/\" \/>\n<meta property=\"article:published_time\" content=\"2022-11-02T09:51:10+00:00\" \/>\n<meta name=\"author\" content=\"Jeanette\" \/>\n<meta name=\"twitter:card\" content=\"summary_large_image\" \/>\n<meta name=\"twitter:creator\" content=\"@eldiario_net\" \/>\n<meta name=\"twitter:site\" content=\"@eldiario_net\" \/>\n<meta name=\"twitter:label1\" content=\"Escrito por\" \/>\n\t<meta name=\"twitter:data1\" content=\"Jeanette\" \/>\n<script type=\"application\/ld+json\" class=\"yoast-schema-graph\">{\"@context\":\"https:\\\/\\\/schema.org\",\"@graph\":[{\"@type\":\"Article\",\"@id\":\"https:\\\/\\\/www.eldiario.net\\\/portal\\\/2022\\\/11\\\/02\\\/llegaran-los-libros-pero-los-desafios-continuan\\\/#article\",\"isPartOf\":{\"@id\":\"https:\\\/\\\/www.eldiario.net\\\/portal\\\/2022\\\/11\\\/02\\\/llegaran-los-libros-pero-los-desafios-continuan\\\/\"},\"author\":{\"name\":\"Jeanette\",\"@id\":\"https:\\\/\\\/www.eldiario.net\\\/portal\\\/#\\\/schema\\\/person\\\/f46445640444750d7d753ccd04ae01b7\"},\"headline\":\"Llegar\u00e1n los libros, pero los desaf\u00edos contin\u00faan\",\"datePublished\":\"2022-11-02T09:51:10+00:00\",\"mainEntityOfPage\":{\"@id\":\"https:\\\/\\\/www.eldiario.net\\\/portal\\\/2022\\\/11\\\/02\\\/llegaran-los-libros-pero-los-desafios-continuan\\\/\"},\"wordCount\":805,\"publisher\":{\"@id\":\"https:\\\/\\\/www.eldiario.net\\\/portal\\\/#organization\"},\"image\":{\"@id\":\"https:\\\/\\\/www.eldiario.net\\\/portal\\\/2022\\\/11\\\/02\\\/llegaran-los-libros-pero-los-desafios-continuan\\\/#primaryimage\"},\"thumbnailUrl\":\"\",\"articleSection\":[\"Opini\u00f3n\"],\"inLanguage\":\"es\"},{\"@type\":\"WebPage\",\"@id\":\"https:\\\/\\\/www.eldiario.net\\\/portal\\\/2022\\\/11\\\/02\\\/llegaran-los-libros-pero-los-desafios-continuan\\\/\",\"url\":\"https:\\\/\\\/www.eldiario.net\\\/portal\\\/2022\\\/11\\\/02\\\/llegaran-los-libros-pero-los-desafios-continuan\\\/\",\"name\":\"Llegar\u00e1n los libros, pero los desaf\u00edos contin\u00faan - El Diario - Bolivia\",\"isPartOf\":{\"@id\":\"https:\\\/\\\/www.eldiario.net\\\/portal\\\/#website\"},\"primaryImageOfPage\":{\"@id\":\"https:\\\/\\\/www.eldiario.net\\\/portal\\\/2022\\\/11\\\/02\\\/llegaran-los-libros-pero-los-desafios-continuan\\\/#primaryimage\"},\"image\":{\"@id\":\"https:\\\/\\\/www.eldiario.net\\\/portal\\\/2022\\\/11\\\/02\\\/llegaran-los-libros-pero-los-desafios-continuan\\\/#primaryimage\"},\"thumbnailUrl\":\"\",\"datePublished\":\"2022-11-02T09:51:10+00:00\",\"breadcrumb\":{\"@id\":\"https:\\\/\\\/www.eldiario.net\\\/portal\\\/2022\\\/11\\\/02\\\/llegaran-los-libros-pero-los-desafios-continuan\\\/#breadcrumb\"},\"inLanguage\":\"es\",\"potentialAction\":[{\"@type\":\"ReadAction\",\"target\":[\"https:\\\/\\\/www.eldiario.net\\\/portal\\\/2022\\\/11\\\/02\\\/llegaran-los-libros-pero-los-desafios-continuan\\\/\"]}]},{\"@type\":\"ImageObject\",\"inLanguage\":\"es\",\"@id\":\"https:\\\/\\\/www.eldiario.net\\\/portal\\\/2022\\\/11\\\/02\\\/llegaran-los-libros-pero-los-desafios-continuan\\\/#primaryimage\",\"url\":\"\",\"contentUrl\":\"\"},{\"@type\":\"BreadcrumbList\",\"@id\":\"https:\\\/\\\/www.eldiario.net\\\/portal\\\/2022\\\/11\\\/02\\\/llegaran-los-libros-pero-los-desafios-continuan\\\/#breadcrumb\",\"itemListElement\":[{\"@type\":\"ListItem\",\"position\":1,\"name\":\"Portada\",\"item\":\"https:\\\/\\\/www.eldiario.net\\\/portal\\\/\"},{\"@type\":\"ListItem\",\"position\":2,\"name\":\"Llegar\u00e1n los libros, pero los desaf\u00edos contin\u00faan\"}]},{\"@type\":\"WebSite\",\"@id\":\"https:\\\/\\\/www.eldiario.net\\\/portal\\\/#website\",\"url\":\"https:\\\/\\\/www.eldiario.net\\\/portal\\\/\",\"name\":\"El Diario - Decano de la prensa nacional\",\"description\":\"El Diario - Decano de la prensa nacional\",\"publisher\":{\"@id\":\"https:\\\/\\\/www.eldiario.net\\\/portal\\\/#organization\"},\"potentialAction\":[{\"@type\":\"SearchAction\",\"target\":{\"@type\":\"EntryPoint\",\"urlTemplate\":\"https:\\\/\\\/www.eldiario.net\\\/portal\\\/?s={search_term_string}\"},\"query-input\":{\"@type\":\"PropertyValueSpecification\",\"valueRequired\":true,\"valueName\":\"search_term_string\"}}],\"inLanguage\":\"es\"},{\"@type\":\"Organization\",\"@id\":\"https:\\\/\\\/www.eldiario.net\\\/portal\\\/#organization\",\"name\":\"El Diario - Decano de la prensa nacional\",\"url\":\"https:\\\/\\\/www.eldiario.net\\\/portal\\\/\",\"logo\":{\"@type\":\"ImageObject\",\"inLanguage\":\"es\",\"@id\":\"https:\\\/\\\/www.eldiario.net\\\/portal\\\/#\\\/schema\\\/logo\\\/image\\\/\",\"url\":\"https:\\\/\\\/www.eldiario.net\\\/portal\\\/wp-content\\\/uploads\\\/2023\\\/07\\\/logo_ED.jpg\",\"contentUrl\":\"https:\\\/\\\/www.eldiario.net\\\/portal\\\/wp-content\\\/uploads\\\/2023\\\/07\\\/logo_ED.jpg\",\"width\":272,\"height\":52,\"caption\":\"El Diario - Decano de la prensa nacional\"},\"image\":{\"@id\":\"https:\\\/\\\/www.eldiario.net\\\/portal\\\/#\\\/schema\\\/logo\\\/image\\\/\"},\"sameAs\":[\"https:\\\/\\\/www.facebook.com\\\/eldiario.bolivia\\\/\",\"https:\\\/\\\/x.com\\\/eldiario_net\"]},{\"@type\":\"Person\",\"@id\":\"https:\\\/\\\/www.eldiario.net\\\/portal\\\/#\\\/schema\\\/person\\\/f46445640444750d7d753ccd04ae01b7\",\"name\":\"Jeanette\",\"image\":{\"@type\":\"ImageObject\",\"inLanguage\":\"es\",\"@id\":\"https:\\\/\\\/secure.gravatar.com\\\/avatar\\\/3ea2118a5f7dad2b7138b1187a6b7ee55f160b9968b66013c3a3ef39dd7e5798?s=96&d=mm&r=g\",\"url\":\"https:\\\/\\\/secure.gravatar.com\\\/avatar\\\/3ea2118a5f7dad2b7138b1187a6b7ee55f160b9968b66013c3a3ef39dd7e5798?s=96&d=mm&r=g\",\"contentUrl\":\"https:\\\/\\\/secure.gravatar.com\\\/avatar\\\/3ea2118a5f7dad2b7138b1187a6b7ee55f160b9968b66013c3a3ef39dd7e5798?s=96&d=mm&r=g\",\"caption\":\"Jeanette\"},\"sameAs\":[\"https:\\\/\\\/www.eldiario.net\\\/portal\"],\"url\":\"https:\\\/\\\/www.eldiario.net\\\/portal\\\/author\\\/jeanette\\\/\"}]}<\/script>\n<!-- \/ Yoast SEO plugin. -->","yoast_head_json":{"title":"Llegar\u00e1n los libros, pero los desaf\u00edos contin\u00faan - El Diario - Bolivia","robots":{"index":"index","follow":"follow","max-snippet":"max-snippet:-1","max-image-preview":"max-image-preview:large","max-video-preview":"max-video-preview:-1"},"canonical":"https:\/\/www.eldiario.net\/portal\/2022\/11\/02\/llegaran-los-libros-pero-los-desafios-continuan\/","og_locale":"es_ES","og_type":"article","og_title":"Llegar\u00e1n los libros, pero los desaf\u00edos contin\u00faan - El Diario - Bolivia","og_description":"\u00a1\u201cEsta Resoluci\u00f3n del TSE puede significar un gran avance en la propuesta de Reforma de la Justicia v\u00eda referendo, y tenemos que convertirla en una decisi\u00f3n que abra sin cortapisas el poder constituyente ciudadano, para primero recabar en los libros la adhesi\u00f3n de 1.5 millones de firmas en todo el pa\u00eds, y luego, cumplido el [&hellip;]","og_url":"https:\/\/www.eldiario.net\/portal\/2022\/11\/02\/llegaran-los-libros-pero-los-desafios-continuan\/","og_site_name":"El Diario - Bolivia","article_publisher":"https:\/\/www.facebook.com\/eldiario.bolivia\/","article_published_time":"2022-11-02T09:51:10+00:00","author":"Jeanette","twitter_card":"summary_large_image","twitter_creator":"@eldiario_net","twitter_site":"@eldiario_net","twitter_misc":{"Escrito por":"Jeanette"},"schema":{"@context":"https:\/\/schema.org","@graph":[{"@type":"Article","@id":"https:\/\/www.eldiario.net\/portal\/2022\/11\/02\/llegaran-los-libros-pero-los-desafios-continuan\/#article","isPartOf":{"@id":"https:\/\/www.eldiario.net\/portal\/2022\/11\/02\/llegaran-los-libros-pero-los-desafios-continuan\/"},"author":{"name":"Jeanette","@id":"https:\/\/www.eldiario.net\/portal\/#\/schema\/person\/f46445640444750d7d753ccd04ae01b7"},"headline":"Llegar\u00e1n los libros, pero los desaf\u00edos contin\u00faan","datePublished":"2022-11-02T09:51:10+00:00","mainEntityOfPage":{"@id":"https:\/\/www.eldiario.net\/portal\/2022\/11\/02\/llegaran-los-libros-pero-los-desafios-continuan\/"},"wordCount":805,"publisher":{"@id":"https:\/\/www.eldiario.net\/portal\/#organization"},"image":{"@id":"https:\/\/www.eldiario.net\/portal\/2022\/11\/02\/llegaran-los-libros-pero-los-desafios-continuan\/#primaryimage"},"thumbnailUrl":"","articleSection":["Opini\u00f3n"],"inLanguage":"es"},{"@type":"WebPage","@id":"https:\/\/www.eldiario.net\/portal\/2022\/11\/02\/llegaran-los-libros-pero-los-desafios-continuan\/","url":"https:\/\/www.eldiario.net\/portal\/2022\/11\/02\/llegaran-los-libros-pero-los-desafios-continuan\/","name":"Llegar\u00e1n los libros, pero los desaf\u00edos contin\u00faan - El Diario - Bolivia","isPartOf":{"@id":"https:\/\/www.eldiario.net\/portal\/#website"},"primaryImageOfPage":{"@id":"https:\/\/www.eldiario.net\/portal\/2022\/11\/02\/llegaran-los-libros-pero-los-desafios-continuan\/#primaryimage"},"image":{"@id":"https:\/\/www.eldiario.net\/portal\/2022\/11\/02\/llegaran-los-libros-pero-los-desafios-continuan\/#primaryimage"},"thumbnailUrl":"","datePublished":"2022-11-02T09:51:10+00:00","breadcrumb":{"@id":"https:\/\/www.eldiario.net\/portal\/2022\/11\/02\/llegaran-los-libros-pero-los-desafios-continuan\/#breadcrumb"},"inLanguage":"es","potentialAction":[{"@type":"ReadAction","target":["https:\/\/www.eldiario.net\/portal\/2022\/11\/02\/llegaran-los-libros-pero-los-desafios-continuan\/"]}]},{"@type":"ImageObject","inLanguage":"es","@id":"https:\/\/www.eldiario.net\/portal\/2022\/11\/02\/llegaran-los-libros-pero-los-desafios-continuan\/#primaryimage","url":"","contentUrl":""},{"@type":"BreadcrumbList","@id":"https:\/\/www.eldiario.net\/portal\/2022\/11\/02\/llegaran-los-libros-pero-los-desafios-continuan\/#breadcrumb","itemListElement":[{"@type":"ListItem","position":1,"name":"Portada","item":"https:\/\/www.eldiario.net\/portal\/"},{"@type":"ListItem","position":2,"name":"Llegar\u00e1n los libros, pero los desaf\u00edos contin\u00faan"}]},{"@type":"WebSite","@id":"https:\/\/www.eldiario.net\/portal\/#website","url":"https:\/\/www.eldiario.net\/portal\/","name":"El Diario - Decano de la prensa nacional","description":"El Diario - Decano de la prensa nacional","publisher":{"@id":"https:\/\/www.eldiario.net\/portal\/#organization"},"potentialAction":[{"@type":"SearchAction","target":{"@type":"EntryPoint","urlTemplate":"https:\/\/www.eldiario.net\/portal\/?s={search_term_string}"},"query-input":{"@type":"PropertyValueSpecification","valueRequired":true,"valueName":"search_term_string"}}],"inLanguage":"es"},{"@type":"Organization","@id":"https:\/\/www.eldiario.net\/portal\/#organization","name":"El Diario - Decano de la prensa nacional","url":"https:\/\/www.eldiario.net\/portal\/","logo":{"@type":"ImageObject","inLanguage":"es","@id":"https:\/\/www.eldiario.net\/portal\/#\/schema\/logo\/image\/","url":"https:\/\/www.eldiario.net\/portal\/wp-content\/uploads\/2023\/07\/logo_ED.jpg","contentUrl":"https:\/\/www.eldiario.net\/portal\/wp-content\/uploads\/2023\/07\/logo_ED.jpg","width":272,"height":52,"caption":"El Diario - Decano de la prensa nacional"},"image":{"@id":"https:\/\/www.eldiario.net\/portal\/#\/schema\/logo\/image\/"},"sameAs":["https:\/\/www.facebook.com\/eldiario.bolivia\/","https:\/\/x.com\/eldiario_net"]},{"@type":"Person","@id":"https:\/\/www.eldiario.net\/portal\/#\/schema\/person\/f46445640444750d7d753ccd04ae01b7","name":"Jeanette","image":{"@type":"ImageObject","inLanguage":"es","@id":"https:\/\/secure.gravatar.com\/avatar\/3ea2118a5f7dad2b7138b1187a6b7ee55f160b9968b66013c3a3ef39dd7e5798?s=96&d=mm&r=g","url":"https:\/\/secure.gravatar.com\/avatar\/3ea2118a5f7dad2b7138b1187a6b7ee55f160b9968b66013c3a3ef39dd7e5798?s=96&d=mm&r=g","contentUrl":"https:\/\/secure.gravatar.com\/avatar\/3ea2118a5f7dad2b7138b1187a6b7ee55f160b9968b66013c3a3ef39dd7e5798?s=96&d=mm&r=g","caption":"Jeanette"},"sameAs":["https:\/\/www.eldiario.net\/portal"],"url":"https:\/\/www.eldiario.net\/portal\/author\/jeanette\/"}]}},"_links":{"self":[{"href":"https:\/\/www.eldiario.net\/portal\/wp-json\/wp\/v2\/posts\/119790","targetHints":{"allow":["GET"]}}],"collection":[{"href":"https:\/\/www.eldiario.net\/portal\/wp-json\/wp\/v2\/posts"}],"about":[{"href":"https:\/\/www.eldiario.net\/portal\/wp-json\/wp\/v2\/types\/post"}],"author":[{"embeddable":true,"href":"https:\/\/www.eldiario.net\/portal\/wp-json\/wp\/v2\/users\/1"}],"replies":[{"embeddable":true,"href":"https:\/\/www.eldiario.net\/portal\/wp-json\/wp\/v2\/comments?post=119790"}],"version-history":[{"count":0,"href":"https:\/\/www.eldiario.net\/portal\/wp-json\/wp\/v2\/posts\/119790\/revisions"}],"wp:attachment":[{"href":"https:\/\/www.eldiario.net\/portal\/wp-json\/wp\/v2\/media?parent=119790"}],"wp:term":[{"taxonomy":"category","embeddable":true,"href":"https:\/\/www.eldiario.net\/portal\/wp-json\/wp\/v2\/categories?post=119790"},{"taxonomy":"post_tag","embeddable":true,"href":"https:\/\/www.eldiario.net\/portal\/wp-json\/wp\/v2\/tags?post=119790"}],"curies":[{"name":"wp","href":"https:\/\/api.w.org\/{rel}","templated":true}]}}