{"id":119775,"date":"2022-11-02T05:46:06","date_gmt":"2022-11-02T09:46:06","guid":{"rendered":"https:\/\/www.eldiario.net\/portal\/?p=119775"},"modified":"2022-11-02T05:46:06","modified_gmt":"2022-11-02T09:46:06","slug":"gastos-extras-del-gobierno-requieren-tino-y-responsabilidad","status":"publish","type":"post","link":"https:\/\/www.eldiario.net\/portal\/2022\/11\/02\/gastos-extras-del-gobierno-requieren-tino-y-responsabilidad\/","title":{"rendered":"Gastos extras del Gobierno requieren tino y responsabilidad"},"content":{"rendered":"<p><em><span class=\"dropcap \" style=\"background-color: #ffffff; color: #000000; border-color: #ffffff;\">E<\/span>xperiencias de muchos Gobiernos del Tercer Mundo, han dejado costumbres ajenas a lo honesto, correcto y pr\u00e1ctico: gastar, dilapidar, no tener tino ni medida con el dinero del pa\u00eds puesto a su administraci\u00f3n y responsabilidad y ante cualquier reclamo, exclamar: \u201cNo se pod\u00eda dejar de lado estos gastos\u201d. Claro, no cab\u00edan las dotes de cautela, tino, sentido de ahorro y prudencia; pero, \u00a1caben los gastos si se quiere obras! Esta es realidad vivida en mucho tiempo.<\/em><br \/>\n<em>Criterios basados en la prudencia, ense\u00f1an que no se debe recurrir a dinero que est\u00e9 alejado de presupuestos y que provenga de excedentes de producci\u00f3n o ahorros generados para emprender alguna nueva obra, porque se deja antecedentes que, m\u00e1s temprano que tarde, aumentar\u00edan el d\u00e9ficit ya existente. Orden y delicadeza en el manejo de dinero de la naci\u00f3n es indispensable. Como en el caso de la rajadura de una represa que, \u201csi no se arregla, resulta ser el inicio de desbordes o destrucci\u00f3n, perdiendo los contenidos\u201d. El dinero es como el agua que se desliza entre los dedos de una mano cuando se pretende retenerlo. Presupuesto mal usado, arrastra hasta lo destinado a cuestiones m\u00e1s importantes. <\/em><br \/>\n<em>Honestidad y prudencia obligan a no usar dinero que no est\u00e9 destinado a cuestiones espec\u00edficas, porque hacerlo implica desviar fondos, tergiversar la buena fe de los que han confiado en quienes manejan los medios financieros. Cuando el gobierno se ve imposibilitado de usar dinero que no es suyo, podr\u00eda hacerlo previa autorizaci\u00f3n de la comisi\u00f3n congresal respectiva, para evitar ulteriores llamadas de atenci\u00f3n. <\/em><br \/>\n<em>El pretexto de \u201cgastar sin medida lo que el gobierno deber\u00e1 reponer\u201d es irresponsable, porque lo que haga el gobierno debe provenir forzosamente de dinero del pa\u00eds, no es efecto de donativos o de \u201ccuentas milagreras\u201d que no se tiene. Cuando se trata de explicar los destinos dados a recursos econ\u00f3micos extra-presupuestados, las rendiciones de cuentas deben ser claras, sin \u00e1pice de dudas; lo contrario da lugar a sospechas sobre enga\u00f1os, trampas, sofismas y otras formas de oscuridad creadas por inventivas o signos de hacer da\u00f1o. <\/em><br \/>\n<em>Se debe convenir que cuando no hay los debidos respetos a la institucionalidad, se presentan des\u00f3rdenes en los manejos econ\u00f3mico-financieros, como ha ocurrido muchas veces. La institucionalidad permite controles muy estrictos y no acepta lo provisional, por m\u00e1s justificaciones que sean esgrimidas cuando se trata de dinero estatal que debe ser intocable, por ser parte indivisible del presupuesto.<\/em><\/p>\n","protected":false},"excerpt":{"rendered":"<p>Experiencias de muchos Gobiernos del Tercer Mundo, han dejado costumbres ajenas a lo honesto, correcto y pr\u00e1ctico: gastar, dilapidar, no tener tino ni medida con el dinero del pa\u00eds puesto a su administraci\u00f3n y responsabilidad y ante cualquier reclamo, exclamar: \u201cNo se pod\u00eda dejar de lado estos gastos\u201d. Claro, no cab\u00edan las dotes de cautela, [&hellip;]<\/p>\n","protected":false},"author":1,"featured_media":0,"comment_status":"closed","ping_status":"closed","sticky":false,"template":"","format":"standard","meta":{"_acf_changed":false,"footnotes":""},"categories":[4],"tags":[],"class_list":["post-119775","post","type-post","status-publish","format-standard","category-editorial"],"acf":{"antetitulo":""},"yoast_head":"<!-- This site is optimized with the Yoast SEO plugin v28.4 - https:\/\/yoast.com\/product\/yoast-seo-wordpress\/ -->\n<title>Gastos extras del Gobierno requieren tino y responsabilidad - El Diario - Bolivia<\/title>\n<meta name=\"robots\" content=\"index, follow, max-snippet:-1, max-image-preview:large, max-video-preview:-1\" \/>\n<link rel=\"canonical\" href=\"https:\/\/www.eldiario.net\/portal\/2022\/11\/02\/gastos-extras-del-gobierno-requieren-tino-y-responsabilidad\/\" \/>\n<meta property=\"og:locale\" content=\"es_ES\" \/>\n<meta property=\"og:type\" content=\"article\" \/>\n<meta property=\"og:title\" content=\"Gastos extras del Gobierno requieren tino y responsabilidad - El Diario - Bolivia\" \/>\n<meta property=\"og:description\" content=\"Experiencias de muchos Gobiernos del Tercer Mundo, han dejado costumbres ajenas a lo honesto, correcto y pr\u00e1ctico: gastar, dilapidar, no tener tino ni medida con el dinero del pa\u00eds puesto a su administraci\u00f3n y responsabilidad y ante cualquier reclamo, exclamar: \u201cNo se pod\u00eda dejar de lado estos gastos\u201d. Claro, no cab\u00edan las dotes de cautela, [&hellip;]\" \/>\n<meta property=\"og:url\" content=\"https:\/\/www.eldiario.net\/portal\/2022\/11\/02\/gastos-extras-del-gobierno-requieren-tino-y-responsabilidad\/\" \/>\n<meta property=\"og:site_name\" content=\"El Diario - Bolivia\" \/>\n<meta property=\"article:publisher\" content=\"https:\/\/www.facebook.com\/eldiario.bolivia\/\" \/>\n<meta property=\"article:published_time\" content=\"2022-11-02T09:46:06+00:00\" \/>\n<meta name=\"author\" content=\"Jeanette\" \/>\n<meta name=\"twitter:card\" content=\"summary_large_image\" \/>\n<meta name=\"twitter:creator\" content=\"@eldiario_net\" \/>\n<meta name=\"twitter:site\" content=\"@eldiario_net\" \/>\n<meta name=\"twitter:label1\" content=\"Escrito por\" \/>\n\t<meta name=\"twitter:data1\" content=\"Jeanette\" \/>\n\t<meta name=\"twitter:label2\" content=\"Tiempo de lectura\" \/>\n\t<meta name=\"twitter:data2\" content=\"2 minutos\" \/>\n<script type=\"application\/ld+json\" class=\"yoast-schema-graph\">{\"@context\":\"https:\\\/\\\/schema.org\",\"@graph\":[{\"@type\":\"Article\",\"@id\":\"https:\\\/\\\/www.eldiario.net\\\/portal\\\/2022\\\/11\\\/02\\\/gastos-extras-del-gobierno-requieren-tino-y-responsabilidad\\\/#article\",\"isPartOf\":{\"@id\":\"https:\\\/\\\/www.eldiario.net\\\/portal\\\/2022\\\/11\\\/02\\\/gastos-extras-del-gobierno-requieren-tino-y-responsabilidad\\\/\"},\"author\":{\"name\":\"Jeanette\",\"@id\":\"https:\\\/\\\/www.eldiario.net\\\/portal\\\/#\\\/schema\\\/person\\\/f46445640444750d7d753ccd04ae01b7\"},\"headline\":\"Gastos extras del Gobierno requieren tino y responsabilidad\",\"datePublished\":\"2022-11-02T09:46:06+00:00\",\"mainEntityOfPage\":{\"@id\":\"https:\\\/\\\/www.eldiario.net\\\/portal\\\/2022\\\/11\\\/02\\\/gastos-extras-del-gobierno-requieren-tino-y-responsabilidad\\\/\"},\"wordCount\":432,\"publisher\":{\"@id\":\"https:\\\/\\\/www.eldiario.net\\\/portal\\\/#organization\"},\"articleSection\":[\"Editorial\"],\"inLanguage\":\"es\"},{\"@type\":\"WebPage\",\"@id\":\"https:\\\/\\\/www.eldiario.net\\\/portal\\\/2022\\\/11\\\/02\\\/gastos-extras-del-gobierno-requieren-tino-y-responsabilidad\\\/\",\"url\":\"https:\\\/\\\/www.eldiario.net\\\/portal\\\/2022\\\/11\\\/02\\\/gastos-extras-del-gobierno-requieren-tino-y-responsabilidad\\\/\",\"name\":\"Gastos extras del Gobierno requieren tino y responsabilidad - El Diario - Bolivia\",\"isPartOf\":{\"@id\":\"https:\\\/\\\/www.eldiario.net\\\/portal\\\/#website\"},\"datePublished\":\"2022-11-02T09:46:06+00:00\",\"breadcrumb\":{\"@id\":\"https:\\\/\\\/www.eldiario.net\\\/portal\\\/2022\\\/11\\\/02\\\/gastos-extras-del-gobierno-requieren-tino-y-responsabilidad\\\/#breadcrumb\"},\"inLanguage\":\"es\",\"potentialAction\":[{\"@type\":\"ReadAction\",\"target\":[\"https:\\\/\\\/www.eldiario.net\\\/portal\\\/2022\\\/11\\\/02\\\/gastos-extras-del-gobierno-requieren-tino-y-responsabilidad\\\/\"]}]},{\"@type\":\"BreadcrumbList\",\"@id\":\"https:\\\/\\\/www.eldiario.net\\\/portal\\\/2022\\\/11\\\/02\\\/gastos-extras-del-gobierno-requieren-tino-y-responsabilidad\\\/#breadcrumb\",\"itemListElement\":[{\"@type\":\"ListItem\",\"position\":1,\"name\":\"Portada\",\"item\":\"https:\\\/\\\/www.eldiario.net\\\/portal\\\/\"},{\"@type\":\"ListItem\",\"position\":2,\"name\":\"Gastos extras del Gobierno requieren tino y responsabilidad\"}]},{\"@type\":\"WebSite\",\"@id\":\"https:\\\/\\\/www.eldiario.net\\\/portal\\\/#website\",\"url\":\"https:\\\/\\\/www.eldiario.net\\\/portal\\\/\",\"name\":\"El Diario - Decano de la prensa nacional\",\"description\":\"El Diario - Decano de la prensa nacional\",\"publisher\":{\"@id\":\"https:\\\/\\\/www.eldiario.net\\\/portal\\\/#organization\"},\"potentialAction\":[{\"@type\":\"SearchAction\",\"target\":{\"@type\":\"EntryPoint\",\"urlTemplate\":\"https:\\\/\\\/www.eldiario.net\\\/portal\\\/?s={search_term_string}\"},\"query-input\":{\"@type\":\"PropertyValueSpecification\",\"valueRequired\":true,\"valueName\":\"search_term_string\"}}],\"inLanguage\":\"es\"},{\"@type\":\"Organization\",\"@id\":\"https:\\\/\\\/www.eldiario.net\\\/portal\\\/#organization\",\"name\":\"El Diario - Decano de la prensa nacional\",\"url\":\"https:\\\/\\\/www.eldiario.net\\\/portal\\\/\",\"logo\":{\"@type\":\"ImageObject\",\"inLanguage\":\"es\",\"@id\":\"https:\\\/\\\/www.eldiario.net\\\/portal\\\/#\\\/schema\\\/logo\\\/image\\\/\",\"url\":\"https:\\\/\\\/www.eldiario.net\\\/portal\\\/wp-content\\\/uploads\\\/2023\\\/07\\\/logo_ED.jpg\",\"contentUrl\":\"https:\\\/\\\/www.eldiario.net\\\/portal\\\/wp-content\\\/uploads\\\/2023\\\/07\\\/logo_ED.jpg\",\"width\":272,\"height\":52,\"caption\":\"El Diario - Decano de la prensa nacional\"},\"image\":{\"@id\":\"https:\\\/\\\/www.eldiario.net\\\/portal\\\/#\\\/schema\\\/logo\\\/image\\\/\"},\"sameAs\":[\"https:\\\/\\\/www.facebook.com\\\/eldiario.bolivia\\\/\",\"https:\\\/\\\/x.com\\\/eldiario_net\"]},{\"@type\":\"Person\",\"@id\":\"https:\\\/\\\/www.eldiario.net\\\/portal\\\/#\\\/schema\\\/person\\\/f46445640444750d7d753ccd04ae01b7\",\"name\":\"Jeanette\",\"image\":{\"@type\":\"ImageObject\",\"inLanguage\":\"es\",\"@id\":\"https:\\\/\\\/secure.gravatar.com\\\/avatar\\\/3ea2118a5f7dad2b7138b1187a6b7ee55f160b9968b66013c3a3ef39dd7e5798?s=96&d=mm&r=g\",\"url\":\"https:\\\/\\\/secure.gravatar.com\\\/avatar\\\/3ea2118a5f7dad2b7138b1187a6b7ee55f160b9968b66013c3a3ef39dd7e5798?s=96&d=mm&r=g\",\"contentUrl\":\"https:\\\/\\\/secure.gravatar.com\\\/avatar\\\/3ea2118a5f7dad2b7138b1187a6b7ee55f160b9968b66013c3a3ef39dd7e5798?s=96&d=mm&r=g\",\"caption\":\"Jeanette\"},\"sameAs\":[\"https:\\\/\\\/www.eldiario.net\\\/portal\"],\"url\":\"https:\\\/\\\/www.eldiario.net\\\/portal\\\/author\\\/jeanette\\\/\"}]}<\/script>\n<!-- \/ Yoast SEO plugin. -->","yoast_head_json":{"title":"Gastos extras del Gobierno requieren tino y responsabilidad - El Diario - Bolivia","robots":{"index":"index","follow":"follow","max-snippet":"max-snippet:-1","max-image-preview":"max-image-preview:large","max-video-preview":"max-video-preview:-1"},"canonical":"https:\/\/www.eldiario.net\/portal\/2022\/11\/02\/gastos-extras-del-gobierno-requieren-tino-y-responsabilidad\/","og_locale":"es_ES","og_type":"article","og_title":"Gastos extras del Gobierno requieren tino y responsabilidad - El Diario - Bolivia","og_description":"Experiencias de muchos Gobiernos del Tercer Mundo, han dejado costumbres ajenas a lo honesto, correcto y pr\u00e1ctico: gastar, dilapidar, no tener tino ni medida con el dinero del pa\u00eds puesto a su administraci\u00f3n y responsabilidad y ante cualquier reclamo, exclamar: \u201cNo se pod\u00eda dejar de lado estos gastos\u201d. Claro, no cab\u00edan las dotes de cautela, [&hellip;]","og_url":"https:\/\/www.eldiario.net\/portal\/2022\/11\/02\/gastos-extras-del-gobierno-requieren-tino-y-responsabilidad\/","og_site_name":"El Diario - Bolivia","article_publisher":"https:\/\/www.facebook.com\/eldiario.bolivia\/","article_published_time":"2022-11-02T09:46:06+00:00","author":"Jeanette","twitter_card":"summary_large_image","twitter_creator":"@eldiario_net","twitter_site":"@eldiario_net","twitter_misc":{"Escrito por":"Jeanette","Tiempo de lectura":"2 minutos"},"schema":{"@context":"https:\/\/schema.org","@graph":[{"@type":"Article","@id":"https:\/\/www.eldiario.net\/portal\/2022\/11\/02\/gastos-extras-del-gobierno-requieren-tino-y-responsabilidad\/#article","isPartOf":{"@id":"https:\/\/www.eldiario.net\/portal\/2022\/11\/02\/gastos-extras-del-gobierno-requieren-tino-y-responsabilidad\/"},"author":{"name":"Jeanette","@id":"https:\/\/www.eldiario.net\/portal\/#\/schema\/person\/f46445640444750d7d753ccd04ae01b7"},"headline":"Gastos extras del Gobierno requieren tino y responsabilidad","datePublished":"2022-11-02T09:46:06+00:00","mainEntityOfPage":{"@id":"https:\/\/www.eldiario.net\/portal\/2022\/11\/02\/gastos-extras-del-gobierno-requieren-tino-y-responsabilidad\/"},"wordCount":432,"publisher":{"@id":"https:\/\/www.eldiario.net\/portal\/#organization"},"articleSection":["Editorial"],"inLanguage":"es"},{"@type":"WebPage","@id":"https:\/\/www.eldiario.net\/portal\/2022\/11\/02\/gastos-extras-del-gobierno-requieren-tino-y-responsabilidad\/","url":"https:\/\/www.eldiario.net\/portal\/2022\/11\/02\/gastos-extras-del-gobierno-requieren-tino-y-responsabilidad\/","name":"Gastos extras del Gobierno requieren tino y responsabilidad - El Diario - Bolivia","isPartOf":{"@id":"https:\/\/www.eldiario.net\/portal\/#website"},"datePublished":"2022-11-02T09:46:06+00:00","breadcrumb":{"@id":"https:\/\/www.eldiario.net\/portal\/2022\/11\/02\/gastos-extras-del-gobierno-requieren-tino-y-responsabilidad\/#breadcrumb"},"inLanguage":"es","potentialAction":[{"@type":"ReadAction","target":["https:\/\/www.eldiario.net\/portal\/2022\/11\/02\/gastos-extras-del-gobierno-requieren-tino-y-responsabilidad\/"]}]},{"@type":"BreadcrumbList","@id":"https:\/\/www.eldiario.net\/portal\/2022\/11\/02\/gastos-extras-del-gobierno-requieren-tino-y-responsabilidad\/#breadcrumb","itemListElement":[{"@type":"ListItem","position":1,"name":"Portada","item":"https:\/\/www.eldiario.net\/portal\/"},{"@type":"ListItem","position":2,"name":"Gastos extras del Gobierno requieren tino y responsabilidad"}]},{"@type":"WebSite","@id":"https:\/\/www.eldiario.net\/portal\/#website","url":"https:\/\/www.eldiario.net\/portal\/","name":"El Diario - Decano de la prensa nacional","description":"El Diario - Decano de la prensa nacional","publisher":{"@id":"https:\/\/www.eldiario.net\/portal\/#organization"},"potentialAction":[{"@type":"SearchAction","target":{"@type":"EntryPoint","urlTemplate":"https:\/\/www.eldiario.net\/portal\/?s={search_term_string}"},"query-input":{"@type":"PropertyValueSpecification","valueRequired":true,"valueName":"search_term_string"}}],"inLanguage":"es"},{"@type":"Organization","@id":"https:\/\/www.eldiario.net\/portal\/#organization","name":"El Diario - Decano de la prensa nacional","url":"https:\/\/www.eldiario.net\/portal\/","logo":{"@type":"ImageObject","inLanguage":"es","@id":"https:\/\/www.eldiario.net\/portal\/#\/schema\/logo\/image\/","url":"https:\/\/www.eldiario.net\/portal\/wp-content\/uploads\/2023\/07\/logo_ED.jpg","contentUrl":"https:\/\/www.eldiario.net\/portal\/wp-content\/uploads\/2023\/07\/logo_ED.jpg","width":272,"height":52,"caption":"El Diario - Decano de la prensa nacional"},"image":{"@id":"https:\/\/www.eldiario.net\/portal\/#\/schema\/logo\/image\/"},"sameAs":["https:\/\/www.facebook.com\/eldiario.bolivia\/","https:\/\/x.com\/eldiario_net"]},{"@type":"Person","@id":"https:\/\/www.eldiario.net\/portal\/#\/schema\/person\/f46445640444750d7d753ccd04ae01b7","name":"Jeanette","image":{"@type":"ImageObject","inLanguage":"es","@id":"https:\/\/secure.gravatar.com\/avatar\/3ea2118a5f7dad2b7138b1187a6b7ee55f160b9968b66013c3a3ef39dd7e5798?s=96&d=mm&r=g","url":"https:\/\/secure.gravatar.com\/avatar\/3ea2118a5f7dad2b7138b1187a6b7ee55f160b9968b66013c3a3ef39dd7e5798?s=96&d=mm&r=g","contentUrl":"https:\/\/secure.gravatar.com\/avatar\/3ea2118a5f7dad2b7138b1187a6b7ee55f160b9968b66013c3a3ef39dd7e5798?s=96&d=mm&r=g","caption":"Jeanette"},"sameAs":["https:\/\/www.eldiario.net\/portal"],"url":"https:\/\/www.eldiario.net\/portal\/author\/jeanette\/"}]}},"_links":{"self":[{"href":"https:\/\/www.eldiario.net\/portal\/wp-json\/wp\/v2\/posts\/119775","targetHints":{"allow":["GET"]}}],"collection":[{"href":"https:\/\/www.eldiario.net\/portal\/wp-json\/wp\/v2\/posts"}],"about":[{"href":"https:\/\/www.eldiario.net\/portal\/wp-json\/wp\/v2\/types\/post"}],"author":[{"embeddable":true,"href":"https:\/\/www.eldiario.net\/portal\/wp-json\/wp\/v2\/users\/1"}],"replies":[{"embeddable":true,"href":"https:\/\/www.eldiario.net\/portal\/wp-json\/wp\/v2\/comments?post=119775"}],"version-history":[{"count":0,"href":"https:\/\/www.eldiario.net\/portal\/wp-json\/wp\/v2\/posts\/119775\/revisions"}],"wp:attachment":[{"href":"https:\/\/www.eldiario.net\/portal\/wp-json\/wp\/v2\/media?parent=119775"}],"wp:term":[{"taxonomy":"category","embeddable":true,"href":"https:\/\/www.eldiario.net\/portal\/wp-json\/wp\/v2\/categories?post=119775"},{"taxonomy":"post_tag","embeddable":true,"href":"https:\/\/www.eldiario.net\/portal\/wp-json\/wp\/v2\/tags?post=119775"}],"curies":[{"name":"wp","href":"https:\/\/api.w.org\/{rel}","templated":true}]}}