{"id":119772,"date":"2022-11-02T05:45:25","date_gmt":"2022-11-02T09:45:25","guid":{"rendered":"https:\/\/www.eldiario.net\/portal\/?p=119772"},"modified":"2022-11-02T05:45:25","modified_gmt":"2022-11-02T09:45:25","slug":"emacruz-no-puede-recoger-la-basura-por-falta-de-combustible","status":"publish","type":"post","link":"https:\/\/www.eldiario.net\/portal\/2022\/11\/02\/emacruz-no-puede-recoger-la-basura-por-falta-de-combustible\/","title":{"rendered":"Emacruz no puede recoger la  basura por falta de combustible"},"content":{"rendered":"<p>Ya van seis d\u00edas y la basura se acumula cada vez m\u00e1s en las calles de Santa Cruz porque un grupo de personas afines al MAS bloquea el ingreso al relleno sanitario; adem\u00e1s, porque no hay combustible para que los motorizados recojan los residuos hospitalarios, as\u00ed denunci\u00f3 la gerente de la Empresa Municipal de Aseo Urbano (Emacruz), Andrea Hoyos.<br \/>\n\u201cEl s\u00e1bado solo se logr\u00f3 el ingreso de 10 toneladas de residuos y esto \u00bfpor qu\u00e9?, porque ayer (domingo) no se pudo realizar el recojo de los residuos hospitalarios debido a la falta de carburante, no existe di\u00e9sel, pese que a que la ANH inform\u00f3 que hab\u00eda emitido un comunicado de emergencia, de aseo y salud donde aseguraban que se iba a dar prioridad a nuestros veh\u00edculos, no se nos otorg\u00f3 ni un litro a la empresa para que pueda cargar los residuos peligrosos e infecciosos\u201d, explic\u00f3 Hoyos.<br \/>\nDesde el 26 de octubre contin\u00faa el bloqueo al ingreso del complejo de residuos de San Miguel de los Junos, y al relleno sanitario por personas que se oponen al paro por el censo en 2023. La basura acumulada en las diferentes calles de Santa Cruz es notoria.<br \/>\nHoyos dijo que presentaron la denuncia contra los dirigentes que est\u00e1n bloqueando ese espacio; asimismo, enviaron una nota al Comando Departamental de la Polic\u00eda y la Fiscal\u00eda para que ejecuten acciones, pero no tuvieron respuesta alguna por lo que tuvieron que acudir al Defensor del Pueblo, Pedro Callisaya, envi\u00e1ndole otra nota para que intervenga.<br \/>\n\u201cComo es un atentado contra la vida de todas las personas de este municipio al no realizar la limpieza de la ciudad. Tenemos acumuladas toneladas (de basura), y esto es un atentado contra toda la ciudad. No puede ser que hasta el momento no tengamos la intervenci\u00f3n de la Polic\u00eda y la Fiscal\u00eda, entonces estamos apelando al Defensor del Pueblo que tiene el poder constitucional de velar por la vida de los habitantes de esta ciudad\u201d, manifest\u00f3.<br \/>\nEl concejal Manuel Saavedra present\u00f3 un proyecto de ley que declara en emergencia sanitaria a la ciudad de Santa Cruz debido a que la basura en las calles se est\u00e1 volviendo un foco de infecci\u00f3n para los ciudadanos. Adem\u00e1s, le pide al alcalde Jhonny Fern\u00e1ndez tomar acciones inmediatas para liberar el paso para que los camiones depositen los desechos.<br \/>\n\u201cNo puede ser que un grupo de 30 personas tengan a m\u00e1s de tres millones de ciudadanos en las condiciones que est\u00e1 nuestra ciudad, la basura en las calles es un foco de infecci\u00f3n hoy el alcalde sigue informando nada (no informa nada)\u201d, manifest\u00f3. (Santa Cruz, ANF)<\/p>\n","protected":false},"excerpt":{"rendered":"<p>Ya van seis d\u00edas y la basura se acumula cada vez m\u00e1s en las calles de Santa Cruz porque un grupo de personas afines al MAS bloquea el ingreso al relleno sanitario; adem\u00e1s, porque no hay combustible para que los motorizados recojan los residuos hospitalarios, as\u00ed denunci\u00f3 la gerente de la Empresa Municipal de Aseo [&hellip;]<\/p>\n","protected":false},"author":1,"featured_media":119773,"comment_status":"closed","ping_status":"closed","sticky":false,"template":"","format":"standard","meta":{"_acf_changed":false,"footnotes":""},"categories":[12],"tags":[],"class_list":["post-119772","post","type-post","status-publish","format-standard","has-post-thumbnail","category-nacional"],"acf":{"antetitulo":""},"yoast_head":"<!-- This site is optimized with the Yoast SEO plugin v28.4 - https:\/\/yoast.com\/product\/yoast-seo-wordpress\/ -->\n<title>Emacruz no puede recoger la basura por falta de combustible - El Diario - Bolivia<\/title>\n<meta name=\"robots\" content=\"index, follow, max-snippet:-1, max-image-preview:large, max-video-preview:-1\" \/>\n<link rel=\"canonical\" href=\"https:\/\/www.eldiario.net\/portal\/2022\/11\/02\/emacruz-no-puede-recoger-la-basura-por-falta-de-combustible\/\" \/>\n<meta property=\"og:locale\" content=\"es_ES\" \/>\n<meta property=\"og:type\" content=\"article\" \/>\n<meta property=\"og:title\" content=\"Emacruz no puede recoger la basura por falta de combustible - El Diario - Bolivia\" \/>\n<meta property=\"og:description\" content=\"Ya van seis d\u00edas y la basura se acumula cada vez m\u00e1s en las calles de Santa Cruz porque un grupo de personas afines al MAS bloquea el ingreso al relleno sanitario; adem\u00e1s, porque no hay combustible para que los motorizados recojan los residuos hospitalarios, as\u00ed denunci\u00f3 la gerente de la Empresa Municipal de Aseo [&hellip;]\" \/>\n<meta property=\"og:url\" content=\"https:\/\/www.eldiario.net\/portal\/2022\/11\/02\/emacruz-no-puede-recoger-la-basura-por-falta-de-combustible\/\" \/>\n<meta property=\"og:site_name\" content=\"El Diario - Bolivia\" \/>\n<meta property=\"article:publisher\" content=\"https:\/\/www.facebook.com\/eldiario.bolivia\/\" \/>\n<meta property=\"article:published_time\" content=\"2022-11-02T09:45:25+00:00\" \/>\n<meta name=\"author\" content=\"Jeanette\" \/>\n<meta name=\"twitter:card\" content=\"summary_large_image\" \/>\n<meta name=\"twitter:creator\" content=\"@eldiario_net\" \/>\n<meta name=\"twitter:site\" content=\"@eldiario_net\" \/>\n<meta name=\"twitter:label1\" content=\"Escrito por\" \/>\n\t<meta name=\"twitter:data1\" content=\"Jeanette\" \/>\n\t<meta name=\"twitter:label2\" content=\"Tiempo de lectura\" \/>\n\t<meta name=\"twitter:data2\" content=\"2 minutos\" \/>\n<script type=\"application\/ld+json\" class=\"yoast-schema-graph\">{\"@context\":\"https:\\\/\\\/schema.org\",\"@graph\":[{\"@type\":\"Article\",\"@id\":\"https:\\\/\\\/www.eldiario.net\\\/portal\\\/2022\\\/11\\\/02\\\/emacruz-no-puede-recoger-la-basura-por-falta-de-combustible\\\/#article\",\"isPartOf\":{\"@id\":\"https:\\\/\\\/www.eldiario.net\\\/portal\\\/2022\\\/11\\\/02\\\/emacruz-no-puede-recoger-la-basura-por-falta-de-combustible\\\/\"},\"author\":{\"name\":\"Jeanette\",\"@id\":\"https:\\\/\\\/www.eldiario.net\\\/portal\\\/#\\\/schema\\\/person\\\/f46445640444750d7d753ccd04ae01b7\"},\"headline\":\"Emacruz no puede recoger la basura por falta de combustible\",\"datePublished\":\"2022-11-02T09:45:25+00:00\",\"mainEntityOfPage\":{\"@id\":\"https:\\\/\\\/www.eldiario.net\\\/portal\\\/2022\\\/11\\\/02\\\/emacruz-no-puede-recoger-la-basura-por-falta-de-combustible\\\/\"},\"wordCount\":458,\"publisher\":{\"@id\":\"https:\\\/\\\/www.eldiario.net\\\/portal\\\/#organization\"},\"image\":{\"@id\":\"https:\\\/\\\/www.eldiario.net\\\/portal\\\/2022\\\/11\\\/02\\\/emacruz-no-puede-recoger-la-basura-por-falta-de-combustible\\\/#primaryimage\"},\"thumbnailUrl\":\"\",\"articleSection\":[\"Nacional\"],\"inLanguage\":\"es\"},{\"@type\":\"WebPage\",\"@id\":\"https:\\\/\\\/www.eldiario.net\\\/portal\\\/2022\\\/11\\\/02\\\/emacruz-no-puede-recoger-la-basura-por-falta-de-combustible\\\/\",\"url\":\"https:\\\/\\\/www.eldiario.net\\\/portal\\\/2022\\\/11\\\/02\\\/emacruz-no-puede-recoger-la-basura-por-falta-de-combustible\\\/\",\"name\":\"Emacruz no puede recoger la basura por falta de combustible - El Diario - Bolivia\",\"isPartOf\":{\"@id\":\"https:\\\/\\\/www.eldiario.net\\\/portal\\\/#website\"},\"primaryImageOfPage\":{\"@id\":\"https:\\\/\\\/www.eldiario.net\\\/portal\\\/2022\\\/11\\\/02\\\/emacruz-no-puede-recoger-la-basura-por-falta-de-combustible\\\/#primaryimage\"},\"image\":{\"@id\":\"https:\\\/\\\/www.eldiario.net\\\/portal\\\/2022\\\/11\\\/02\\\/emacruz-no-puede-recoger-la-basura-por-falta-de-combustible\\\/#primaryimage\"},\"thumbnailUrl\":\"\",\"datePublished\":\"2022-11-02T09:45:25+00:00\",\"breadcrumb\":{\"@id\":\"https:\\\/\\\/www.eldiario.net\\\/portal\\\/2022\\\/11\\\/02\\\/emacruz-no-puede-recoger-la-basura-por-falta-de-combustible\\\/#breadcrumb\"},\"inLanguage\":\"es\",\"potentialAction\":[{\"@type\":\"ReadAction\",\"target\":[\"https:\\\/\\\/www.eldiario.net\\\/portal\\\/2022\\\/11\\\/02\\\/emacruz-no-puede-recoger-la-basura-por-falta-de-combustible\\\/\"]}]},{\"@type\":\"ImageObject\",\"inLanguage\":\"es\",\"@id\":\"https:\\\/\\\/www.eldiario.net\\\/portal\\\/2022\\\/11\\\/02\\\/emacruz-no-puede-recoger-la-basura-por-falta-de-combustible\\\/#primaryimage\",\"url\":\"\",\"contentUrl\":\"\"},{\"@type\":\"BreadcrumbList\",\"@id\":\"https:\\\/\\\/www.eldiario.net\\\/portal\\\/2022\\\/11\\\/02\\\/emacruz-no-puede-recoger-la-basura-por-falta-de-combustible\\\/#breadcrumb\",\"itemListElement\":[{\"@type\":\"ListItem\",\"position\":1,\"name\":\"Portada\",\"item\":\"https:\\\/\\\/www.eldiario.net\\\/portal\\\/\"},{\"@type\":\"ListItem\",\"position\":2,\"name\":\"Emacruz no puede recoger la basura por falta de combustible\"}]},{\"@type\":\"WebSite\",\"@id\":\"https:\\\/\\\/www.eldiario.net\\\/portal\\\/#website\",\"url\":\"https:\\\/\\\/www.eldiario.net\\\/portal\\\/\",\"name\":\"El Diario - Decano de la prensa nacional\",\"description\":\"El Diario - Decano de la prensa nacional\",\"publisher\":{\"@id\":\"https:\\\/\\\/www.eldiario.net\\\/portal\\\/#organization\"},\"potentialAction\":[{\"@type\":\"SearchAction\",\"target\":{\"@type\":\"EntryPoint\",\"urlTemplate\":\"https:\\\/\\\/www.eldiario.net\\\/portal\\\/?s={search_term_string}\"},\"query-input\":{\"@type\":\"PropertyValueSpecification\",\"valueRequired\":true,\"valueName\":\"search_term_string\"}}],\"inLanguage\":\"es\"},{\"@type\":\"Organization\",\"@id\":\"https:\\\/\\\/www.eldiario.net\\\/portal\\\/#organization\",\"name\":\"El Diario - Decano de la prensa nacional\",\"url\":\"https:\\\/\\\/www.eldiario.net\\\/portal\\\/\",\"logo\":{\"@type\":\"ImageObject\",\"inLanguage\":\"es\",\"@id\":\"https:\\\/\\\/www.eldiario.net\\\/portal\\\/#\\\/schema\\\/logo\\\/image\\\/\",\"url\":\"https:\\\/\\\/www.eldiario.net\\\/portal\\\/wp-content\\\/uploads\\\/2023\\\/07\\\/logo_ED.jpg\",\"contentUrl\":\"https:\\\/\\\/www.eldiario.net\\\/portal\\\/wp-content\\\/uploads\\\/2023\\\/07\\\/logo_ED.jpg\",\"width\":272,\"height\":52,\"caption\":\"El Diario - Decano de la prensa nacional\"},\"image\":{\"@id\":\"https:\\\/\\\/www.eldiario.net\\\/portal\\\/#\\\/schema\\\/logo\\\/image\\\/\"},\"sameAs\":[\"https:\\\/\\\/www.facebook.com\\\/eldiario.bolivia\\\/\",\"https:\\\/\\\/x.com\\\/eldiario_net\"]},{\"@type\":\"Person\",\"@id\":\"https:\\\/\\\/www.eldiario.net\\\/portal\\\/#\\\/schema\\\/person\\\/f46445640444750d7d753ccd04ae01b7\",\"name\":\"Jeanette\",\"image\":{\"@type\":\"ImageObject\",\"inLanguage\":\"es\",\"@id\":\"https:\\\/\\\/secure.gravatar.com\\\/avatar\\\/3ea2118a5f7dad2b7138b1187a6b7ee55f160b9968b66013c3a3ef39dd7e5798?s=96&d=mm&r=g\",\"url\":\"https:\\\/\\\/secure.gravatar.com\\\/avatar\\\/3ea2118a5f7dad2b7138b1187a6b7ee55f160b9968b66013c3a3ef39dd7e5798?s=96&d=mm&r=g\",\"contentUrl\":\"https:\\\/\\\/secure.gravatar.com\\\/avatar\\\/3ea2118a5f7dad2b7138b1187a6b7ee55f160b9968b66013c3a3ef39dd7e5798?s=96&d=mm&r=g\",\"caption\":\"Jeanette\"},\"sameAs\":[\"https:\\\/\\\/www.eldiario.net\\\/portal\"],\"url\":\"https:\\\/\\\/www.eldiario.net\\\/portal\\\/author\\\/jeanette\\\/\"}]}<\/script>\n<!-- \/ Yoast SEO plugin. -->","yoast_head_json":{"title":"Emacruz no puede recoger la basura por falta de combustible - El Diario - Bolivia","robots":{"index":"index","follow":"follow","max-snippet":"max-snippet:-1","max-image-preview":"max-image-preview:large","max-video-preview":"max-video-preview:-1"},"canonical":"https:\/\/www.eldiario.net\/portal\/2022\/11\/02\/emacruz-no-puede-recoger-la-basura-por-falta-de-combustible\/","og_locale":"es_ES","og_type":"article","og_title":"Emacruz no puede recoger la basura por falta de combustible - El Diario - Bolivia","og_description":"Ya van seis d\u00edas y la basura se acumula cada vez m\u00e1s en las calles de Santa Cruz porque un grupo de personas afines al MAS bloquea el ingreso al relleno sanitario; adem\u00e1s, porque no hay combustible para que los motorizados recojan los residuos hospitalarios, as\u00ed denunci\u00f3 la gerente de la Empresa Municipal de Aseo [&hellip;]","og_url":"https:\/\/www.eldiario.net\/portal\/2022\/11\/02\/emacruz-no-puede-recoger-la-basura-por-falta-de-combustible\/","og_site_name":"El Diario - Bolivia","article_publisher":"https:\/\/www.facebook.com\/eldiario.bolivia\/","article_published_time":"2022-11-02T09:45:25+00:00","author":"Jeanette","twitter_card":"summary_large_image","twitter_creator":"@eldiario_net","twitter_site":"@eldiario_net","twitter_misc":{"Escrito por":"Jeanette","Tiempo de lectura":"2 minutos"},"schema":{"@context":"https:\/\/schema.org","@graph":[{"@type":"Article","@id":"https:\/\/www.eldiario.net\/portal\/2022\/11\/02\/emacruz-no-puede-recoger-la-basura-por-falta-de-combustible\/#article","isPartOf":{"@id":"https:\/\/www.eldiario.net\/portal\/2022\/11\/02\/emacruz-no-puede-recoger-la-basura-por-falta-de-combustible\/"},"author":{"name":"Jeanette","@id":"https:\/\/www.eldiario.net\/portal\/#\/schema\/person\/f46445640444750d7d753ccd04ae01b7"},"headline":"Emacruz no puede recoger la basura por falta de combustible","datePublished":"2022-11-02T09:45:25+00:00","mainEntityOfPage":{"@id":"https:\/\/www.eldiario.net\/portal\/2022\/11\/02\/emacruz-no-puede-recoger-la-basura-por-falta-de-combustible\/"},"wordCount":458,"publisher":{"@id":"https:\/\/www.eldiario.net\/portal\/#organization"},"image":{"@id":"https:\/\/www.eldiario.net\/portal\/2022\/11\/02\/emacruz-no-puede-recoger-la-basura-por-falta-de-combustible\/#primaryimage"},"thumbnailUrl":"","articleSection":["Nacional"],"inLanguage":"es"},{"@type":"WebPage","@id":"https:\/\/www.eldiario.net\/portal\/2022\/11\/02\/emacruz-no-puede-recoger-la-basura-por-falta-de-combustible\/","url":"https:\/\/www.eldiario.net\/portal\/2022\/11\/02\/emacruz-no-puede-recoger-la-basura-por-falta-de-combustible\/","name":"Emacruz no puede recoger la basura por falta de combustible - El Diario - Bolivia","isPartOf":{"@id":"https:\/\/www.eldiario.net\/portal\/#website"},"primaryImageOfPage":{"@id":"https:\/\/www.eldiario.net\/portal\/2022\/11\/02\/emacruz-no-puede-recoger-la-basura-por-falta-de-combustible\/#primaryimage"},"image":{"@id":"https:\/\/www.eldiario.net\/portal\/2022\/11\/02\/emacruz-no-puede-recoger-la-basura-por-falta-de-combustible\/#primaryimage"},"thumbnailUrl":"","datePublished":"2022-11-02T09:45:25+00:00","breadcrumb":{"@id":"https:\/\/www.eldiario.net\/portal\/2022\/11\/02\/emacruz-no-puede-recoger-la-basura-por-falta-de-combustible\/#breadcrumb"},"inLanguage":"es","potentialAction":[{"@type":"ReadAction","target":["https:\/\/www.eldiario.net\/portal\/2022\/11\/02\/emacruz-no-puede-recoger-la-basura-por-falta-de-combustible\/"]}]},{"@type":"ImageObject","inLanguage":"es","@id":"https:\/\/www.eldiario.net\/portal\/2022\/11\/02\/emacruz-no-puede-recoger-la-basura-por-falta-de-combustible\/#primaryimage","url":"","contentUrl":""},{"@type":"BreadcrumbList","@id":"https:\/\/www.eldiario.net\/portal\/2022\/11\/02\/emacruz-no-puede-recoger-la-basura-por-falta-de-combustible\/#breadcrumb","itemListElement":[{"@type":"ListItem","position":1,"name":"Portada","item":"https:\/\/www.eldiario.net\/portal\/"},{"@type":"ListItem","position":2,"name":"Emacruz no puede recoger la basura por falta de combustible"}]},{"@type":"WebSite","@id":"https:\/\/www.eldiario.net\/portal\/#website","url":"https:\/\/www.eldiario.net\/portal\/","name":"El Diario - Decano de la prensa nacional","description":"El Diario - Decano de la prensa nacional","publisher":{"@id":"https:\/\/www.eldiario.net\/portal\/#organization"},"potentialAction":[{"@type":"SearchAction","target":{"@type":"EntryPoint","urlTemplate":"https:\/\/www.eldiario.net\/portal\/?s={search_term_string}"},"query-input":{"@type":"PropertyValueSpecification","valueRequired":true,"valueName":"search_term_string"}}],"inLanguage":"es"},{"@type":"Organization","@id":"https:\/\/www.eldiario.net\/portal\/#organization","name":"El Diario - Decano de la prensa nacional","url":"https:\/\/www.eldiario.net\/portal\/","logo":{"@type":"ImageObject","inLanguage":"es","@id":"https:\/\/www.eldiario.net\/portal\/#\/schema\/logo\/image\/","url":"https:\/\/www.eldiario.net\/portal\/wp-content\/uploads\/2023\/07\/logo_ED.jpg","contentUrl":"https:\/\/www.eldiario.net\/portal\/wp-content\/uploads\/2023\/07\/logo_ED.jpg","width":272,"height":52,"caption":"El Diario - Decano de la prensa nacional"},"image":{"@id":"https:\/\/www.eldiario.net\/portal\/#\/schema\/logo\/image\/"},"sameAs":["https:\/\/www.facebook.com\/eldiario.bolivia\/","https:\/\/x.com\/eldiario_net"]},{"@type":"Person","@id":"https:\/\/www.eldiario.net\/portal\/#\/schema\/person\/f46445640444750d7d753ccd04ae01b7","name":"Jeanette","image":{"@type":"ImageObject","inLanguage":"es","@id":"https:\/\/secure.gravatar.com\/avatar\/3ea2118a5f7dad2b7138b1187a6b7ee55f160b9968b66013c3a3ef39dd7e5798?s=96&d=mm&r=g","url":"https:\/\/secure.gravatar.com\/avatar\/3ea2118a5f7dad2b7138b1187a6b7ee55f160b9968b66013c3a3ef39dd7e5798?s=96&d=mm&r=g","contentUrl":"https:\/\/secure.gravatar.com\/avatar\/3ea2118a5f7dad2b7138b1187a6b7ee55f160b9968b66013c3a3ef39dd7e5798?s=96&d=mm&r=g","caption":"Jeanette"},"sameAs":["https:\/\/www.eldiario.net\/portal"],"url":"https:\/\/www.eldiario.net\/portal\/author\/jeanette\/"}]}},"_links":{"self":[{"href":"https:\/\/www.eldiario.net\/portal\/wp-json\/wp\/v2\/posts\/119772","targetHints":{"allow":["GET"]}}],"collection":[{"href":"https:\/\/www.eldiario.net\/portal\/wp-json\/wp\/v2\/posts"}],"about":[{"href":"https:\/\/www.eldiario.net\/portal\/wp-json\/wp\/v2\/types\/post"}],"author":[{"embeddable":true,"href":"https:\/\/www.eldiario.net\/portal\/wp-json\/wp\/v2\/users\/1"}],"replies":[{"embeddable":true,"href":"https:\/\/www.eldiario.net\/portal\/wp-json\/wp\/v2\/comments?post=119772"}],"version-history":[{"count":0,"href":"https:\/\/www.eldiario.net\/portal\/wp-json\/wp\/v2\/posts\/119772\/revisions"}],"wp:attachment":[{"href":"https:\/\/www.eldiario.net\/portal\/wp-json\/wp\/v2\/media?parent=119772"}],"wp:term":[{"taxonomy":"category","embeddable":true,"href":"https:\/\/www.eldiario.net\/portal\/wp-json\/wp\/v2\/categories?post=119772"},{"taxonomy":"post_tag","embeddable":true,"href":"https:\/\/www.eldiario.net\/portal\/wp-json\/wp\/v2\/tags?post=119772"}],"curies":[{"name":"wp","href":"https:\/\/api.w.org\/{rel}","templated":true}]}}