{"id":11977,"date":"2021-06-22T05:16:48","date_gmt":"2021-06-22T09:16:48","guid":{"rendered":"https:\/\/www.eldiario.net\/portal\/?p=11977"},"modified":"2021-06-22T05:16:48","modified_gmt":"2021-06-22T09:16:48","slug":"aterrizo-avion-irani-en-venezuela","status":"publish","type":"post","link":"https:\/\/www.eldiario.net\/portal\/2021\/06\/22\/aterrizo-avion-irani-en-venezuela\/","title":{"rendered":"Aterriz\u00f3 avi\u00f3n iran\u00ed en Venezuela"},"content":{"rendered":"<p>Un avi\u00f3n con matr\u00edcula EP-FAB aterriz\u00f3 ayer a la Base A\u00e9rea El Libertador, a medio camino entre las ciudades de Palo Negro y Maracay. La aeronave pertenece a la empresa Qeshm Fars Air, amonestada por el pa\u00eds norteamericano por envi\u00f3 armas a Siria.<\/p>\n<p>Un avi\u00f3n de carga ligado a la Guardia Revolucionaria de Ir\u00e1n y que pertenece a una empresa que es objeto de sanciones de los Estados Unidos aterriz\u00f3 ayer en la Base A\u00e9rea El Libertador, a medio camino entre las ciudades de Palo Negro y Maracay, en Venezuela.<\/p>\n<p>Se trata de una aeronave matr\u00edcula EP-FAB y es parte del portfolio de la empresa Qeshm Fars Air, una compa\u00f1\u00eda que fue sancionada por los Estados Unidos acusada de participar del env\u00edo de armamento a Siria.<\/p>\n<p>Seg\u00fan inform\u00f3 la cuenta especializada ConflicsW, el avi\u00f3n parti\u00f3 el domingo por la noche de la capital iran\u00ed, Teher\u00e1n, hizo una parada t\u00e9cnica en Mauritania y aterriz\u00f3 en la capital venezolana alrededor de las 18.00 GMT.<\/p>\n<p>Esta empresa hab\u00eda sido sancionada por EEUU en enero de 2019. En ese momento, el Departamento del Tesoro norteamericano sostuvo que la \u201centrega de material letal\u201d de la compa\u00f1\u00eda a Siria \u201cpermite el apoyo militar de Ir\u00e1n\u201d al presidente sirio Bashar al-Assad, por lo que la empresa entr\u00f3 en una lista negra.<\/p>\n<p>El a\u00f1o pasado, m\u00e1s de una docena de vuelos de la compa\u00f1\u00eda a\u00e9rea iran\u00ed Mahan Air llevaron materiales para ayudar a reparar las refiner\u00edas de Venezuela. Ir\u00e1n tambi\u00e9n ha enviado dos flotillas de buques cisterna con combustible a Venezuela, aliviando la aguda escasez de combustible en el pa\u00eds sudamericano.<\/p>\n<p>Este no es el \u00fanico v\u00ednculo entre Ir\u00e1n y Venezuela que causa preocupaci\u00f3n en los Estados Unidos. El Pent\u00e1gono asegur\u00f3 este viernes estar \u201cvigilando\u201d el despliegue de dos buques de guerra iran\u00edes cuyo destino final podr\u00eda ser Venezuela, seg\u00fan medios estadounidenses, aunque evit\u00f3 comentar cu\u00e1l podr\u00eda ser el objetivo de Teher\u00e1n.<\/p>\n<p>\u201cEstamos vigilando el despliegue de estos dos buques\u201d, confirm\u00f3 John Kirby, portavoz del Pent\u00e1gono, en rueda de prensa. Kirby indic\u00f3 que \u201clas preguntas\u201d sobre \u201ccu\u00e1l es la intenci\u00f3n\u201d de \u201cdeber\u00edan hacerse en Teher\u00e1n\u201d. \u201cNo voy a especular sobre lo que quieren intentar. Pero s\u00ed, lo estamos vigilando\u201d, agreg\u00f3.<\/p>\n<p>Seg\u00fan medios estadounidenses, una de las embarcaciones que navega hacia el sur a lo largo de la costa este de \u00c1frica es el buque Makran, considerado el m\u00e1s grande fabricado en Ir\u00e1n y que cuenta con una plataforma para transportar hasta siete helic\u00f3pteros.<\/p>\n<p>Por ahora, tanto el gobierno de Ir\u00e1n como el de Venezuela, que gozan de estrecha relaci\u00f3n, han mantenido el silencio al respecto acerca del destino final de las embarcaciones. Teher\u00e1n se ha limitado a se\u00f1alar que recorrer\u00e1 aguas internacionales en el oc\u00e9ano Atl\u00e1ntico.<\/p>\n<p>La presencia de los buques de guerra puede suponer un desaf\u00edo a la autoridad de Estados Unidos en la regi\u00f3n y puede inflamar el debate en Washington en torno a la decisi\u00f3n de la Administraci\u00f3n del presidente Joe Biden de reabrir las negociaciones con Teher\u00e1n.<\/p>\n<p>A finales de mayo se retom\u00f3 en Viena (Austria) la negociaci\u00f3n para tratar de salvar el pacto nuclear de 2015, con la expectativa de que haya un acuerdo para que Ir\u00e1n vuelva a cumplir sus compromisos y Estados Unidos se reincorpore.<\/p>\n<p>Alemania, China, Francia, Reino Unido, Rusia e Ir\u00e1n, los pa\u00edses que permanecen en el pacto, tratan desde el pasado abril de retomar un acuerdo en contactos coordinados por la Uni\u00f3n Europea. Estados Unidos, que abandon\u00f3 el acuerdo en 2018 durante el mandato del ahora expresidente<\/p>\n<p>Donald Trump, participa en los contactos de forma indirecta, a trav\u00e9s de intermediarios.<\/p>\n<p>En agosto del a\u00f1o pasado, bajo el Gobierno de Trump (2017-2021), EEUU confirm\u00f3 la incautaci\u00f3n de un cargamento de combustible perteneciente al Cuerpo de los Guardianes de la Revoluci\u00f3n iran\u00ed (IRGC, en ingl\u00e9s) que ten\u00eda como destino Venezuela.<\/p>\n","protected":false},"excerpt":{"rendered":"<p>Un avi\u00f3n con matr\u00edcula EP-FAB aterriz\u00f3 ayer a la Base A\u00e9rea El Libertador, a medio camino entre las ciudades de Palo Negro y Maracay. La aeronave pertenece a la empresa Qeshm Fars Air, amonestada por el pa\u00eds norteamericano por envi\u00f3 armas a Siria. Un avi\u00f3n de carga ligado a la Guardia Revolucionaria de Ir\u00e1n y [&hellip;]<\/p>\n","protected":false},"author":1,"featured_media":11978,"comment_status":"closed","ping_status":"closed","sticky":false,"template":"","format":"standard","meta":{"_acf_changed":false,"footnotes":""},"categories":[3],"tags":[],"class_list":["post-11977","post","type-post","status-publish","format-standard","has-post-thumbnail","category-internacional"],"acf":{"antetitulo":""},"yoast_head":"<!-- This site is optimized with the Yoast SEO plugin v28.3 - https:\/\/yoast.com\/product\/yoast-seo-wordpress\/ -->\n<title>Aterriz\u00f3 avi\u00f3n iran\u00ed en Venezuela - El Diario - Bolivia<\/title>\n<meta name=\"robots\" content=\"index, follow, max-snippet:-1, max-image-preview:large, max-video-preview:-1\" \/>\n<link rel=\"canonical\" href=\"https:\/\/www.eldiario.net\/portal\/2021\/06\/22\/aterrizo-avion-irani-en-venezuela\/\" \/>\n<meta property=\"og:locale\" content=\"es_ES\" \/>\n<meta property=\"og:type\" content=\"article\" \/>\n<meta property=\"og:title\" content=\"Aterriz\u00f3 avi\u00f3n iran\u00ed en Venezuela - El Diario - Bolivia\" \/>\n<meta property=\"og:description\" content=\"Un avi\u00f3n con matr\u00edcula EP-FAB aterriz\u00f3 ayer a la Base A\u00e9rea El Libertador, a medio camino entre las ciudades de Palo Negro y Maracay. La aeronave pertenece a la empresa Qeshm Fars Air, amonestada por el pa\u00eds norteamericano por envi\u00f3 armas a Siria. Un avi\u00f3n de carga ligado a la Guardia Revolucionaria de Ir\u00e1n y [&hellip;]\" \/>\n<meta property=\"og:url\" content=\"https:\/\/www.eldiario.net\/portal\/2021\/06\/22\/aterrizo-avion-irani-en-venezuela\/\" \/>\n<meta property=\"og:site_name\" content=\"El Diario - Bolivia\" \/>\n<meta property=\"article:publisher\" content=\"https:\/\/www.facebook.com\/eldiario.bolivia\/\" \/>\n<meta property=\"article:published_time\" content=\"2021-06-22T09:16:48+00:00\" \/>\n<meta name=\"author\" content=\"Jeanette\" \/>\n<meta name=\"twitter:card\" content=\"summary_large_image\" \/>\n<meta name=\"twitter:creator\" content=\"@eldiario_net\" \/>\n<meta name=\"twitter:site\" content=\"@eldiario_net\" \/>\n<meta name=\"twitter:label1\" content=\"Escrito por\" \/>\n\t<meta name=\"twitter:data1\" content=\"Jeanette\" \/>\n\t<meta name=\"twitter:label2\" content=\"Tiempo de lectura\" \/>\n\t<meta name=\"twitter:data2\" content=\"3 minutos\" \/>\n<script type=\"application\/ld+json\" class=\"yoast-schema-graph\">{\"@context\":\"https:\\\/\\\/schema.org\",\"@graph\":[{\"@type\":\"Article\",\"@id\":\"https:\\\/\\\/www.eldiario.net\\\/portal\\\/2021\\\/06\\\/22\\\/aterrizo-avion-irani-en-venezuela\\\/#article\",\"isPartOf\":{\"@id\":\"https:\\\/\\\/www.eldiario.net\\\/portal\\\/2021\\\/06\\\/22\\\/aterrizo-avion-irani-en-venezuela\\\/\"},\"author\":{\"name\":\"Jeanette\",\"@id\":\"https:\\\/\\\/www.eldiario.net\\\/portal\\\/#\\\/schema\\\/person\\\/f46445640444750d7d753ccd04ae01b7\"},\"headline\":\"Aterriz\u00f3 avi\u00f3n iran\u00ed en Venezuela\",\"datePublished\":\"2021-06-22T09:16:48+00:00\",\"mainEntityOfPage\":{\"@id\":\"https:\\\/\\\/www.eldiario.net\\\/portal\\\/2021\\\/06\\\/22\\\/aterrizo-avion-irani-en-venezuela\\\/\"},\"wordCount\":698,\"publisher\":{\"@id\":\"https:\\\/\\\/www.eldiario.net\\\/portal\\\/#organization\"},\"image\":{\"@id\":\"https:\\\/\\\/www.eldiario.net\\\/portal\\\/2021\\\/06\\\/22\\\/aterrizo-avion-irani-en-venezuela\\\/#primaryimage\"},\"thumbnailUrl\":\"\",\"articleSection\":[\"Internacional\"],\"inLanguage\":\"es\"},{\"@type\":\"WebPage\",\"@id\":\"https:\\\/\\\/www.eldiario.net\\\/portal\\\/2021\\\/06\\\/22\\\/aterrizo-avion-irani-en-venezuela\\\/\",\"url\":\"https:\\\/\\\/www.eldiario.net\\\/portal\\\/2021\\\/06\\\/22\\\/aterrizo-avion-irani-en-venezuela\\\/\",\"name\":\"Aterriz\u00f3 avi\u00f3n iran\u00ed en Venezuela - El Diario - Bolivia\",\"isPartOf\":{\"@id\":\"https:\\\/\\\/www.eldiario.net\\\/portal\\\/#website\"},\"primaryImageOfPage\":{\"@id\":\"https:\\\/\\\/www.eldiario.net\\\/portal\\\/2021\\\/06\\\/22\\\/aterrizo-avion-irani-en-venezuela\\\/#primaryimage\"},\"image\":{\"@id\":\"https:\\\/\\\/www.eldiario.net\\\/portal\\\/2021\\\/06\\\/22\\\/aterrizo-avion-irani-en-venezuela\\\/#primaryimage\"},\"thumbnailUrl\":\"\",\"datePublished\":\"2021-06-22T09:16:48+00:00\",\"breadcrumb\":{\"@id\":\"https:\\\/\\\/www.eldiario.net\\\/portal\\\/2021\\\/06\\\/22\\\/aterrizo-avion-irani-en-venezuela\\\/#breadcrumb\"},\"inLanguage\":\"es\",\"potentialAction\":[{\"@type\":\"ReadAction\",\"target\":[\"https:\\\/\\\/www.eldiario.net\\\/portal\\\/2021\\\/06\\\/22\\\/aterrizo-avion-irani-en-venezuela\\\/\"]}]},{\"@type\":\"ImageObject\",\"inLanguage\":\"es\",\"@id\":\"https:\\\/\\\/www.eldiario.net\\\/portal\\\/2021\\\/06\\\/22\\\/aterrizo-avion-irani-en-venezuela\\\/#primaryimage\",\"url\":\"\",\"contentUrl\":\"\"},{\"@type\":\"BreadcrumbList\",\"@id\":\"https:\\\/\\\/www.eldiario.net\\\/portal\\\/2021\\\/06\\\/22\\\/aterrizo-avion-irani-en-venezuela\\\/#breadcrumb\",\"itemListElement\":[{\"@type\":\"ListItem\",\"position\":1,\"name\":\"Portada\",\"item\":\"https:\\\/\\\/www.eldiario.net\\\/portal\\\/\"},{\"@type\":\"ListItem\",\"position\":2,\"name\":\"Aterriz\u00f3 avi\u00f3n iran\u00ed en Venezuela\"}]},{\"@type\":\"WebSite\",\"@id\":\"https:\\\/\\\/www.eldiario.net\\\/portal\\\/#website\",\"url\":\"https:\\\/\\\/www.eldiario.net\\\/portal\\\/\",\"name\":\"El Diario - Decano de la prensa nacional\",\"description\":\"El Diario - Decano de la prensa nacional\",\"publisher\":{\"@id\":\"https:\\\/\\\/www.eldiario.net\\\/portal\\\/#organization\"},\"potentialAction\":[{\"@type\":\"SearchAction\",\"target\":{\"@type\":\"EntryPoint\",\"urlTemplate\":\"https:\\\/\\\/www.eldiario.net\\\/portal\\\/?s={search_term_string}\"},\"query-input\":{\"@type\":\"PropertyValueSpecification\",\"valueRequired\":true,\"valueName\":\"search_term_string\"}}],\"inLanguage\":\"es\"},{\"@type\":\"Organization\",\"@id\":\"https:\\\/\\\/www.eldiario.net\\\/portal\\\/#organization\",\"name\":\"El Diario - Decano de la prensa nacional\",\"url\":\"https:\\\/\\\/www.eldiario.net\\\/portal\\\/\",\"logo\":{\"@type\":\"ImageObject\",\"inLanguage\":\"es\",\"@id\":\"https:\\\/\\\/www.eldiario.net\\\/portal\\\/#\\\/schema\\\/logo\\\/image\\\/\",\"url\":\"https:\\\/\\\/www.eldiario.net\\\/portal\\\/wp-content\\\/uploads\\\/2023\\\/07\\\/logo_ED.jpg\",\"contentUrl\":\"https:\\\/\\\/www.eldiario.net\\\/portal\\\/wp-content\\\/uploads\\\/2023\\\/07\\\/logo_ED.jpg\",\"width\":272,\"height\":52,\"caption\":\"El Diario - Decano de la prensa nacional\"},\"image\":{\"@id\":\"https:\\\/\\\/www.eldiario.net\\\/portal\\\/#\\\/schema\\\/logo\\\/image\\\/\"},\"sameAs\":[\"https:\\\/\\\/www.facebook.com\\\/eldiario.bolivia\\\/\",\"https:\\\/\\\/x.com\\\/eldiario_net\"]},{\"@type\":\"Person\",\"@id\":\"https:\\\/\\\/www.eldiario.net\\\/portal\\\/#\\\/schema\\\/person\\\/f46445640444750d7d753ccd04ae01b7\",\"name\":\"Jeanette\",\"image\":{\"@type\":\"ImageObject\",\"inLanguage\":\"es\",\"@id\":\"https:\\\/\\\/secure.gravatar.com\\\/avatar\\\/3ea2118a5f7dad2b7138b1187a6b7ee55f160b9968b66013c3a3ef39dd7e5798?s=96&d=mm&r=g\",\"url\":\"https:\\\/\\\/secure.gravatar.com\\\/avatar\\\/3ea2118a5f7dad2b7138b1187a6b7ee55f160b9968b66013c3a3ef39dd7e5798?s=96&d=mm&r=g\",\"contentUrl\":\"https:\\\/\\\/secure.gravatar.com\\\/avatar\\\/3ea2118a5f7dad2b7138b1187a6b7ee55f160b9968b66013c3a3ef39dd7e5798?s=96&d=mm&r=g\",\"caption\":\"Jeanette\"},\"sameAs\":[\"https:\\\/\\\/www.eldiario.net\\\/portal\"],\"url\":\"https:\\\/\\\/www.eldiario.net\\\/portal\\\/author\\\/jeanette\\\/\"}]}<\/script>\n<!-- \/ Yoast SEO plugin. -->","yoast_head_json":{"title":"Aterriz\u00f3 avi\u00f3n iran\u00ed en Venezuela - El Diario - Bolivia","robots":{"index":"index","follow":"follow","max-snippet":"max-snippet:-1","max-image-preview":"max-image-preview:large","max-video-preview":"max-video-preview:-1"},"canonical":"https:\/\/www.eldiario.net\/portal\/2021\/06\/22\/aterrizo-avion-irani-en-venezuela\/","og_locale":"es_ES","og_type":"article","og_title":"Aterriz\u00f3 avi\u00f3n iran\u00ed en Venezuela - El Diario - Bolivia","og_description":"Un avi\u00f3n con matr\u00edcula EP-FAB aterriz\u00f3 ayer a la Base A\u00e9rea El Libertador, a medio camino entre las ciudades de Palo Negro y Maracay. La aeronave pertenece a la empresa Qeshm Fars Air, amonestada por el pa\u00eds norteamericano por envi\u00f3 armas a Siria. Un avi\u00f3n de carga ligado a la Guardia Revolucionaria de Ir\u00e1n y [&hellip;]","og_url":"https:\/\/www.eldiario.net\/portal\/2021\/06\/22\/aterrizo-avion-irani-en-venezuela\/","og_site_name":"El Diario - Bolivia","article_publisher":"https:\/\/www.facebook.com\/eldiario.bolivia\/","article_published_time":"2021-06-22T09:16:48+00:00","author":"Jeanette","twitter_card":"summary_large_image","twitter_creator":"@eldiario_net","twitter_site":"@eldiario_net","twitter_misc":{"Escrito por":"Jeanette","Tiempo de lectura":"3 minutos"},"schema":{"@context":"https:\/\/schema.org","@graph":[{"@type":"Article","@id":"https:\/\/www.eldiario.net\/portal\/2021\/06\/22\/aterrizo-avion-irani-en-venezuela\/#article","isPartOf":{"@id":"https:\/\/www.eldiario.net\/portal\/2021\/06\/22\/aterrizo-avion-irani-en-venezuela\/"},"author":{"name":"Jeanette","@id":"https:\/\/www.eldiario.net\/portal\/#\/schema\/person\/f46445640444750d7d753ccd04ae01b7"},"headline":"Aterriz\u00f3 avi\u00f3n iran\u00ed en Venezuela","datePublished":"2021-06-22T09:16:48+00:00","mainEntityOfPage":{"@id":"https:\/\/www.eldiario.net\/portal\/2021\/06\/22\/aterrizo-avion-irani-en-venezuela\/"},"wordCount":698,"publisher":{"@id":"https:\/\/www.eldiario.net\/portal\/#organization"},"image":{"@id":"https:\/\/www.eldiario.net\/portal\/2021\/06\/22\/aterrizo-avion-irani-en-venezuela\/#primaryimage"},"thumbnailUrl":"","articleSection":["Internacional"],"inLanguage":"es"},{"@type":"WebPage","@id":"https:\/\/www.eldiario.net\/portal\/2021\/06\/22\/aterrizo-avion-irani-en-venezuela\/","url":"https:\/\/www.eldiario.net\/portal\/2021\/06\/22\/aterrizo-avion-irani-en-venezuela\/","name":"Aterriz\u00f3 avi\u00f3n iran\u00ed en Venezuela - El Diario - Bolivia","isPartOf":{"@id":"https:\/\/www.eldiario.net\/portal\/#website"},"primaryImageOfPage":{"@id":"https:\/\/www.eldiario.net\/portal\/2021\/06\/22\/aterrizo-avion-irani-en-venezuela\/#primaryimage"},"image":{"@id":"https:\/\/www.eldiario.net\/portal\/2021\/06\/22\/aterrizo-avion-irani-en-venezuela\/#primaryimage"},"thumbnailUrl":"","datePublished":"2021-06-22T09:16:48+00:00","breadcrumb":{"@id":"https:\/\/www.eldiario.net\/portal\/2021\/06\/22\/aterrizo-avion-irani-en-venezuela\/#breadcrumb"},"inLanguage":"es","potentialAction":[{"@type":"ReadAction","target":["https:\/\/www.eldiario.net\/portal\/2021\/06\/22\/aterrizo-avion-irani-en-venezuela\/"]}]},{"@type":"ImageObject","inLanguage":"es","@id":"https:\/\/www.eldiario.net\/portal\/2021\/06\/22\/aterrizo-avion-irani-en-venezuela\/#primaryimage","url":"","contentUrl":""},{"@type":"BreadcrumbList","@id":"https:\/\/www.eldiario.net\/portal\/2021\/06\/22\/aterrizo-avion-irani-en-venezuela\/#breadcrumb","itemListElement":[{"@type":"ListItem","position":1,"name":"Portada","item":"https:\/\/www.eldiario.net\/portal\/"},{"@type":"ListItem","position":2,"name":"Aterriz\u00f3 avi\u00f3n iran\u00ed en Venezuela"}]},{"@type":"WebSite","@id":"https:\/\/www.eldiario.net\/portal\/#website","url":"https:\/\/www.eldiario.net\/portal\/","name":"El Diario - Decano de la prensa nacional","description":"El Diario - Decano de la prensa nacional","publisher":{"@id":"https:\/\/www.eldiario.net\/portal\/#organization"},"potentialAction":[{"@type":"SearchAction","target":{"@type":"EntryPoint","urlTemplate":"https:\/\/www.eldiario.net\/portal\/?s={search_term_string}"},"query-input":{"@type":"PropertyValueSpecification","valueRequired":true,"valueName":"search_term_string"}}],"inLanguage":"es"},{"@type":"Organization","@id":"https:\/\/www.eldiario.net\/portal\/#organization","name":"El Diario - Decano de la prensa nacional","url":"https:\/\/www.eldiario.net\/portal\/","logo":{"@type":"ImageObject","inLanguage":"es","@id":"https:\/\/www.eldiario.net\/portal\/#\/schema\/logo\/image\/","url":"https:\/\/www.eldiario.net\/portal\/wp-content\/uploads\/2023\/07\/logo_ED.jpg","contentUrl":"https:\/\/www.eldiario.net\/portal\/wp-content\/uploads\/2023\/07\/logo_ED.jpg","width":272,"height":52,"caption":"El Diario - Decano de la prensa nacional"},"image":{"@id":"https:\/\/www.eldiario.net\/portal\/#\/schema\/logo\/image\/"},"sameAs":["https:\/\/www.facebook.com\/eldiario.bolivia\/","https:\/\/x.com\/eldiario_net"]},{"@type":"Person","@id":"https:\/\/www.eldiario.net\/portal\/#\/schema\/person\/f46445640444750d7d753ccd04ae01b7","name":"Jeanette","image":{"@type":"ImageObject","inLanguage":"es","@id":"https:\/\/secure.gravatar.com\/avatar\/3ea2118a5f7dad2b7138b1187a6b7ee55f160b9968b66013c3a3ef39dd7e5798?s=96&d=mm&r=g","url":"https:\/\/secure.gravatar.com\/avatar\/3ea2118a5f7dad2b7138b1187a6b7ee55f160b9968b66013c3a3ef39dd7e5798?s=96&d=mm&r=g","contentUrl":"https:\/\/secure.gravatar.com\/avatar\/3ea2118a5f7dad2b7138b1187a6b7ee55f160b9968b66013c3a3ef39dd7e5798?s=96&d=mm&r=g","caption":"Jeanette"},"sameAs":["https:\/\/www.eldiario.net\/portal"],"url":"https:\/\/www.eldiario.net\/portal\/author\/jeanette\/"}]}},"_links":{"self":[{"href":"https:\/\/www.eldiario.net\/portal\/wp-json\/wp\/v2\/posts\/11977","targetHints":{"allow":["GET"]}}],"collection":[{"href":"https:\/\/www.eldiario.net\/portal\/wp-json\/wp\/v2\/posts"}],"about":[{"href":"https:\/\/www.eldiario.net\/portal\/wp-json\/wp\/v2\/types\/post"}],"author":[{"embeddable":true,"href":"https:\/\/www.eldiario.net\/portal\/wp-json\/wp\/v2\/users\/1"}],"replies":[{"embeddable":true,"href":"https:\/\/www.eldiario.net\/portal\/wp-json\/wp\/v2\/comments?post=11977"}],"version-history":[{"count":0,"href":"https:\/\/www.eldiario.net\/portal\/wp-json\/wp\/v2\/posts\/11977\/revisions"}],"wp:attachment":[{"href":"https:\/\/www.eldiario.net\/portal\/wp-json\/wp\/v2\/media?parent=11977"}],"wp:term":[{"taxonomy":"category","embeddable":true,"href":"https:\/\/www.eldiario.net\/portal\/wp-json\/wp\/v2\/categories?post=11977"},{"taxonomy":"post_tag","embeddable":true,"href":"https:\/\/www.eldiario.net\/portal\/wp-json\/wp\/v2\/tags?post=11977"}],"curies":[{"name":"wp","href":"https:\/\/api.w.org\/{rel}","templated":true}]}}