{"id":119767,"date":"2022-11-02T05:43:38","date_gmt":"2022-11-02T09:43:38","guid":{"rendered":"https:\/\/www.eldiario.net\/portal\/?p=119767"},"modified":"2022-11-02T05:43:38","modified_gmt":"2022-11-02T09:43:38","slug":"encapuchados-salen-de-san-julian-hacia-la-gobernacion-de-santa-cruz","status":"publish","type":"post","link":"https:\/\/www.eldiario.net\/portal\/2022\/11\/02\/encapuchados-salen-de-san-julian-hacia-la-gobernacion-de-santa-cruz\/","title":{"rendered":"Encapuchados salen de San Juli\u00e1n  hacia la Gobernaci\u00f3n de Santa Cruz"},"content":{"rendered":"<p>Organizaciones sociales e interculturales de San Juli\u00e1n salieron encapuchados, con escudos y haciendo flamear la wiphala, rumbo a la Gobernaci\u00f3n de Santa Cruz para exigir la renuncia de Fernando Camacho y que se levante el paro indefinido que se instal\u00f3 hace 11 d\u00edas por el censo 2023; este grupo de choque amenaz\u00f3 con ingresar a las propiedades privadas si son provocados.<br \/>\n\u201cLe damos al Comit\u00e9 C\u00edvico que suspenda su paro c\u00edvico, pero \u00e9l (Camacho) no ha hecho caso. Esta vez vamos a llegar a Santa Cruz, estamos yendo con una marcha pac\u00edfica, nos est\u00e1n amenazando, pero no tenemos miedo, San Juli\u00e1n se pone de pie ya vamos llegar a pedir su renuncia. Como el 2019, \u00e9l (Camacho) lleg\u00f3 con la Biblia y nosotros vamos a llegar con la carta de renuncia. San Juli\u00e1n se va alzar, si atropellan a esta marcha, San Juli\u00e1n se va entrar a las propiedades privadas\u201d, advirti\u00f3 el dirigente campesino Fausto Arias.<br \/>\nLa primera columna de la marcha lleva escudos improvisados de turriles que est\u00e1n pintados de azul, adem\u00e1s los integrantes tienen capuchas en sus cabezas, las personas que vienen por atr\u00e1s hacen flamear la bandera tricolor y la wiphala.<br \/>\nSeg\u00fan VTV canal 17, los movilizados esperan engrosar sus filas con la incorporaci\u00f3n de organizaciones de Los Troncos y Cuatro Ca\u00f1adas. Al frente de la marcha est\u00e1n el alcalde de San Juli\u00e1n, Willy Calder\u00f3n, y el asamble\u00edsta departamental de la provincia \u00d1uflo de Ch\u00e1vez, Dilfe Renter\u00eda, ambos del MAS.<br \/>\nLas organizaciones sociales y grupos afines al Movimiento Al Socialismo (MAS) cercaron Santa Cruz hace ocho d\u00edas e intentaron, a trav\u00e9s de la violencia, que los c\u00edvicos cruce\u00f1os levanten los bloqueos en diferentes puntos de esa regi\u00f3n, pero hasta el momento no tuvieron \u00e9xito.<br \/>\nLos mineros sindicalizados, los interculturales y otras organizaciones de La Paz anunciaron que se trasladar\u00e1n a Santa Cruz para reforzar el cerco y contrarrestar el paro indefinido que instal\u00f3 hace 11 d\u00edas el Comit\u00e9 Interinstitucional.<br \/>\n\u201c(Nos) hemos contactado a las otras organizaciones, a nivel nacional hemos tenido contacto con los ponchos rojos (afines al MAS) y mineros, y vamos hacer un cerco de vedad, el Gobernador hizo que se levante San Juli\u00e1n, estamos en coordinaci\u00f3n con las 15 provincias de Santa Cruz, todos en conjunto vamos llegar\u201d, dijo Alberto Aquise, dirigente intercultural de Santa Cruz. (Santa Cruz, ANF).<\/p>\n","protected":false},"excerpt":{"rendered":"<p>Organizaciones sociales e interculturales de San Juli\u00e1n salieron encapuchados, con escudos y haciendo flamear la wiphala, rumbo a la Gobernaci\u00f3n de Santa Cruz para exigir la renuncia de Fernando Camacho y que se levante el paro indefinido que se instal\u00f3 hace 11 d\u00edas por el censo 2023; este grupo de choque amenaz\u00f3 con ingresar a [&hellip;]<\/p>\n","protected":false},"author":1,"featured_media":0,"comment_status":"closed","ping_status":"closed","sticky":false,"template":"","format":"standard","meta":{"_acf_changed":false,"footnotes":""},"categories":[12],"tags":[],"class_list":["post-119767","post","type-post","status-publish","format-standard","category-nacional"],"acf":{"antetitulo":""},"yoast_head":"<!-- This site is optimized with the Yoast SEO plugin v28.3 - https:\/\/yoast.com\/product\/yoast-seo-wordpress\/ -->\n<title>Encapuchados salen de San Juli\u00e1n hacia la Gobernaci\u00f3n de Santa Cruz - El Diario - Bolivia<\/title>\n<meta name=\"robots\" content=\"index, follow, max-snippet:-1, max-image-preview:large, max-video-preview:-1\" \/>\n<link rel=\"canonical\" href=\"https:\/\/www.eldiario.net\/portal\/2022\/11\/02\/encapuchados-salen-de-san-julian-hacia-la-gobernacion-de-santa-cruz\/\" \/>\n<meta property=\"og:locale\" content=\"es_ES\" \/>\n<meta property=\"og:type\" content=\"article\" \/>\n<meta property=\"og:title\" content=\"Encapuchados salen de San Juli\u00e1n hacia la Gobernaci\u00f3n de Santa Cruz - El Diario - Bolivia\" \/>\n<meta property=\"og:description\" content=\"Organizaciones sociales e interculturales de San Juli\u00e1n salieron encapuchados, con escudos y haciendo flamear la wiphala, rumbo a la Gobernaci\u00f3n de Santa Cruz para exigir la renuncia de Fernando Camacho y que se levante el paro indefinido que se instal\u00f3 hace 11 d\u00edas por el censo 2023; este grupo de choque amenaz\u00f3 con ingresar a [&hellip;]\" \/>\n<meta property=\"og:url\" content=\"https:\/\/www.eldiario.net\/portal\/2022\/11\/02\/encapuchados-salen-de-san-julian-hacia-la-gobernacion-de-santa-cruz\/\" \/>\n<meta property=\"og:site_name\" content=\"El Diario - Bolivia\" \/>\n<meta property=\"article:publisher\" content=\"https:\/\/www.facebook.com\/eldiario.bolivia\/\" \/>\n<meta property=\"article:published_time\" content=\"2022-11-02T09:43:38+00:00\" \/>\n<meta name=\"author\" content=\"Jeanette\" \/>\n<meta name=\"twitter:card\" content=\"summary_large_image\" \/>\n<meta name=\"twitter:creator\" content=\"@eldiario_net\" \/>\n<meta name=\"twitter:site\" content=\"@eldiario_net\" \/>\n<meta name=\"twitter:label1\" content=\"Escrito por\" \/>\n\t<meta name=\"twitter:data1\" content=\"Jeanette\" \/>\n<script type=\"application\/ld+json\" class=\"yoast-schema-graph\">{\"@context\":\"https:\\\/\\\/schema.org\",\"@graph\":[{\"@type\":\"Article\",\"@id\":\"https:\\\/\\\/www.eldiario.net\\\/portal\\\/2022\\\/11\\\/02\\\/encapuchados-salen-de-san-julian-hacia-la-gobernacion-de-santa-cruz\\\/#article\",\"isPartOf\":{\"@id\":\"https:\\\/\\\/www.eldiario.net\\\/portal\\\/2022\\\/11\\\/02\\\/encapuchados-salen-de-san-julian-hacia-la-gobernacion-de-santa-cruz\\\/\"},\"author\":{\"name\":\"Jeanette\",\"@id\":\"https:\\\/\\\/www.eldiario.net\\\/portal\\\/#\\\/schema\\\/person\\\/f46445640444750d7d753ccd04ae01b7\"},\"headline\":\"Encapuchados salen de San Juli\u00e1n hacia la Gobernaci\u00f3n de Santa Cruz\",\"datePublished\":\"2022-11-02T09:43:38+00:00\",\"mainEntityOfPage\":{\"@id\":\"https:\\\/\\\/www.eldiario.net\\\/portal\\\/2022\\\/11\\\/02\\\/encapuchados-salen-de-san-julian-hacia-la-gobernacion-de-santa-cruz\\\/\"},\"wordCount\":423,\"publisher\":{\"@id\":\"https:\\\/\\\/www.eldiario.net\\\/portal\\\/#organization\"},\"articleSection\":[\"Nacional\"],\"inLanguage\":\"es\"},{\"@type\":\"WebPage\",\"@id\":\"https:\\\/\\\/www.eldiario.net\\\/portal\\\/2022\\\/11\\\/02\\\/encapuchados-salen-de-san-julian-hacia-la-gobernacion-de-santa-cruz\\\/\",\"url\":\"https:\\\/\\\/www.eldiario.net\\\/portal\\\/2022\\\/11\\\/02\\\/encapuchados-salen-de-san-julian-hacia-la-gobernacion-de-santa-cruz\\\/\",\"name\":\"Encapuchados salen de San Juli\u00e1n hacia la Gobernaci\u00f3n de Santa Cruz - El Diario - Bolivia\",\"isPartOf\":{\"@id\":\"https:\\\/\\\/www.eldiario.net\\\/portal\\\/#website\"},\"datePublished\":\"2022-11-02T09:43:38+00:00\",\"breadcrumb\":{\"@id\":\"https:\\\/\\\/www.eldiario.net\\\/portal\\\/2022\\\/11\\\/02\\\/encapuchados-salen-de-san-julian-hacia-la-gobernacion-de-santa-cruz\\\/#breadcrumb\"},\"inLanguage\":\"es\",\"potentialAction\":[{\"@type\":\"ReadAction\",\"target\":[\"https:\\\/\\\/www.eldiario.net\\\/portal\\\/2022\\\/11\\\/02\\\/encapuchados-salen-de-san-julian-hacia-la-gobernacion-de-santa-cruz\\\/\"]}]},{\"@type\":\"BreadcrumbList\",\"@id\":\"https:\\\/\\\/www.eldiario.net\\\/portal\\\/2022\\\/11\\\/02\\\/encapuchados-salen-de-san-julian-hacia-la-gobernacion-de-santa-cruz\\\/#breadcrumb\",\"itemListElement\":[{\"@type\":\"ListItem\",\"position\":1,\"name\":\"Portada\",\"item\":\"https:\\\/\\\/www.eldiario.net\\\/portal\\\/\"},{\"@type\":\"ListItem\",\"position\":2,\"name\":\"Encapuchados salen de San Juli\u00e1n hacia la Gobernaci\u00f3n de Santa Cruz\"}]},{\"@type\":\"WebSite\",\"@id\":\"https:\\\/\\\/www.eldiario.net\\\/portal\\\/#website\",\"url\":\"https:\\\/\\\/www.eldiario.net\\\/portal\\\/\",\"name\":\"El Diario - Decano de la prensa nacional\",\"description\":\"El Diario - Decano de la prensa nacional\",\"publisher\":{\"@id\":\"https:\\\/\\\/www.eldiario.net\\\/portal\\\/#organization\"},\"potentialAction\":[{\"@type\":\"SearchAction\",\"target\":{\"@type\":\"EntryPoint\",\"urlTemplate\":\"https:\\\/\\\/www.eldiario.net\\\/portal\\\/?s={search_term_string}\"},\"query-input\":{\"@type\":\"PropertyValueSpecification\",\"valueRequired\":true,\"valueName\":\"search_term_string\"}}],\"inLanguage\":\"es\"},{\"@type\":\"Organization\",\"@id\":\"https:\\\/\\\/www.eldiario.net\\\/portal\\\/#organization\",\"name\":\"El Diario - Decano de la prensa nacional\",\"url\":\"https:\\\/\\\/www.eldiario.net\\\/portal\\\/\",\"logo\":{\"@type\":\"ImageObject\",\"inLanguage\":\"es\",\"@id\":\"https:\\\/\\\/www.eldiario.net\\\/portal\\\/#\\\/schema\\\/logo\\\/image\\\/\",\"url\":\"https:\\\/\\\/www.eldiario.net\\\/portal\\\/wp-content\\\/uploads\\\/2023\\\/07\\\/logo_ED.jpg\",\"contentUrl\":\"https:\\\/\\\/www.eldiario.net\\\/portal\\\/wp-content\\\/uploads\\\/2023\\\/07\\\/logo_ED.jpg\",\"width\":272,\"height\":52,\"caption\":\"El Diario - Decano de la prensa nacional\"},\"image\":{\"@id\":\"https:\\\/\\\/www.eldiario.net\\\/portal\\\/#\\\/schema\\\/logo\\\/image\\\/\"},\"sameAs\":[\"https:\\\/\\\/www.facebook.com\\\/eldiario.bolivia\\\/\",\"https:\\\/\\\/x.com\\\/eldiario_net\"]},{\"@type\":\"Person\",\"@id\":\"https:\\\/\\\/www.eldiario.net\\\/portal\\\/#\\\/schema\\\/person\\\/f46445640444750d7d753ccd04ae01b7\",\"name\":\"Jeanette\",\"image\":{\"@type\":\"ImageObject\",\"inLanguage\":\"es\",\"@id\":\"https:\\\/\\\/secure.gravatar.com\\\/avatar\\\/3ea2118a5f7dad2b7138b1187a6b7ee55f160b9968b66013c3a3ef39dd7e5798?s=96&d=mm&r=g\",\"url\":\"https:\\\/\\\/secure.gravatar.com\\\/avatar\\\/3ea2118a5f7dad2b7138b1187a6b7ee55f160b9968b66013c3a3ef39dd7e5798?s=96&d=mm&r=g\",\"contentUrl\":\"https:\\\/\\\/secure.gravatar.com\\\/avatar\\\/3ea2118a5f7dad2b7138b1187a6b7ee55f160b9968b66013c3a3ef39dd7e5798?s=96&d=mm&r=g\",\"caption\":\"Jeanette\"},\"sameAs\":[\"https:\\\/\\\/www.eldiario.net\\\/portal\"],\"url\":\"https:\\\/\\\/www.eldiario.net\\\/portal\\\/author\\\/jeanette\\\/\"}]}<\/script>\n<!-- \/ Yoast SEO plugin. -->","yoast_head_json":{"title":"Encapuchados salen de San Juli\u00e1n hacia la Gobernaci\u00f3n de Santa Cruz - El Diario - Bolivia","robots":{"index":"index","follow":"follow","max-snippet":"max-snippet:-1","max-image-preview":"max-image-preview:large","max-video-preview":"max-video-preview:-1"},"canonical":"https:\/\/www.eldiario.net\/portal\/2022\/11\/02\/encapuchados-salen-de-san-julian-hacia-la-gobernacion-de-santa-cruz\/","og_locale":"es_ES","og_type":"article","og_title":"Encapuchados salen de San Juli\u00e1n hacia la Gobernaci\u00f3n de Santa Cruz - El Diario - Bolivia","og_description":"Organizaciones sociales e interculturales de San Juli\u00e1n salieron encapuchados, con escudos y haciendo flamear la wiphala, rumbo a la Gobernaci\u00f3n de Santa Cruz para exigir la renuncia de Fernando Camacho y que se levante el paro indefinido que se instal\u00f3 hace 11 d\u00edas por el censo 2023; este grupo de choque amenaz\u00f3 con ingresar a [&hellip;]","og_url":"https:\/\/www.eldiario.net\/portal\/2022\/11\/02\/encapuchados-salen-de-san-julian-hacia-la-gobernacion-de-santa-cruz\/","og_site_name":"El Diario - Bolivia","article_publisher":"https:\/\/www.facebook.com\/eldiario.bolivia\/","article_published_time":"2022-11-02T09:43:38+00:00","author":"Jeanette","twitter_card":"summary_large_image","twitter_creator":"@eldiario_net","twitter_site":"@eldiario_net","twitter_misc":{"Escrito por":"Jeanette"},"schema":{"@context":"https:\/\/schema.org","@graph":[{"@type":"Article","@id":"https:\/\/www.eldiario.net\/portal\/2022\/11\/02\/encapuchados-salen-de-san-julian-hacia-la-gobernacion-de-santa-cruz\/#article","isPartOf":{"@id":"https:\/\/www.eldiario.net\/portal\/2022\/11\/02\/encapuchados-salen-de-san-julian-hacia-la-gobernacion-de-santa-cruz\/"},"author":{"name":"Jeanette","@id":"https:\/\/www.eldiario.net\/portal\/#\/schema\/person\/f46445640444750d7d753ccd04ae01b7"},"headline":"Encapuchados salen de San Juli\u00e1n hacia la Gobernaci\u00f3n de Santa Cruz","datePublished":"2022-11-02T09:43:38+00:00","mainEntityOfPage":{"@id":"https:\/\/www.eldiario.net\/portal\/2022\/11\/02\/encapuchados-salen-de-san-julian-hacia-la-gobernacion-de-santa-cruz\/"},"wordCount":423,"publisher":{"@id":"https:\/\/www.eldiario.net\/portal\/#organization"},"articleSection":["Nacional"],"inLanguage":"es"},{"@type":"WebPage","@id":"https:\/\/www.eldiario.net\/portal\/2022\/11\/02\/encapuchados-salen-de-san-julian-hacia-la-gobernacion-de-santa-cruz\/","url":"https:\/\/www.eldiario.net\/portal\/2022\/11\/02\/encapuchados-salen-de-san-julian-hacia-la-gobernacion-de-santa-cruz\/","name":"Encapuchados salen de San Juli\u00e1n hacia la Gobernaci\u00f3n de Santa Cruz - El Diario - Bolivia","isPartOf":{"@id":"https:\/\/www.eldiario.net\/portal\/#website"},"datePublished":"2022-11-02T09:43:38+00:00","breadcrumb":{"@id":"https:\/\/www.eldiario.net\/portal\/2022\/11\/02\/encapuchados-salen-de-san-julian-hacia-la-gobernacion-de-santa-cruz\/#breadcrumb"},"inLanguage":"es","potentialAction":[{"@type":"ReadAction","target":["https:\/\/www.eldiario.net\/portal\/2022\/11\/02\/encapuchados-salen-de-san-julian-hacia-la-gobernacion-de-santa-cruz\/"]}]},{"@type":"BreadcrumbList","@id":"https:\/\/www.eldiario.net\/portal\/2022\/11\/02\/encapuchados-salen-de-san-julian-hacia-la-gobernacion-de-santa-cruz\/#breadcrumb","itemListElement":[{"@type":"ListItem","position":1,"name":"Portada","item":"https:\/\/www.eldiario.net\/portal\/"},{"@type":"ListItem","position":2,"name":"Encapuchados salen de San Juli\u00e1n hacia la Gobernaci\u00f3n de Santa Cruz"}]},{"@type":"WebSite","@id":"https:\/\/www.eldiario.net\/portal\/#website","url":"https:\/\/www.eldiario.net\/portal\/","name":"El Diario - Decano de la prensa nacional","description":"El Diario - Decano de la prensa nacional","publisher":{"@id":"https:\/\/www.eldiario.net\/portal\/#organization"},"potentialAction":[{"@type":"SearchAction","target":{"@type":"EntryPoint","urlTemplate":"https:\/\/www.eldiario.net\/portal\/?s={search_term_string}"},"query-input":{"@type":"PropertyValueSpecification","valueRequired":true,"valueName":"search_term_string"}}],"inLanguage":"es"},{"@type":"Organization","@id":"https:\/\/www.eldiario.net\/portal\/#organization","name":"El Diario - Decano de la prensa nacional","url":"https:\/\/www.eldiario.net\/portal\/","logo":{"@type":"ImageObject","inLanguage":"es","@id":"https:\/\/www.eldiario.net\/portal\/#\/schema\/logo\/image\/","url":"https:\/\/www.eldiario.net\/portal\/wp-content\/uploads\/2023\/07\/logo_ED.jpg","contentUrl":"https:\/\/www.eldiario.net\/portal\/wp-content\/uploads\/2023\/07\/logo_ED.jpg","width":272,"height":52,"caption":"El Diario - Decano de la prensa nacional"},"image":{"@id":"https:\/\/www.eldiario.net\/portal\/#\/schema\/logo\/image\/"},"sameAs":["https:\/\/www.facebook.com\/eldiario.bolivia\/","https:\/\/x.com\/eldiario_net"]},{"@type":"Person","@id":"https:\/\/www.eldiario.net\/portal\/#\/schema\/person\/f46445640444750d7d753ccd04ae01b7","name":"Jeanette","image":{"@type":"ImageObject","inLanguage":"es","@id":"https:\/\/secure.gravatar.com\/avatar\/3ea2118a5f7dad2b7138b1187a6b7ee55f160b9968b66013c3a3ef39dd7e5798?s=96&d=mm&r=g","url":"https:\/\/secure.gravatar.com\/avatar\/3ea2118a5f7dad2b7138b1187a6b7ee55f160b9968b66013c3a3ef39dd7e5798?s=96&d=mm&r=g","contentUrl":"https:\/\/secure.gravatar.com\/avatar\/3ea2118a5f7dad2b7138b1187a6b7ee55f160b9968b66013c3a3ef39dd7e5798?s=96&d=mm&r=g","caption":"Jeanette"},"sameAs":["https:\/\/www.eldiario.net\/portal"],"url":"https:\/\/www.eldiario.net\/portal\/author\/jeanette\/"}]}},"_links":{"self":[{"href":"https:\/\/www.eldiario.net\/portal\/wp-json\/wp\/v2\/posts\/119767","targetHints":{"allow":["GET"]}}],"collection":[{"href":"https:\/\/www.eldiario.net\/portal\/wp-json\/wp\/v2\/posts"}],"about":[{"href":"https:\/\/www.eldiario.net\/portal\/wp-json\/wp\/v2\/types\/post"}],"author":[{"embeddable":true,"href":"https:\/\/www.eldiario.net\/portal\/wp-json\/wp\/v2\/users\/1"}],"replies":[{"embeddable":true,"href":"https:\/\/www.eldiario.net\/portal\/wp-json\/wp\/v2\/comments?post=119767"}],"version-history":[{"count":0,"href":"https:\/\/www.eldiario.net\/portal\/wp-json\/wp\/v2\/posts\/119767\/revisions"}],"wp:attachment":[{"href":"https:\/\/www.eldiario.net\/portal\/wp-json\/wp\/v2\/media?parent=119767"}],"wp:term":[{"taxonomy":"category","embeddable":true,"href":"https:\/\/www.eldiario.net\/portal\/wp-json\/wp\/v2\/categories?post=119767"},{"taxonomy":"post_tag","embeddable":true,"href":"https:\/\/www.eldiario.net\/portal\/wp-json\/wp\/v2\/tags?post=119767"}],"curies":[{"name":"wp","href":"https:\/\/api.w.org\/{rel}","templated":true}]}}