{"id":119760,"date":"2022-11-02T05:42:09","date_gmt":"2022-11-02T09:42:09","guid":{"rendered":"https:\/\/www.eldiario.net\/portal\/?p=119760"},"modified":"2022-11-02T05:42:09","modified_gmt":"2022-11-02T09:42:09","slug":"explotan-cuatro-coches-bomba-y-dos-policias-mueren-en-ecuador","status":"publish","type":"post","link":"https:\/\/www.eldiario.net\/portal\/2022\/11\/02\/explotan-cuatro-coches-bomba-y-dos-policias-mueren-en-ecuador\/","title":{"rendered":"Explotan cuatro coches bomba y  dos polic\u00edas mueren en Ecuador"},"content":{"rendered":"<p>La madrugada de ayer puso en alerta a Ecuador, en Guayaquil y Esmeraldas, dos de las ciudades m\u00e1s violentas del pa\u00eds, donde se registraron atentados con explosivos con dos polic\u00edas fallecidos en la penitenciaria del Litoral.<br \/>\nSe registraron atentados criminales con explosivos. Esto sucede en medio de las alertas emitidas desde la Penitenciar\u00eda del Litoral, el reclusorio m\u00e1s violento del pa\u00eds, por posibles traslados de reos. Adem\u00e1s, ayer se conoci\u00f3 que los presos de la c\u00e1rcel de Esmeraldas han retenido a ocho gu\u00edas de la prisi\u00f3n como forma de protesta ante los eventuales traslados de reos en la Penitenciar\u00eda.<br \/>\nUno de los atentados de la madrugada del martes dej\u00f3 a dos polic\u00edas muertos. La Polic\u00eda Nacional report\u00f3 sobre el deceso de los miembros de su instituci\u00f3n: \u201cEn la madrugada de ayer un patrullero fue atacado por delincuentes con armas de fuego, acto en que dos polic\u00edas perdieron la vida\u201d.<br \/>\nLos cuatro ataques con coche bomba sucedieron tres en Guayaquil y uno en Esmeraldas. Los veh\u00edculos con explosivos estaban en el sector de La Alborada, en Guayaquil, en la Unidad de Polic\u00eda Comunitaria del lugar. El siguiente se report\u00f3 en una de las gasolineras en Pascuales, a 8 kil\u00f3metros del primer coche bomba y otro de los autos con explosivos estall\u00f3 en el terminal terrestre de Pascuales.<br \/>\nAdem\u00e1s de estos atentados se encontraron artefactos explosivos cerca de tres unidades de polic\u00eda de Guayaquil y en dos barrios de la urbe, seg\u00fan report\u00f3 la cuenta Cupsfire que reporta informaci\u00f3n sobre emergencias.<br \/>\nTambi\u00e9n, se registraron ataques a polic\u00edas en dos sectores de la ciudad y la distribuci\u00f3n de panfletos atribuidos a bandas criminales en los exteriores de un medio de comunicaci\u00f3n.<br \/>\nTodos los atentados ocurrieron en un per\u00edmetro aproximado de 28 kil\u00f3metros y en un radio de 3.5 kil\u00f3metros en Guayaquil.<br \/>\nEn cambio en Esmeraldas, el coche bomba se registr\u00f3 en los exteriores de una gasolinera. Mientras que el Servicio de Atenci\u00f3n Integral (SNAI), encargado de las c\u00e1rceles, confirm\u00f3 que los reos de la c\u00e1rcel de la ciudad tomaron como rehenes a ocho gu\u00edas penitenciarios. Esta acci\u00f3n se realizar\u00eda en forma de protesta ante los anuncios de traslados en la Penitenciar\u00eda del Litoral.<br \/>\nLa noche del 31 de octubre se reportaron alertas desde la Penitenciar\u00eda del Litoral. Las mismas llegaron a los familiares de los reos y a algunos periodistas se\u00f1alaban posibles traslados en los pabellones 8 y 9, liderados por las bandas criminales de Los Lobos y Los Tiguerones.<br \/>\nA partir de entonces, aunque el Servicio de Atenci\u00f3n Integral no ha confirmado oficialmente los traslados, iniciaron los atentados. Adem\u00e1s, desde la noche del lunes, los familiares de los reos de la Penitenciar\u00eda del Litoral se movilizaron a las afueras de la c\u00e1rcel para saber qu\u00e9 sucede al interno de la prisi\u00f3n y conocer el estado de sus parientes.<br \/>\nEs m\u00e1s, los panfletos que se encontraron en los exteriores de RTS, el medio de comunicaci\u00f3n que fue baleado hace algunas semanas, llevan la firma de Los Lobos y Los Tiguerones, adscritos al Cartel Jalisco Nueva Generaci\u00f3n.<br \/>\nEn la misiva se lee un mensaje de terror: \u201cSe\u00f1or presidente de la Rep\u00fablica. Si ustedes llegan a tocar a nuestra gente que se encuentra en los pabellones 8 y 9 de la Penitenciar\u00eda del Litoral, sepan que vamos a usar todo nuestro poder log\u00edstico, armamento b\u00e9lico, todas nuestras armas y todas nuestras tropas&#8230; y cr\u00e9anlo, no son pocos\u201d. Adem\u00e1s, aseguran que el actual director del SNAI, Guillermo Rodr\u00edguez, est\u00e1 vendido a los cabecillas de Los Choneros.<br \/>\nEsta serie de atentados suceden apenas a un d\u00eda del hallazgo de dos cuerpos decapitados colgados de un puente peatonal de Esmeraldas. El SNAI ha informado que en la Penitenciar\u00eda del Litoral se realiza un operativo para controlar los espacios que son vulnerados por la delincuencia organizada, mientras que la Polic\u00eda anunci\u00f3 una rueda de prensa para informar sobre los \u00faltimos hechos violentos, salvo esos no existe ning\u00fan otro pronunciamiento oficial. (Infobae).<\/p>\n","protected":false},"excerpt":{"rendered":"<p>La madrugada de ayer puso en alerta a Ecuador, en Guayaquil y Esmeraldas, dos de las ciudades m\u00e1s violentas del pa\u00eds, donde se registraron atentados con explosivos con dos polic\u00edas fallecidos en la penitenciaria del Litoral. Se registraron atentados criminales con explosivos. Esto sucede en medio de las alertas emitidas desde la Penitenciar\u00eda del Litoral, [&hellip;]<\/p>\n","protected":false},"author":1,"featured_media":119761,"comment_status":"closed","ping_status":"closed","sticky":false,"template":"","format":"standard","meta":{"_acf_changed":false,"footnotes":""},"categories":[3],"tags":[],"class_list":["post-119760","post","type-post","status-publish","format-standard","has-post-thumbnail","category-internacional"],"acf":{"antetitulo":""},"yoast_head":"<!-- This site is optimized with the Yoast SEO plugin v28.3 - https:\/\/yoast.com\/product\/yoast-seo-wordpress\/ -->\n<title>Explotan cuatro coches bomba y dos polic\u00edas mueren en Ecuador - El Diario - Bolivia<\/title>\n<meta name=\"robots\" content=\"index, follow, max-snippet:-1, max-image-preview:large, max-video-preview:-1\" \/>\n<link rel=\"canonical\" href=\"https:\/\/www.eldiario.net\/portal\/2022\/11\/02\/explotan-cuatro-coches-bomba-y-dos-policias-mueren-en-ecuador\/\" \/>\n<meta property=\"og:locale\" content=\"es_ES\" \/>\n<meta property=\"og:type\" content=\"article\" \/>\n<meta property=\"og:title\" content=\"Explotan cuatro coches bomba y dos polic\u00edas mueren en Ecuador - El Diario - Bolivia\" \/>\n<meta property=\"og:description\" content=\"La madrugada de ayer puso en alerta a Ecuador, en Guayaquil y Esmeraldas, dos de las ciudades m\u00e1s violentas del pa\u00eds, donde se registraron atentados con explosivos con dos polic\u00edas fallecidos en la penitenciaria del Litoral. Se registraron atentados criminales con explosivos. Esto sucede en medio de las alertas emitidas desde la Penitenciar\u00eda del Litoral, [&hellip;]\" \/>\n<meta property=\"og:url\" content=\"https:\/\/www.eldiario.net\/portal\/2022\/11\/02\/explotan-cuatro-coches-bomba-y-dos-policias-mueren-en-ecuador\/\" \/>\n<meta property=\"og:site_name\" content=\"El Diario - Bolivia\" \/>\n<meta property=\"article:publisher\" content=\"https:\/\/www.facebook.com\/eldiario.bolivia\/\" \/>\n<meta property=\"article:published_time\" content=\"2022-11-02T09:42:09+00:00\" \/>\n<meta name=\"author\" content=\"Jeanette\" \/>\n<meta name=\"twitter:card\" content=\"summary_large_image\" \/>\n<meta name=\"twitter:creator\" content=\"@eldiario_net\" \/>\n<meta name=\"twitter:site\" content=\"@eldiario_net\" \/>\n<meta name=\"twitter:label1\" content=\"Escrito por\" \/>\n\t<meta name=\"twitter:data1\" content=\"Jeanette\" \/>\n\t<meta name=\"twitter:label2\" content=\"Tiempo de lectura\" \/>\n\t<meta name=\"twitter:data2\" content=\"3 minutos\" \/>\n<script type=\"application\/ld+json\" class=\"yoast-schema-graph\">{\"@context\":\"https:\\\/\\\/schema.org\",\"@graph\":[{\"@type\":\"Article\",\"@id\":\"https:\\\/\\\/www.eldiario.net\\\/portal\\\/2022\\\/11\\\/02\\\/explotan-cuatro-coches-bomba-y-dos-policias-mueren-en-ecuador\\\/#article\",\"isPartOf\":{\"@id\":\"https:\\\/\\\/www.eldiario.net\\\/portal\\\/2022\\\/11\\\/02\\\/explotan-cuatro-coches-bomba-y-dos-policias-mueren-en-ecuador\\\/\"},\"author\":{\"name\":\"Jeanette\",\"@id\":\"https:\\\/\\\/www.eldiario.net\\\/portal\\\/#\\\/schema\\\/person\\\/f46445640444750d7d753ccd04ae01b7\"},\"headline\":\"Explotan cuatro coches bomba y dos polic\u00edas mueren en Ecuador\",\"datePublished\":\"2022-11-02T09:42:09+00:00\",\"mainEntityOfPage\":{\"@id\":\"https:\\\/\\\/www.eldiario.net\\\/portal\\\/2022\\\/11\\\/02\\\/explotan-cuatro-coches-bomba-y-dos-policias-mueren-en-ecuador\\\/\"},\"wordCount\":713,\"publisher\":{\"@id\":\"https:\\\/\\\/www.eldiario.net\\\/portal\\\/#organization\"},\"image\":{\"@id\":\"https:\\\/\\\/www.eldiario.net\\\/portal\\\/2022\\\/11\\\/02\\\/explotan-cuatro-coches-bomba-y-dos-policias-mueren-en-ecuador\\\/#primaryimage\"},\"thumbnailUrl\":\"\",\"articleSection\":[\"Internacional\"],\"inLanguage\":\"es\"},{\"@type\":\"WebPage\",\"@id\":\"https:\\\/\\\/www.eldiario.net\\\/portal\\\/2022\\\/11\\\/02\\\/explotan-cuatro-coches-bomba-y-dos-policias-mueren-en-ecuador\\\/\",\"url\":\"https:\\\/\\\/www.eldiario.net\\\/portal\\\/2022\\\/11\\\/02\\\/explotan-cuatro-coches-bomba-y-dos-policias-mueren-en-ecuador\\\/\",\"name\":\"Explotan cuatro coches bomba y dos polic\u00edas mueren en Ecuador - El Diario - Bolivia\",\"isPartOf\":{\"@id\":\"https:\\\/\\\/www.eldiario.net\\\/portal\\\/#website\"},\"primaryImageOfPage\":{\"@id\":\"https:\\\/\\\/www.eldiario.net\\\/portal\\\/2022\\\/11\\\/02\\\/explotan-cuatro-coches-bomba-y-dos-policias-mueren-en-ecuador\\\/#primaryimage\"},\"image\":{\"@id\":\"https:\\\/\\\/www.eldiario.net\\\/portal\\\/2022\\\/11\\\/02\\\/explotan-cuatro-coches-bomba-y-dos-policias-mueren-en-ecuador\\\/#primaryimage\"},\"thumbnailUrl\":\"\",\"datePublished\":\"2022-11-02T09:42:09+00:00\",\"breadcrumb\":{\"@id\":\"https:\\\/\\\/www.eldiario.net\\\/portal\\\/2022\\\/11\\\/02\\\/explotan-cuatro-coches-bomba-y-dos-policias-mueren-en-ecuador\\\/#breadcrumb\"},\"inLanguage\":\"es\",\"potentialAction\":[{\"@type\":\"ReadAction\",\"target\":[\"https:\\\/\\\/www.eldiario.net\\\/portal\\\/2022\\\/11\\\/02\\\/explotan-cuatro-coches-bomba-y-dos-policias-mueren-en-ecuador\\\/\"]}]},{\"@type\":\"ImageObject\",\"inLanguage\":\"es\",\"@id\":\"https:\\\/\\\/www.eldiario.net\\\/portal\\\/2022\\\/11\\\/02\\\/explotan-cuatro-coches-bomba-y-dos-policias-mueren-en-ecuador\\\/#primaryimage\",\"url\":\"\",\"contentUrl\":\"\"},{\"@type\":\"BreadcrumbList\",\"@id\":\"https:\\\/\\\/www.eldiario.net\\\/portal\\\/2022\\\/11\\\/02\\\/explotan-cuatro-coches-bomba-y-dos-policias-mueren-en-ecuador\\\/#breadcrumb\",\"itemListElement\":[{\"@type\":\"ListItem\",\"position\":1,\"name\":\"Portada\",\"item\":\"https:\\\/\\\/www.eldiario.net\\\/portal\\\/\"},{\"@type\":\"ListItem\",\"position\":2,\"name\":\"Explotan cuatro coches bomba y dos polic\u00edas mueren en Ecuador\"}]},{\"@type\":\"WebSite\",\"@id\":\"https:\\\/\\\/www.eldiario.net\\\/portal\\\/#website\",\"url\":\"https:\\\/\\\/www.eldiario.net\\\/portal\\\/\",\"name\":\"El Diario - Decano de la prensa nacional\",\"description\":\"El Diario - Decano de la prensa nacional\",\"publisher\":{\"@id\":\"https:\\\/\\\/www.eldiario.net\\\/portal\\\/#organization\"},\"potentialAction\":[{\"@type\":\"SearchAction\",\"target\":{\"@type\":\"EntryPoint\",\"urlTemplate\":\"https:\\\/\\\/www.eldiario.net\\\/portal\\\/?s={search_term_string}\"},\"query-input\":{\"@type\":\"PropertyValueSpecification\",\"valueRequired\":true,\"valueName\":\"search_term_string\"}}],\"inLanguage\":\"es\"},{\"@type\":\"Organization\",\"@id\":\"https:\\\/\\\/www.eldiario.net\\\/portal\\\/#organization\",\"name\":\"El Diario - Decano de la prensa nacional\",\"url\":\"https:\\\/\\\/www.eldiario.net\\\/portal\\\/\",\"logo\":{\"@type\":\"ImageObject\",\"inLanguage\":\"es\",\"@id\":\"https:\\\/\\\/www.eldiario.net\\\/portal\\\/#\\\/schema\\\/logo\\\/image\\\/\",\"url\":\"https:\\\/\\\/www.eldiario.net\\\/portal\\\/wp-content\\\/uploads\\\/2023\\\/07\\\/logo_ED.jpg\",\"contentUrl\":\"https:\\\/\\\/www.eldiario.net\\\/portal\\\/wp-content\\\/uploads\\\/2023\\\/07\\\/logo_ED.jpg\",\"width\":272,\"height\":52,\"caption\":\"El Diario - Decano de la prensa nacional\"},\"image\":{\"@id\":\"https:\\\/\\\/www.eldiario.net\\\/portal\\\/#\\\/schema\\\/logo\\\/image\\\/\"},\"sameAs\":[\"https:\\\/\\\/www.facebook.com\\\/eldiario.bolivia\\\/\",\"https:\\\/\\\/x.com\\\/eldiario_net\"]},{\"@type\":\"Person\",\"@id\":\"https:\\\/\\\/www.eldiario.net\\\/portal\\\/#\\\/schema\\\/person\\\/f46445640444750d7d753ccd04ae01b7\",\"name\":\"Jeanette\",\"image\":{\"@type\":\"ImageObject\",\"inLanguage\":\"es\",\"@id\":\"https:\\\/\\\/secure.gravatar.com\\\/avatar\\\/3ea2118a5f7dad2b7138b1187a6b7ee55f160b9968b66013c3a3ef39dd7e5798?s=96&d=mm&r=g\",\"url\":\"https:\\\/\\\/secure.gravatar.com\\\/avatar\\\/3ea2118a5f7dad2b7138b1187a6b7ee55f160b9968b66013c3a3ef39dd7e5798?s=96&d=mm&r=g\",\"contentUrl\":\"https:\\\/\\\/secure.gravatar.com\\\/avatar\\\/3ea2118a5f7dad2b7138b1187a6b7ee55f160b9968b66013c3a3ef39dd7e5798?s=96&d=mm&r=g\",\"caption\":\"Jeanette\"},\"sameAs\":[\"https:\\\/\\\/www.eldiario.net\\\/portal\"],\"url\":\"https:\\\/\\\/www.eldiario.net\\\/portal\\\/author\\\/jeanette\\\/\"}]}<\/script>\n<!-- \/ Yoast SEO plugin. -->","yoast_head_json":{"title":"Explotan cuatro coches bomba y dos polic\u00edas mueren en Ecuador - El Diario - Bolivia","robots":{"index":"index","follow":"follow","max-snippet":"max-snippet:-1","max-image-preview":"max-image-preview:large","max-video-preview":"max-video-preview:-1"},"canonical":"https:\/\/www.eldiario.net\/portal\/2022\/11\/02\/explotan-cuatro-coches-bomba-y-dos-policias-mueren-en-ecuador\/","og_locale":"es_ES","og_type":"article","og_title":"Explotan cuatro coches bomba y dos polic\u00edas mueren en Ecuador - El Diario - Bolivia","og_description":"La madrugada de ayer puso en alerta a Ecuador, en Guayaquil y Esmeraldas, dos de las ciudades m\u00e1s violentas del pa\u00eds, donde se registraron atentados con explosivos con dos polic\u00edas fallecidos en la penitenciaria del Litoral. Se registraron atentados criminales con explosivos. Esto sucede en medio de las alertas emitidas desde la Penitenciar\u00eda del Litoral, [&hellip;]","og_url":"https:\/\/www.eldiario.net\/portal\/2022\/11\/02\/explotan-cuatro-coches-bomba-y-dos-policias-mueren-en-ecuador\/","og_site_name":"El Diario - Bolivia","article_publisher":"https:\/\/www.facebook.com\/eldiario.bolivia\/","article_published_time":"2022-11-02T09:42:09+00:00","author":"Jeanette","twitter_card":"summary_large_image","twitter_creator":"@eldiario_net","twitter_site":"@eldiario_net","twitter_misc":{"Escrito por":"Jeanette","Tiempo de lectura":"3 minutos"},"schema":{"@context":"https:\/\/schema.org","@graph":[{"@type":"Article","@id":"https:\/\/www.eldiario.net\/portal\/2022\/11\/02\/explotan-cuatro-coches-bomba-y-dos-policias-mueren-en-ecuador\/#article","isPartOf":{"@id":"https:\/\/www.eldiario.net\/portal\/2022\/11\/02\/explotan-cuatro-coches-bomba-y-dos-policias-mueren-en-ecuador\/"},"author":{"name":"Jeanette","@id":"https:\/\/www.eldiario.net\/portal\/#\/schema\/person\/f46445640444750d7d753ccd04ae01b7"},"headline":"Explotan cuatro coches bomba y dos polic\u00edas mueren en Ecuador","datePublished":"2022-11-02T09:42:09+00:00","mainEntityOfPage":{"@id":"https:\/\/www.eldiario.net\/portal\/2022\/11\/02\/explotan-cuatro-coches-bomba-y-dos-policias-mueren-en-ecuador\/"},"wordCount":713,"publisher":{"@id":"https:\/\/www.eldiario.net\/portal\/#organization"},"image":{"@id":"https:\/\/www.eldiario.net\/portal\/2022\/11\/02\/explotan-cuatro-coches-bomba-y-dos-policias-mueren-en-ecuador\/#primaryimage"},"thumbnailUrl":"","articleSection":["Internacional"],"inLanguage":"es"},{"@type":"WebPage","@id":"https:\/\/www.eldiario.net\/portal\/2022\/11\/02\/explotan-cuatro-coches-bomba-y-dos-policias-mueren-en-ecuador\/","url":"https:\/\/www.eldiario.net\/portal\/2022\/11\/02\/explotan-cuatro-coches-bomba-y-dos-policias-mueren-en-ecuador\/","name":"Explotan cuatro coches bomba y dos polic\u00edas mueren en Ecuador - El Diario - Bolivia","isPartOf":{"@id":"https:\/\/www.eldiario.net\/portal\/#website"},"primaryImageOfPage":{"@id":"https:\/\/www.eldiario.net\/portal\/2022\/11\/02\/explotan-cuatro-coches-bomba-y-dos-policias-mueren-en-ecuador\/#primaryimage"},"image":{"@id":"https:\/\/www.eldiario.net\/portal\/2022\/11\/02\/explotan-cuatro-coches-bomba-y-dos-policias-mueren-en-ecuador\/#primaryimage"},"thumbnailUrl":"","datePublished":"2022-11-02T09:42:09+00:00","breadcrumb":{"@id":"https:\/\/www.eldiario.net\/portal\/2022\/11\/02\/explotan-cuatro-coches-bomba-y-dos-policias-mueren-en-ecuador\/#breadcrumb"},"inLanguage":"es","potentialAction":[{"@type":"ReadAction","target":["https:\/\/www.eldiario.net\/portal\/2022\/11\/02\/explotan-cuatro-coches-bomba-y-dos-policias-mueren-en-ecuador\/"]}]},{"@type":"ImageObject","inLanguage":"es","@id":"https:\/\/www.eldiario.net\/portal\/2022\/11\/02\/explotan-cuatro-coches-bomba-y-dos-policias-mueren-en-ecuador\/#primaryimage","url":"","contentUrl":""},{"@type":"BreadcrumbList","@id":"https:\/\/www.eldiario.net\/portal\/2022\/11\/02\/explotan-cuatro-coches-bomba-y-dos-policias-mueren-en-ecuador\/#breadcrumb","itemListElement":[{"@type":"ListItem","position":1,"name":"Portada","item":"https:\/\/www.eldiario.net\/portal\/"},{"@type":"ListItem","position":2,"name":"Explotan cuatro coches bomba y dos polic\u00edas mueren en Ecuador"}]},{"@type":"WebSite","@id":"https:\/\/www.eldiario.net\/portal\/#website","url":"https:\/\/www.eldiario.net\/portal\/","name":"El Diario - Decano de la prensa nacional","description":"El Diario - Decano de la prensa nacional","publisher":{"@id":"https:\/\/www.eldiario.net\/portal\/#organization"},"potentialAction":[{"@type":"SearchAction","target":{"@type":"EntryPoint","urlTemplate":"https:\/\/www.eldiario.net\/portal\/?s={search_term_string}"},"query-input":{"@type":"PropertyValueSpecification","valueRequired":true,"valueName":"search_term_string"}}],"inLanguage":"es"},{"@type":"Organization","@id":"https:\/\/www.eldiario.net\/portal\/#organization","name":"El Diario - Decano de la prensa nacional","url":"https:\/\/www.eldiario.net\/portal\/","logo":{"@type":"ImageObject","inLanguage":"es","@id":"https:\/\/www.eldiario.net\/portal\/#\/schema\/logo\/image\/","url":"https:\/\/www.eldiario.net\/portal\/wp-content\/uploads\/2023\/07\/logo_ED.jpg","contentUrl":"https:\/\/www.eldiario.net\/portal\/wp-content\/uploads\/2023\/07\/logo_ED.jpg","width":272,"height":52,"caption":"El Diario - Decano de la prensa nacional"},"image":{"@id":"https:\/\/www.eldiario.net\/portal\/#\/schema\/logo\/image\/"},"sameAs":["https:\/\/www.facebook.com\/eldiario.bolivia\/","https:\/\/x.com\/eldiario_net"]},{"@type":"Person","@id":"https:\/\/www.eldiario.net\/portal\/#\/schema\/person\/f46445640444750d7d753ccd04ae01b7","name":"Jeanette","image":{"@type":"ImageObject","inLanguage":"es","@id":"https:\/\/secure.gravatar.com\/avatar\/3ea2118a5f7dad2b7138b1187a6b7ee55f160b9968b66013c3a3ef39dd7e5798?s=96&d=mm&r=g","url":"https:\/\/secure.gravatar.com\/avatar\/3ea2118a5f7dad2b7138b1187a6b7ee55f160b9968b66013c3a3ef39dd7e5798?s=96&d=mm&r=g","contentUrl":"https:\/\/secure.gravatar.com\/avatar\/3ea2118a5f7dad2b7138b1187a6b7ee55f160b9968b66013c3a3ef39dd7e5798?s=96&d=mm&r=g","caption":"Jeanette"},"sameAs":["https:\/\/www.eldiario.net\/portal"],"url":"https:\/\/www.eldiario.net\/portal\/author\/jeanette\/"}]}},"_links":{"self":[{"href":"https:\/\/www.eldiario.net\/portal\/wp-json\/wp\/v2\/posts\/119760","targetHints":{"allow":["GET"]}}],"collection":[{"href":"https:\/\/www.eldiario.net\/portal\/wp-json\/wp\/v2\/posts"}],"about":[{"href":"https:\/\/www.eldiario.net\/portal\/wp-json\/wp\/v2\/types\/post"}],"author":[{"embeddable":true,"href":"https:\/\/www.eldiario.net\/portal\/wp-json\/wp\/v2\/users\/1"}],"replies":[{"embeddable":true,"href":"https:\/\/www.eldiario.net\/portal\/wp-json\/wp\/v2\/comments?post=119760"}],"version-history":[{"count":0,"href":"https:\/\/www.eldiario.net\/portal\/wp-json\/wp\/v2\/posts\/119760\/revisions"}],"wp:attachment":[{"href":"https:\/\/www.eldiario.net\/portal\/wp-json\/wp\/v2\/media?parent=119760"}],"wp:term":[{"taxonomy":"category","embeddable":true,"href":"https:\/\/www.eldiario.net\/portal\/wp-json\/wp\/v2\/categories?post=119760"},{"taxonomy":"post_tag","embeddable":true,"href":"https:\/\/www.eldiario.net\/portal\/wp-json\/wp\/v2\/tags?post=119760"}],"curies":[{"name":"wp","href":"https:\/\/api.w.org\/{rel}","templated":true}]}}