{"id":119754,"date":"2022-11-02T05:40:09","date_gmt":"2022-11-02T09:40:09","guid":{"rendered":"https:\/\/www.eldiario.net\/portal\/?p=119754"},"modified":"2022-11-02T05:40:09","modified_gmt":"2022-11-02T09:40:09","slug":"bolsonaro-habla-por-primera-vez-tras-su-derrota-electoral","status":"publish","type":"post","link":"https:\/\/www.eldiario.net\/portal\/2022\/11\/02\/bolsonaro-habla-por-primera-vez-tras-su-derrota-electoral\/","title":{"rendered":"Bolsonaro habla por primera  vez tras su derrota electoral"},"content":{"rendered":"<p>El presidente brasile\u00f1o, Jair Bolsonaro, segu\u00eda en silencio y sin comentar la victoria electoral de Luiz In\u00e1cio Lula da Silva, frente a la que se han rebelado grupos de camioneros de derecha que exigen una intervenci\u00f3n militar.<br \/>\nSin embargo, el ministro de comunicaciones, F\u00e1bio Faria, inform\u00f3 que el mandatario hizo una declaraci\u00f3n oficial sobre su derrota electoral y agreg\u00f3 que el l\u00edder de derecha no impugnar\u00e1 los resultados en el balotaje del domingo.<br \/>\nTras el triunfo de Lula, Bolsonaro super\u00f3 m\u00e1s de las 36 horas de silencio sin sostener reuniones p\u00fablicas.<br \/>\nEl l\u00edder de la derecha se ha recluido en su residencia oficial, en Brasilia, que solo dej\u00f3 para dirigirse al Palacio presidencial, pero sin hablar y con sus redes sociales, siempre febriles, totalmente mudas durante los \u00faltimos tres d\u00edas.<br \/>\nMientras el gobernante calla, grupos de camioneros bloquearon carreteras en casi todo el pa\u00eds desde la madrugada del lunes y, seg\u00fan videos divulgados en las redes sociales por cabecillas de esa rebeli\u00f3n, s\u00f3lo pondr\u00e1n fin a la protesta cuando el Ej\u00e9rcito intervenga para impedir que vuelva el comunismo.<br \/>\nEn un dur\u00edsimo editorial, el influyente diario O Globo calific\u00f3 esa protesta como el Capitolio de los camioneros, en alusi\u00f3n a los disturbios provocados en Washington por seguidores de Donald Trump en enero de 2020.<br \/>\nLa Corte Suprema se ha puesto firme y ordenado que las fuerzas de seguridad depongan la actitud de los camioneros golpistas, a los que ha amenazado con dur\u00edsimas sanciones penales y pecuniarias.<br \/>\nEl ministro de Justicia, Anderson Torres, asegur\u00f3 ayer que la Polic\u00eda Federal de Carreteras (PRF, por sus siglas en portugu\u00e9s) act\u00faa de forma ininterrumpida y que ya ha despejado el tr\u00e1nsito en 192 puntos de bloqueo.<br \/>\nSin embargo, la propia PRF inform\u00f3 este mismo d\u00eda que todav\u00eda hab\u00eda 267 bloqueos parciales o totales en carreteras de 23 de los 27 estados del pa\u00eds.<br \/>\nUno de ellos, cercano al aeropuerto internacional de Guarulhos, en Sao Paulo, en el que se inform\u00f3 que, por esa situaci\u00f3n, 25 vuelos fueron cancelados desde la noche del lunes.<br \/>\nEl gobernador de Sao Paulo, Rodrigo Garc\u00eda, garantiz\u00f3 que ser\u00e1 empleada toda la fuerza necesaria contra los camioneros, a los que record\u00f3 que las elecciones acabaron, que existe un resultado de las urnas y que hay un presidente electo, que es Lula. (Infobae).<br \/>\nEn el mismo sentido se pronunci\u00f3 el gobernador de Minas Gerais, Romeu Zema, quien al igual que Garc\u00eda apoy\u00f3 a Bolsonaro durante el proceso electoral.<br \/>\nLa protesta tambi\u00e9n fue desautorizada por la Confederaci\u00f3n Nacional del Transporte (CNT, patronal) y por todos los gremios formales de camioneros, que aclararon que el movimiento es liderado por peque\u00f1os grupos de aut\u00f3nomos.<\/p>\n","protected":false},"excerpt":{"rendered":"<p>El presidente brasile\u00f1o, Jair Bolsonaro, segu\u00eda en silencio y sin comentar la victoria electoral de Luiz In\u00e1cio Lula da Silva, frente a la que se han rebelado grupos de camioneros de derecha que exigen una intervenci\u00f3n militar. Sin embargo, el ministro de comunicaciones, F\u00e1bio Faria, inform\u00f3 que el mandatario hizo una declaraci\u00f3n oficial sobre su [&hellip;]<\/p>\n","protected":false},"author":1,"featured_media":119755,"comment_status":"closed","ping_status":"closed","sticky":false,"template":"","format":"standard","meta":{"_acf_changed":false,"footnotes":""},"categories":[3],"tags":[],"class_list":["post-119754","post","type-post","status-publish","format-standard","has-post-thumbnail","category-internacional"],"acf":{"antetitulo":""},"yoast_head":"<!-- This site is optimized with the Yoast SEO plugin v28.3 - https:\/\/yoast.com\/product\/yoast-seo-wordpress\/ -->\n<title>Bolsonaro habla por primera vez tras su derrota electoral - El Diario - Bolivia<\/title>\n<meta name=\"robots\" content=\"index, follow, max-snippet:-1, max-image-preview:large, max-video-preview:-1\" \/>\n<link rel=\"canonical\" href=\"https:\/\/www.eldiario.net\/portal\/2022\/11\/02\/bolsonaro-habla-por-primera-vez-tras-su-derrota-electoral\/\" \/>\n<meta property=\"og:locale\" content=\"es_ES\" \/>\n<meta property=\"og:type\" content=\"article\" \/>\n<meta property=\"og:title\" content=\"Bolsonaro habla por primera vez tras su derrota electoral - El Diario - Bolivia\" \/>\n<meta property=\"og:description\" content=\"El presidente brasile\u00f1o, Jair Bolsonaro, segu\u00eda en silencio y sin comentar la victoria electoral de Luiz In\u00e1cio Lula da Silva, frente a la que se han rebelado grupos de camioneros de derecha que exigen una intervenci\u00f3n militar. Sin embargo, el ministro de comunicaciones, F\u00e1bio Faria, inform\u00f3 que el mandatario hizo una declaraci\u00f3n oficial sobre su [&hellip;]\" \/>\n<meta property=\"og:url\" content=\"https:\/\/www.eldiario.net\/portal\/2022\/11\/02\/bolsonaro-habla-por-primera-vez-tras-su-derrota-electoral\/\" \/>\n<meta property=\"og:site_name\" content=\"El Diario - Bolivia\" \/>\n<meta property=\"article:publisher\" content=\"https:\/\/www.facebook.com\/eldiario.bolivia\/\" \/>\n<meta property=\"article:published_time\" content=\"2022-11-02T09:40:09+00:00\" \/>\n<meta name=\"author\" content=\"Jeanette\" \/>\n<meta name=\"twitter:card\" content=\"summary_large_image\" \/>\n<meta name=\"twitter:creator\" content=\"@eldiario_net\" \/>\n<meta name=\"twitter:site\" content=\"@eldiario_net\" \/>\n<meta name=\"twitter:label1\" content=\"Escrito por\" \/>\n\t<meta name=\"twitter:data1\" content=\"Jeanette\" \/>\n\t<meta name=\"twitter:label2\" content=\"Tiempo de lectura\" \/>\n\t<meta name=\"twitter:data2\" content=\"3 minutos\" \/>\n<script type=\"application\/ld+json\" class=\"yoast-schema-graph\">{\"@context\":\"https:\\\/\\\/schema.org\",\"@graph\":[{\"@type\":\"Article\",\"@id\":\"https:\\\/\\\/www.eldiario.net\\\/portal\\\/2022\\\/11\\\/02\\\/bolsonaro-habla-por-primera-vez-tras-su-derrota-electoral\\\/#article\",\"isPartOf\":{\"@id\":\"https:\\\/\\\/www.eldiario.net\\\/portal\\\/2022\\\/11\\\/02\\\/bolsonaro-habla-por-primera-vez-tras-su-derrota-electoral\\\/\"},\"author\":{\"name\":\"Jeanette\",\"@id\":\"https:\\\/\\\/www.eldiario.net\\\/portal\\\/#\\\/schema\\\/person\\\/f46445640444750d7d753ccd04ae01b7\"},\"headline\":\"Bolsonaro habla por primera vez tras su derrota electoral\",\"datePublished\":\"2022-11-02T09:40:09+00:00\",\"mainEntityOfPage\":{\"@id\":\"https:\\\/\\\/www.eldiario.net\\\/portal\\\/2022\\\/11\\\/02\\\/bolsonaro-habla-por-primera-vez-tras-su-derrota-electoral\\\/\"},\"wordCount\":476,\"publisher\":{\"@id\":\"https:\\\/\\\/www.eldiario.net\\\/portal\\\/#organization\"},\"image\":{\"@id\":\"https:\\\/\\\/www.eldiario.net\\\/portal\\\/2022\\\/11\\\/02\\\/bolsonaro-habla-por-primera-vez-tras-su-derrota-electoral\\\/#primaryimage\"},\"thumbnailUrl\":\"\",\"articleSection\":[\"Internacional\"],\"inLanguage\":\"es\"},{\"@type\":\"WebPage\",\"@id\":\"https:\\\/\\\/www.eldiario.net\\\/portal\\\/2022\\\/11\\\/02\\\/bolsonaro-habla-por-primera-vez-tras-su-derrota-electoral\\\/\",\"url\":\"https:\\\/\\\/www.eldiario.net\\\/portal\\\/2022\\\/11\\\/02\\\/bolsonaro-habla-por-primera-vez-tras-su-derrota-electoral\\\/\",\"name\":\"Bolsonaro habla por primera vez tras su derrota electoral - El Diario - Bolivia\",\"isPartOf\":{\"@id\":\"https:\\\/\\\/www.eldiario.net\\\/portal\\\/#website\"},\"primaryImageOfPage\":{\"@id\":\"https:\\\/\\\/www.eldiario.net\\\/portal\\\/2022\\\/11\\\/02\\\/bolsonaro-habla-por-primera-vez-tras-su-derrota-electoral\\\/#primaryimage\"},\"image\":{\"@id\":\"https:\\\/\\\/www.eldiario.net\\\/portal\\\/2022\\\/11\\\/02\\\/bolsonaro-habla-por-primera-vez-tras-su-derrota-electoral\\\/#primaryimage\"},\"thumbnailUrl\":\"\",\"datePublished\":\"2022-11-02T09:40:09+00:00\",\"breadcrumb\":{\"@id\":\"https:\\\/\\\/www.eldiario.net\\\/portal\\\/2022\\\/11\\\/02\\\/bolsonaro-habla-por-primera-vez-tras-su-derrota-electoral\\\/#breadcrumb\"},\"inLanguage\":\"es\",\"potentialAction\":[{\"@type\":\"ReadAction\",\"target\":[\"https:\\\/\\\/www.eldiario.net\\\/portal\\\/2022\\\/11\\\/02\\\/bolsonaro-habla-por-primera-vez-tras-su-derrota-electoral\\\/\"]}]},{\"@type\":\"ImageObject\",\"inLanguage\":\"es\",\"@id\":\"https:\\\/\\\/www.eldiario.net\\\/portal\\\/2022\\\/11\\\/02\\\/bolsonaro-habla-por-primera-vez-tras-su-derrota-electoral\\\/#primaryimage\",\"url\":\"\",\"contentUrl\":\"\"},{\"@type\":\"BreadcrumbList\",\"@id\":\"https:\\\/\\\/www.eldiario.net\\\/portal\\\/2022\\\/11\\\/02\\\/bolsonaro-habla-por-primera-vez-tras-su-derrota-electoral\\\/#breadcrumb\",\"itemListElement\":[{\"@type\":\"ListItem\",\"position\":1,\"name\":\"Portada\",\"item\":\"https:\\\/\\\/www.eldiario.net\\\/portal\\\/\"},{\"@type\":\"ListItem\",\"position\":2,\"name\":\"Bolsonaro habla por primera vez tras su derrota electoral\"}]},{\"@type\":\"WebSite\",\"@id\":\"https:\\\/\\\/www.eldiario.net\\\/portal\\\/#website\",\"url\":\"https:\\\/\\\/www.eldiario.net\\\/portal\\\/\",\"name\":\"El Diario - Decano de la prensa nacional\",\"description\":\"El Diario - Decano de la prensa nacional\",\"publisher\":{\"@id\":\"https:\\\/\\\/www.eldiario.net\\\/portal\\\/#organization\"},\"potentialAction\":[{\"@type\":\"SearchAction\",\"target\":{\"@type\":\"EntryPoint\",\"urlTemplate\":\"https:\\\/\\\/www.eldiario.net\\\/portal\\\/?s={search_term_string}\"},\"query-input\":{\"@type\":\"PropertyValueSpecification\",\"valueRequired\":true,\"valueName\":\"search_term_string\"}}],\"inLanguage\":\"es\"},{\"@type\":\"Organization\",\"@id\":\"https:\\\/\\\/www.eldiario.net\\\/portal\\\/#organization\",\"name\":\"El Diario - Decano de la prensa nacional\",\"url\":\"https:\\\/\\\/www.eldiario.net\\\/portal\\\/\",\"logo\":{\"@type\":\"ImageObject\",\"inLanguage\":\"es\",\"@id\":\"https:\\\/\\\/www.eldiario.net\\\/portal\\\/#\\\/schema\\\/logo\\\/image\\\/\",\"url\":\"https:\\\/\\\/www.eldiario.net\\\/portal\\\/wp-content\\\/uploads\\\/2023\\\/07\\\/logo_ED.jpg\",\"contentUrl\":\"https:\\\/\\\/www.eldiario.net\\\/portal\\\/wp-content\\\/uploads\\\/2023\\\/07\\\/logo_ED.jpg\",\"width\":272,\"height\":52,\"caption\":\"El Diario - Decano de la prensa nacional\"},\"image\":{\"@id\":\"https:\\\/\\\/www.eldiario.net\\\/portal\\\/#\\\/schema\\\/logo\\\/image\\\/\"},\"sameAs\":[\"https:\\\/\\\/www.facebook.com\\\/eldiario.bolivia\\\/\",\"https:\\\/\\\/x.com\\\/eldiario_net\"]},{\"@type\":\"Person\",\"@id\":\"https:\\\/\\\/www.eldiario.net\\\/portal\\\/#\\\/schema\\\/person\\\/f46445640444750d7d753ccd04ae01b7\",\"name\":\"Jeanette\",\"image\":{\"@type\":\"ImageObject\",\"inLanguage\":\"es\",\"@id\":\"https:\\\/\\\/secure.gravatar.com\\\/avatar\\\/3ea2118a5f7dad2b7138b1187a6b7ee55f160b9968b66013c3a3ef39dd7e5798?s=96&d=mm&r=g\",\"url\":\"https:\\\/\\\/secure.gravatar.com\\\/avatar\\\/3ea2118a5f7dad2b7138b1187a6b7ee55f160b9968b66013c3a3ef39dd7e5798?s=96&d=mm&r=g\",\"contentUrl\":\"https:\\\/\\\/secure.gravatar.com\\\/avatar\\\/3ea2118a5f7dad2b7138b1187a6b7ee55f160b9968b66013c3a3ef39dd7e5798?s=96&d=mm&r=g\",\"caption\":\"Jeanette\"},\"sameAs\":[\"https:\\\/\\\/www.eldiario.net\\\/portal\"],\"url\":\"https:\\\/\\\/www.eldiario.net\\\/portal\\\/author\\\/jeanette\\\/\"}]}<\/script>\n<!-- \/ Yoast SEO plugin. -->","yoast_head_json":{"title":"Bolsonaro habla por primera vez tras su derrota electoral - El Diario - Bolivia","robots":{"index":"index","follow":"follow","max-snippet":"max-snippet:-1","max-image-preview":"max-image-preview:large","max-video-preview":"max-video-preview:-1"},"canonical":"https:\/\/www.eldiario.net\/portal\/2022\/11\/02\/bolsonaro-habla-por-primera-vez-tras-su-derrota-electoral\/","og_locale":"es_ES","og_type":"article","og_title":"Bolsonaro habla por primera vez tras su derrota electoral - El Diario - Bolivia","og_description":"El presidente brasile\u00f1o, Jair Bolsonaro, segu\u00eda en silencio y sin comentar la victoria electoral de Luiz In\u00e1cio Lula da Silva, frente a la que se han rebelado grupos de camioneros de derecha que exigen una intervenci\u00f3n militar. Sin embargo, el ministro de comunicaciones, F\u00e1bio Faria, inform\u00f3 que el mandatario hizo una declaraci\u00f3n oficial sobre su [&hellip;]","og_url":"https:\/\/www.eldiario.net\/portal\/2022\/11\/02\/bolsonaro-habla-por-primera-vez-tras-su-derrota-electoral\/","og_site_name":"El Diario - Bolivia","article_publisher":"https:\/\/www.facebook.com\/eldiario.bolivia\/","article_published_time":"2022-11-02T09:40:09+00:00","author":"Jeanette","twitter_card":"summary_large_image","twitter_creator":"@eldiario_net","twitter_site":"@eldiario_net","twitter_misc":{"Escrito por":"Jeanette","Tiempo de lectura":"3 minutos"},"schema":{"@context":"https:\/\/schema.org","@graph":[{"@type":"Article","@id":"https:\/\/www.eldiario.net\/portal\/2022\/11\/02\/bolsonaro-habla-por-primera-vez-tras-su-derrota-electoral\/#article","isPartOf":{"@id":"https:\/\/www.eldiario.net\/portal\/2022\/11\/02\/bolsonaro-habla-por-primera-vez-tras-su-derrota-electoral\/"},"author":{"name":"Jeanette","@id":"https:\/\/www.eldiario.net\/portal\/#\/schema\/person\/f46445640444750d7d753ccd04ae01b7"},"headline":"Bolsonaro habla por primera vez tras su derrota electoral","datePublished":"2022-11-02T09:40:09+00:00","mainEntityOfPage":{"@id":"https:\/\/www.eldiario.net\/portal\/2022\/11\/02\/bolsonaro-habla-por-primera-vez-tras-su-derrota-electoral\/"},"wordCount":476,"publisher":{"@id":"https:\/\/www.eldiario.net\/portal\/#organization"},"image":{"@id":"https:\/\/www.eldiario.net\/portal\/2022\/11\/02\/bolsonaro-habla-por-primera-vez-tras-su-derrota-electoral\/#primaryimage"},"thumbnailUrl":"","articleSection":["Internacional"],"inLanguage":"es"},{"@type":"WebPage","@id":"https:\/\/www.eldiario.net\/portal\/2022\/11\/02\/bolsonaro-habla-por-primera-vez-tras-su-derrota-electoral\/","url":"https:\/\/www.eldiario.net\/portal\/2022\/11\/02\/bolsonaro-habla-por-primera-vez-tras-su-derrota-electoral\/","name":"Bolsonaro habla por primera vez tras su derrota electoral - El Diario - Bolivia","isPartOf":{"@id":"https:\/\/www.eldiario.net\/portal\/#website"},"primaryImageOfPage":{"@id":"https:\/\/www.eldiario.net\/portal\/2022\/11\/02\/bolsonaro-habla-por-primera-vez-tras-su-derrota-electoral\/#primaryimage"},"image":{"@id":"https:\/\/www.eldiario.net\/portal\/2022\/11\/02\/bolsonaro-habla-por-primera-vez-tras-su-derrota-electoral\/#primaryimage"},"thumbnailUrl":"","datePublished":"2022-11-02T09:40:09+00:00","breadcrumb":{"@id":"https:\/\/www.eldiario.net\/portal\/2022\/11\/02\/bolsonaro-habla-por-primera-vez-tras-su-derrota-electoral\/#breadcrumb"},"inLanguage":"es","potentialAction":[{"@type":"ReadAction","target":["https:\/\/www.eldiario.net\/portal\/2022\/11\/02\/bolsonaro-habla-por-primera-vez-tras-su-derrota-electoral\/"]}]},{"@type":"ImageObject","inLanguage":"es","@id":"https:\/\/www.eldiario.net\/portal\/2022\/11\/02\/bolsonaro-habla-por-primera-vez-tras-su-derrota-electoral\/#primaryimage","url":"","contentUrl":""},{"@type":"BreadcrumbList","@id":"https:\/\/www.eldiario.net\/portal\/2022\/11\/02\/bolsonaro-habla-por-primera-vez-tras-su-derrota-electoral\/#breadcrumb","itemListElement":[{"@type":"ListItem","position":1,"name":"Portada","item":"https:\/\/www.eldiario.net\/portal\/"},{"@type":"ListItem","position":2,"name":"Bolsonaro habla por primera vez tras su derrota electoral"}]},{"@type":"WebSite","@id":"https:\/\/www.eldiario.net\/portal\/#website","url":"https:\/\/www.eldiario.net\/portal\/","name":"El Diario - Decano de la prensa nacional","description":"El Diario - Decano de la prensa nacional","publisher":{"@id":"https:\/\/www.eldiario.net\/portal\/#organization"},"potentialAction":[{"@type":"SearchAction","target":{"@type":"EntryPoint","urlTemplate":"https:\/\/www.eldiario.net\/portal\/?s={search_term_string}"},"query-input":{"@type":"PropertyValueSpecification","valueRequired":true,"valueName":"search_term_string"}}],"inLanguage":"es"},{"@type":"Organization","@id":"https:\/\/www.eldiario.net\/portal\/#organization","name":"El Diario - Decano de la prensa nacional","url":"https:\/\/www.eldiario.net\/portal\/","logo":{"@type":"ImageObject","inLanguage":"es","@id":"https:\/\/www.eldiario.net\/portal\/#\/schema\/logo\/image\/","url":"https:\/\/www.eldiario.net\/portal\/wp-content\/uploads\/2023\/07\/logo_ED.jpg","contentUrl":"https:\/\/www.eldiario.net\/portal\/wp-content\/uploads\/2023\/07\/logo_ED.jpg","width":272,"height":52,"caption":"El Diario - Decano de la prensa nacional"},"image":{"@id":"https:\/\/www.eldiario.net\/portal\/#\/schema\/logo\/image\/"},"sameAs":["https:\/\/www.facebook.com\/eldiario.bolivia\/","https:\/\/x.com\/eldiario_net"]},{"@type":"Person","@id":"https:\/\/www.eldiario.net\/portal\/#\/schema\/person\/f46445640444750d7d753ccd04ae01b7","name":"Jeanette","image":{"@type":"ImageObject","inLanguage":"es","@id":"https:\/\/secure.gravatar.com\/avatar\/3ea2118a5f7dad2b7138b1187a6b7ee55f160b9968b66013c3a3ef39dd7e5798?s=96&d=mm&r=g","url":"https:\/\/secure.gravatar.com\/avatar\/3ea2118a5f7dad2b7138b1187a6b7ee55f160b9968b66013c3a3ef39dd7e5798?s=96&d=mm&r=g","contentUrl":"https:\/\/secure.gravatar.com\/avatar\/3ea2118a5f7dad2b7138b1187a6b7ee55f160b9968b66013c3a3ef39dd7e5798?s=96&d=mm&r=g","caption":"Jeanette"},"sameAs":["https:\/\/www.eldiario.net\/portal"],"url":"https:\/\/www.eldiario.net\/portal\/author\/jeanette\/"}]}},"_links":{"self":[{"href":"https:\/\/www.eldiario.net\/portal\/wp-json\/wp\/v2\/posts\/119754","targetHints":{"allow":["GET"]}}],"collection":[{"href":"https:\/\/www.eldiario.net\/portal\/wp-json\/wp\/v2\/posts"}],"about":[{"href":"https:\/\/www.eldiario.net\/portal\/wp-json\/wp\/v2\/types\/post"}],"author":[{"embeddable":true,"href":"https:\/\/www.eldiario.net\/portal\/wp-json\/wp\/v2\/users\/1"}],"replies":[{"embeddable":true,"href":"https:\/\/www.eldiario.net\/portal\/wp-json\/wp\/v2\/comments?post=119754"}],"version-history":[{"count":0,"href":"https:\/\/www.eldiario.net\/portal\/wp-json\/wp\/v2\/posts\/119754\/revisions"}],"wp:attachment":[{"href":"https:\/\/www.eldiario.net\/portal\/wp-json\/wp\/v2\/media?parent=119754"}],"wp:term":[{"taxonomy":"category","embeddable":true,"href":"https:\/\/www.eldiario.net\/portal\/wp-json\/wp\/v2\/categories?post=119754"},{"taxonomy":"post_tag","embeddable":true,"href":"https:\/\/www.eldiario.net\/portal\/wp-json\/wp\/v2\/tags?post=119754"}],"curies":[{"name":"wp","href":"https:\/\/api.w.org\/{rel}","templated":true}]}}