{"id":119749,"date":"2022-11-02T05:38:38","date_gmt":"2022-11-02T09:38:38","guid":{"rendered":"https:\/\/www.eldiario.net\/portal\/?p=119749"},"modified":"2022-11-02T05:38:38","modified_gmt":"2022-11-02T09:38:38","slug":"mocedades-sinfonico","status":"publish","type":"post","link":"https:\/\/www.eldiario.net\/portal\/2022\/11\/02\/mocedades-sinfonico\/","title":{"rendered":"Mocedades Sinf\u00f3nico"},"content":{"rendered":"<p>Hoy en Cvltvral tenemos como invitados de lujo a los organizadores de un evento sin mucho precedente en el pa\u00eds, tener a un grupo del revuelo de \u201cMocedades\u201d no es f\u00e1cil y podemos aseverar lo dicho con seguridad. Varios grupos de importancia han llegado al pa\u00eds \u00faltimamente, incluyendo a Pl\u00e1cido Domingo recientemente, pero esta presentaci\u00f3n significa mucho art\u00edsticamente hablando, ya que nos referimos a uno de los grupos m\u00e1s representativos de una \u00e9poca y aqu\u00ed tenemos algunos detalles\u2026 sean todos bienvenidos al show.<\/p>\n<p><strong>\u00bfC\u00f3mo se gesta un show internacional de tal magnitud en nuestro pa\u00eds?<\/strong><br \/>\nBajo la iniciativa de \u201cSich\u201d y \u201cSuma Producciones\u201d empresas productoras con gran trayectoria, reconocidas en el pa\u00eds por brindar eventos ambiciosos en el pa\u00eds. Ambas productoras contactan a \u201cMocedades\u201d, grupo de gran magnitud, pensando en un segmento adulto; al cual garantizan un show de alto nivel, con todas las exigencias y condiciones log\u00edsticas, t\u00e9cnicas, econ\u00f3micas y humanas de la agrupaci\u00f3n.<\/p>\n<p><strong>\u00bfQui\u00e9n est\u00e1 detr\u00e1s de la organizaci\u00f3n de \u201cMocedades Sinf\u00f3nico\u201d?<\/strong><br \/>\n\u201cSich\u201d y \u201cSuma Producciones\u201d. \u201cSich\u201d produce el evento en Cochabamba el viernes 4 de noviembre y \u201cSuma\u201d en La Paz el jueves 3 de noviembre.<\/p>\n<p><strong>\u00bfCu\u00e1l es la formaci\u00f3n actual del grupo?<\/strong><br \/>\nEn un principio, el grupo lo conformaban s\u00f3lo las denominadas \u00abHermanas Uranga\u00bb, es decir, Amaya, Izaskun y Est\u00edbaliz Uranga Am\u00e9zaga. Poco a poco, se a\u00f1adieron m\u00e1s hermanos y amigos a sus ensayos, y terminaron fundando un nuevo grupo con el nombre de \u00abVoces y Guitarras\u00bb. Despu\u00e9s de hacer peque\u00f1as actuaciones por localidades de su provincia, Vizcaya (Bizkaia), deciden enviar una maqueta con diversos temas a distintos productores de Madrid. Uno de ellos, Juan Carlos Calder\u00f3n, se pone en contacto con ellos, y pasar\u00e1 a ser su productor durante once a\u00f1os.<br \/>\nCambian su nombre a \u00abMocedades\u00bb, comenzando a tener sus primeros \u00e9xitos, el primero de ellos \u00abPangelingua\u00bb en 1969 y, a\u00f1os despu\u00e9s, el tema \u00abEres t\u00fa\u00bb. Con esta canci\u00f3n representaron a TVE en el Festival de la Canci\u00f3n de Eurovisi\u00f3n de 1973, consiguiendo la segunda posici\u00f3n con 125 puntos, la puntuaci\u00f3n m\u00e1s alta alcanzada en todas las ediciones del festival por Espa\u00f1a. Sin embargo, la repercusi\u00f3n de esta composici\u00f3n vendr\u00eda un a\u00f1o m\u00e1s tarde cuando lleg\u00f3 al n\u00famero 9 en la lista de \u00e9xitos en Estados Unidos. Entre sus muchos reconocimientos, fueron elegidos por votaci\u00f3n popular en Holanda en 2004 como el mejor tema de la historia de Eurovisi\u00f3n, y fue nombrada el 11\u00ba mejor tema de la historia del festival en el 50\u00ba aniversario de Eurovisi\u00f3n, \u00abCongratulations\u00bb. No fue su \u00fanica aventura festivalera. En 1974 enviaron el tema \u00abAddio amor\u00bb al Festival de San Remo, aunque en esta ocasi\u00f3n no tuvieron tanta suerte. \u00abAddio amor\u00bb se convertir\u00eda en \u00abAdi\u00f3s amor\u00bb para el disco \u00abMocedades\u00bb<br \/>\nAparte de con \u00abEres t\u00fa\u00bb, consiguieron copar las listas de \u00e9xitos en Hispanoam\u00e9rica y Espa\u00f1a con temas tales como \u00abT\u00f3mame o d\u00e9jame\u00bb, \u00abLa otra Espa\u00f1a\u00bb, \u00abSecretaria\u00bb, \u00abS\u00f3lo era un ni\u00f1o\u00bb, \u00ab\u00bfQui\u00e9n te cantar\u00e1?\u00bb y \u00abEl vendedor\u00bb.<br \/>\nEn el a\u00f1o 1980 concluyeron con el disco titulado \u00abAmor\u00bb el contrato con la discogr\u00e1fica Zafiro, y firmaron contrato con CBS (hoy Sony), pasando a tener a \u00d3scar G\u00f3mez como productor, y grabando el primer disco de esta etapa, \u00abDesde que t\u00fa te has ido\u00bb, en 1981. Esta nueva \u00e9poca, supuso nuevos \u00e9xitos tales como \u00abAmor de hombre\u00bb (que vendi\u00f3 m\u00e1s de 500.000 copias en Espa\u00f1a), \u00abLa m\u00fasica\u00bb, \u00ab15 a\u00f1os de m\u00fasica\u00bb, etc. En 1992, concluyeron con \u00ab\u00cdntimamente\u00bb el contrato discogr\u00e1fico, que no fue renovado. Despu\u00e9s, en 1995, con una nueva discogr\u00e1fica, DiscMedi, grabaron el disco \u00abSuave luz\u00bb. En 1997, se public\u00f3 en Walt Disney Records \u00abMocedades Canta A Walt Disney, el que supuso el disco n\u00famero 21 de la formaci\u00f3n, el 20 en estudio. En el a\u00f1o 2007, publican \u00abMocedades canta a Juan Luis Guerra\u00bb, que solo sale a la venta en Hispanoam\u00e9rica y permanece in\u00e9dito en Espa\u00f1a. En junio de 2012 anunciaron en su p\u00e1gina web el lanzamiento de un nuevo \u00e1lbum y colocaron a disposici\u00f3n los temas \u00abDiluvio universal\u00bb y \u00abFue mentira\u00bb en iTunes. En la actualidad, la formaci\u00f3n est\u00e1 liderada por la \u00fanica fundadora que contin\u00faa consecutivamente desde 1969, Izaskun Uranga.<\/p>\n<p><strong>\u00bfD\u00f3nde radic\u00f3 la idea de hacer un concierto sinf\u00f3nico?<\/strong><br \/>\nEl tour que ellos se encuentran recorriendo \u201cInfinitoTour 2022\u201d, lleva la caracter\u00edstica sinf\u00f3nica. Es por ello que se lleva a cabo un \u201cMocedades Sinf\u00f3nico\u201d, distinto y nuevo.<\/p>\n<p><strong>\u00bfCu\u00e1ntos artistas estar\u00e1n en escenario?<\/strong><br \/>\n\u201cMocedades\u201d est\u00e1 conformado por seis vocalistas: Idoia Uranga, Jos\u00e9 Mar\u00eda Santamar\u00eda, Fernando Gonz\u00e1lez, Jos\u00e9 Miguel Robles, Rosa Rodr\u00edguez e Izaskun Uranga; quienes llegan con seis m\u00fasicos suyos. Adem\u00e1s, estar\u00e1n acompa\u00f1ados de 28 m\u00fasicos de la Orquesta Sinf\u00f3nica Chuquiago. Lo cual significa que se tendr\u00e1 a m\u00e1s de 40 artistas de nivel en el escenario del Auditorio Illimani, lugar donde se desarrollar\u00e1 el concierto en La Paz. Por otro lado, Vero P\u00e9rez y Heber Peredo, grandes m\u00fasicos representativos de La Paz, estar\u00e1n presentes como invitados especiales que dar\u00e1n apertura a este gran concierto sinf\u00f3nico.<\/p>\n<p><strong>\u00bfQu\u00e9 tipo de show debe esperar la gente?<\/strong><br \/>\nDe primer nivel, a la altura que amerita el grupo y al estilo de Sich y Suma Producciones.<\/p>\n<p><strong>\u00bfSer\u00e1 un repaso de las canciones m\u00e1s importantes del grupo a lo largo de su historia?<\/strong><br \/>\nEfectivamente, se tendr\u00e1 un repertorio que incluir\u00e1n los \u00e9xitos m\u00e1s esperados del grupo bajo un concepto musical distinto: sinf\u00f3nico.<\/p>\n<p><strong>\u00bfEn qu\u00e9 ciudades se estar\u00e1 presentando \u201cMocedades Sinf\u00f3nico\u201d y qu\u00e9 d\u00edas?<\/strong><br \/>\nEn La Paz el jueves 3 de noviembre, en el Auditorio Illimani del Campo Ferial Chuquiago Marka; y en Cochabamba el viernes 4 de noviembre en el Gran Hotel Cochabamba.<\/p>\n<p><strong>\u00bfDe qu\u00e9 se estar\u00e1 perdiendo la gente que no asista?<\/strong><br \/>\nEs la primera y \u00fanica vez que \u201cMocedades\u201d llega a la ciudad maravilla. Por lo tanto, las personas que no asistan al evento perder\u00e1n a oportunidad de vivir un concierto de alto nivel con m\u00e1s de 40 artistas de lujo en escenario y con un concepto diferente, caracterizado por el confort que brindar\u00e1 a cada uno de sus asistentes. Mismo que se ve reflejado en el itinerario que la producci\u00f3n maneja; la apertura de puertas ser\u00e1 a horas 18:00, contar\u00e1n con servicio de caf\u00e9, pasteler\u00eda fina, chocolates y bebidas varias, en un espacio c\u00f3modo y especial para ello, con lounges, \u00e1rea para fumadores, parqueo seguro y ascensores. A las 20.00, el concierto ser\u00e1 aperturado por Vero P\u00e9rez y Herber Peredo, quienes dar\u00e1n paso a \u201cMocedades Sinf\u00f3nico\u201d. Adem\u00e1s hay una gran sorpresa que cerrar\u00e1 este evento, misma que las personas que asistan este jueves al concierto, podr\u00e1n cont\u00e1rselas.<\/p>\n\n","protected":false},"excerpt":{"rendered":"<p>Hoy en Cvltvral tenemos como invitados de lujo a los organizadores de un evento sin mucho precedente en el pa\u00eds, tener a un grupo del revuelo de \u201cMocedades\u201d no es f\u00e1cil y podemos aseverar lo dicho con seguridad. Varios grupos de importancia han llegado al pa\u00eds \u00faltimamente, incluyendo a Pl\u00e1cido Domingo recientemente, pero esta presentaci\u00f3n [&hellip;]<\/p>\n","protected":false},"author":1,"featured_media":119750,"comment_status":"closed","ping_status":"closed","sticky":false,"template":"","format":"standard","meta":{"_acf_changed":false,"footnotes":""},"categories":[8],"tags":[],"class_list":["post-119749","post","type-post","status-publish","format-standard","has-post-thumbnail","category-cultural"],"acf":{"antetitulo":""},"yoast_head":"<!-- This site is optimized with the Yoast SEO plugin v28.3 - https:\/\/yoast.com\/product\/yoast-seo-wordpress\/ -->\n<title>Mocedades Sinf\u00f3nico - El Diario - Bolivia<\/title>\n<meta name=\"robots\" content=\"index, follow, max-snippet:-1, max-image-preview:large, max-video-preview:-1\" \/>\n<link rel=\"canonical\" href=\"https:\/\/www.eldiario.net\/portal\/2022\/11\/02\/mocedades-sinfonico\/\" \/>\n<meta property=\"og:locale\" content=\"es_ES\" \/>\n<meta property=\"og:type\" content=\"article\" \/>\n<meta property=\"og:title\" content=\"Mocedades Sinf\u00f3nico - El Diario - Bolivia\" \/>\n<meta property=\"og:description\" content=\"Hoy en Cvltvral tenemos como invitados de lujo a los organizadores de un evento sin mucho precedente en el pa\u00eds, tener a un grupo del revuelo de \u201cMocedades\u201d no es f\u00e1cil y podemos aseverar lo dicho con seguridad. Varios grupos de importancia han llegado al pa\u00eds \u00faltimamente, incluyendo a Pl\u00e1cido Domingo recientemente, pero esta presentaci\u00f3n [&hellip;]\" \/>\n<meta property=\"og:url\" content=\"https:\/\/www.eldiario.net\/portal\/2022\/11\/02\/mocedades-sinfonico\/\" \/>\n<meta property=\"og:site_name\" content=\"El Diario - Bolivia\" \/>\n<meta property=\"article:publisher\" content=\"https:\/\/www.facebook.com\/eldiario.bolivia\/\" \/>\n<meta property=\"article:published_time\" content=\"2022-11-02T09:38:38+00:00\" \/>\n<meta name=\"author\" content=\"Jeanette\" \/>\n<meta name=\"twitter:card\" content=\"summary_large_image\" \/>\n<meta name=\"twitter:creator\" content=\"@eldiario_net\" \/>\n<meta name=\"twitter:site\" content=\"@eldiario_net\" \/>\n<meta name=\"twitter:label1\" content=\"Escrito por\" \/>\n\t<meta name=\"twitter:data1\" content=\"Jeanette\" \/>\n\t<meta name=\"twitter:label2\" content=\"Tiempo de lectura\" \/>\n\t<meta name=\"twitter:data2\" content=\"5 minutos\" \/>\n<script type=\"application\/ld+json\" class=\"yoast-schema-graph\">{\"@context\":\"https:\\\/\\\/schema.org\",\"@graph\":[{\"@type\":\"Article\",\"@id\":\"https:\\\/\\\/www.eldiario.net\\\/portal\\\/2022\\\/11\\\/02\\\/mocedades-sinfonico\\\/#article\",\"isPartOf\":{\"@id\":\"https:\\\/\\\/www.eldiario.net\\\/portal\\\/2022\\\/11\\\/02\\\/mocedades-sinfonico\\\/\"},\"author\":{\"name\":\"Jeanette\",\"@id\":\"https:\\\/\\\/www.eldiario.net\\\/portal\\\/#\\\/schema\\\/person\\\/f46445640444750d7d753ccd04ae01b7\"},\"headline\":\"Mocedades Sinf\u00f3nico\",\"datePublished\":\"2022-11-02T09:38:38+00:00\",\"mainEntityOfPage\":{\"@id\":\"https:\\\/\\\/www.eldiario.net\\\/portal\\\/2022\\\/11\\\/02\\\/mocedades-sinfonico\\\/\"},\"wordCount\":1172,\"publisher\":{\"@id\":\"https:\\\/\\\/www.eldiario.net\\\/portal\\\/#organization\"},\"image\":{\"@id\":\"https:\\\/\\\/www.eldiario.net\\\/portal\\\/2022\\\/11\\\/02\\\/mocedades-sinfonico\\\/#primaryimage\"},\"thumbnailUrl\":\"\",\"articleSection\":[\"Cultural\"],\"inLanguage\":\"es\"},{\"@type\":\"WebPage\",\"@id\":\"https:\\\/\\\/www.eldiario.net\\\/portal\\\/2022\\\/11\\\/02\\\/mocedades-sinfonico\\\/\",\"url\":\"https:\\\/\\\/www.eldiario.net\\\/portal\\\/2022\\\/11\\\/02\\\/mocedades-sinfonico\\\/\",\"name\":\"Mocedades Sinf\u00f3nico - El Diario - Bolivia\",\"isPartOf\":{\"@id\":\"https:\\\/\\\/www.eldiario.net\\\/portal\\\/#website\"},\"primaryImageOfPage\":{\"@id\":\"https:\\\/\\\/www.eldiario.net\\\/portal\\\/2022\\\/11\\\/02\\\/mocedades-sinfonico\\\/#primaryimage\"},\"image\":{\"@id\":\"https:\\\/\\\/www.eldiario.net\\\/portal\\\/2022\\\/11\\\/02\\\/mocedades-sinfonico\\\/#primaryimage\"},\"thumbnailUrl\":\"\",\"datePublished\":\"2022-11-02T09:38:38+00:00\",\"breadcrumb\":{\"@id\":\"https:\\\/\\\/www.eldiario.net\\\/portal\\\/2022\\\/11\\\/02\\\/mocedades-sinfonico\\\/#breadcrumb\"},\"inLanguage\":\"es\",\"potentialAction\":[{\"@type\":\"ReadAction\",\"target\":[\"https:\\\/\\\/www.eldiario.net\\\/portal\\\/2022\\\/11\\\/02\\\/mocedades-sinfonico\\\/\"]}]},{\"@type\":\"ImageObject\",\"inLanguage\":\"es\",\"@id\":\"https:\\\/\\\/www.eldiario.net\\\/portal\\\/2022\\\/11\\\/02\\\/mocedades-sinfonico\\\/#primaryimage\",\"url\":\"\",\"contentUrl\":\"\"},{\"@type\":\"BreadcrumbList\",\"@id\":\"https:\\\/\\\/www.eldiario.net\\\/portal\\\/2022\\\/11\\\/02\\\/mocedades-sinfonico\\\/#breadcrumb\",\"itemListElement\":[{\"@type\":\"ListItem\",\"position\":1,\"name\":\"Portada\",\"item\":\"https:\\\/\\\/www.eldiario.net\\\/portal\\\/\"},{\"@type\":\"ListItem\",\"position\":2,\"name\":\"Mocedades Sinf\u00f3nico\"}]},{\"@type\":\"WebSite\",\"@id\":\"https:\\\/\\\/www.eldiario.net\\\/portal\\\/#website\",\"url\":\"https:\\\/\\\/www.eldiario.net\\\/portal\\\/\",\"name\":\"El Diario - Decano de la prensa nacional\",\"description\":\"El Diario - Decano de la prensa nacional\",\"publisher\":{\"@id\":\"https:\\\/\\\/www.eldiario.net\\\/portal\\\/#organization\"},\"potentialAction\":[{\"@type\":\"SearchAction\",\"target\":{\"@type\":\"EntryPoint\",\"urlTemplate\":\"https:\\\/\\\/www.eldiario.net\\\/portal\\\/?s={search_term_string}\"},\"query-input\":{\"@type\":\"PropertyValueSpecification\",\"valueRequired\":true,\"valueName\":\"search_term_string\"}}],\"inLanguage\":\"es\"},{\"@type\":\"Organization\",\"@id\":\"https:\\\/\\\/www.eldiario.net\\\/portal\\\/#organization\",\"name\":\"El Diario - Decano de la prensa nacional\",\"url\":\"https:\\\/\\\/www.eldiario.net\\\/portal\\\/\",\"logo\":{\"@type\":\"ImageObject\",\"inLanguage\":\"es\",\"@id\":\"https:\\\/\\\/www.eldiario.net\\\/portal\\\/#\\\/schema\\\/logo\\\/image\\\/\",\"url\":\"https:\\\/\\\/www.eldiario.net\\\/portal\\\/wp-content\\\/uploads\\\/2023\\\/07\\\/logo_ED.jpg\",\"contentUrl\":\"https:\\\/\\\/www.eldiario.net\\\/portal\\\/wp-content\\\/uploads\\\/2023\\\/07\\\/logo_ED.jpg\",\"width\":272,\"height\":52,\"caption\":\"El Diario - Decano de la prensa nacional\"},\"image\":{\"@id\":\"https:\\\/\\\/www.eldiario.net\\\/portal\\\/#\\\/schema\\\/logo\\\/image\\\/\"},\"sameAs\":[\"https:\\\/\\\/www.facebook.com\\\/eldiario.bolivia\\\/\",\"https:\\\/\\\/x.com\\\/eldiario_net\"]},{\"@type\":\"Person\",\"@id\":\"https:\\\/\\\/www.eldiario.net\\\/portal\\\/#\\\/schema\\\/person\\\/f46445640444750d7d753ccd04ae01b7\",\"name\":\"Jeanette\",\"image\":{\"@type\":\"ImageObject\",\"inLanguage\":\"es\",\"@id\":\"https:\\\/\\\/secure.gravatar.com\\\/avatar\\\/3ea2118a5f7dad2b7138b1187a6b7ee55f160b9968b66013c3a3ef39dd7e5798?s=96&d=mm&r=g\",\"url\":\"https:\\\/\\\/secure.gravatar.com\\\/avatar\\\/3ea2118a5f7dad2b7138b1187a6b7ee55f160b9968b66013c3a3ef39dd7e5798?s=96&d=mm&r=g\",\"contentUrl\":\"https:\\\/\\\/secure.gravatar.com\\\/avatar\\\/3ea2118a5f7dad2b7138b1187a6b7ee55f160b9968b66013c3a3ef39dd7e5798?s=96&d=mm&r=g\",\"caption\":\"Jeanette\"},\"sameAs\":[\"https:\\\/\\\/www.eldiario.net\\\/portal\"],\"url\":\"https:\\\/\\\/www.eldiario.net\\\/portal\\\/author\\\/jeanette\\\/\"}]}<\/script>\n<!-- \/ Yoast SEO plugin. -->","yoast_head_json":{"title":"Mocedades Sinf\u00f3nico - El Diario - Bolivia","robots":{"index":"index","follow":"follow","max-snippet":"max-snippet:-1","max-image-preview":"max-image-preview:large","max-video-preview":"max-video-preview:-1"},"canonical":"https:\/\/www.eldiario.net\/portal\/2022\/11\/02\/mocedades-sinfonico\/","og_locale":"es_ES","og_type":"article","og_title":"Mocedades Sinf\u00f3nico - El Diario - Bolivia","og_description":"Hoy en Cvltvral tenemos como invitados de lujo a los organizadores de un evento sin mucho precedente en el pa\u00eds, tener a un grupo del revuelo de \u201cMocedades\u201d no es f\u00e1cil y podemos aseverar lo dicho con seguridad. Varios grupos de importancia han llegado al pa\u00eds \u00faltimamente, incluyendo a Pl\u00e1cido Domingo recientemente, pero esta presentaci\u00f3n [&hellip;]","og_url":"https:\/\/www.eldiario.net\/portal\/2022\/11\/02\/mocedades-sinfonico\/","og_site_name":"El Diario - Bolivia","article_publisher":"https:\/\/www.facebook.com\/eldiario.bolivia\/","article_published_time":"2022-11-02T09:38:38+00:00","author":"Jeanette","twitter_card":"summary_large_image","twitter_creator":"@eldiario_net","twitter_site":"@eldiario_net","twitter_misc":{"Escrito por":"Jeanette","Tiempo de lectura":"5 minutos"},"schema":{"@context":"https:\/\/schema.org","@graph":[{"@type":"Article","@id":"https:\/\/www.eldiario.net\/portal\/2022\/11\/02\/mocedades-sinfonico\/#article","isPartOf":{"@id":"https:\/\/www.eldiario.net\/portal\/2022\/11\/02\/mocedades-sinfonico\/"},"author":{"name":"Jeanette","@id":"https:\/\/www.eldiario.net\/portal\/#\/schema\/person\/f46445640444750d7d753ccd04ae01b7"},"headline":"Mocedades Sinf\u00f3nico","datePublished":"2022-11-02T09:38:38+00:00","mainEntityOfPage":{"@id":"https:\/\/www.eldiario.net\/portal\/2022\/11\/02\/mocedades-sinfonico\/"},"wordCount":1172,"publisher":{"@id":"https:\/\/www.eldiario.net\/portal\/#organization"},"image":{"@id":"https:\/\/www.eldiario.net\/portal\/2022\/11\/02\/mocedades-sinfonico\/#primaryimage"},"thumbnailUrl":"","articleSection":["Cultural"],"inLanguage":"es"},{"@type":"WebPage","@id":"https:\/\/www.eldiario.net\/portal\/2022\/11\/02\/mocedades-sinfonico\/","url":"https:\/\/www.eldiario.net\/portal\/2022\/11\/02\/mocedades-sinfonico\/","name":"Mocedades Sinf\u00f3nico - El Diario - Bolivia","isPartOf":{"@id":"https:\/\/www.eldiario.net\/portal\/#website"},"primaryImageOfPage":{"@id":"https:\/\/www.eldiario.net\/portal\/2022\/11\/02\/mocedades-sinfonico\/#primaryimage"},"image":{"@id":"https:\/\/www.eldiario.net\/portal\/2022\/11\/02\/mocedades-sinfonico\/#primaryimage"},"thumbnailUrl":"","datePublished":"2022-11-02T09:38:38+00:00","breadcrumb":{"@id":"https:\/\/www.eldiario.net\/portal\/2022\/11\/02\/mocedades-sinfonico\/#breadcrumb"},"inLanguage":"es","potentialAction":[{"@type":"ReadAction","target":["https:\/\/www.eldiario.net\/portal\/2022\/11\/02\/mocedades-sinfonico\/"]}]},{"@type":"ImageObject","inLanguage":"es","@id":"https:\/\/www.eldiario.net\/portal\/2022\/11\/02\/mocedades-sinfonico\/#primaryimage","url":"","contentUrl":""},{"@type":"BreadcrumbList","@id":"https:\/\/www.eldiario.net\/portal\/2022\/11\/02\/mocedades-sinfonico\/#breadcrumb","itemListElement":[{"@type":"ListItem","position":1,"name":"Portada","item":"https:\/\/www.eldiario.net\/portal\/"},{"@type":"ListItem","position":2,"name":"Mocedades Sinf\u00f3nico"}]},{"@type":"WebSite","@id":"https:\/\/www.eldiario.net\/portal\/#website","url":"https:\/\/www.eldiario.net\/portal\/","name":"El Diario - Decano de la prensa nacional","description":"El Diario - Decano de la prensa nacional","publisher":{"@id":"https:\/\/www.eldiario.net\/portal\/#organization"},"potentialAction":[{"@type":"SearchAction","target":{"@type":"EntryPoint","urlTemplate":"https:\/\/www.eldiario.net\/portal\/?s={search_term_string}"},"query-input":{"@type":"PropertyValueSpecification","valueRequired":true,"valueName":"search_term_string"}}],"inLanguage":"es"},{"@type":"Organization","@id":"https:\/\/www.eldiario.net\/portal\/#organization","name":"El Diario - Decano de la prensa nacional","url":"https:\/\/www.eldiario.net\/portal\/","logo":{"@type":"ImageObject","inLanguage":"es","@id":"https:\/\/www.eldiario.net\/portal\/#\/schema\/logo\/image\/","url":"https:\/\/www.eldiario.net\/portal\/wp-content\/uploads\/2023\/07\/logo_ED.jpg","contentUrl":"https:\/\/www.eldiario.net\/portal\/wp-content\/uploads\/2023\/07\/logo_ED.jpg","width":272,"height":52,"caption":"El Diario - Decano de la prensa nacional"},"image":{"@id":"https:\/\/www.eldiario.net\/portal\/#\/schema\/logo\/image\/"},"sameAs":["https:\/\/www.facebook.com\/eldiario.bolivia\/","https:\/\/x.com\/eldiario_net"]},{"@type":"Person","@id":"https:\/\/www.eldiario.net\/portal\/#\/schema\/person\/f46445640444750d7d753ccd04ae01b7","name":"Jeanette","image":{"@type":"ImageObject","inLanguage":"es","@id":"https:\/\/secure.gravatar.com\/avatar\/3ea2118a5f7dad2b7138b1187a6b7ee55f160b9968b66013c3a3ef39dd7e5798?s=96&d=mm&r=g","url":"https:\/\/secure.gravatar.com\/avatar\/3ea2118a5f7dad2b7138b1187a6b7ee55f160b9968b66013c3a3ef39dd7e5798?s=96&d=mm&r=g","contentUrl":"https:\/\/secure.gravatar.com\/avatar\/3ea2118a5f7dad2b7138b1187a6b7ee55f160b9968b66013c3a3ef39dd7e5798?s=96&d=mm&r=g","caption":"Jeanette"},"sameAs":["https:\/\/www.eldiario.net\/portal"],"url":"https:\/\/www.eldiario.net\/portal\/author\/jeanette\/"}]}},"_links":{"self":[{"href":"https:\/\/www.eldiario.net\/portal\/wp-json\/wp\/v2\/posts\/119749","targetHints":{"allow":["GET"]}}],"collection":[{"href":"https:\/\/www.eldiario.net\/portal\/wp-json\/wp\/v2\/posts"}],"about":[{"href":"https:\/\/www.eldiario.net\/portal\/wp-json\/wp\/v2\/types\/post"}],"author":[{"embeddable":true,"href":"https:\/\/www.eldiario.net\/portal\/wp-json\/wp\/v2\/users\/1"}],"replies":[{"embeddable":true,"href":"https:\/\/www.eldiario.net\/portal\/wp-json\/wp\/v2\/comments?post=119749"}],"version-history":[{"count":0,"href":"https:\/\/www.eldiario.net\/portal\/wp-json\/wp\/v2\/posts\/119749\/revisions"}],"wp:attachment":[{"href":"https:\/\/www.eldiario.net\/portal\/wp-json\/wp\/v2\/media?parent=119749"}],"wp:term":[{"taxonomy":"category","embeddable":true,"href":"https:\/\/www.eldiario.net\/portal\/wp-json\/wp\/v2\/categories?post=119749"},{"taxonomy":"post_tag","embeddable":true,"href":"https:\/\/www.eldiario.net\/portal\/wp-json\/wp\/v2\/tags?post=119749"}],"curies":[{"name":"wp","href":"https:\/\/api.w.org\/{rel}","templated":true}]}}