{"id":119746,"date":"2022-11-02T05:36:03","date_gmt":"2022-11-02T09:36:03","guid":{"rendered":"https:\/\/www.eldiario.net\/portal\/?p=119746"},"modified":"2022-11-02T05:36:03","modified_gmt":"2022-11-02T09:36:03","slug":"bailarina-boliviana-preseleccionada-para-el-gran-prix-de-argentina","status":"publish","type":"post","link":"https:\/\/www.eldiario.net\/portal\/2022\/11\/02\/bailarina-boliviana-preseleccionada-para-el-gran-prix-de-argentina\/","title":{"rendered":"Bailarina boliviana preseleccionada  para el Gran Prix de Argentina"},"content":{"rendered":"<p>Luego de formarse por varios a\u00f1os en Bolivia y en el exterior como bailarina cl\u00e1sica, Anhy Arias Vargas ha sido seleccionada para el Gran Prix de Argentina, un importante evento de danza que selecciona cada a\u00f1o a las mejores bailarinas del continente. Es as\u00ed que Anhy Arias representar\u00e1 a nuestro pa\u00eds en la competencia.<br \/>\nGraduada del IFA (Escuela de Danza del Ballet Oficial), la talentosa bailarina ha tenido la oportunidad de trabajar junto a renombrados maestros bailarines y core\u00f3grafos como Paloma Herrera, directora del ABT; Claudio Mu\u00f1oz, director del Huston Ballet.<br \/>\nDurante la pandemia Anhy continu\u00f3 su formaci\u00f3n en Italia y al mismo tiempo sigui\u00f3 con las clases del IFA EBO. En 2022 fue solista junto a Dar\u00edo Dur\u00e1n en la obra \u201cEl viaje de la Mariposa\u201d de la core\u00f3grafa Rita Calvo. \u201cAnhy tiene un talento especial, trabaja de forma profesional, es expresiva, tiene un nivel t\u00e9cnico que le permite interpretar roles destacados en las obras de danza y de repertorio cl\u00e1sico. Calmada, pero perseverante, irradia un aspecto et\u00e9reo en escena y est\u00e1 dem\u00e1s afirmar que tiene un brillante futuro por delante. Sin duda es un paso importante para cualquier bailarina ser seleccionada para el Gran Prix de Argentina y me alegra que su talento sea apreciado tanto en nuestro pa\u00eds como fuera de nuestras fronteras\u201d, afirma Rita Calvo.<br \/>\nEn Bolivia, Anhy Arias ha trabajado junto a la bailarina Jessica Rodr\u00edgues en t\u00e9cnica cl\u00e1sica y ha recibido asesoramiento de Felipe Gonz\u00e1lez en t\u00e9cnica de Pas de Deux. Los primeros d\u00edas de noviembre, la bailarina boliviana viajar\u00e1 a Buenos Aires para participar en clases magistrales y concursar en el Gran Prix de Argentina.<\/p>\n","protected":false},"excerpt":{"rendered":"<p>Luego de formarse por varios a\u00f1os en Bolivia y en el exterior como bailarina cl\u00e1sica, Anhy Arias Vargas ha sido seleccionada para el Gran Prix de Argentina, un importante evento de danza que selecciona cada a\u00f1o a las mejores bailarinas del continente. Es as\u00ed que Anhy Arias representar\u00e1 a nuestro pa\u00eds en la competencia. Graduada [&hellip;]<\/p>\n","protected":false},"author":1,"featured_media":119747,"comment_status":"closed","ping_status":"closed","sticky":false,"template":"","format":"standard","meta":{"_acf_changed":false,"footnotes":""},"categories":[8],"tags":[],"class_list":["post-119746","post","type-post","status-publish","format-standard","has-post-thumbnail","category-cultural"],"acf":{"antetitulo":""},"yoast_head":"<!-- This site is optimized with the Yoast SEO plugin v28.3 - https:\/\/yoast.com\/product\/yoast-seo-wordpress\/ -->\n<title>Bailarina boliviana preseleccionada para el Gran Prix de Argentina - El Diario - Bolivia<\/title>\n<meta name=\"robots\" content=\"index, follow, max-snippet:-1, max-image-preview:large, max-video-preview:-1\" \/>\n<link rel=\"canonical\" href=\"https:\/\/www.eldiario.net\/portal\/2022\/11\/02\/bailarina-boliviana-preseleccionada-para-el-gran-prix-de-argentina\/\" \/>\n<meta property=\"og:locale\" content=\"es_ES\" \/>\n<meta property=\"og:type\" content=\"article\" \/>\n<meta property=\"og:title\" content=\"Bailarina boliviana preseleccionada para el Gran Prix de Argentina - El Diario - Bolivia\" \/>\n<meta property=\"og:description\" content=\"Luego de formarse por varios a\u00f1os en Bolivia y en el exterior como bailarina cl\u00e1sica, Anhy Arias Vargas ha sido seleccionada para el Gran Prix de Argentina, un importante evento de danza que selecciona cada a\u00f1o a las mejores bailarinas del continente. Es as\u00ed que Anhy Arias representar\u00e1 a nuestro pa\u00eds en la competencia. Graduada [&hellip;]\" \/>\n<meta property=\"og:url\" content=\"https:\/\/www.eldiario.net\/portal\/2022\/11\/02\/bailarina-boliviana-preseleccionada-para-el-gran-prix-de-argentina\/\" \/>\n<meta property=\"og:site_name\" content=\"El Diario - Bolivia\" \/>\n<meta property=\"article:publisher\" content=\"https:\/\/www.facebook.com\/eldiario.bolivia\/\" \/>\n<meta property=\"article:published_time\" content=\"2022-11-02T09:36:03+00:00\" \/>\n<meta name=\"author\" content=\"Jeanette\" \/>\n<meta name=\"twitter:card\" content=\"summary_large_image\" \/>\n<meta name=\"twitter:creator\" content=\"@eldiario_net\" \/>\n<meta name=\"twitter:site\" content=\"@eldiario_net\" \/>\n<meta name=\"twitter:label1\" content=\"Escrito por\" \/>\n\t<meta name=\"twitter:data1\" content=\"Jeanette\" \/>\n\t<meta name=\"twitter:label2\" content=\"Tiempo de lectura\" \/>\n\t<meta name=\"twitter:data2\" content=\"2 minutos\" \/>\n<script type=\"application\/ld+json\" class=\"yoast-schema-graph\">{\"@context\":\"https:\\\/\\\/schema.org\",\"@graph\":[{\"@type\":\"Article\",\"@id\":\"https:\\\/\\\/www.eldiario.net\\\/portal\\\/2022\\\/11\\\/02\\\/bailarina-boliviana-preseleccionada-para-el-gran-prix-de-argentina\\\/#article\",\"isPartOf\":{\"@id\":\"https:\\\/\\\/www.eldiario.net\\\/portal\\\/2022\\\/11\\\/02\\\/bailarina-boliviana-preseleccionada-para-el-gran-prix-de-argentina\\\/\"},\"author\":{\"name\":\"Jeanette\",\"@id\":\"https:\\\/\\\/www.eldiario.net\\\/portal\\\/#\\\/schema\\\/person\\\/f46445640444750d7d753ccd04ae01b7\"},\"headline\":\"Bailarina boliviana preseleccionada para el Gran Prix de Argentina\",\"datePublished\":\"2022-11-02T09:36:03+00:00\",\"mainEntityOfPage\":{\"@id\":\"https:\\\/\\\/www.eldiario.net\\\/portal\\\/2022\\\/11\\\/02\\\/bailarina-boliviana-preseleccionada-para-el-gran-prix-de-argentina\\\/\"},\"wordCount\":301,\"publisher\":{\"@id\":\"https:\\\/\\\/www.eldiario.net\\\/portal\\\/#organization\"},\"image\":{\"@id\":\"https:\\\/\\\/www.eldiario.net\\\/portal\\\/2022\\\/11\\\/02\\\/bailarina-boliviana-preseleccionada-para-el-gran-prix-de-argentina\\\/#primaryimage\"},\"thumbnailUrl\":\"\",\"articleSection\":[\"Cultural\"],\"inLanguage\":\"es\"},{\"@type\":\"WebPage\",\"@id\":\"https:\\\/\\\/www.eldiario.net\\\/portal\\\/2022\\\/11\\\/02\\\/bailarina-boliviana-preseleccionada-para-el-gran-prix-de-argentina\\\/\",\"url\":\"https:\\\/\\\/www.eldiario.net\\\/portal\\\/2022\\\/11\\\/02\\\/bailarina-boliviana-preseleccionada-para-el-gran-prix-de-argentina\\\/\",\"name\":\"Bailarina boliviana preseleccionada para el Gran Prix de Argentina - El Diario - Bolivia\",\"isPartOf\":{\"@id\":\"https:\\\/\\\/www.eldiario.net\\\/portal\\\/#website\"},\"primaryImageOfPage\":{\"@id\":\"https:\\\/\\\/www.eldiario.net\\\/portal\\\/2022\\\/11\\\/02\\\/bailarina-boliviana-preseleccionada-para-el-gran-prix-de-argentina\\\/#primaryimage\"},\"image\":{\"@id\":\"https:\\\/\\\/www.eldiario.net\\\/portal\\\/2022\\\/11\\\/02\\\/bailarina-boliviana-preseleccionada-para-el-gran-prix-de-argentina\\\/#primaryimage\"},\"thumbnailUrl\":\"\",\"datePublished\":\"2022-11-02T09:36:03+00:00\",\"breadcrumb\":{\"@id\":\"https:\\\/\\\/www.eldiario.net\\\/portal\\\/2022\\\/11\\\/02\\\/bailarina-boliviana-preseleccionada-para-el-gran-prix-de-argentina\\\/#breadcrumb\"},\"inLanguage\":\"es\",\"potentialAction\":[{\"@type\":\"ReadAction\",\"target\":[\"https:\\\/\\\/www.eldiario.net\\\/portal\\\/2022\\\/11\\\/02\\\/bailarina-boliviana-preseleccionada-para-el-gran-prix-de-argentina\\\/\"]}]},{\"@type\":\"ImageObject\",\"inLanguage\":\"es\",\"@id\":\"https:\\\/\\\/www.eldiario.net\\\/portal\\\/2022\\\/11\\\/02\\\/bailarina-boliviana-preseleccionada-para-el-gran-prix-de-argentina\\\/#primaryimage\",\"url\":\"\",\"contentUrl\":\"\"},{\"@type\":\"BreadcrumbList\",\"@id\":\"https:\\\/\\\/www.eldiario.net\\\/portal\\\/2022\\\/11\\\/02\\\/bailarina-boliviana-preseleccionada-para-el-gran-prix-de-argentina\\\/#breadcrumb\",\"itemListElement\":[{\"@type\":\"ListItem\",\"position\":1,\"name\":\"Portada\",\"item\":\"https:\\\/\\\/www.eldiario.net\\\/portal\\\/\"},{\"@type\":\"ListItem\",\"position\":2,\"name\":\"Bailarina boliviana preseleccionada para el Gran Prix de Argentina\"}]},{\"@type\":\"WebSite\",\"@id\":\"https:\\\/\\\/www.eldiario.net\\\/portal\\\/#website\",\"url\":\"https:\\\/\\\/www.eldiario.net\\\/portal\\\/\",\"name\":\"El Diario - Decano de la prensa nacional\",\"description\":\"El Diario - Decano de la prensa nacional\",\"publisher\":{\"@id\":\"https:\\\/\\\/www.eldiario.net\\\/portal\\\/#organization\"},\"potentialAction\":[{\"@type\":\"SearchAction\",\"target\":{\"@type\":\"EntryPoint\",\"urlTemplate\":\"https:\\\/\\\/www.eldiario.net\\\/portal\\\/?s={search_term_string}\"},\"query-input\":{\"@type\":\"PropertyValueSpecification\",\"valueRequired\":true,\"valueName\":\"search_term_string\"}}],\"inLanguage\":\"es\"},{\"@type\":\"Organization\",\"@id\":\"https:\\\/\\\/www.eldiario.net\\\/portal\\\/#organization\",\"name\":\"El Diario - Decano de la prensa nacional\",\"url\":\"https:\\\/\\\/www.eldiario.net\\\/portal\\\/\",\"logo\":{\"@type\":\"ImageObject\",\"inLanguage\":\"es\",\"@id\":\"https:\\\/\\\/www.eldiario.net\\\/portal\\\/#\\\/schema\\\/logo\\\/image\\\/\",\"url\":\"https:\\\/\\\/www.eldiario.net\\\/portal\\\/wp-content\\\/uploads\\\/2023\\\/07\\\/logo_ED.jpg\",\"contentUrl\":\"https:\\\/\\\/www.eldiario.net\\\/portal\\\/wp-content\\\/uploads\\\/2023\\\/07\\\/logo_ED.jpg\",\"width\":272,\"height\":52,\"caption\":\"El Diario - Decano de la prensa nacional\"},\"image\":{\"@id\":\"https:\\\/\\\/www.eldiario.net\\\/portal\\\/#\\\/schema\\\/logo\\\/image\\\/\"},\"sameAs\":[\"https:\\\/\\\/www.facebook.com\\\/eldiario.bolivia\\\/\",\"https:\\\/\\\/x.com\\\/eldiario_net\"]},{\"@type\":\"Person\",\"@id\":\"https:\\\/\\\/www.eldiario.net\\\/portal\\\/#\\\/schema\\\/person\\\/f46445640444750d7d753ccd04ae01b7\",\"name\":\"Jeanette\",\"image\":{\"@type\":\"ImageObject\",\"inLanguage\":\"es\",\"@id\":\"https:\\\/\\\/secure.gravatar.com\\\/avatar\\\/3ea2118a5f7dad2b7138b1187a6b7ee55f160b9968b66013c3a3ef39dd7e5798?s=96&d=mm&r=g\",\"url\":\"https:\\\/\\\/secure.gravatar.com\\\/avatar\\\/3ea2118a5f7dad2b7138b1187a6b7ee55f160b9968b66013c3a3ef39dd7e5798?s=96&d=mm&r=g\",\"contentUrl\":\"https:\\\/\\\/secure.gravatar.com\\\/avatar\\\/3ea2118a5f7dad2b7138b1187a6b7ee55f160b9968b66013c3a3ef39dd7e5798?s=96&d=mm&r=g\",\"caption\":\"Jeanette\"},\"sameAs\":[\"https:\\\/\\\/www.eldiario.net\\\/portal\"],\"url\":\"https:\\\/\\\/www.eldiario.net\\\/portal\\\/author\\\/jeanette\\\/\"}]}<\/script>\n<!-- \/ Yoast SEO plugin. -->","yoast_head_json":{"title":"Bailarina boliviana preseleccionada para el Gran Prix de Argentina - El Diario - Bolivia","robots":{"index":"index","follow":"follow","max-snippet":"max-snippet:-1","max-image-preview":"max-image-preview:large","max-video-preview":"max-video-preview:-1"},"canonical":"https:\/\/www.eldiario.net\/portal\/2022\/11\/02\/bailarina-boliviana-preseleccionada-para-el-gran-prix-de-argentina\/","og_locale":"es_ES","og_type":"article","og_title":"Bailarina boliviana preseleccionada para el Gran Prix de Argentina - El Diario - Bolivia","og_description":"Luego de formarse por varios a\u00f1os en Bolivia y en el exterior como bailarina cl\u00e1sica, Anhy Arias Vargas ha sido seleccionada para el Gran Prix de Argentina, un importante evento de danza que selecciona cada a\u00f1o a las mejores bailarinas del continente. Es as\u00ed que Anhy Arias representar\u00e1 a nuestro pa\u00eds en la competencia. Graduada [&hellip;]","og_url":"https:\/\/www.eldiario.net\/portal\/2022\/11\/02\/bailarina-boliviana-preseleccionada-para-el-gran-prix-de-argentina\/","og_site_name":"El Diario - Bolivia","article_publisher":"https:\/\/www.facebook.com\/eldiario.bolivia\/","article_published_time":"2022-11-02T09:36:03+00:00","author":"Jeanette","twitter_card":"summary_large_image","twitter_creator":"@eldiario_net","twitter_site":"@eldiario_net","twitter_misc":{"Escrito por":"Jeanette","Tiempo de lectura":"2 minutos"},"schema":{"@context":"https:\/\/schema.org","@graph":[{"@type":"Article","@id":"https:\/\/www.eldiario.net\/portal\/2022\/11\/02\/bailarina-boliviana-preseleccionada-para-el-gran-prix-de-argentina\/#article","isPartOf":{"@id":"https:\/\/www.eldiario.net\/portal\/2022\/11\/02\/bailarina-boliviana-preseleccionada-para-el-gran-prix-de-argentina\/"},"author":{"name":"Jeanette","@id":"https:\/\/www.eldiario.net\/portal\/#\/schema\/person\/f46445640444750d7d753ccd04ae01b7"},"headline":"Bailarina boliviana preseleccionada para el Gran Prix de Argentina","datePublished":"2022-11-02T09:36:03+00:00","mainEntityOfPage":{"@id":"https:\/\/www.eldiario.net\/portal\/2022\/11\/02\/bailarina-boliviana-preseleccionada-para-el-gran-prix-de-argentina\/"},"wordCount":301,"publisher":{"@id":"https:\/\/www.eldiario.net\/portal\/#organization"},"image":{"@id":"https:\/\/www.eldiario.net\/portal\/2022\/11\/02\/bailarina-boliviana-preseleccionada-para-el-gran-prix-de-argentina\/#primaryimage"},"thumbnailUrl":"","articleSection":["Cultural"],"inLanguage":"es"},{"@type":"WebPage","@id":"https:\/\/www.eldiario.net\/portal\/2022\/11\/02\/bailarina-boliviana-preseleccionada-para-el-gran-prix-de-argentina\/","url":"https:\/\/www.eldiario.net\/portal\/2022\/11\/02\/bailarina-boliviana-preseleccionada-para-el-gran-prix-de-argentina\/","name":"Bailarina boliviana preseleccionada para el Gran Prix de Argentina - El Diario - Bolivia","isPartOf":{"@id":"https:\/\/www.eldiario.net\/portal\/#website"},"primaryImageOfPage":{"@id":"https:\/\/www.eldiario.net\/portal\/2022\/11\/02\/bailarina-boliviana-preseleccionada-para-el-gran-prix-de-argentina\/#primaryimage"},"image":{"@id":"https:\/\/www.eldiario.net\/portal\/2022\/11\/02\/bailarina-boliviana-preseleccionada-para-el-gran-prix-de-argentina\/#primaryimage"},"thumbnailUrl":"","datePublished":"2022-11-02T09:36:03+00:00","breadcrumb":{"@id":"https:\/\/www.eldiario.net\/portal\/2022\/11\/02\/bailarina-boliviana-preseleccionada-para-el-gran-prix-de-argentina\/#breadcrumb"},"inLanguage":"es","potentialAction":[{"@type":"ReadAction","target":["https:\/\/www.eldiario.net\/portal\/2022\/11\/02\/bailarina-boliviana-preseleccionada-para-el-gran-prix-de-argentina\/"]}]},{"@type":"ImageObject","inLanguage":"es","@id":"https:\/\/www.eldiario.net\/portal\/2022\/11\/02\/bailarina-boliviana-preseleccionada-para-el-gran-prix-de-argentina\/#primaryimage","url":"","contentUrl":""},{"@type":"BreadcrumbList","@id":"https:\/\/www.eldiario.net\/portal\/2022\/11\/02\/bailarina-boliviana-preseleccionada-para-el-gran-prix-de-argentina\/#breadcrumb","itemListElement":[{"@type":"ListItem","position":1,"name":"Portada","item":"https:\/\/www.eldiario.net\/portal\/"},{"@type":"ListItem","position":2,"name":"Bailarina boliviana preseleccionada para el Gran Prix de Argentina"}]},{"@type":"WebSite","@id":"https:\/\/www.eldiario.net\/portal\/#website","url":"https:\/\/www.eldiario.net\/portal\/","name":"El Diario - Decano de la prensa nacional","description":"El Diario - Decano de la prensa nacional","publisher":{"@id":"https:\/\/www.eldiario.net\/portal\/#organization"},"potentialAction":[{"@type":"SearchAction","target":{"@type":"EntryPoint","urlTemplate":"https:\/\/www.eldiario.net\/portal\/?s={search_term_string}"},"query-input":{"@type":"PropertyValueSpecification","valueRequired":true,"valueName":"search_term_string"}}],"inLanguage":"es"},{"@type":"Organization","@id":"https:\/\/www.eldiario.net\/portal\/#organization","name":"El Diario - Decano de la prensa nacional","url":"https:\/\/www.eldiario.net\/portal\/","logo":{"@type":"ImageObject","inLanguage":"es","@id":"https:\/\/www.eldiario.net\/portal\/#\/schema\/logo\/image\/","url":"https:\/\/www.eldiario.net\/portal\/wp-content\/uploads\/2023\/07\/logo_ED.jpg","contentUrl":"https:\/\/www.eldiario.net\/portal\/wp-content\/uploads\/2023\/07\/logo_ED.jpg","width":272,"height":52,"caption":"El Diario - Decano de la prensa nacional"},"image":{"@id":"https:\/\/www.eldiario.net\/portal\/#\/schema\/logo\/image\/"},"sameAs":["https:\/\/www.facebook.com\/eldiario.bolivia\/","https:\/\/x.com\/eldiario_net"]},{"@type":"Person","@id":"https:\/\/www.eldiario.net\/portal\/#\/schema\/person\/f46445640444750d7d753ccd04ae01b7","name":"Jeanette","image":{"@type":"ImageObject","inLanguage":"es","@id":"https:\/\/secure.gravatar.com\/avatar\/3ea2118a5f7dad2b7138b1187a6b7ee55f160b9968b66013c3a3ef39dd7e5798?s=96&d=mm&r=g","url":"https:\/\/secure.gravatar.com\/avatar\/3ea2118a5f7dad2b7138b1187a6b7ee55f160b9968b66013c3a3ef39dd7e5798?s=96&d=mm&r=g","contentUrl":"https:\/\/secure.gravatar.com\/avatar\/3ea2118a5f7dad2b7138b1187a6b7ee55f160b9968b66013c3a3ef39dd7e5798?s=96&d=mm&r=g","caption":"Jeanette"},"sameAs":["https:\/\/www.eldiario.net\/portal"],"url":"https:\/\/www.eldiario.net\/portal\/author\/jeanette\/"}]}},"_links":{"self":[{"href":"https:\/\/www.eldiario.net\/portal\/wp-json\/wp\/v2\/posts\/119746","targetHints":{"allow":["GET"]}}],"collection":[{"href":"https:\/\/www.eldiario.net\/portal\/wp-json\/wp\/v2\/posts"}],"about":[{"href":"https:\/\/www.eldiario.net\/portal\/wp-json\/wp\/v2\/types\/post"}],"author":[{"embeddable":true,"href":"https:\/\/www.eldiario.net\/portal\/wp-json\/wp\/v2\/users\/1"}],"replies":[{"embeddable":true,"href":"https:\/\/www.eldiario.net\/portal\/wp-json\/wp\/v2\/comments?post=119746"}],"version-history":[{"count":0,"href":"https:\/\/www.eldiario.net\/portal\/wp-json\/wp\/v2\/posts\/119746\/revisions"}],"wp:attachment":[{"href":"https:\/\/www.eldiario.net\/portal\/wp-json\/wp\/v2\/media?parent=119746"}],"wp:term":[{"taxonomy":"category","embeddable":true,"href":"https:\/\/www.eldiario.net\/portal\/wp-json\/wp\/v2\/categories?post=119746"},{"taxonomy":"post_tag","embeddable":true,"href":"https:\/\/www.eldiario.net\/portal\/wp-json\/wp\/v2\/tags?post=119746"}],"curies":[{"name":"wp","href":"https:\/\/api.w.org\/{rel}","templated":true}]}}