{"id":119741,"date":"2022-11-02T05:34:29","date_gmt":"2022-11-02T09:34:29","guid":{"rendered":"https:\/\/www.eldiario.net\/portal\/?p=119741"},"modified":"2022-11-02T05:34:29","modified_gmt":"2022-11-02T09:34:29","slug":"reservas-caen-y-deuda-del-gobierno-con-las-afp-crece","status":"publish","type":"post","link":"https:\/\/www.eldiario.net\/portal\/2022\/11\/02\/reservas-caen-y-deuda-del-gobierno-con-las-afp-crece\/","title":{"rendered":"Reservas caen y deuda del Gobierno con las AFP crece"},"content":{"rendered":"<p>Mientras el Gobierno se esfuerza por doblegar a Santa Cruz con cerco y freno a las exportaciones, los economistas dan cuenta que las Reservas Internacionales Netas del Banco Central de Bolivia caen a menos de 4.000 millones de d\u00f3lares y por otro lado, crece la deuda del Estado con las Administradoras de Fondos de Pensiones (AFP) y se\u00f1alan que el conflicto solo es una distracci\u00f3n.<br \/>\n\u201cEn en pa\u00eds, mientras la pol\u00edtica se lleva toda la atenci\u00f3n, en lo que va del 2022, el Gobierno Central ha levantado 7.080 millones de bolivianos de los aportes a las AFP (y ahora Gestora) a trav\u00e9s de Bonos de Deuda. Esta cifra es m\u00e1s alta que todo lo colocado en el 2020&#8243;, se\u00f1ala el @g_espinoza, economista y exdirector del Banco Central de Bolivia (BCB), Gabriel Espinoza.<br \/>\nMientras los economistas, Ernesto Bernal y Dar\u00edo Monasterio, por separado, estimaron que la deuda p\u00fablica tanto externa como interna pasa alrededor del 50 % del Producto Interno Bruto (PIB).<br \/>\nParalelamente, las Reservas Internacionales bajaron a menos de 4.000 millones de d\u00f3lares. Hasta el 18 de octubre de la presente gesti\u00f3n la cifra lleg\u00f3 a 3.909 millones, y la ca\u00edda se registr\u00f3 a partir de agosto, y a\u00fan no se recuperan.<br \/>\nAnte la suspensi\u00f3n de exportaci\u00f3n de productos agr\u00edcolas y la carne, el rechazo fue generalizado pues lo calificaron como una medida pol\u00edtica, y menos t\u00e9cnica.<br \/>\n\u00abLa suspensi\u00f3n de exportaciones de alimentos significa menores divisas que el pa\u00eds necesita para mantener sus reservas internacionales y sostener la fr\u00e1gil estabilidad del tipo de cambio. Es el juego chorro morro, donde todos perdemos\u00bb, dec\u00eda @GonzaloCHavezA, economista y docente de la Universidad Cat\u00f3lica Boliviana, Gonzalo Ch\u00e1vez.<br \/>\nDeuda<br \/>\nEl a\u00f1o pasado se anunci\u00f3 un pr\u00e9stamo para la realizaci\u00f3n del Censo, y recientemente se aprob\u00f3 un cr\u00e9dito de 400 millones de d\u00f3lares por parte del Banco de Desarrolo de Am\u00e9rica Latina. para diferentes temas, el Gobierno indic\u00f3 que no era para gasto corriente, lo cual fue observado por los expertos.<br \/>\nAnte la informaci\u00f3n publicada en redes sociales sobre la posici\u00f3n de Bolivia en rankings de deuda externa, ocupando un lugar entre los cinco, el Ministerio de Econom\u00eda y Finanzas P\u00fablicas aclar\u00f3 que las obligaciones no son porcentajes altos como indican algunos medios.<br \/>\nEl Ministerio de Econom\u00eda y Finanzas P\u00fablicas inform\u00f3 ayer que la deuda p\u00fablica de Bolivia, en 2021, represent\u00f3 el 46 % del Producto Interno Bruto (PIB), ligeramente superior en 1,0 punto porcentual (pp) respecto a 2020 (45 %).<br \/>\nSin embargo, pese a ese incremento, el coeficiente de deuda contin\u00faa ubic\u00e1ndose por debajo de los l\u00edmites establecidos como recomendables por organismos internacionales, como la Comunidad Andina (50 %) y el Tratado de Maastricht de la Uni\u00f3n Europea (60 %).<br \/>\n\u00abCon estas cifras se aclara que la deuda p\u00fablica total no lleg\u00f3 al 86,1% en relaci\u00f3n al PIB, en 2021, como lo afirman algunos medios de comunicaci\u00f3n\u00bb, afirm\u00f3 esa cartera mediante un comunicado.<br \/>\nEl ministerio explic\u00f3 que el an\u00e1lisis correcto de la deuda total del sector p\u00fablico debe ser realizado con una consolidaci\u00f3n o \u00abneteo\u00bb de cifras; es decir, con la deducci\u00f3n de la deuda intrasector entre el Gobierno general \u00abrepresentado por el Tesoro General de la Naci\u00f3n (TGN), las empresas p\u00fablicas y el Banco Central de Bolivia (BCB)\u00bb para evitar un \u00aberror de doble contabilizaci\u00f3n\u00bb.<br \/>\nEsta consolidaci\u00f3n o \u00abneteo\u00bbsigue la metodolog\u00eda internacional para las cuentas nacionales y finanzas p\u00fablicas.<br \/>\nConsiderando el an\u00e1lisis por tipo de deuda y de acuerdo con cifras oficiales, en 2021, la deuda p\u00fablica externa sum\u00f3 12.698 millones de d\u00f3lares, equivalente a 31,2 % del PIB, coeficiente inferior en 1,8 pp respecto a 2020 (33,0 %) y \u00abmuy\u00bb por debajo de los l\u00edmites establecidos como recomendables por organismos internacionales.<br \/>\nEn tanto, la deuda interna neta o consolidada de 2021, que excluye la deuda intrasector con el BCB, alcanz\u00f3 a 40.057 millones de bolivianos, representando 14,3 % del PIB, cifra superior en 2,8 pp respecto a 2020 (11,5 %).<br \/>\nLos sectores econ\u00f3micos as\u00ed como economistas observan el paso de las AFP a la Gestora, pues a pesar de que las autoridades indican que existen los condados para cuidar el dinero de los bolivianos, no conf\u00edan, pues en cualquier momento cambian pues tienen las llaves para hacerlo.<br \/>\nEl gasto del gobierno se increment\u00f3 en los \u00faltimos a\u00f1os, no tanto para inversi\u00f3n p\u00fablica sino para pagar a los m\u00e1s de 500.000 funcionarios, y sigue creciendo con la creaci\u00f3n de m\u00e1s empresas p\u00fablicas, as\u00ed como por la apertura de supermercados realizados por la Empresa de Apoyo la Producci\u00f3n de Alimentos (Emapa).<br \/>\nPara la presente gesti\u00f3n se proyect\u00f3 un d\u00e9ficit fiscal de un poco m\u00e1s de 8 %, pero al parecer la cifra subir\u00e1, debido a la falta de liquidez del Gobierno, que afect\u00f3 al dinamismo de la inversi\u00f3n p\u00fablica.<\/p>\n","protected":false},"excerpt":{"rendered":"<p>Mientras el Gobierno se esfuerza por doblegar a Santa Cruz con cerco y freno a las exportaciones, los economistas dan cuenta que las Reservas Internacionales Netas del Banco Central de Bolivia caen a menos de 4.000 millones de d\u00f3lares y por otro lado, crece la deuda del Estado con las Administradoras de Fondos de Pensiones [&hellip;]<\/p>\n","protected":false},"author":1,"featured_media":119742,"comment_status":"closed","ping_status":"closed","sticky":false,"template":"","format":"standard","meta":{"_acf_changed":false,"footnotes":""},"categories":[7],"tags":[],"class_list":["post-119741","post","type-post","status-publish","format-standard","has-post-thumbnail","category-economia"],"acf":{"antetitulo":""},"yoast_head":"<!-- This site is optimized with the Yoast SEO plugin v28.3 - https:\/\/yoast.com\/product\/yoast-seo-wordpress\/ -->\n<title>Reservas caen y deuda del Gobierno con las AFP crece - El Diario - Bolivia<\/title>\n<meta name=\"robots\" content=\"index, follow, max-snippet:-1, max-image-preview:large, max-video-preview:-1\" \/>\n<link rel=\"canonical\" href=\"https:\/\/www.eldiario.net\/portal\/2022\/11\/02\/reservas-caen-y-deuda-del-gobierno-con-las-afp-crece\/\" \/>\n<meta property=\"og:locale\" content=\"es_ES\" \/>\n<meta property=\"og:type\" content=\"article\" \/>\n<meta property=\"og:title\" content=\"Reservas caen y deuda del Gobierno con las AFP crece - El Diario - Bolivia\" \/>\n<meta property=\"og:description\" content=\"Mientras el Gobierno se esfuerza por doblegar a Santa Cruz con cerco y freno a las exportaciones, los economistas dan cuenta que las Reservas Internacionales Netas del Banco Central de Bolivia caen a menos de 4.000 millones de d\u00f3lares y por otro lado, crece la deuda del Estado con las Administradoras de Fondos de Pensiones [&hellip;]\" \/>\n<meta property=\"og:url\" content=\"https:\/\/www.eldiario.net\/portal\/2022\/11\/02\/reservas-caen-y-deuda-del-gobierno-con-las-afp-crece\/\" \/>\n<meta property=\"og:site_name\" content=\"El Diario - Bolivia\" \/>\n<meta property=\"article:publisher\" content=\"https:\/\/www.facebook.com\/eldiario.bolivia\/\" \/>\n<meta property=\"article:published_time\" content=\"2022-11-02T09:34:29+00:00\" \/>\n<meta name=\"author\" content=\"Jeanette\" \/>\n<meta name=\"twitter:card\" content=\"summary_large_image\" \/>\n<meta name=\"twitter:creator\" content=\"@eldiario_net\" \/>\n<meta name=\"twitter:site\" content=\"@eldiario_net\" \/>\n<meta name=\"twitter:label1\" content=\"Escrito por\" \/>\n\t<meta name=\"twitter:data1\" content=\"Jeanette\" \/>\n\t<meta name=\"twitter:label2\" content=\"Tiempo de lectura\" \/>\n\t<meta name=\"twitter:data2\" content=\"4 minutos\" \/>\n<script type=\"application\/ld+json\" class=\"yoast-schema-graph\">{\"@context\":\"https:\\\/\\\/schema.org\",\"@graph\":[{\"@type\":\"Article\",\"@id\":\"https:\\\/\\\/www.eldiario.net\\\/portal\\\/2022\\\/11\\\/02\\\/reservas-caen-y-deuda-del-gobierno-con-las-afp-crece\\\/#article\",\"isPartOf\":{\"@id\":\"https:\\\/\\\/www.eldiario.net\\\/portal\\\/2022\\\/11\\\/02\\\/reservas-caen-y-deuda-del-gobierno-con-las-afp-crece\\\/\"},\"author\":{\"name\":\"Jeanette\",\"@id\":\"https:\\\/\\\/www.eldiario.net\\\/portal\\\/#\\\/schema\\\/person\\\/f46445640444750d7d753ccd04ae01b7\"},\"headline\":\"Reservas caen y deuda del Gobierno con las AFP crece\",\"datePublished\":\"2022-11-02T09:34:29+00:00\",\"mainEntityOfPage\":{\"@id\":\"https:\\\/\\\/www.eldiario.net\\\/portal\\\/2022\\\/11\\\/02\\\/reservas-caen-y-deuda-del-gobierno-con-las-afp-crece\\\/\"},\"wordCount\":830,\"publisher\":{\"@id\":\"https:\\\/\\\/www.eldiario.net\\\/portal\\\/#organization\"},\"image\":{\"@id\":\"https:\\\/\\\/www.eldiario.net\\\/portal\\\/2022\\\/11\\\/02\\\/reservas-caen-y-deuda-del-gobierno-con-las-afp-crece\\\/#primaryimage\"},\"thumbnailUrl\":\"\",\"articleSection\":[\"Econom\u00eda\"],\"inLanguage\":\"es\"},{\"@type\":\"WebPage\",\"@id\":\"https:\\\/\\\/www.eldiario.net\\\/portal\\\/2022\\\/11\\\/02\\\/reservas-caen-y-deuda-del-gobierno-con-las-afp-crece\\\/\",\"url\":\"https:\\\/\\\/www.eldiario.net\\\/portal\\\/2022\\\/11\\\/02\\\/reservas-caen-y-deuda-del-gobierno-con-las-afp-crece\\\/\",\"name\":\"Reservas caen y deuda del Gobierno con las AFP crece - El Diario - Bolivia\",\"isPartOf\":{\"@id\":\"https:\\\/\\\/www.eldiario.net\\\/portal\\\/#website\"},\"primaryImageOfPage\":{\"@id\":\"https:\\\/\\\/www.eldiario.net\\\/portal\\\/2022\\\/11\\\/02\\\/reservas-caen-y-deuda-del-gobierno-con-las-afp-crece\\\/#primaryimage\"},\"image\":{\"@id\":\"https:\\\/\\\/www.eldiario.net\\\/portal\\\/2022\\\/11\\\/02\\\/reservas-caen-y-deuda-del-gobierno-con-las-afp-crece\\\/#primaryimage\"},\"thumbnailUrl\":\"\",\"datePublished\":\"2022-11-02T09:34:29+00:00\",\"breadcrumb\":{\"@id\":\"https:\\\/\\\/www.eldiario.net\\\/portal\\\/2022\\\/11\\\/02\\\/reservas-caen-y-deuda-del-gobierno-con-las-afp-crece\\\/#breadcrumb\"},\"inLanguage\":\"es\",\"potentialAction\":[{\"@type\":\"ReadAction\",\"target\":[\"https:\\\/\\\/www.eldiario.net\\\/portal\\\/2022\\\/11\\\/02\\\/reservas-caen-y-deuda-del-gobierno-con-las-afp-crece\\\/\"]}]},{\"@type\":\"ImageObject\",\"inLanguage\":\"es\",\"@id\":\"https:\\\/\\\/www.eldiario.net\\\/portal\\\/2022\\\/11\\\/02\\\/reservas-caen-y-deuda-del-gobierno-con-las-afp-crece\\\/#primaryimage\",\"url\":\"\",\"contentUrl\":\"\"},{\"@type\":\"BreadcrumbList\",\"@id\":\"https:\\\/\\\/www.eldiario.net\\\/portal\\\/2022\\\/11\\\/02\\\/reservas-caen-y-deuda-del-gobierno-con-las-afp-crece\\\/#breadcrumb\",\"itemListElement\":[{\"@type\":\"ListItem\",\"position\":1,\"name\":\"Portada\",\"item\":\"https:\\\/\\\/www.eldiario.net\\\/portal\\\/\"},{\"@type\":\"ListItem\",\"position\":2,\"name\":\"Reservas caen y deuda del Gobierno con las AFP crece\"}]},{\"@type\":\"WebSite\",\"@id\":\"https:\\\/\\\/www.eldiario.net\\\/portal\\\/#website\",\"url\":\"https:\\\/\\\/www.eldiario.net\\\/portal\\\/\",\"name\":\"El Diario - Decano de la prensa nacional\",\"description\":\"El Diario - Decano de la prensa nacional\",\"publisher\":{\"@id\":\"https:\\\/\\\/www.eldiario.net\\\/portal\\\/#organization\"},\"potentialAction\":[{\"@type\":\"SearchAction\",\"target\":{\"@type\":\"EntryPoint\",\"urlTemplate\":\"https:\\\/\\\/www.eldiario.net\\\/portal\\\/?s={search_term_string}\"},\"query-input\":{\"@type\":\"PropertyValueSpecification\",\"valueRequired\":true,\"valueName\":\"search_term_string\"}}],\"inLanguage\":\"es\"},{\"@type\":\"Organization\",\"@id\":\"https:\\\/\\\/www.eldiario.net\\\/portal\\\/#organization\",\"name\":\"El Diario - Decano de la prensa nacional\",\"url\":\"https:\\\/\\\/www.eldiario.net\\\/portal\\\/\",\"logo\":{\"@type\":\"ImageObject\",\"inLanguage\":\"es\",\"@id\":\"https:\\\/\\\/www.eldiario.net\\\/portal\\\/#\\\/schema\\\/logo\\\/image\\\/\",\"url\":\"https:\\\/\\\/www.eldiario.net\\\/portal\\\/wp-content\\\/uploads\\\/2023\\\/07\\\/logo_ED.jpg\",\"contentUrl\":\"https:\\\/\\\/www.eldiario.net\\\/portal\\\/wp-content\\\/uploads\\\/2023\\\/07\\\/logo_ED.jpg\",\"width\":272,\"height\":52,\"caption\":\"El Diario - Decano de la prensa nacional\"},\"image\":{\"@id\":\"https:\\\/\\\/www.eldiario.net\\\/portal\\\/#\\\/schema\\\/logo\\\/image\\\/\"},\"sameAs\":[\"https:\\\/\\\/www.facebook.com\\\/eldiario.bolivia\\\/\",\"https:\\\/\\\/x.com\\\/eldiario_net\"]},{\"@type\":\"Person\",\"@id\":\"https:\\\/\\\/www.eldiario.net\\\/portal\\\/#\\\/schema\\\/person\\\/f46445640444750d7d753ccd04ae01b7\",\"name\":\"Jeanette\",\"image\":{\"@type\":\"ImageObject\",\"inLanguage\":\"es\",\"@id\":\"https:\\\/\\\/secure.gravatar.com\\\/avatar\\\/3ea2118a5f7dad2b7138b1187a6b7ee55f160b9968b66013c3a3ef39dd7e5798?s=96&d=mm&r=g\",\"url\":\"https:\\\/\\\/secure.gravatar.com\\\/avatar\\\/3ea2118a5f7dad2b7138b1187a6b7ee55f160b9968b66013c3a3ef39dd7e5798?s=96&d=mm&r=g\",\"contentUrl\":\"https:\\\/\\\/secure.gravatar.com\\\/avatar\\\/3ea2118a5f7dad2b7138b1187a6b7ee55f160b9968b66013c3a3ef39dd7e5798?s=96&d=mm&r=g\",\"caption\":\"Jeanette\"},\"sameAs\":[\"https:\\\/\\\/www.eldiario.net\\\/portal\"],\"url\":\"https:\\\/\\\/www.eldiario.net\\\/portal\\\/author\\\/jeanette\\\/\"}]}<\/script>\n<!-- \/ Yoast SEO plugin. -->","yoast_head_json":{"title":"Reservas caen y deuda del Gobierno con las AFP crece - El Diario - Bolivia","robots":{"index":"index","follow":"follow","max-snippet":"max-snippet:-1","max-image-preview":"max-image-preview:large","max-video-preview":"max-video-preview:-1"},"canonical":"https:\/\/www.eldiario.net\/portal\/2022\/11\/02\/reservas-caen-y-deuda-del-gobierno-con-las-afp-crece\/","og_locale":"es_ES","og_type":"article","og_title":"Reservas caen y deuda del Gobierno con las AFP crece - El Diario - Bolivia","og_description":"Mientras el Gobierno se esfuerza por doblegar a Santa Cruz con cerco y freno a las exportaciones, los economistas dan cuenta que las Reservas Internacionales Netas del Banco Central de Bolivia caen a menos de 4.000 millones de d\u00f3lares y por otro lado, crece la deuda del Estado con las Administradoras de Fondos de Pensiones [&hellip;]","og_url":"https:\/\/www.eldiario.net\/portal\/2022\/11\/02\/reservas-caen-y-deuda-del-gobierno-con-las-afp-crece\/","og_site_name":"El Diario - Bolivia","article_publisher":"https:\/\/www.facebook.com\/eldiario.bolivia\/","article_published_time":"2022-11-02T09:34:29+00:00","author":"Jeanette","twitter_card":"summary_large_image","twitter_creator":"@eldiario_net","twitter_site":"@eldiario_net","twitter_misc":{"Escrito por":"Jeanette","Tiempo de lectura":"4 minutos"},"schema":{"@context":"https:\/\/schema.org","@graph":[{"@type":"Article","@id":"https:\/\/www.eldiario.net\/portal\/2022\/11\/02\/reservas-caen-y-deuda-del-gobierno-con-las-afp-crece\/#article","isPartOf":{"@id":"https:\/\/www.eldiario.net\/portal\/2022\/11\/02\/reservas-caen-y-deuda-del-gobierno-con-las-afp-crece\/"},"author":{"name":"Jeanette","@id":"https:\/\/www.eldiario.net\/portal\/#\/schema\/person\/f46445640444750d7d753ccd04ae01b7"},"headline":"Reservas caen y deuda del Gobierno con las AFP crece","datePublished":"2022-11-02T09:34:29+00:00","mainEntityOfPage":{"@id":"https:\/\/www.eldiario.net\/portal\/2022\/11\/02\/reservas-caen-y-deuda-del-gobierno-con-las-afp-crece\/"},"wordCount":830,"publisher":{"@id":"https:\/\/www.eldiario.net\/portal\/#organization"},"image":{"@id":"https:\/\/www.eldiario.net\/portal\/2022\/11\/02\/reservas-caen-y-deuda-del-gobierno-con-las-afp-crece\/#primaryimage"},"thumbnailUrl":"","articleSection":["Econom\u00eda"],"inLanguage":"es"},{"@type":"WebPage","@id":"https:\/\/www.eldiario.net\/portal\/2022\/11\/02\/reservas-caen-y-deuda-del-gobierno-con-las-afp-crece\/","url":"https:\/\/www.eldiario.net\/portal\/2022\/11\/02\/reservas-caen-y-deuda-del-gobierno-con-las-afp-crece\/","name":"Reservas caen y deuda del Gobierno con las AFP crece - El Diario - Bolivia","isPartOf":{"@id":"https:\/\/www.eldiario.net\/portal\/#website"},"primaryImageOfPage":{"@id":"https:\/\/www.eldiario.net\/portal\/2022\/11\/02\/reservas-caen-y-deuda-del-gobierno-con-las-afp-crece\/#primaryimage"},"image":{"@id":"https:\/\/www.eldiario.net\/portal\/2022\/11\/02\/reservas-caen-y-deuda-del-gobierno-con-las-afp-crece\/#primaryimage"},"thumbnailUrl":"","datePublished":"2022-11-02T09:34:29+00:00","breadcrumb":{"@id":"https:\/\/www.eldiario.net\/portal\/2022\/11\/02\/reservas-caen-y-deuda-del-gobierno-con-las-afp-crece\/#breadcrumb"},"inLanguage":"es","potentialAction":[{"@type":"ReadAction","target":["https:\/\/www.eldiario.net\/portal\/2022\/11\/02\/reservas-caen-y-deuda-del-gobierno-con-las-afp-crece\/"]}]},{"@type":"ImageObject","inLanguage":"es","@id":"https:\/\/www.eldiario.net\/portal\/2022\/11\/02\/reservas-caen-y-deuda-del-gobierno-con-las-afp-crece\/#primaryimage","url":"","contentUrl":""},{"@type":"BreadcrumbList","@id":"https:\/\/www.eldiario.net\/portal\/2022\/11\/02\/reservas-caen-y-deuda-del-gobierno-con-las-afp-crece\/#breadcrumb","itemListElement":[{"@type":"ListItem","position":1,"name":"Portada","item":"https:\/\/www.eldiario.net\/portal\/"},{"@type":"ListItem","position":2,"name":"Reservas caen y deuda del Gobierno con las AFP crece"}]},{"@type":"WebSite","@id":"https:\/\/www.eldiario.net\/portal\/#website","url":"https:\/\/www.eldiario.net\/portal\/","name":"El Diario - Decano de la prensa nacional","description":"El Diario - Decano de la prensa nacional","publisher":{"@id":"https:\/\/www.eldiario.net\/portal\/#organization"},"potentialAction":[{"@type":"SearchAction","target":{"@type":"EntryPoint","urlTemplate":"https:\/\/www.eldiario.net\/portal\/?s={search_term_string}"},"query-input":{"@type":"PropertyValueSpecification","valueRequired":true,"valueName":"search_term_string"}}],"inLanguage":"es"},{"@type":"Organization","@id":"https:\/\/www.eldiario.net\/portal\/#organization","name":"El Diario - Decano de la prensa nacional","url":"https:\/\/www.eldiario.net\/portal\/","logo":{"@type":"ImageObject","inLanguage":"es","@id":"https:\/\/www.eldiario.net\/portal\/#\/schema\/logo\/image\/","url":"https:\/\/www.eldiario.net\/portal\/wp-content\/uploads\/2023\/07\/logo_ED.jpg","contentUrl":"https:\/\/www.eldiario.net\/portal\/wp-content\/uploads\/2023\/07\/logo_ED.jpg","width":272,"height":52,"caption":"El Diario - Decano de la prensa nacional"},"image":{"@id":"https:\/\/www.eldiario.net\/portal\/#\/schema\/logo\/image\/"},"sameAs":["https:\/\/www.facebook.com\/eldiario.bolivia\/","https:\/\/x.com\/eldiario_net"]},{"@type":"Person","@id":"https:\/\/www.eldiario.net\/portal\/#\/schema\/person\/f46445640444750d7d753ccd04ae01b7","name":"Jeanette","image":{"@type":"ImageObject","inLanguage":"es","@id":"https:\/\/secure.gravatar.com\/avatar\/3ea2118a5f7dad2b7138b1187a6b7ee55f160b9968b66013c3a3ef39dd7e5798?s=96&d=mm&r=g","url":"https:\/\/secure.gravatar.com\/avatar\/3ea2118a5f7dad2b7138b1187a6b7ee55f160b9968b66013c3a3ef39dd7e5798?s=96&d=mm&r=g","contentUrl":"https:\/\/secure.gravatar.com\/avatar\/3ea2118a5f7dad2b7138b1187a6b7ee55f160b9968b66013c3a3ef39dd7e5798?s=96&d=mm&r=g","caption":"Jeanette"},"sameAs":["https:\/\/www.eldiario.net\/portal"],"url":"https:\/\/www.eldiario.net\/portal\/author\/jeanette\/"}]}},"_links":{"self":[{"href":"https:\/\/www.eldiario.net\/portal\/wp-json\/wp\/v2\/posts\/119741","targetHints":{"allow":["GET"]}}],"collection":[{"href":"https:\/\/www.eldiario.net\/portal\/wp-json\/wp\/v2\/posts"}],"about":[{"href":"https:\/\/www.eldiario.net\/portal\/wp-json\/wp\/v2\/types\/post"}],"author":[{"embeddable":true,"href":"https:\/\/www.eldiario.net\/portal\/wp-json\/wp\/v2\/users\/1"}],"replies":[{"embeddable":true,"href":"https:\/\/www.eldiario.net\/portal\/wp-json\/wp\/v2\/comments?post=119741"}],"version-history":[{"count":0,"href":"https:\/\/www.eldiario.net\/portal\/wp-json\/wp\/v2\/posts\/119741\/revisions"}],"wp:attachment":[{"href":"https:\/\/www.eldiario.net\/portal\/wp-json\/wp\/v2\/media?parent=119741"}],"wp:term":[{"taxonomy":"category","embeddable":true,"href":"https:\/\/www.eldiario.net\/portal\/wp-json\/wp\/v2\/categories?post=119741"},{"taxonomy":"post_tag","embeddable":true,"href":"https:\/\/www.eldiario.net\/portal\/wp-json\/wp\/v2\/tags?post=119741"}],"curies":[{"name":"wp","href":"https:\/\/api.w.org\/{rel}","templated":true}]}}