{"id":119731,"date":"2022-11-01T12:47:49","date_gmt":"2022-11-01T16:47:49","guid":{"rendered":"https:\/\/www.eldiario.net\/portal\/?p=119731"},"modified":"2022-11-01T12:47:49","modified_gmt":"2022-11-01T16:47:49","slug":"actividades-finales-de-la-escuela","status":"publish","type":"post","link":"https:\/\/www.eldiario.net\/portal\/2022\/11\/01\/actividades-finales-de-la-escuela\/","title":{"rendered":"Actividades finales de la escuela"},"content":{"rendered":"<p>En las unidades educativas del Subsistema de Educaci\u00f3n Regular: tradicionalmente, el tercer trimestre (septiembre a noviembre), est\u00e1 cargado de muchas actividades de impacto educativo social, que se reactivaron despu\u00e9s de dos a\u00f1os de pausa pedag\u00f3gica obligada. Los directores en coordinaci\u00f3n con las comisiones y Consejo de Profesores, programaron acciones de fin de gesti\u00f3n, que concluye indefectiblemente el 30 de noviembre, fijado en el calendario escolar y cierre de gesti\u00f3n de la R.M. 01\/2022, art\u00edculo 3, inciso c).<\/p>\n<p>En ese marco, instituciones educativas de nivel inicial, primaria y secundaria; planificaron en su Plan Operativo Anual (POA), distintas actividades de impacto socioeducativo: concurso de bandas, declamaciones po\u00e9ticas, campeonatos deportivos, producci\u00f3n textual, feria del libro, recuperaci\u00f3n de costumbres (Todos los Santos), ferias multidisciplinarios institucionales, demostraciones de m\u00fasica, exposiciones de t\u00e9cnica tecnol\u00f3gica, presentaci\u00f3n de educaci\u00f3n f\u00edsica, semana de ex\u00e1menes, evaluaci\u00f3n institucional, promociones y entrega de libretas escolares a los padres de familia.<\/p>\n<p>Cadena de intensas acciones de planificaci\u00f3n, organizaci\u00f3n, coordinaci\u00f3n, discusi\u00f3n y ejecuci\u00f3n de las actividades finales, que los gestores de educaci\u00f3n (directores), est\u00e1n llevando a cabo, buscando la valoraci\u00f3n cualitativa o menci\u00f3n real y significativa de los usuarios de la educaci\u00f3n. Entonces, para lograr exitosamente tareas programadas, los docentes de aula y \u00e1reas t\u00e9cnicas, requieren apoyo incondicional de los padres y madres de familia con recursos y materiales fungibles que los estudiantes utilizar\u00e1n en las demostraciones o presentaciones p\u00fablicas dentro o fuera de la escuela (evaluaci\u00f3n).<\/p>\n<p>En estos procesos de concreciones curriculares, algunos miembros de la comunidad educativa, fundamentalmente padres y madres de familia, s\u00f3lo saben criticar desmedidamente, pretendiendo menospreciar iniciativas, motivaciones, creatividad de los maestros. Cuando se debe actuar inversamente, apoyar comprometida y decididamente a los pensamientos de los mentores de la educaci\u00f3n. Por ejemplo, para el desarrollo exitoso de una demostraci\u00f3n pr\u00e1ctica, se requiere un equipo de amplificaci\u00f3n para hacer escuchar a la audiencia el desarrollo de un programa especial, preparado con anticipaci\u00f3n.<\/p>\n<p>Las necesidades y problemas que tienen las escuelas p\u00fablicas son diversos, distintos de una realidad contextual a otra. Pero, observamos constantemente en las escuelas, no solo falta de infraestructura y mobiliario, sino carencia de equipos de sonido (amplificadores, parlantes, ecualizadores y cables), computadora, data y accesorios. Lo que impide la concreci\u00f3n efectiva del curr\u00edculo, coartando las iniciativas y creatividades de los docentes. Sin equipos tecnol\u00f3gicos, es humanamente dif\u00edcil ejecutar actividades de impacto y socializaci\u00f3n educativa (ferias y demostraciones).<\/p>\n<p>Sabemos, que los Gobiernos Aut\u00f3nomo Municipales (Ley 070, Art. 80.2, incisos a, b): \u201cSon responsables de dotar, financiar y garantizar los servicios b\u00e1sicos, infraestructura, mobiliario, material educativo y equipamiento de las unidades educativas de Educaci\u00f3n Regular, Educaci\u00f3n Alternativa y Especial, as\u00ed como de las Direcciones Distritales y de N\u00facleo, en su jurisdicci\u00f3n\u201d. Y, \u201capoyo a programas educativos con recursos establecidos en las normas en vigencia\u201d.<\/p>\n<p>Sin embargo, muchos gobiernos municipales del pa\u00eds, descuidan o simplemente omiten responsabilidades cuando se trata de atender a las demandas del sistema educativo: servicios b\u00e1sicos, infraestructura, mobiliario y equipamiento. En consecuencia, no existe otra salida pr\u00e1ctica para los directores, docentes y consejos educativos, apelar a la voluntad y solidaridad de la comunidad educativa, para adquirir con aportes econ\u00f3micos propios de los estudiantes, padres de familia y profesores; equipo de sonido (amplificadores y parlantes) imprescindible para llevar adelante el desarrollo exitoso de las actividades finales de la escuela.<\/p>\n<p>&nbsp;<\/p>\n<p>raulalberto1911@gmail.com<\/p>\n","protected":false},"excerpt":{"rendered":"<p>En las unidades educativas del Subsistema de Educaci\u00f3n Regular: tradicionalmente, el tercer trimestre (septiembre a noviembre), est\u00e1 cargado de muchas actividades de impacto educativo social, que se reactivaron despu\u00e9s de dos a\u00f1os de pausa pedag\u00f3gica obligada. Los directores en coordinaci\u00f3n con las comisiones y Consejo de Profesores, programaron acciones de fin de gesti\u00f3n, que concluye [&hellip;]<\/p>\n","protected":false},"author":1,"featured_media":47214,"comment_status":"closed","ping_status":"closed","sticky":false,"template":"","format":"standard","meta":{"_acf_changed":false,"footnotes":""},"categories":[9],"tags":[],"class_list":["post-119731","post","type-post","status-publish","format-standard","has-post-thumbnail","category-opinion"],"acf":{"antetitulo":""},"yoast_head":"<!-- This site is optimized with the Yoast SEO plugin v28.3 - https:\/\/yoast.com\/product\/yoast-seo-wordpress\/ -->\n<title>Actividades finales de la escuela - El Diario - Bolivia<\/title>\n<meta name=\"robots\" content=\"index, follow, max-snippet:-1, max-image-preview:large, max-video-preview:-1\" \/>\n<link rel=\"canonical\" href=\"https:\/\/www.eldiario.net\/portal\/2022\/11\/01\/actividades-finales-de-la-escuela\/\" \/>\n<meta property=\"og:locale\" content=\"es_ES\" \/>\n<meta property=\"og:type\" content=\"article\" \/>\n<meta property=\"og:title\" content=\"Actividades finales de la escuela - El Diario - Bolivia\" \/>\n<meta property=\"og:description\" content=\"En las unidades educativas del Subsistema de Educaci\u00f3n Regular: tradicionalmente, el tercer trimestre (septiembre a noviembre), est\u00e1 cargado de muchas actividades de impacto educativo social, que se reactivaron despu\u00e9s de dos a\u00f1os de pausa pedag\u00f3gica obligada. Los directores en coordinaci\u00f3n con las comisiones y Consejo de Profesores, programaron acciones de fin de gesti\u00f3n, que concluye [&hellip;]\" \/>\n<meta property=\"og:url\" content=\"https:\/\/www.eldiario.net\/portal\/2022\/11\/01\/actividades-finales-de-la-escuela\/\" \/>\n<meta property=\"og:site_name\" content=\"El Diario - Bolivia\" \/>\n<meta property=\"article:publisher\" content=\"https:\/\/www.facebook.com\/eldiario.bolivia\/\" \/>\n<meta property=\"article:published_time\" content=\"2022-11-01T16:47:49+00:00\" \/>\n<meta name=\"author\" content=\"Jeanette\" \/>\n<meta name=\"twitter:card\" content=\"summary_large_image\" \/>\n<meta name=\"twitter:creator\" content=\"@eldiario_net\" \/>\n<meta name=\"twitter:site\" content=\"@eldiario_net\" \/>\n<meta name=\"twitter:label1\" content=\"Escrito por\" \/>\n\t<meta name=\"twitter:data1\" content=\"Jeanette\" \/>\n<script type=\"application\/ld+json\" class=\"yoast-schema-graph\">{\"@context\":\"https:\\\/\\\/schema.org\",\"@graph\":[{\"@type\":\"Article\",\"@id\":\"https:\\\/\\\/www.eldiario.net\\\/portal\\\/2022\\\/11\\\/01\\\/actividades-finales-de-la-escuela\\\/#article\",\"isPartOf\":{\"@id\":\"https:\\\/\\\/www.eldiario.net\\\/portal\\\/2022\\\/11\\\/01\\\/actividades-finales-de-la-escuela\\\/\"},\"author\":{\"name\":\"Jeanette\",\"@id\":\"https:\\\/\\\/www.eldiario.net\\\/portal\\\/#\\\/schema\\\/person\\\/f46445640444750d7d753ccd04ae01b7\"},\"headline\":\"Actividades finales de la escuela\",\"datePublished\":\"2022-11-01T16:47:49+00:00\",\"mainEntityOfPage\":{\"@id\":\"https:\\\/\\\/www.eldiario.net\\\/portal\\\/2022\\\/11\\\/01\\\/actividades-finales-de-la-escuela\\\/\"},\"wordCount\":602,\"publisher\":{\"@id\":\"https:\\\/\\\/www.eldiario.net\\\/portal\\\/#organization\"},\"image\":{\"@id\":\"https:\\\/\\\/www.eldiario.net\\\/portal\\\/2022\\\/11\\\/01\\\/actividades-finales-de-la-escuela\\\/#primaryimage\"},\"thumbnailUrl\":\"\",\"articleSection\":[\"Opini\u00f3n\"],\"inLanguage\":\"es\"},{\"@type\":\"WebPage\",\"@id\":\"https:\\\/\\\/www.eldiario.net\\\/portal\\\/2022\\\/11\\\/01\\\/actividades-finales-de-la-escuela\\\/\",\"url\":\"https:\\\/\\\/www.eldiario.net\\\/portal\\\/2022\\\/11\\\/01\\\/actividades-finales-de-la-escuela\\\/\",\"name\":\"Actividades finales de la escuela - El Diario - Bolivia\",\"isPartOf\":{\"@id\":\"https:\\\/\\\/www.eldiario.net\\\/portal\\\/#website\"},\"primaryImageOfPage\":{\"@id\":\"https:\\\/\\\/www.eldiario.net\\\/portal\\\/2022\\\/11\\\/01\\\/actividades-finales-de-la-escuela\\\/#primaryimage\"},\"image\":{\"@id\":\"https:\\\/\\\/www.eldiario.net\\\/portal\\\/2022\\\/11\\\/01\\\/actividades-finales-de-la-escuela\\\/#primaryimage\"},\"thumbnailUrl\":\"\",\"datePublished\":\"2022-11-01T16:47:49+00:00\",\"breadcrumb\":{\"@id\":\"https:\\\/\\\/www.eldiario.net\\\/portal\\\/2022\\\/11\\\/01\\\/actividades-finales-de-la-escuela\\\/#breadcrumb\"},\"inLanguage\":\"es\",\"potentialAction\":[{\"@type\":\"ReadAction\",\"target\":[\"https:\\\/\\\/www.eldiario.net\\\/portal\\\/2022\\\/11\\\/01\\\/actividades-finales-de-la-escuela\\\/\"]}]},{\"@type\":\"ImageObject\",\"inLanguage\":\"es\",\"@id\":\"https:\\\/\\\/www.eldiario.net\\\/portal\\\/2022\\\/11\\\/01\\\/actividades-finales-de-la-escuela\\\/#primaryimage\",\"url\":\"\",\"contentUrl\":\"\"},{\"@type\":\"BreadcrumbList\",\"@id\":\"https:\\\/\\\/www.eldiario.net\\\/portal\\\/2022\\\/11\\\/01\\\/actividades-finales-de-la-escuela\\\/#breadcrumb\",\"itemListElement\":[{\"@type\":\"ListItem\",\"position\":1,\"name\":\"Portada\",\"item\":\"https:\\\/\\\/www.eldiario.net\\\/portal\\\/\"},{\"@type\":\"ListItem\",\"position\":2,\"name\":\"Actividades finales de la escuela\"}]},{\"@type\":\"WebSite\",\"@id\":\"https:\\\/\\\/www.eldiario.net\\\/portal\\\/#website\",\"url\":\"https:\\\/\\\/www.eldiario.net\\\/portal\\\/\",\"name\":\"El Diario - Decano de la prensa nacional\",\"description\":\"El Diario - Decano de la prensa nacional\",\"publisher\":{\"@id\":\"https:\\\/\\\/www.eldiario.net\\\/portal\\\/#organization\"},\"potentialAction\":[{\"@type\":\"SearchAction\",\"target\":{\"@type\":\"EntryPoint\",\"urlTemplate\":\"https:\\\/\\\/www.eldiario.net\\\/portal\\\/?s={search_term_string}\"},\"query-input\":{\"@type\":\"PropertyValueSpecification\",\"valueRequired\":true,\"valueName\":\"search_term_string\"}}],\"inLanguage\":\"es\"},{\"@type\":\"Organization\",\"@id\":\"https:\\\/\\\/www.eldiario.net\\\/portal\\\/#organization\",\"name\":\"El Diario - Decano de la prensa nacional\",\"url\":\"https:\\\/\\\/www.eldiario.net\\\/portal\\\/\",\"logo\":{\"@type\":\"ImageObject\",\"inLanguage\":\"es\",\"@id\":\"https:\\\/\\\/www.eldiario.net\\\/portal\\\/#\\\/schema\\\/logo\\\/image\\\/\",\"url\":\"https:\\\/\\\/www.eldiario.net\\\/portal\\\/wp-content\\\/uploads\\\/2023\\\/07\\\/logo_ED.jpg\",\"contentUrl\":\"https:\\\/\\\/www.eldiario.net\\\/portal\\\/wp-content\\\/uploads\\\/2023\\\/07\\\/logo_ED.jpg\",\"width\":272,\"height\":52,\"caption\":\"El Diario - Decano de la prensa nacional\"},\"image\":{\"@id\":\"https:\\\/\\\/www.eldiario.net\\\/portal\\\/#\\\/schema\\\/logo\\\/image\\\/\"},\"sameAs\":[\"https:\\\/\\\/www.facebook.com\\\/eldiario.bolivia\\\/\",\"https:\\\/\\\/x.com\\\/eldiario_net\"]},{\"@type\":\"Person\",\"@id\":\"https:\\\/\\\/www.eldiario.net\\\/portal\\\/#\\\/schema\\\/person\\\/f46445640444750d7d753ccd04ae01b7\",\"name\":\"Jeanette\",\"image\":{\"@type\":\"ImageObject\",\"inLanguage\":\"es\",\"@id\":\"https:\\\/\\\/secure.gravatar.com\\\/avatar\\\/3ea2118a5f7dad2b7138b1187a6b7ee55f160b9968b66013c3a3ef39dd7e5798?s=96&d=mm&r=g\",\"url\":\"https:\\\/\\\/secure.gravatar.com\\\/avatar\\\/3ea2118a5f7dad2b7138b1187a6b7ee55f160b9968b66013c3a3ef39dd7e5798?s=96&d=mm&r=g\",\"contentUrl\":\"https:\\\/\\\/secure.gravatar.com\\\/avatar\\\/3ea2118a5f7dad2b7138b1187a6b7ee55f160b9968b66013c3a3ef39dd7e5798?s=96&d=mm&r=g\",\"caption\":\"Jeanette\"},\"sameAs\":[\"https:\\\/\\\/www.eldiario.net\\\/portal\"],\"url\":\"https:\\\/\\\/www.eldiario.net\\\/portal\\\/author\\\/jeanette\\\/\"}]}<\/script>\n<!-- \/ Yoast SEO plugin. -->","yoast_head_json":{"title":"Actividades finales de la escuela - El Diario - Bolivia","robots":{"index":"index","follow":"follow","max-snippet":"max-snippet:-1","max-image-preview":"max-image-preview:large","max-video-preview":"max-video-preview:-1"},"canonical":"https:\/\/www.eldiario.net\/portal\/2022\/11\/01\/actividades-finales-de-la-escuela\/","og_locale":"es_ES","og_type":"article","og_title":"Actividades finales de la escuela - El Diario - Bolivia","og_description":"En las unidades educativas del Subsistema de Educaci\u00f3n Regular: tradicionalmente, el tercer trimestre (septiembre a noviembre), est\u00e1 cargado de muchas actividades de impacto educativo social, que se reactivaron despu\u00e9s de dos a\u00f1os de pausa pedag\u00f3gica obligada. Los directores en coordinaci\u00f3n con las comisiones y Consejo de Profesores, programaron acciones de fin de gesti\u00f3n, que concluye [&hellip;]","og_url":"https:\/\/www.eldiario.net\/portal\/2022\/11\/01\/actividades-finales-de-la-escuela\/","og_site_name":"El Diario - Bolivia","article_publisher":"https:\/\/www.facebook.com\/eldiario.bolivia\/","article_published_time":"2022-11-01T16:47:49+00:00","author":"Jeanette","twitter_card":"summary_large_image","twitter_creator":"@eldiario_net","twitter_site":"@eldiario_net","twitter_misc":{"Escrito por":"Jeanette"},"schema":{"@context":"https:\/\/schema.org","@graph":[{"@type":"Article","@id":"https:\/\/www.eldiario.net\/portal\/2022\/11\/01\/actividades-finales-de-la-escuela\/#article","isPartOf":{"@id":"https:\/\/www.eldiario.net\/portal\/2022\/11\/01\/actividades-finales-de-la-escuela\/"},"author":{"name":"Jeanette","@id":"https:\/\/www.eldiario.net\/portal\/#\/schema\/person\/f46445640444750d7d753ccd04ae01b7"},"headline":"Actividades finales de la escuela","datePublished":"2022-11-01T16:47:49+00:00","mainEntityOfPage":{"@id":"https:\/\/www.eldiario.net\/portal\/2022\/11\/01\/actividades-finales-de-la-escuela\/"},"wordCount":602,"publisher":{"@id":"https:\/\/www.eldiario.net\/portal\/#organization"},"image":{"@id":"https:\/\/www.eldiario.net\/portal\/2022\/11\/01\/actividades-finales-de-la-escuela\/#primaryimage"},"thumbnailUrl":"","articleSection":["Opini\u00f3n"],"inLanguage":"es"},{"@type":"WebPage","@id":"https:\/\/www.eldiario.net\/portal\/2022\/11\/01\/actividades-finales-de-la-escuela\/","url":"https:\/\/www.eldiario.net\/portal\/2022\/11\/01\/actividades-finales-de-la-escuela\/","name":"Actividades finales de la escuela - El Diario - Bolivia","isPartOf":{"@id":"https:\/\/www.eldiario.net\/portal\/#website"},"primaryImageOfPage":{"@id":"https:\/\/www.eldiario.net\/portal\/2022\/11\/01\/actividades-finales-de-la-escuela\/#primaryimage"},"image":{"@id":"https:\/\/www.eldiario.net\/portal\/2022\/11\/01\/actividades-finales-de-la-escuela\/#primaryimage"},"thumbnailUrl":"","datePublished":"2022-11-01T16:47:49+00:00","breadcrumb":{"@id":"https:\/\/www.eldiario.net\/portal\/2022\/11\/01\/actividades-finales-de-la-escuela\/#breadcrumb"},"inLanguage":"es","potentialAction":[{"@type":"ReadAction","target":["https:\/\/www.eldiario.net\/portal\/2022\/11\/01\/actividades-finales-de-la-escuela\/"]}]},{"@type":"ImageObject","inLanguage":"es","@id":"https:\/\/www.eldiario.net\/portal\/2022\/11\/01\/actividades-finales-de-la-escuela\/#primaryimage","url":"","contentUrl":""},{"@type":"BreadcrumbList","@id":"https:\/\/www.eldiario.net\/portal\/2022\/11\/01\/actividades-finales-de-la-escuela\/#breadcrumb","itemListElement":[{"@type":"ListItem","position":1,"name":"Portada","item":"https:\/\/www.eldiario.net\/portal\/"},{"@type":"ListItem","position":2,"name":"Actividades finales de la escuela"}]},{"@type":"WebSite","@id":"https:\/\/www.eldiario.net\/portal\/#website","url":"https:\/\/www.eldiario.net\/portal\/","name":"El Diario - Decano de la prensa nacional","description":"El Diario - Decano de la prensa nacional","publisher":{"@id":"https:\/\/www.eldiario.net\/portal\/#organization"},"potentialAction":[{"@type":"SearchAction","target":{"@type":"EntryPoint","urlTemplate":"https:\/\/www.eldiario.net\/portal\/?s={search_term_string}"},"query-input":{"@type":"PropertyValueSpecification","valueRequired":true,"valueName":"search_term_string"}}],"inLanguage":"es"},{"@type":"Organization","@id":"https:\/\/www.eldiario.net\/portal\/#organization","name":"El Diario - Decano de la prensa nacional","url":"https:\/\/www.eldiario.net\/portal\/","logo":{"@type":"ImageObject","inLanguage":"es","@id":"https:\/\/www.eldiario.net\/portal\/#\/schema\/logo\/image\/","url":"https:\/\/www.eldiario.net\/portal\/wp-content\/uploads\/2023\/07\/logo_ED.jpg","contentUrl":"https:\/\/www.eldiario.net\/portal\/wp-content\/uploads\/2023\/07\/logo_ED.jpg","width":272,"height":52,"caption":"El Diario - Decano de la prensa nacional"},"image":{"@id":"https:\/\/www.eldiario.net\/portal\/#\/schema\/logo\/image\/"},"sameAs":["https:\/\/www.facebook.com\/eldiario.bolivia\/","https:\/\/x.com\/eldiario_net"]},{"@type":"Person","@id":"https:\/\/www.eldiario.net\/portal\/#\/schema\/person\/f46445640444750d7d753ccd04ae01b7","name":"Jeanette","image":{"@type":"ImageObject","inLanguage":"es","@id":"https:\/\/secure.gravatar.com\/avatar\/3ea2118a5f7dad2b7138b1187a6b7ee55f160b9968b66013c3a3ef39dd7e5798?s=96&d=mm&r=g","url":"https:\/\/secure.gravatar.com\/avatar\/3ea2118a5f7dad2b7138b1187a6b7ee55f160b9968b66013c3a3ef39dd7e5798?s=96&d=mm&r=g","contentUrl":"https:\/\/secure.gravatar.com\/avatar\/3ea2118a5f7dad2b7138b1187a6b7ee55f160b9968b66013c3a3ef39dd7e5798?s=96&d=mm&r=g","caption":"Jeanette"},"sameAs":["https:\/\/www.eldiario.net\/portal"],"url":"https:\/\/www.eldiario.net\/portal\/author\/jeanette\/"}]}},"_links":{"self":[{"href":"https:\/\/www.eldiario.net\/portal\/wp-json\/wp\/v2\/posts\/119731","targetHints":{"allow":["GET"]}}],"collection":[{"href":"https:\/\/www.eldiario.net\/portal\/wp-json\/wp\/v2\/posts"}],"about":[{"href":"https:\/\/www.eldiario.net\/portal\/wp-json\/wp\/v2\/types\/post"}],"author":[{"embeddable":true,"href":"https:\/\/www.eldiario.net\/portal\/wp-json\/wp\/v2\/users\/1"}],"replies":[{"embeddable":true,"href":"https:\/\/www.eldiario.net\/portal\/wp-json\/wp\/v2\/comments?post=119731"}],"version-history":[{"count":0,"href":"https:\/\/www.eldiario.net\/portal\/wp-json\/wp\/v2\/posts\/119731\/revisions"}],"wp:attachment":[{"href":"https:\/\/www.eldiario.net\/portal\/wp-json\/wp\/v2\/media?parent=119731"}],"wp:term":[{"taxonomy":"category","embeddable":true,"href":"https:\/\/www.eldiario.net\/portal\/wp-json\/wp\/v2\/categories?post=119731"},{"taxonomy":"post_tag","embeddable":true,"href":"https:\/\/www.eldiario.net\/portal\/wp-json\/wp\/v2\/tags?post=119731"}],"curies":[{"name":"wp","href":"https:\/\/api.w.org\/{rel}","templated":true}]}}