{"id":119720,"date":"2022-11-01T07:30:44","date_gmt":"2022-11-01T11:30:44","guid":{"rendered":"https:\/\/www.eldiario.net\/portal\/?p=119720"},"modified":"2022-11-01T07:30:44","modified_gmt":"2022-11-01T11:30:44","slug":"como-se-redistribuiria-la-coparticipacion-tributaria-en-los-municipios-con-datos-del-censo","status":"publish","type":"post","link":"https:\/\/www.eldiario.net\/portal\/2022\/11\/01\/como-se-redistribuiria-la-coparticipacion-tributaria-en-los-municipios-con-datos-del-censo\/","title":{"rendered":"\u00bfC\u00f3mo se redistribuir\u00eda la coparticipaci\u00f3n tributaria en los municipios con datos del censo?"},"content":{"rendered":"<p>A efectos de facilitar informaci\u00f3n t\u00e9cnica para un di\u00e1logo basado en la objetividad, Fundaci\u00f3n Jubileo realiz\u00f3 un ejercicio de la distribuci\u00f3n de la coparticipaci\u00f3n tributaria con datos oficiales del Instituto Nacional de Estad\u00edsticas (INE) del Censo 2012 y de las proyecciones de poblaci\u00f3n para el a\u00f1o 2022, adem\u00e1s del Presupuesto General del Estado 2022. El an\u00e1lisis no incluye el IDH ni otras fuentes de ingreso municipal.<\/p>\n<p>De acuerdo con los c\u00e1lculos t\u00e9cnicos, 179 municipios -incluidos los Gobiernos Aut\u00f3nomos Ind\u00edgena Originario Campesino (GAIOC)- habr\u00edan disminuido su poblaci\u00f3n y otros 160 habr\u00edan incrementado el n\u00famero de habitantes.<\/p>\n<p>Esto repercutir\u00eda en una redistribuci\u00f3n de los recursos de coparticipaci\u00f3n tributaria, punto central del presente an\u00e1lisis, que muestra a 284 municipios y GAIOC con disminuci\u00f3n de su asignaci\u00f3n presupuestaria y a otros 55 que recibir\u00edan mayores recursos.<\/p>\n<p><strong>\u00bfC\u00d3MO SE DISTRIBUYE ESTE INGRESO?<\/strong><\/p>\n<p>Del total de los principales impuestos nacionales del pa\u00eds, 75% se queda en el Gobierno Central, 20% se redistribuye como coparticipaci\u00f3n a los municipios y GAIOC, y otro 5% se transfiere a las universidades p\u00fablicas.<\/p>\n<p>De ese 20%, la distribuci\u00f3n a los 339 municipios se realiza de acuerdo con el n\u00famero de habitantes, dato que se obtiene del censo.<\/p>\n<p>Los municipios y los GAIOC tienen entre sus principales competencias atender las necesidades de la poblaci\u00f3n, principalmente referidas a salud (1er y 2do nivel), saneamiento b\u00e1sico, escuelas, infraestructura urbana y rural, desarrollo econ\u00f3mico local, caminos vecinales y otros.<\/p>\n<p>A partir de 2015, el Estado dispone de menos recursos, principalmente por la reducci\u00f3n del Impuesto Directo a los Hidrocarburos, lo que constituye una preocupaci\u00f3n, en un escenario en el que los gobiernos subnacionales reducen la inversi\u00f3n.<\/p>\n<p>En el actual contexto de conflictividad del pa\u00eds, es recomendable abrir espacios de di\u00e1logo sincero entre todas las partes. Para ese prop\u00f3sito, el Gobierno debe contribuir poniendo a disposici\u00f3n de la poblaci\u00f3n informaci\u00f3n completa, clara, comprensible y oportuna.<\/p>\n<p>A su vez, ser\u00e1 fundamental que tanto las autoridades de los gobiernos departamentales, gobiernos municipales, gobiernos aut\u00f3nomos ind\u00edgena campesinos y dirigentes de las diferentes organizaciones sociales participen en el di\u00e1logo con adecuada informaci\u00f3n, por la gran responsabilidad que tienen frente a la poblaci\u00f3n a la que representan.<\/p>\n<p>En lugar de alentar expresiones de confrontaci\u00f3n y amenazas que obstaculizan la b\u00fasqueda de soluciones, ser\u00eda m\u00e1s \u00fatil dar respuesta a estas importantes interrogantes: \u00bfpor qu\u00e9 las personas se van de sus regiones?, \u00bfqu\u00e9 motiva migrar a las metr\u00f3polis del pa\u00eds?, \u00bfel modelo de desarrollo no responde a las necesidades y realidad de la poblaci\u00f3n?, \u00bfqu\u00e9 estrategias se proponen para que la poblaci\u00f3n no abandone sus regiones y mejore su calidad de vida?<\/p>\n<p>Planificar el desarrollo del pa\u00eds parte de analizar la realidad con objetividad t\u00e9cnica y sincera, con transparencia y acceso a informaci\u00f3n, porque lo que est\u00e1 en juego en el censo es el futuro de cada habitante. (Con datos de la Fundaci\u00f3n Jubileo)<\/p>\n<p>&nbsp;<\/p>\n","protected":false},"excerpt":{"rendered":"<p>A efectos de facilitar informaci\u00f3n t\u00e9cnica para un di\u00e1logo basado en la objetividad, Fundaci\u00f3n Jubileo realiz\u00f3 un ejercicio de la distribuci\u00f3n de la coparticipaci\u00f3n tributaria con datos oficiales del Instituto Nacional de Estad\u00edsticas (INE) del Censo 2012 y de las proyecciones de poblaci\u00f3n para el a\u00f1o 2022, adem\u00e1s del Presupuesto General del Estado 2022. El [&hellip;]<\/p>\n","protected":false},"author":2,"featured_media":119721,"comment_status":"closed","ping_status":"closed","sticky":false,"template":"","format":"standard","meta":{"_acf_changed":false,"footnotes":""},"categories":[15],"tags":[],"class_list":["post-119720","post","type-post","status-publish","format-standard","has-post-thumbnail","category-portada"],"acf":{"antetitulo":""},"yoast_head":"<!-- This site is optimized with the Yoast SEO plugin v28.3 - https:\/\/yoast.com\/product\/yoast-seo-wordpress\/ -->\n<title>\u00bfC\u00f3mo se redistribuir\u00eda la coparticipaci\u00f3n tributaria en los municipios con datos del censo? - El Diario - Bolivia<\/title>\n<meta name=\"robots\" content=\"index, follow, max-snippet:-1, max-image-preview:large, max-video-preview:-1\" \/>\n<link rel=\"canonical\" href=\"https:\/\/www.eldiario.net\/portal\/2022\/11\/01\/como-se-redistribuiria-la-coparticipacion-tributaria-en-los-municipios-con-datos-del-censo\/\" \/>\n<meta property=\"og:locale\" content=\"es_ES\" \/>\n<meta property=\"og:type\" content=\"article\" \/>\n<meta property=\"og:title\" content=\"\u00bfC\u00f3mo se redistribuir\u00eda la coparticipaci\u00f3n tributaria en los municipios con datos del censo? - El Diario - Bolivia\" \/>\n<meta property=\"og:description\" content=\"A efectos de facilitar informaci\u00f3n t\u00e9cnica para un di\u00e1logo basado en la objetividad, Fundaci\u00f3n Jubileo realiz\u00f3 un ejercicio de la distribuci\u00f3n de la coparticipaci\u00f3n tributaria con datos oficiales del Instituto Nacional de Estad\u00edsticas (INE) del Censo 2012 y de las proyecciones de poblaci\u00f3n para el a\u00f1o 2022, adem\u00e1s del Presupuesto General del Estado 2022. El [&hellip;]\" \/>\n<meta property=\"og:url\" content=\"https:\/\/www.eldiario.net\/portal\/2022\/11\/01\/como-se-redistribuiria-la-coparticipacion-tributaria-en-los-municipios-con-datos-del-censo\/\" \/>\n<meta property=\"og:site_name\" content=\"El Diario - Bolivia\" \/>\n<meta property=\"article:publisher\" content=\"https:\/\/www.facebook.com\/eldiario.bolivia\/\" \/>\n<meta property=\"article:published_time\" content=\"2022-11-01T11:30:44+00:00\" \/>\n<meta property=\"og:image\" content=\"https:\/\/www.eldiario.net\/portal\/wp-content\/uploads\/2022\/11\/JUBILEO-FOTO.png\" \/>\n\t<meta property=\"og:image:width\" content=\"810\" \/>\n\t<meta property=\"og:image:height\" content=\"640\" \/>\n\t<meta property=\"og:image:type\" content=\"image\/png\" \/>\n<meta name=\"author\" content=\"luis Camacho\" \/>\n<meta name=\"twitter:card\" content=\"summary_large_image\" \/>\n<meta name=\"twitter:creator\" content=\"@eldiario_net\" \/>\n<meta name=\"twitter:site\" content=\"@eldiario_net\" \/>\n<meta name=\"twitter:label1\" content=\"Escrito por\" \/>\n\t<meta name=\"twitter:data1\" content=\"luis Camacho\" \/>\n\t<meta name=\"twitter:label2\" content=\"Tiempo de lectura\" \/>\n\t<meta name=\"twitter:data2\" content=\"3 minutos\" \/>\n<script type=\"application\/ld+json\" class=\"yoast-schema-graph\">{\"@context\":\"https:\\\/\\\/schema.org\",\"@graph\":[{\"@type\":\"Article\",\"@id\":\"https:\\\/\\\/www.eldiario.net\\\/portal\\\/2022\\\/11\\\/01\\\/como-se-redistribuiria-la-coparticipacion-tributaria-en-los-municipios-con-datos-del-censo\\\/#article\",\"isPartOf\":{\"@id\":\"https:\\\/\\\/www.eldiario.net\\\/portal\\\/2022\\\/11\\\/01\\\/como-se-redistribuiria-la-coparticipacion-tributaria-en-los-municipios-con-datos-del-censo\\\/\"},\"author\":{\"name\":\"luis Camacho\",\"@id\":\"https:\\\/\\\/www.eldiario.net\\\/portal\\\/#\\\/schema\\\/person\\\/cab1ae4db27e5f008a62cbffb05fbfee\"},\"headline\":\"\u00bfC\u00f3mo se redistribuir\u00eda la coparticipaci\u00f3n tributaria en los municipios con datos del censo?\",\"datePublished\":\"2022-11-01T11:30:44+00:00\",\"mainEntityOfPage\":{\"@id\":\"https:\\\/\\\/www.eldiario.net\\\/portal\\\/2022\\\/11\\\/01\\\/como-se-redistribuiria-la-coparticipacion-tributaria-en-los-municipios-con-datos-del-censo\\\/\"},\"wordCount\":537,\"publisher\":{\"@id\":\"https:\\\/\\\/www.eldiario.net\\\/portal\\\/#organization\"},\"image\":{\"@id\":\"https:\\\/\\\/www.eldiario.net\\\/portal\\\/2022\\\/11\\\/01\\\/como-se-redistribuiria-la-coparticipacion-tributaria-en-los-municipios-con-datos-del-censo\\\/#primaryimage\"},\"thumbnailUrl\":\"https:\\\/\\\/www.eldiario.net\\\/portal\\\/wp-content\\\/uploads\\\/2022\\\/11\\\/JUBILEO-FOTO.png\",\"articleSection\":[\"Portada\"],\"inLanguage\":\"es\"},{\"@type\":\"WebPage\",\"@id\":\"https:\\\/\\\/www.eldiario.net\\\/portal\\\/2022\\\/11\\\/01\\\/como-se-redistribuiria-la-coparticipacion-tributaria-en-los-municipios-con-datos-del-censo\\\/\",\"url\":\"https:\\\/\\\/www.eldiario.net\\\/portal\\\/2022\\\/11\\\/01\\\/como-se-redistribuiria-la-coparticipacion-tributaria-en-los-municipios-con-datos-del-censo\\\/\",\"name\":\"\u00bfC\u00f3mo se redistribuir\u00eda la coparticipaci\u00f3n tributaria en los municipios con datos del censo? - El Diario - Bolivia\",\"isPartOf\":{\"@id\":\"https:\\\/\\\/www.eldiario.net\\\/portal\\\/#website\"},\"primaryImageOfPage\":{\"@id\":\"https:\\\/\\\/www.eldiario.net\\\/portal\\\/2022\\\/11\\\/01\\\/como-se-redistribuiria-la-coparticipacion-tributaria-en-los-municipios-con-datos-del-censo\\\/#primaryimage\"},\"image\":{\"@id\":\"https:\\\/\\\/www.eldiario.net\\\/portal\\\/2022\\\/11\\\/01\\\/como-se-redistribuiria-la-coparticipacion-tributaria-en-los-municipios-con-datos-del-censo\\\/#primaryimage\"},\"thumbnailUrl\":\"https:\\\/\\\/www.eldiario.net\\\/portal\\\/wp-content\\\/uploads\\\/2022\\\/11\\\/JUBILEO-FOTO.png\",\"datePublished\":\"2022-11-01T11:30:44+00:00\",\"breadcrumb\":{\"@id\":\"https:\\\/\\\/www.eldiario.net\\\/portal\\\/2022\\\/11\\\/01\\\/como-se-redistribuiria-la-coparticipacion-tributaria-en-los-municipios-con-datos-del-censo\\\/#breadcrumb\"},\"inLanguage\":\"es\",\"potentialAction\":[{\"@type\":\"ReadAction\",\"target\":[\"https:\\\/\\\/www.eldiario.net\\\/portal\\\/2022\\\/11\\\/01\\\/como-se-redistribuiria-la-coparticipacion-tributaria-en-los-municipios-con-datos-del-censo\\\/\"]}]},{\"@type\":\"ImageObject\",\"inLanguage\":\"es\",\"@id\":\"https:\\\/\\\/www.eldiario.net\\\/portal\\\/2022\\\/11\\\/01\\\/como-se-redistribuiria-la-coparticipacion-tributaria-en-los-municipios-con-datos-del-censo\\\/#primaryimage\",\"url\":\"https:\\\/\\\/www.eldiario.net\\\/portal\\\/wp-content\\\/uploads\\\/2022\\\/11\\\/JUBILEO-FOTO.png\",\"contentUrl\":\"https:\\\/\\\/www.eldiario.net\\\/portal\\\/wp-content\\\/uploads\\\/2022\\\/11\\\/JUBILEO-FOTO.png\",\"width\":810,\"height\":640,\"caption\":\"FOTO: REFERENCIAL CR\u00c9DITO: FUNDACI\u00d3N JUBILEO\"},{\"@type\":\"BreadcrumbList\",\"@id\":\"https:\\\/\\\/www.eldiario.net\\\/portal\\\/2022\\\/11\\\/01\\\/como-se-redistribuiria-la-coparticipacion-tributaria-en-los-municipios-con-datos-del-censo\\\/#breadcrumb\",\"itemListElement\":[{\"@type\":\"ListItem\",\"position\":1,\"name\":\"Portada\",\"item\":\"https:\\\/\\\/www.eldiario.net\\\/portal\\\/\"},{\"@type\":\"ListItem\",\"position\":2,\"name\":\"\u00bfC\u00f3mo se redistribuir\u00eda la coparticipaci\u00f3n tributaria en los municipios con datos del censo?\"}]},{\"@type\":\"WebSite\",\"@id\":\"https:\\\/\\\/www.eldiario.net\\\/portal\\\/#website\",\"url\":\"https:\\\/\\\/www.eldiario.net\\\/portal\\\/\",\"name\":\"El Diario - Decano de la prensa nacional\",\"description\":\"El Diario - Decano de la prensa nacional\",\"publisher\":{\"@id\":\"https:\\\/\\\/www.eldiario.net\\\/portal\\\/#organization\"},\"potentialAction\":[{\"@type\":\"SearchAction\",\"target\":{\"@type\":\"EntryPoint\",\"urlTemplate\":\"https:\\\/\\\/www.eldiario.net\\\/portal\\\/?s={search_term_string}\"},\"query-input\":{\"@type\":\"PropertyValueSpecification\",\"valueRequired\":true,\"valueName\":\"search_term_string\"}}],\"inLanguage\":\"es\"},{\"@type\":\"Organization\",\"@id\":\"https:\\\/\\\/www.eldiario.net\\\/portal\\\/#organization\",\"name\":\"El Diario - Decano de la prensa nacional\",\"url\":\"https:\\\/\\\/www.eldiario.net\\\/portal\\\/\",\"logo\":{\"@type\":\"ImageObject\",\"inLanguage\":\"es\",\"@id\":\"https:\\\/\\\/www.eldiario.net\\\/portal\\\/#\\\/schema\\\/logo\\\/image\\\/\",\"url\":\"https:\\\/\\\/www.eldiario.net\\\/portal\\\/wp-content\\\/uploads\\\/2023\\\/07\\\/logo_ED.jpg\",\"contentUrl\":\"https:\\\/\\\/www.eldiario.net\\\/portal\\\/wp-content\\\/uploads\\\/2023\\\/07\\\/logo_ED.jpg\",\"width\":272,\"height\":52,\"caption\":\"El Diario - Decano de la prensa nacional\"},\"image\":{\"@id\":\"https:\\\/\\\/www.eldiario.net\\\/portal\\\/#\\\/schema\\\/logo\\\/image\\\/\"},\"sameAs\":[\"https:\\\/\\\/www.facebook.com\\\/eldiario.bolivia\\\/\",\"https:\\\/\\\/x.com\\\/eldiario_net\"]},{\"@type\":\"Person\",\"@id\":\"https:\\\/\\\/www.eldiario.net\\\/portal\\\/#\\\/schema\\\/person\\\/cab1ae4db27e5f008a62cbffb05fbfee\",\"name\":\"luis Camacho\",\"image\":{\"@type\":\"ImageObject\",\"inLanguage\":\"es\",\"@id\":\"https:\\\/\\\/secure.gravatar.com\\\/avatar\\\/69ecb836b3826d5a2501bf06ab2a2f2c8ab211cc846758f395df21684cb38313?s=96&d=mm&r=g\",\"url\":\"https:\\\/\\\/secure.gravatar.com\\\/avatar\\\/69ecb836b3826d5a2501bf06ab2a2f2c8ab211cc846758f395df21684cb38313?s=96&d=mm&r=g\",\"contentUrl\":\"https:\\\/\\\/secure.gravatar.com\\\/avatar\\\/69ecb836b3826d5a2501bf06ab2a2f2c8ab211cc846758f395df21684cb38313?s=96&d=mm&r=g\",\"caption\":\"luis Camacho\"},\"url\":\"https:\\\/\\\/www.eldiario.net\\\/portal\\\/author\\\/luis\\\/\"}]}<\/script>\n<!-- \/ Yoast SEO plugin. -->","yoast_head_json":{"title":"\u00bfC\u00f3mo se redistribuir\u00eda la coparticipaci\u00f3n tributaria en los municipios con datos del censo? - El Diario - Bolivia","robots":{"index":"index","follow":"follow","max-snippet":"max-snippet:-1","max-image-preview":"max-image-preview:large","max-video-preview":"max-video-preview:-1"},"canonical":"https:\/\/www.eldiario.net\/portal\/2022\/11\/01\/como-se-redistribuiria-la-coparticipacion-tributaria-en-los-municipios-con-datos-del-censo\/","og_locale":"es_ES","og_type":"article","og_title":"\u00bfC\u00f3mo se redistribuir\u00eda la coparticipaci\u00f3n tributaria en los municipios con datos del censo? - El Diario - Bolivia","og_description":"A efectos de facilitar informaci\u00f3n t\u00e9cnica para un di\u00e1logo basado en la objetividad, Fundaci\u00f3n Jubileo realiz\u00f3 un ejercicio de la distribuci\u00f3n de la coparticipaci\u00f3n tributaria con datos oficiales del Instituto Nacional de Estad\u00edsticas (INE) del Censo 2012 y de las proyecciones de poblaci\u00f3n para el a\u00f1o 2022, adem\u00e1s del Presupuesto General del Estado 2022. El [&hellip;]","og_url":"https:\/\/www.eldiario.net\/portal\/2022\/11\/01\/como-se-redistribuiria-la-coparticipacion-tributaria-en-los-municipios-con-datos-del-censo\/","og_site_name":"El Diario - Bolivia","article_publisher":"https:\/\/www.facebook.com\/eldiario.bolivia\/","article_published_time":"2022-11-01T11:30:44+00:00","og_image":[{"width":810,"height":640,"url":"https:\/\/www.eldiario.net\/portal\/wp-content\/uploads\/2022\/11\/JUBILEO-FOTO.png","type":"image\/png"}],"author":"luis Camacho","twitter_card":"summary_large_image","twitter_creator":"@eldiario_net","twitter_site":"@eldiario_net","twitter_misc":{"Escrito por":"luis Camacho","Tiempo de lectura":"3 minutos"},"schema":{"@context":"https:\/\/schema.org","@graph":[{"@type":"Article","@id":"https:\/\/www.eldiario.net\/portal\/2022\/11\/01\/como-se-redistribuiria-la-coparticipacion-tributaria-en-los-municipios-con-datos-del-censo\/#article","isPartOf":{"@id":"https:\/\/www.eldiario.net\/portal\/2022\/11\/01\/como-se-redistribuiria-la-coparticipacion-tributaria-en-los-municipios-con-datos-del-censo\/"},"author":{"name":"luis Camacho","@id":"https:\/\/www.eldiario.net\/portal\/#\/schema\/person\/cab1ae4db27e5f008a62cbffb05fbfee"},"headline":"\u00bfC\u00f3mo se redistribuir\u00eda la coparticipaci\u00f3n tributaria en los municipios con datos del censo?","datePublished":"2022-11-01T11:30:44+00:00","mainEntityOfPage":{"@id":"https:\/\/www.eldiario.net\/portal\/2022\/11\/01\/como-se-redistribuiria-la-coparticipacion-tributaria-en-los-municipios-con-datos-del-censo\/"},"wordCount":537,"publisher":{"@id":"https:\/\/www.eldiario.net\/portal\/#organization"},"image":{"@id":"https:\/\/www.eldiario.net\/portal\/2022\/11\/01\/como-se-redistribuiria-la-coparticipacion-tributaria-en-los-municipios-con-datos-del-censo\/#primaryimage"},"thumbnailUrl":"https:\/\/www.eldiario.net\/portal\/wp-content\/uploads\/2022\/11\/JUBILEO-FOTO.png","articleSection":["Portada"],"inLanguage":"es"},{"@type":"WebPage","@id":"https:\/\/www.eldiario.net\/portal\/2022\/11\/01\/como-se-redistribuiria-la-coparticipacion-tributaria-en-los-municipios-con-datos-del-censo\/","url":"https:\/\/www.eldiario.net\/portal\/2022\/11\/01\/como-se-redistribuiria-la-coparticipacion-tributaria-en-los-municipios-con-datos-del-censo\/","name":"\u00bfC\u00f3mo se redistribuir\u00eda la coparticipaci\u00f3n tributaria en los municipios con datos del censo? - El Diario - Bolivia","isPartOf":{"@id":"https:\/\/www.eldiario.net\/portal\/#website"},"primaryImageOfPage":{"@id":"https:\/\/www.eldiario.net\/portal\/2022\/11\/01\/como-se-redistribuiria-la-coparticipacion-tributaria-en-los-municipios-con-datos-del-censo\/#primaryimage"},"image":{"@id":"https:\/\/www.eldiario.net\/portal\/2022\/11\/01\/como-se-redistribuiria-la-coparticipacion-tributaria-en-los-municipios-con-datos-del-censo\/#primaryimage"},"thumbnailUrl":"https:\/\/www.eldiario.net\/portal\/wp-content\/uploads\/2022\/11\/JUBILEO-FOTO.png","datePublished":"2022-11-01T11:30:44+00:00","breadcrumb":{"@id":"https:\/\/www.eldiario.net\/portal\/2022\/11\/01\/como-se-redistribuiria-la-coparticipacion-tributaria-en-los-municipios-con-datos-del-censo\/#breadcrumb"},"inLanguage":"es","potentialAction":[{"@type":"ReadAction","target":["https:\/\/www.eldiario.net\/portal\/2022\/11\/01\/como-se-redistribuiria-la-coparticipacion-tributaria-en-los-municipios-con-datos-del-censo\/"]}]},{"@type":"ImageObject","inLanguage":"es","@id":"https:\/\/www.eldiario.net\/portal\/2022\/11\/01\/como-se-redistribuiria-la-coparticipacion-tributaria-en-los-municipios-con-datos-del-censo\/#primaryimage","url":"https:\/\/www.eldiario.net\/portal\/wp-content\/uploads\/2022\/11\/JUBILEO-FOTO.png","contentUrl":"https:\/\/www.eldiario.net\/portal\/wp-content\/uploads\/2022\/11\/JUBILEO-FOTO.png","width":810,"height":640,"caption":"FOTO: REFERENCIAL CR\u00c9DITO: FUNDACI\u00d3N JUBILEO"},{"@type":"BreadcrumbList","@id":"https:\/\/www.eldiario.net\/portal\/2022\/11\/01\/como-se-redistribuiria-la-coparticipacion-tributaria-en-los-municipios-con-datos-del-censo\/#breadcrumb","itemListElement":[{"@type":"ListItem","position":1,"name":"Portada","item":"https:\/\/www.eldiario.net\/portal\/"},{"@type":"ListItem","position":2,"name":"\u00bfC\u00f3mo se redistribuir\u00eda la coparticipaci\u00f3n tributaria en los municipios con datos del censo?"}]},{"@type":"WebSite","@id":"https:\/\/www.eldiario.net\/portal\/#website","url":"https:\/\/www.eldiario.net\/portal\/","name":"El Diario - Decano de la prensa nacional","description":"El Diario - Decano de la prensa nacional","publisher":{"@id":"https:\/\/www.eldiario.net\/portal\/#organization"},"potentialAction":[{"@type":"SearchAction","target":{"@type":"EntryPoint","urlTemplate":"https:\/\/www.eldiario.net\/portal\/?s={search_term_string}"},"query-input":{"@type":"PropertyValueSpecification","valueRequired":true,"valueName":"search_term_string"}}],"inLanguage":"es"},{"@type":"Organization","@id":"https:\/\/www.eldiario.net\/portal\/#organization","name":"El Diario - Decano de la prensa nacional","url":"https:\/\/www.eldiario.net\/portal\/","logo":{"@type":"ImageObject","inLanguage":"es","@id":"https:\/\/www.eldiario.net\/portal\/#\/schema\/logo\/image\/","url":"https:\/\/www.eldiario.net\/portal\/wp-content\/uploads\/2023\/07\/logo_ED.jpg","contentUrl":"https:\/\/www.eldiario.net\/portal\/wp-content\/uploads\/2023\/07\/logo_ED.jpg","width":272,"height":52,"caption":"El Diario - Decano de la prensa nacional"},"image":{"@id":"https:\/\/www.eldiario.net\/portal\/#\/schema\/logo\/image\/"},"sameAs":["https:\/\/www.facebook.com\/eldiario.bolivia\/","https:\/\/x.com\/eldiario_net"]},{"@type":"Person","@id":"https:\/\/www.eldiario.net\/portal\/#\/schema\/person\/cab1ae4db27e5f008a62cbffb05fbfee","name":"luis Camacho","image":{"@type":"ImageObject","inLanguage":"es","@id":"https:\/\/secure.gravatar.com\/avatar\/69ecb836b3826d5a2501bf06ab2a2f2c8ab211cc846758f395df21684cb38313?s=96&d=mm&r=g","url":"https:\/\/secure.gravatar.com\/avatar\/69ecb836b3826d5a2501bf06ab2a2f2c8ab211cc846758f395df21684cb38313?s=96&d=mm&r=g","contentUrl":"https:\/\/secure.gravatar.com\/avatar\/69ecb836b3826d5a2501bf06ab2a2f2c8ab211cc846758f395df21684cb38313?s=96&d=mm&r=g","caption":"luis Camacho"},"url":"https:\/\/www.eldiario.net\/portal\/author\/luis\/"}]}},"_links":{"self":[{"href":"https:\/\/www.eldiario.net\/portal\/wp-json\/wp\/v2\/posts\/119720","targetHints":{"allow":["GET"]}}],"collection":[{"href":"https:\/\/www.eldiario.net\/portal\/wp-json\/wp\/v2\/posts"}],"about":[{"href":"https:\/\/www.eldiario.net\/portal\/wp-json\/wp\/v2\/types\/post"}],"author":[{"embeddable":true,"href":"https:\/\/www.eldiario.net\/portal\/wp-json\/wp\/v2\/users\/2"}],"replies":[{"embeddable":true,"href":"https:\/\/www.eldiario.net\/portal\/wp-json\/wp\/v2\/comments?post=119720"}],"version-history":[{"count":0,"href":"https:\/\/www.eldiario.net\/portal\/wp-json\/wp\/v2\/posts\/119720\/revisions"}],"wp:featuredmedia":[{"embeddable":true,"href":"https:\/\/www.eldiario.net\/portal\/wp-json\/wp\/v2\/media\/119721"}],"wp:attachment":[{"href":"https:\/\/www.eldiario.net\/portal\/wp-json\/wp\/v2\/media?parent=119720"}],"wp:term":[{"taxonomy":"category","embeddable":true,"href":"https:\/\/www.eldiario.net\/portal\/wp-json\/wp\/v2\/categories?post=119720"},{"taxonomy":"post_tag","embeddable":true,"href":"https:\/\/www.eldiario.net\/portal\/wp-json\/wp\/v2\/tags?post=119720"}],"curies":[{"name":"wp","href":"https:\/\/api.w.org\/{rel}","templated":true}]}}