{"id":11971,"date":"2021-06-22T05:14:14","date_gmt":"2021-06-22T09:14:14","guid":{"rendered":"https:\/\/www.eldiario.net\/portal\/?p=11971"},"modified":"2021-06-22T05:14:14","modified_gmt":"2021-06-22T09:14:14","slug":"el-presidente-electo-de-iran-rechaza-reunirse-con-biden","status":"publish","type":"post","link":"https:\/\/www.eldiario.net\/portal\/2021\/06\/22\/el-presidente-electo-de-iran-rechaza-reunirse-con-biden\/","title":{"rendered":"El presidente electo de Ir\u00e1n  rechaza reunirse con Biden"},"content":{"rendered":"<p>El presidente electo de Ir\u00e1n, Ebrahim Raisi, ha respondido ayer negativamente a una pregunta sobre si estar\u00eda dispuesto a reunirse con el presidente de Estados Unidos, Joe Biden, y ha defendido que la pol\u00edtica exterior de Teher\u00e1n \u00abno estar\u00e1 limitada al acuerdo nuclear de 2015\u00bb.<\/p>\n<p>\u00abNo\u00bb, ha sentenciado contundentemente Raisi al ser preguntado por la posibilidad de un encuentro con su hom\u00f3logo estadounidense durante su primera entrevista con la prensa iran\u00ed y extranjera tras su arrolladora victoria en las elecciones presidenciales del pasado viernes.<\/p>\n<p>Raisi ha destacado que \u00abla pol\u00edtica exterior de nuestra Administraci\u00f3n no empezar\u00e1 desde el acuerdo nuclear ni estar\u00e1 limitada por el mismo\u00bb. \u00abNo se vincular\u00e1 la situaci\u00f3n econ\u00f3mica y la vida de la gente a estas negociaciones, pero no se permitir\u00e1 que haya conversaciones s\u00f3lo por tenerlas\u00bb, ha subrayado.<\/p>\n<p>En cualquier caso, ha emplazado a Estados Unidos a cumplir con el acuerdo nuclear. \u00abEmplazo en\u00e9rgicamente a Estados Unidos a volver al PIAC (Plan Integral de Acci\u00f3n Conjunta, el acuerdo nuclear) y cumplir con sus compromisos. El pueblo iran\u00ed espera que cumpl\u00e1is con vuestras obligaciones\u00bb, ha subrayado. Raisi ha destacado adem\u00e1s que la campa\u00f1a de \u00abm\u00e1xima presi\u00f3n\u00bb lanzada contra Ir\u00e1n no ha logrado poner al pa\u00eds \u00abde rodillas\u00bb.<\/p>\n<p>Raisi, un ultraconservador que hasta ahora era jefe del aparato judicial iran\u00ed, ha destacado su victoria en las presidenciales del 18 de junio muestra \u00abun mensaje de unidad nacional y coherencia\u00bb. \u00abEl mensaje de la naci\u00f3n iran\u00ed era la necesidad de un cambio en la situaci\u00f3n econ\u00f3mica\u00bb, ha arg\u00fcido.<\/p>\n<p>Asimismo, ha destacado la participaci\u00f3n en las elecciones, la m\u00e1s baja en unas presidenciales desde la instauraci\u00f3n de la Rep\u00fablica Isl\u00e1mica en 1979&#8211; y ha dicho que la gente acudi\u00f3 a las urnas \u00abpese a la situaci\u00f3n del coronavirus y la hostilidad y la guerra psicol\u00f3gica de los enemigos de Ir\u00e1n\u00bb.<\/p>\n<p>Por otra parte, ha prometido lograr la confianza de la poblaci\u00f3n en el Gobierno y ha apuntado que \u00abcualquiera cuyo coraz\u00f3n lata por el pueblo y la revoluci\u00f3n ser\u00e1 un socio, all\u00e1 donde est\u00e9 en el pa\u00eds\u00bb, seg\u00fan ha recogido la cadena de televisi\u00f3n iran\u00ed Press TV.<\/p>\n<p>&nbsp;<\/p>\n<p>SANCIONES Y GUERRA ECON\u00d3MICA<\/p>\n<p>El presidente saliente iran\u00ed, Has\u00e1n Rohani, ha hecho hincapi\u00e9 este mismo lunes en que la retirada de sanciones contra el pa\u00eds tendr\u00e1 lugar \u00abpronto\u00bb y ha vuelto a denunciar la \u00abguerra econ\u00f3mica\u00bb por parte de Estados Unidos, tal y como ha informado la agencia iran\u00ed de noticias Mehr.<\/p>\n<p>Asimismo, el portavoz del Ministerio de Exteriores iran\u00ed, Said Jatibzad\u00e9, ha arg\u00fcido que \u00abla pol\u00edtica de Ir\u00e1n nunca ha sido aplazar la retirada de las sanciones\u00bb y ha manifestado que \u00abno es improbable que la pr\u00f3xima ronda de conversaciones sea la \u00faltima\u00bb.<\/p>\n<p>\u00abLos diplom\u00e1ticos son optimistas, pero siempre es demasiado pronto para juzgar y tenemos que ver si se toman decisiones pol\u00edticas por parte de todas las partes\u00bb, ha dicho Jatibzad\u00e9, quien ha incidido en que el principio de acuerdo \u00abes claro\u00bb.<\/p>\n<p>En este sentido, ha sostenido que Teher\u00e1n quiere \u00abgarant\u00edas\u00bb de la Administraci\u00f3n estadounidense sobre los puntos del acuerdo. \u00abEstados Unidos mostr\u00f3 durante la era de (el expresidente Donald) Trump que puede ignorar con arrogancia los intereses de otros pa\u00edses\u00bb, ha explicado.<\/p>\n<p>Por \u00faltimo, ha manifestado que \u00abser\u00eda mejor que los europeos vuelvan a sus compromisos\u00bb. \u00abNo permitiremos que las negociaciones sean socavadas. Los detalles son tan importantes como las cosas generales. No se puede alcanzar un acuerdo si no hay un acuerdo sobre todo\u00bb, ha zanjado.<\/p>\n<p>Ir\u00e1n ha anunciado hasta la fecha la retirada de sus compromisos sobre varios de los puntos del acuerdo, lo que ha provocado el temor en el resto de firmantes de un posible colapso del pacto. Sin embargo, las autoridades iran\u00edes han defendido en todo momento que estos pasos pueden revertirse si Estados Unidos retira las sanciones y vuelve al acuerdo. (EUROPA PRESS)<\/p>\n","protected":false},"excerpt":{"rendered":"<p>El presidente electo de Ir\u00e1n, Ebrahim Raisi, ha respondido ayer negativamente a una pregunta sobre si estar\u00eda dispuesto a reunirse con el presidente de Estados Unidos, Joe Biden, y ha defendido que la pol\u00edtica exterior de Teher\u00e1n \u00abno estar\u00e1 limitada al acuerdo nuclear de 2015\u00bb. \u00abNo\u00bb, ha sentenciado contundentemente Raisi al ser preguntado por la [&hellip;]<\/p>\n","protected":false},"author":1,"featured_media":11972,"comment_status":"closed","ping_status":"closed","sticky":false,"template":"","format":"standard","meta":{"_acf_changed":false,"footnotes":""},"categories":[3],"tags":[],"class_list":["post-11971","post","type-post","status-publish","format-standard","has-post-thumbnail","category-internacional"],"acf":{"antetitulo":""},"yoast_head":"<!-- This site is optimized with the Yoast SEO plugin v28.3 - https:\/\/yoast.com\/product\/yoast-seo-wordpress\/ -->\n<title>El presidente electo de Ir\u00e1n rechaza reunirse con Biden - El Diario - Bolivia<\/title>\n<meta name=\"robots\" content=\"index, follow, max-snippet:-1, max-image-preview:large, max-video-preview:-1\" \/>\n<link rel=\"canonical\" href=\"https:\/\/www.eldiario.net\/portal\/2021\/06\/22\/el-presidente-electo-de-iran-rechaza-reunirse-con-biden\/\" \/>\n<meta property=\"og:locale\" content=\"es_ES\" \/>\n<meta property=\"og:type\" content=\"article\" \/>\n<meta property=\"og:title\" content=\"El presidente electo de Ir\u00e1n rechaza reunirse con Biden - El Diario - Bolivia\" \/>\n<meta property=\"og:description\" content=\"El presidente electo de Ir\u00e1n, Ebrahim Raisi, ha respondido ayer negativamente a una pregunta sobre si estar\u00eda dispuesto a reunirse con el presidente de Estados Unidos, Joe Biden, y ha defendido que la pol\u00edtica exterior de Teher\u00e1n \u00abno estar\u00e1 limitada al acuerdo nuclear de 2015\u00bb. \u00abNo\u00bb, ha sentenciado contundentemente Raisi al ser preguntado por la [&hellip;]\" \/>\n<meta property=\"og:url\" content=\"https:\/\/www.eldiario.net\/portal\/2021\/06\/22\/el-presidente-electo-de-iran-rechaza-reunirse-con-biden\/\" \/>\n<meta property=\"og:site_name\" content=\"El Diario - Bolivia\" \/>\n<meta property=\"article:publisher\" content=\"https:\/\/www.facebook.com\/eldiario.bolivia\/\" \/>\n<meta property=\"article:published_time\" content=\"2021-06-22T09:14:14+00:00\" \/>\n<meta name=\"author\" content=\"Jeanette\" \/>\n<meta name=\"twitter:card\" content=\"summary_large_image\" \/>\n<meta name=\"twitter:creator\" content=\"@eldiario_net\" \/>\n<meta name=\"twitter:site\" content=\"@eldiario_net\" \/>\n<meta name=\"twitter:label1\" content=\"Escrito por\" \/>\n\t<meta name=\"twitter:data1\" content=\"Jeanette\" \/>\n\t<meta name=\"twitter:label2\" content=\"Tiempo de lectura\" \/>\n\t<meta name=\"twitter:data2\" content=\"3 minutos\" \/>\n<script type=\"application\/ld+json\" class=\"yoast-schema-graph\">{\"@context\":\"https:\\\/\\\/schema.org\",\"@graph\":[{\"@type\":\"Article\",\"@id\":\"https:\\\/\\\/www.eldiario.net\\\/portal\\\/2021\\\/06\\\/22\\\/el-presidente-electo-de-iran-rechaza-reunirse-con-biden\\\/#article\",\"isPartOf\":{\"@id\":\"https:\\\/\\\/www.eldiario.net\\\/portal\\\/2021\\\/06\\\/22\\\/el-presidente-electo-de-iran-rechaza-reunirse-con-biden\\\/\"},\"author\":{\"name\":\"Jeanette\",\"@id\":\"https:\\\/\\\/www.eldiario.net\\\/portal\\\/#\\\/schema\\\/person\\\/f46445640444750d7d753ccd04ae01b7\"},\"headline\":\"El presidente electo de Ir\u00e1n rechaza reunirse con Biden\",\"datePublished\":\"2021-06-22T09:14:14+00:00\",\"mainEntityOfPage\":{\"@id\":\"https:\\\/\\\/www.eldiario.net\\\/portal\\\/2021\\\/06\\\/22\\\/el-presidente-electo-de-iran-rechaza-reunirse-con-biden\\\/\"},\"wordCount\":693,\"publisher\":{\"@id\":\"https:\\\/\\\/www.eldiario.net\\\/portal\\\/#organization\"},\"image\":{\"@id\":\"https:\\\/\\\/www.eldiario.net\\\/portal\\\/2021\\\/06\\\/22\\\/el-presidente-electo-de-iran-rechaza-reunirse-con-biden\\\/#primaryimage\"},\"thumbnailUrl\":\"\",\"articleSection\":[\"Internacional\"],\"inLanguage\":\"es\"},{\"@type\":\"WebPage\",\"@id\":\"https:\\\/\\\/www.eldiario.net\\\/portal\\\/2021\\\/06\\\/22\\\/el-presidente-electo-de-iran-rechaza-reunirse-con-biden\\\/\",\"url\":\"https:\\\/\\\/www.eldiario.net\\\/portal\\\/2021\\\/06\\\/22\\\/el-presidente-electo-de-iran-rechaza-reunirse-con-biden\\\/\",\"name\":\"El presidente electo de Ir\u00e1n rechaza reunirse con Biden - El Diario - Bolivia\",\"isPartOf\":{\"@id\":\"https:\\\/\\\/www.eldiario.net\\\/portal\\\/#website\"},\"primaryImageOfPage\":{\"@id\":\"https:\\\/\\\/www.eldiario.net\\\/portal\\\/2021\\\/06\\\/22\\\/el-presidente-electo-de-iran-rechaza-reunirse-con-biden\\\/#primaryimage\"},\"image\":{\"@id\":\"https:\\\/\\\/www.eldiario.net\\\/portal\\\/2021\\\/06\\\/22\\\/el-presidente-electo-de-iran-rechaza-reunirse-con-biden\\\/#primaryimage\"},\"thumbnailUrl\":\"\",\"datePublished\":\"2021-06-22T09:14:14+00:00\",\"breadcrumb\":{\"@id\":\"https:\\\/\\\/www.eldiario.net\\\/portal\\\/2021\\\/06\\\/22\\\/el-presidente-electo-de-iran-rechaza-reunirse-con-biden\\\/#breadcrumb\"},\"inLanguage\":\"es\",\"potentialAction\":[{\"@type\":\"ReadAction\",\"target\":[\"https:\\\/\\\/www.eldiario.net\\\/portal\\\/2021\\\/06\\\/22\\\/el-presidente-electo-de-iran-rechaza-reunirse-con-biden\\\/\"]}]},{\"@type\":\"ImageObject\",\"inLanguage\":\"es\",\"@id\":\"https:\\\/\\\/www.eldiario.net\\\/portal\\\/2021\\\/06\\\/22\\\/el-presidente-electo-de-iran-rechaza-reunirse-con-biden\\\/#primaryimage\",\"url\":\"\",\"contentUrl\":\"\"},{\"@type\":\"BreadcrumbList\",\"@id\":\"https:\\\/\\\/www.eldiario.net\\\/portal\\\/2021\\\/06\\\/22\\\/el-presidente-electo-de-iran-rechaza-reunirse-con-biden\\\/#breadcrumb\",\"itemListElement\":[{\"@type\":\"ListItem\",\"position\":1,\"name\":\"Portada\",\"item\":\"https:\\\/\\\/www.eldiario.net\\\/portal\\\/\"},{\"@type\":\"ListItem\",\"position\":2,\"name\":\"El presidente electo de Ir\u00e1n rechaza reunirse con Biden\"}]},{\"@type\":\"WebSite\",\"@id\":\"https:\\\/\\\/www.eldiario.net\\\/portal\\\/#website\",\"url\":\"https:\\\/\\\/www.eldiario.net\\\/portal\\\/\",\"name\":\"El Diario - Decano de la prensa nacional\",\"description\":\"El Diario - Decano de la prensa nacional\",\"publisher\":{\"@id\":\"https:\\\/\\\/www.eldiario.net\\\/portal\\\/#organization\"},\"potentialAction\":[{\"@type\":\"SearchAction\",\"target\":{\"@type\":\"EntryPoint\",\"urlTemplate\":\"https:\\\/\\\/www.eldiario.net\\\/portal\\\/?s={search_term_string}\"},\"query-input\":{\"@type\":\"PropertyValueSpecification\",\"valueRequired\":true,\"valueName\":\"search_term_string\"}}],\"inLanguage\":\"es\"},{\"@type\":\"Organization\",\"@id\":\"https:\\\/\\\/www.eldiario.net\\\/portal\\\/#organization\",\"name\":\"El Diario - Decano de la prensa nacional\",\"url\":\"https:\\\/\\\/www.eldiario.net\\\/portal\\\/\",\"logo\":{\"@type\":\"ImageObject\",\"inLanguage\":\"es\",\"@id\":\"https:\\\/\\\/www.eldiario.net\\\/portal\\\/#\\\/schema\\\/logo\\\/image\\\/\",\"url\":\"https:\\\/\\\/www.eldiario.net\\\/portal\\\/wp-content\\\/uploads\\\/2023\\\/07\\\/logo_ED.jpg\",\"contentUrl\":\"https:\\\/\\\/www.eldiario.net\\\/portal\\\/wp-content\\\/uploads\\\/2023\\\/07\\\/logo_ED.jpg\",\"width\":272,\"height\":52,\"caption\":\"El Diario - Decano de la prensa nacional\"},\"image\":{\"@id\":\"https:\\\/\\\/www.eldiario.net\\\/portal\\\/#\\\/schema\\\/logo\\\/image\\\/\"},\"sameAs\":[\"https:\\\/\\\/www.facebook.com\\\/eldiario.bolivia\\\/\",\"https:\\\/\\\/x.com\\\/eldiario_net\"]},{\"@type\":\"Person\",\"@id\":\"https:\\\/\\\/www.eldiario.net\\\/portal\\\/#\\\/schema\\\/person\\\/f46445640444750d7d753ccd04ae01b7\",\"name\":\"Jeanette\",\"image\":{\"@type\":\"ImageObject\",\"inLanguage\":\"es\",\"@id\":\"https:\\\/\\\/secure.gravatar.com\\\/avatar\\\/3ea2118a5f7dad2b7138b1187a6b7ee55f160b9968b66013c3a3ef39dd7e5798?s=96&d=mm&r=g\",\"url\":\"https:\\\/\\\/secure.gravatar.com\\\/avatar\\\/3ea2118a5f7dad2b7138b1187a6b7ee55f160b9968b66013c3a3ef39dd7e5798?s=96&d=mm&r=g\",\"contentUrl\":\"https:\\\/\\\/secure.gravatar.com\\\/avatar\\\/3ea2118a5f7dad2b7138b1187a6b7ee55f160b9968b66013c3a3ef39dd7e5798?s=96&d=mm&r=g\",\"caption\":\"Jeanette\"},\"sameAs\":[\"https:\\\/\\\/www.eldiario.net\\\/portal\"],\"url\":\"https:\\\/\\\/www.eldiario.net\\\/portal\\\/author\\\/jeanette\\\/\"}]}<\/script>\n<!-- \/ Yoast SEO plugin. -->","yoast_head_json":{"title":"El presidente electo de Ir\u00e1n rechaza reunirse con Biden - El Diario - Bolivia","robots":{"index":"index","follow":"follow","max-snippet":"max-snippet:-1","max-image-preview":"max-image-preview:large","max-video-preview":"max-video-preview:-1"},"canonical":"https:\/\/www.eldiario.net\/portal\/2021\/06\/22\/el-presidente-electo-de-iran-rechaza-reunirse-con-biden\/","og_locale":"es_ES","og_type":"article","og_title":"El presidente electo de Ir\u00e1n rechaza reunirse con Biden - El Diario - Bolivia","og_description":"El presidente electo de Ir\u00e1n, Ebrahim Raisi, ha respondido ayer negativamente a una pregunta sobre si estar\u00eda dispuesto a reunirse con el presidente de Estados Unidos, Joe Biden, y ha defendido que la pol\u00edtica exterior de Teher\u00e1n \u00abno estar\u00e1 limitada al acuerdo nuclear de 2015\u00bb. \u00abNo\u00bb, ha sentenciado contundentemente Raisi al ser preguntado por la [&hellip;]","og_url":"https:\/\/www.eldiario.net\/portal\/2021\/06\/22\/el-presidente-electo-de-iran-rechaza-reunirse-con-biden\/","og_site_name":"El Diario - Bolivia","article_publisher":"https:\/\/www.facebook.com\/eldiario.bolivia\/","article_published_time":"2021-06-22T09:14:14+00:00","author":"Jeanette","twitter_card":"summary_large_image","twitter_creator":"@eldiario_net","twitter_site":"@eldiario_net","twitter_misc":{"Escrito por":"Jeanette","Tiempo de lectura":"3 minutos"},"schema":{"@context":"https:\/\/schema.org","@graph":[{"@type":"Article","@id":"https:\/\/www.eldiario.net\/portal\/2021\/06\/22\/el-presidente-electo-de-iran-rechaza-reunirse-con-biden\/#article","isPartOf":{"@id":"https:\/\/www.eldiario.net\/portal\/2021\/06\/22\/el-presidente-electo-de-iran-rechaza-reunirse-con-biden\/"},"author":{"name":"Jeanette","@id":"https:\/\/www.eldiario.net\/portal\/#\/schema\/person\/f46445640444750d7d753ccd04ae01b7"},"headline":"El presidente electo de Ir\u00e1n rechaza reunirse con Biden","datePublished":"2021-06-22T09:14:14+00:00","mainEntityOfPage":{"@id":"https:\/\/www.eldiario.net\/portal\/2021\/06\/22\/el-presidente-electo-de-iran-rechaza-reunirse-con-biden\/"},"wordCount":693,"publisher":{"@id":"https:\/\/www.eldiario.net\/portal\/#organization"},"image":{"@id":"https:\/\/www.eldiario.net\/portal\/2021\/06\/22\/el-presidente-electo-de-iran-rechaza-reunirse-con-biden\/#primaryimage"},"thumbnailUrl":"","articleSection":["Internacional"],"inLanguage":"es"},{"@type":"WebPage","@id":"https:\/\/www.eldiario.net\/portal\/2021\/06\/22\/el-presidente-electo-de-iran-rechaza-reunirse-con-biden\/","url":"https:\/\/www.eldiario.net\/portal\/2021\/06\/22\/el-presidente-electo-de-iran-rechaza-reunirse-con-biden\/","name":"El presidente electo de Ir\u00e1n rechaza reunirse con Biden - El Diario - Bolivia","isPartOf":{"@id":"https:\/\/www.eldiario.net\/portal\/#website"},"primaryImageOfPage":{"@id":"https:\/\/www.eldiario.net\/portal\/2021\/06\/22\/el-presidente-electo-de-iran-rechaza-reunirse-con-biden\/#primaryimage"},"image":{"@id":"https:\/\/www.eldiario.net\/portal\/2021\/06\/22\/el-presidente-electo-de-iran-rechaza-reunirse-con-biden\/#primaryimage"},"thumbnailUrl":"","datePublished":"2021-06-22T09:14:14+00:00","breadcrumb":{"@id":"https:\/\/www.eldiario.net\/portal\/2021\/06\/22\/el-presidente-electo-de-iran-rechaza-reunirse-con-biden\/#breadcrumb"},"inLanguage":"es","potentialAction":[{"@type":"ReadAction","target":["https:\/\/www.eldiario.net\/portal\/2021\/06\/22\/el-presidente-electo-de-iran-rechaza-reunirse-con-biden\/"]}]},{"@type":"ImageObject","inLanguage":"es","@id":"https:\/\/www.eldiario.net\/portal\/2021\/06\/22\/el-presidente-electo-de-iran-rechaza-reunirse-con-biden\/#primaryimage","url":"","contentUrl":""},{"@type":"BreadcrumbList","@id":"https:\/\/www.eldiario.net\/portal\/2021\/06\/22\/el-presidente-electo-de-iran-rechaza-reunirse-con-biden\/#breadcrumb","itemListElement":[{"@type":"ListItem","position":1,"name":"Portada","item":"https:\/\/www.eldiario.net\/portal\/"},{"@type":"ListItem","position":2,"name":"El presidente electo de Ir\u00e1n rechaza reunirse con Biden"}]},{"@type":"WebSite","@id":"https:\/\/www.eldiario.net\/portal\/#website","url":"https:\/\/www.eldiario.net\/portal\/","name":"El Diario - Decano de la prensa nacional","description":"El Diario - Decano de la prensa nacional","publisher":{"@id":"https:\/\/www.eldiario.net\/portal\/#organization"},"potentialAction":[{"@type":"SearchAction","target":{"@type":"EntryPoint","urlTemplate":"https:\/\/www.eldiario.net\/portal\/?s={search_term_string}"},"query-input":{"@type":"PropertyValueSpecification","valueRequired":true,"valueName":"search_term_string"}}],"inLanguage":"es"},{"@type":"Organization","@id":"https:\/\/www.eldiario.net\/portal\/#organization","name":"El Diario - Decano de la prensa nacional","url":"https:\/\/www.eldiario.net\/portal\/","logo":{"@type":"ImageObject","inLanguage":"es","@id":"https:\/\/www.eldiario.net\/portal\/#\/schema\/logo\/image\/","url":"https:\/\/www.eldiario.net\/portal\/wp-content\/uploads\/2023\/07\/logo_ED.jpg","contentUrl":"https:\/\/www.eldiario.net\/portal\/wp-content\/uploads\/2023\/07\/logo_ED.jpg","width":272,"height":52,"caption":"El Diario - Decano de la prensa nacional"},"image":{"@id":"https:\/\/www.eldiario.net\/portal\/#\/schema\/logo\/image\/"},"sameAs":["https:\/\/www.facebook.com\/eldiario.bolivia\/","https:\/\/x.com\/eldiario_net"]},{"@type":"Person","@id":"https:\/\/www.eldiario.net\/portal\/#\/schema\/person\/f46445640444750d7d753ccd04ae01b7","name":"Jeanette","image":{"@type":"ImageObject","inLanguage":"es","@id":"https:\/\/secure.gravatar.com\/avatar\/3ea2118a5f7dad2b7138b1187a6b7ee55f160b9968b66013c3a3ef39dd7e5798?s=96&d=mm&r=g","url":"https:\/\/secure.gravatar.com\/avatar\/3ea2118a5f7dad2b7138b1187a6b7ee55f160b9968b66013c3a3ef39dd7e5798?s=96&d=mm&r=g","contentUrl":"https:\/\/secure.gravatar.com\/avatar\/3ea2118a5f7dad2b7138b1187a6b7ee55f160b9968b66013c3a3ef39dd7e5798?s=96&d=mm&r=g","caption":"Jeanette"},"sameAs":["https:\/\/www.eldiario.net\/portal"],"url":"https:\/\/www.eldiario.net\/portal\/author\/jeanette\/"}]}},"_links":{"self":[{"href":"https:\/\/www.eldiario.net\/portal\/wp-json\/wp\/v2\/posts\/11971","targetHints":{"allow":["GET"]}}],"collection":[{"href":"https:\/\/www.eldiario.net\/portal\/wp-json\/wp\/v2\/posts"}],"about":[{"href":"https:\/\/www.eldiario.net\/portal\/wp-json\/wp\/v2\/types\/post"}],"author":[{"embeddable":true,"href":"https:\/\/www.eldiario.net\/portal\/wp-json\/wp\/v2\/users\/1"}],"replies":[{"embeddable":true,"href":"https:\/\/www.eldiario.net\/portal\/wp-json\/wp\/v2\/comments?post=11971"}],"version-history":[{"count":0,"href":"https:\/\/www.eldiario.net\/portal\/wp-json\/wp\/v2\/posts\/11971\/revisions"}],"wp:attachment":[{"href":"https:\/\/www.eldiario.net\/portal\/wp-json\/wp\/v2\/media?parent=11971"}],"wp:term":[{"taxonomy":"category","embeddable":true,"href":"https:\/\/www.eldiario.net\/portal\/wp-json\/wp\/v2\/categories?post=11971"},{"taxonomy":"post_tag","embeddable":true,"href":"https:\/\/www.eldiario.net\/portal\/wp-json\/wp\/v2\/tags?post=11971"}],"curies":[{"name":"wp","href":"https:\/\/api.w.org\/{rel}","templated":true}]}}