{"id":119699,"date":"2022-11-01T06:27:42","date_gmt":"2022-11-01T10:27:42","guid":{"rendered":"https:\/\/www.eldiario.net\/portal\/?p=119699"},"modified":"2022-11-01T06:27:42","modified_gmt":"2022-11-01T10:27:42","slug":"comite-interinstitucional-se-abre-al-dialogo-con-el-gobierno","status":"publish","type":"post","link":"https:\/\/www.eldiario.net\/portal\/2022\/11\/01\/comite-interinstitucional-se-abre-al-dialogo-con-el-gobierno\/","title":{"rendered":"Comit\u00e9 Interinstitucional se abre al di\u00e1logo con el Gobierno"},"content":{"rendered":"<p>Tras conocerse el llamado al di\u00e1logo al Gobierno, que realiz\u00f3 el rector de la Universidad Aut\u00f3noma Gabriel Ren\u00e9 Moreno (Uagrm), a trav\u00e9s de las redes sociales y el presidente del Comit\u00e9 pro Santa Cruz, Romulo Calvo, el gobernador, Luis Fernando Camacho, confirm\u00f3 la b\u00fasqueda de acercamientos por parte del Comit\u00e9 Interinstitucional por el\u00a0 \u00d3rgano Ejecutivo.<\/p>\n<p>\u201cLa Comisi\u00f3n Interinstitucional hizo una propuesta de di\u00e1logo al Gobierno. Mientras transcurre ese plazo, seguimos apoyando a nuestras provincias, resistiendo en las rotondas y estamos con nuestra gente que est\u00e1 en las calles acatando el paro por mandato del Cabildo\u201d, escribi\u00f3 el gobernador, en las redes sociales.<\/p>\n<p>El Gobernador tambi\u00e9n pidi\u00f3 no caer en provocaciones y mantener la resistencia pac\u00edfica. \u201cSanta Cruz est\u00e1 unida y con fortaleza defenderemos nuestro territorio y nuestras instituciones\u201d, manifest\u00f3.<\/p>\n<p>En la tarde, el rector de la Universidad Aut\u00f3noma Gabriel Ren\u00e9 Moreno, Vicente Cu\u00e9llar, clam\u00f3 por iniciar un proceso de di\u00e1logo que tenga como objetivo pacificar Santa Cruz y evitar el derramamiento de sangre ante una escalada de violencia con la llegada de grupos de choque que se oponen al paro indefinido que cumple diez d\u00edas.<\/p>\n<p>AMBULANCIAS SIN COMBUSTIBLE<\/p>\n<p>El sector salud est\u00e1 en alerta debido a que las ambulancias se est\u00e1n quedando sin combustible y hay alerta en los hospitales por la falta de suministro de ox\u00edgeno.<\/p>\n<p>La secretaria de Salud Santa Cruz de la Sierra, Adriana Amelunge, solicit\u00f3 que Yacimientos Petrol\u00edferos Fiscales Bolivianos (YPFB) cumpla con el compromiso de abastecimiento de combustible a las ambulancias y veh\u00edculos que transportan a personal de salud.<\/p>\n<p>MARCHAS<\/p>\n<p>Un grupo que se opone al paro indefinido realiz\u00f3 una marcha que parti\u00f3 de la zona sur de la ciudad y transit\u00f3 por la avenida Santos Dumont levantando los bloqueos que encuentra a su paso.<\/p>\n<p>A pesar del anuncio que hab\u00eda hecho el ministro de Obras P\u00fablicas, Edgar Monta\u00f1o, no se vio que la Polic\u00eda resguarde a estas personas.<\/p>\n<p>El ministro de Obras P\u00fablicas, Edgar Monta\u00f1o, hab\u00eda anunciado el domingo que la movilizaci\u00f3n partir\u00eda de los \u201ccuatro puntos cardinales\u201d y que estar\u00eda conformada por gremialistas y el transporte urbano, sectores que no comunicaron a trav\u00e9s de su dirigencia si son parte de la movilizaci\u00f3n.<\/p>\n<p>ENFRENTAMIENTOS<\/p>\n<p>Las marchas de transportistas y gremiales que se organizaron para protestar en contra del paro indefinido, fueron resistidas por grupos de vecinos que repelieron estas movilizaciones gener\u00e1ndose enfrentamientos en las avenidas San Aurelio y Santos Dumont.<\/p>\n<p>Los marchistas gritaban consignas en favor del gobierno de Luis Arce y en contra de la medida que fue convocada por el Comit\u00e9 Interinstitucional que pide un censo para el 2023.<\/p>\n<p>Muy temprano, ayer estos sectores se congregaron en el Plan 3.000 y desde all\u00ed salieron rumbo al centro de la ciudad desactivando todos los puntos de bloqueos que encontraban a su paso; sin embargo, al llegar al quinto anillo de la avenida San Aurelio, se encontraron con personas que pusieron resistencia gener\u00e1ndose un enfrentamiento.<\/p>\n<p>Al final, y despu\u00e9s de varios minutos de refriega, los marchistas se vieron obligados a retirarse del lugar y no lograron su cometido de avanzar terminando por replegarse.<\/p>\n<p>Una situaci\u00f3n similar se tuvo en la zona sur cuando la marcha de los que est\u00e1n en contra del paro lleg\u00f3 hasta el 5\u00ba anillo de la avenida Santos Dumont y tras una pelea con los vecinos terminaron por dispersarse.<\/p>\n<p>FLEXIBILIZACI\u00d3N<\/p>\n<p>Dos analistas recomiendaron al Gobierno flexibilizar su posici\u00f3n sobre la realizaci\u00f3n del Censo de Poblaci\u00f3n y Vivienda para solucionar este conflicto. Simult\u00e1neamente, se pide dejar de lado al gobernador de Santa Cruz, Fernando Camacho, y al l\u00edder del Movimiento al Socialismo (MAS), Evo Morales.<\/p>\n<p>\u201cEl Gobierno tiene que mirar esto con objetividad y responsabilidad de Estado, deben flexibilizar posiciones. El conflicto no va a tener una soluci\u00f3n pac\u00edfica, si es que no flexibilizan posiciones de ambas partes\u201d, dijo el analista pol\u00edtico Ludwig Valverde a la ANF.<\/p>\n<p>El paro c\u00edvico se mantiene en Santa Cruz, a la par, el cerco de la mano de organizaciones afines al MAS tambi\u00e9n persiste. Hay m\u00e1s sectores que se suman con medidas de presi\u00f3n a favor y en contra, lo que hace que no haya una pronta resoluci\u00f3n del conflicto.<\/p>\n<p>Para Valverde, esto tiene una soluci\u00f3n l\u00f3gica y es que las autoridades gubernamentales deben tener flexibilidad y tratar el censo como lo que es, una labor administrativa y t\u00e9cnica.\u00a0 Herramienta que generar\u00e1 distribuci\u00f3n de ingresos, esca\u00f1os parlamentarios y pol\u00edticas p\u00fablicas para el desarrollo de los bolivianos.<\/p>\n<p>Consultado al respecto, el historiador y analista Pedro Portugal, dijo que deben dejarse de lado al gobernador de Santa Cruz y al expresidente Morales para la resoluci\u00f3n de este problema. (Santa Cruz, Unitel, ANF)<\/p>\n","protected":false},"excerpt":{"rendered":"<p>Tras conocerse el llamado al di\u00e1logo al Gobierno, que realiz\u00f3 el rector de la Universidad Aut\u00f3noma Gabriel Ren\u00e9 Moreno (Uagrm), a trav\u00e9s de las redes sociales y el presidente del Comit\u00e9 pro Santa Cruz, Romulo Calvo, el gobernador, Luis Fernando Camacho, confirm\u00f3 la b\u00fasqueda de acercamientos por parte del Comit\u00e9 Interinstitucional por el\u00a0 \u00d3rgano Ejecutivo. [&hellip;]<\/p>\n","protected":false},"author":1,"featured_media":119700,"comment_status":"closed","ping_status":"closed","sticky":false,"template":"","format":"standard","meta":{"_acf_changed":false,"footnotes":""},"categories":[17],"tags":[],"class_list":["post-119699","post","type-post","status-publish","format-standard","has-post-thumbnail","category-principal"],"acf":{"antetitulo":""},"yoast_head":"<!-- This site is optimized with the Yoast SEO plugin v28.3 - https:\/\/yoast.com\/product\/yoast-seo-wordpress\/ -->\n<title>Comit\u00e9 Interinstitucional se abre al di\u00e1logo con el Gobierno - El Diario - Bolivia<\/title>\n<meta name=\"robots\" content=\"index, follow, max-snippet:-1, max-image-preview:large, max-video-preview:-1\" \/>\n<link rel=\"canonical\" href=\"https:\/\/www.eldiario.net\/portal\/2022\/11\/01\/comite-interinstitucional-se-abre-al-dialogo-con-el-gobierno\/\" \/>\n<meta property=\"og:locale\" content=\"es_ES\" \/>\n<meta property=\"og:type\" content=\"article\" \/>\n<meta property=\"og:title\" content=\"Comit\u00e9 Interinstitucional se abre al di\u00e1logo con el Gobierno - El Diario - Bolivia\" \/>\n<meta property=\"og:description\" content=\"Tras conocerse el llamado al di\u00e1logo al Gobierno, que realiz\u00f3 el rector de la Universidad Aut\u00f3noma Gabriel Ren\u00e9 Moreno (Uagrm), a trav\u00e9s de las redes sociales y el presidente del Comit\u00e9 pro Santa Cruz, Romulo Calvo, el gobernador, Luis Fernando Camacho, confirm\u00f3 la b\u00fasqueda de acercamientos por parte del Comit\u00e9 Interinstitucional por el\u00a0 \u00d3rgano Ejecutivo. [&hellip;]\" \/>\n<meta property=\"og:url\" content=\"https:\/\/www.eldiario.net\/portal\/2022\/11\/01\/comite-interinstitucional-se-abre-al-dialogo-con-el-gobierno\/\" \/>\n<meta property=\"og:site_name\" content=\"El Diario - Bolivia\" \/>\n<meta property=\"article:publisher\" content=\"https:\/\/www.facebook.com\/eldiario.bolivia\/\" \/>\n<meta property=\"article:published_time\" content=\"2022-11-01T10:27:42+00:00\" \/>\n<meta property=\"og:image\" content=\"https:\/\/www.eldiario.net\/portal\/wp-content\/uploads\/2022\/11\/APER-FOTO-scaled-1.jpg\" \/>\n\t<meta property=\"og:image:width\" content=\"2560\" \/>\n\t<meta property=\"og:image:height\" content=\"1811\" \/>\n\t<meta property=\"og:image:type\" content=\"image\/jpeg\" \/>\n<meta name=\"author\" content=\"Jeanette\" \/>\n<meta name=\"twitter:card\" content=\"summary_large_image\" \/>\n<meta name=\"twitter:creator\" content=\"@eldiario_net\" \/>\n<meta name=\"twitter:site\" content=\"@eldiario_net\" \/>\n<meta name=\"twitter:label1\" content=\"Escrito por\" \/>\n\t<meta name=\"twitter:data1\" content=\"Jeanette\" \/>\n\t<meta name=\"twitter:label2\" content=\"Tiempo de lectura\" \/>\n\t<meta name=\"twitter:data2\" content=\"4 minutos\" \/>\n<script type=\"application\/ld+json\" class=\"yoast-schema-graph\">{\"@context\":\"https:\\\/\\\/schema.org\",\"@graph\":[{\"@type\":\"Article\",\"@id\":\"https:\\\/\\\/www.eldiario.net\\\/portal\\\/2022\\\/11\\\/01\\\/comite-interinstitucional-se-abre-al-dialogo-con-el-gobierno\\\/#article\",\"isPartOf\":{\"@id\":\"https:\\\/\\\/www.eldiario.net\\\/portal\\\/2022\\\/11\\\/01\\\/comite-interinstitucional-se-abre-al-dialogo-con-el-gobierno\\\/\"},\"author\":{\"name\":\"Jeanette\",\"@id\":\"https:\\\/\\\/www.eldiario.net\\\/portal\\\/#\\\/schema\\\/person\\\/f46445640444750d7d753ccd04ae01b7\"},\"headline\":\"Comit\u00e9 Interinstitucional se abre al di\u00e1logo con el Gobierno\",\"datePublished\":\"2022-11-01T10:27:42+00:00\",\"mainEntityOfPage\":{\"@id\":\"https:\\\/\\\/www.eldiario.net\\\/portal\\\/2022\\\/11\\\/01\\\/comite-interinstitucional-se-abre-al-dialogo-con-el-gobierno\\\/\"},\"wordCount\":827,\"publisher\":{\"@id\":\"https:\\\/\\\/www.eldiario.net\\\/portal\\\/#organization\"},\"image\":{\"@id\":\"https:\\\/\\\/www.eldiario.net\\\/portal\\\/2022\\\/11\\\/01\\\/comite-interinstitucional-se-abre-al-dialogo-con-el-gobierno\\\/#primaryimage\"},\"thumbnailUrl\":\"https:\\\/\\\/www.eldiario.net\\\/portal\\\/wp-content\\\/uploads\\\/2022\\\/11\\\/APER-FOTO-scaled-1.jpg\",\"articleSection\":[\"Principal\"],\"inLanguage\":\"es\"},{\"@type\":\"WebPage\",\"@id\":\"https:\\\/\\\/www.eldiario.net\\\/portal\\\/2022\\\/11\\\/01\\\/comite-interinstitucional-se-abre-al-dialogo-con-el-gobierno\\\/\",\"url\":\"https:\\\/\\\/www.eldiario.net\\\/portal\\\/2022\\\/11\\\/01\\\/comite-interinstitucional-se-abre-al-dialogo-con-el-gobierno\\\/\",\"name\":\"Comit\u00e9 Interinstitucional se abre al di\u00e1logo con el Gobierno - El Diario - Bolivia\",\"isPartOf\":{\"@id\":\"https:\\\/\\\/www.eldiario.net\\\/portal\\\/#website\"},\"primaryImageOfPage\":{\"@id\":\"https:\\\/\\\/www.eldiario.net\\\/portal\\\/2022\\\/11\\\/01\\\/comite-interinstitucional-se-abre-al-dialogo-con-el-gobierno\\\/#primaryimage\"},\"image\":{\"@id\":\"https:\\\/\\\/www.eldiario.net\\\/portal\\\/2022\\\/11\\\/01\\\/comite-interinstitucional-se-abre-al-dialogo-con-el-gobierno\\\/#primaryimage\"},\"thumbnailUrl\":\"https:\\\/\\\/www.eldiario.net\\\/portal\\\/wp-content\\\/uploads\\\/2022\\\/11\\\/APER-FOTO-scaled-1.jpg\",\"datePublished\":\"2022-11-01T10:27:42+00:00\",\"breadcrumb\":{\"@id\":\"https:\\\/\\\/www.eldiario.net\\\/portal\\\/2022\\\/11\\\/01\\\/comite-interinstitucional-se-abre-al-dialogo-con-el-gobierno\\\/#breadcrumb\"},\"inLanguage\":\"es\",\"potentialAction\":[{\"@type\":\"ReadAction\",\"target\":[\"https:\\\/\\\/www.eldiario.net\\\/portal\\\/2022\\\/11\\\/01\\\/comite-interinstitucional-se-abre-al-dialogo-con-el-gobierno\\\/\"]}]},{\"@type\":\"ImageObject\",\"inLanguage\":\"es\",\"@id\":\"https:\\\/\\\/www.eldiario.net\\\/portal\\\/2022\\\/11\\\/01\\\/comite-interinstitucional-se-abre-al-dialogo-con-el-gobierno\\\/#primaryimage\",\"url\":\"https:\\\/\\\/www.eldiario.net\\\/portal\\\/wp-content\\\/uploads\\\/2022\\\/11\\\/APER-FOTO-scaled-1.jpg\",\"contentUrl\":\"https:\\\/\\\/www.eldiario.net\\\/portal\\\/wp-content\\\/uploads\\\/2022\\\/11\\\/APER-FOTO-scaled-1.jpg\",\"width\":2560,\"height\":1811,\"caption\":\"PESE AL MAL TIEMPO AYER CONTINU\u00d3 EL PARO EN SANTA CRUZ DE LA SIERRA. FOTO: APG\"},{\"@type\":\"BreadcrumbList\",\"@id\":\"https:\\\/\\\/www.eldiario.net\\\/portal\\\/2022\\\/11\\\/01\\\/comite-interinstitucional-se-abre-al-dialogo-con-el-gobierno\\\/#breadcrumb\",\"itemListElement\":[{\"@type\":\"ListItem\",\"position\":1,\"name\":\"Portada\",\"item\":\"https:\\\/\\\/www.eldiario.net\\\/portal\\\/\"},{\"@type\":\"ListItem\",\"position\":2,\"name\":\"Comit\u00e9 Interinstitucional se abre al di\u00e1logo con el Gobierno\"}]},{\"@type\":\"WebSite\",\"@id\":\"https:\\\/\\\/www.eldiario.net\\\/portal\\\/#website\",\"url\":\"https:\\\/\\\/www.eldiario.net\\\/portal\\\/\",\"name\":\"El Diario - Decano de la prensa nacional\",\"description\":\"El Diario - Decano de la prensa nacional\",\"publisher\":{\"@id\":\"https:\\\/\\\/www.eldiario.net\\\/portal\\\/#organization\"},\"potentialAction\":[{\"@type\":\"SearchAction\",\"target\":{\"@type\":\"EntryPoint\",\"urlTemplate\":\"https:\\\/\\\/www.eldiario.net\\\/portal\\\/?s={search_term_string}\"},\"query-input\":{\"@type\":\"PropertyValueSpecification\",\"valueRequired\":true,\"valueName\":\"search_term_string\"}}],\"inLanguage\":\"es\"},{\"@type\":\"Organization\",\"@id\":\"https:\\\/\\\/www.eldiario.net\\\/portal\\\/#organization\",\"name\":\"El Diario - Decano de la prensa nacional\",\"url\":\"https:\\\/\\\/www.eldiario.net\\\/portal\\\/\",\"logo\":{\"@type\":\"ImageObject\",\"inLanguage\":\"es\",\"@id\":\"https:\\\/\\\/www.eldiario.net\\\/portal\\\/#\\\/schema\\\/logo\\\/image\\\/\",\"url\":\"https:\\\/\\\/www.eldiario.net\\\/portal\\\/wp-content\\\/uploads\\\/2023\\\/07\\\/logo_ED.jpg\",\"contentUrl\":\"https:\\\/\\\/www.eldiario.net\\\/portal\\\/wp-content\\\/uploads\\\/2023\\\/07\\\/logo_ED.jpg\",\"width\":272,\"height\":52,\"caption\":\"El Diario - Decano de la prensa nacional\"},\"image\":{\"@id\":\"https:\\\/\\\/www.eldiario.net\\\/portal\\\/#\\\/schema\\\/logo\\\/image\\\/\"},\"sameAs\":[\"https:\\\/\\\/www.facebook.com\\\/eldiario.bolivia\\\/\",\"https:\\\/\\\/x.com\\\/eldiario_net\"]},{\"@type\":\"Person\",\"@id\":\"https:\\\/\\\/www.eldiario.net\\\/portal\\\/#\\\/schema\\\/person\\\/f46445640444750d7d753ccd04ae01b7\",\"name\":\"Jeanette\",\"image\":{\"@type\":\"ImageObject\",\"inLanguage\":\"es\",\"@id\":\"https:\\\/\\\/secure.gravatar.com\\\/avatar\\\/3ea2118a5f7dad2b7138b1187a6b7ee55f160b9968b66013c3a3ef39dd7e5798?s=96&d=mm&r=g\",\"url\":\"https:\\\/\\\/secure.gravatar.com\\\/avatar\\\/3ea2118a5f7dad2b7138b1187a6b7ee55f160b9968b66013c3a3ef39dd7e5798?s=96&d=mm&r=g\",\"contentUrl\":\"https:\\\/\\\/secure.gravatar.com\\\/avatar\\\/3ea2118a5f7dad2b7138b1187a6b7ee55f160b9968b66013c3a3ef39dd7e5798?s=96&d=mm&r=g\",\"caption\":\"Jeanette\"},\"sameAs\":[\"https:\\\/\\\/www.eldiario.net\\\/portal\"],\"url\":\"https:\\\/\\\/www.eldiario.net\\\/portal\\\/author\\\/jeanette\\\/\"}]}<\/script>\n<!-- \/ Yoast SEO plugin. -->","yoast_head_json":{"title":"Comit\u00e9 Interinstitucional se abre al di\u00e1logo con el Gobierno - El Diario - Bolivia","robots":{"index":"index","follow":"follow","max-snippet":"max-snippet:-1","max-image-preview":"max-image-preview:large","max-video-preview":"max-video-preview:-1"},"canonical":"https:\/\/www.eldiario.net\/portal\/2022\/11\/01\/comite-interinstitucional-se-abre-al-dialogo-con-el-gobierno\/","og_locale":"es_ES","og_type":"article","og_title":"Comit\u00e9 Interinstitucional se abre al di\u00e1logo con el Gobierno - El Diario - Bolivia","og_description":"Tras conocerse el llamado al di\u00e1logo al Gobierno, que realiz\u00f3 el rector de la Universidad Aut\u00f3noma Gabriel Ren\u00e9 Moreno (Uagrm), a trav\u00e9s de las redes sociales y el presidente del Comit\u00e9 pro Santa Cruz, Romulo Calvo, el gobernador, Luis Fernando Camacho, confirm\u00f3 la b\u00fasqueda de acercamientos por parte del Comit\u00e9 Interinstitucional por el\u00a0 \u00d3rgano Ejecutivo. [&hellip;]","og_url":"https:\/\/www.eldiario.net\/portal\/2022\/11\/01\/comite-interinstitucional-se-abre-al-dialogo-con-el-gobierno\/","og_site_name":"El Diario - Bolivia","article_publisher":"https:\/\/www.facebook.com\/eldiario.bolivia\/","article_published_time":"2022-11-01T10:27:42+00:00","og_image":[{"width":2560,"height":1811,"url":"https:\/\/www.eldiario.net\/portal\/wp-content\/uploads\/2022\/11\/APER-FOTO-scaled-1.jpg","type":"image\/jpeg"}],"author":"Jeanette","twitter_card":"summary_large_image","twitter_creator":"@eldiario_net","twitter_site":"@eldiario_net","twitter_misc":{"Escrito por":"Jeanette","Tiempo de lectura":"4 minutos"},"schema":{"@context":"https:\/\/schema.org","@graph":[{"@type":"Article","@id":"https:\/\/www.eldiario.net\/portal\/2022\/11\/01\/comite-interinstitucional-se-abre-al-dialogo-con-el-gobierno\/#article","isPartOf":{"@id":"https:\/\/www.eldiario.net\/portal\/2022\/11\/01\/comite-interinstitucional-se-abre-al-dialogo-con-el-gobierno\/"},"author":{"name":"Jeanette","@id":"https:\/\/www.eldiario.net\/portal\/#\/schema\/person\/f46445640444750d7d753ccd04ae01b7"},"headline":"Comit\u00e9 Interinstitucional se abre al di\u00e1logo con el Gobierno","datePublished":"2022-11-01T10:27:42+00:00","mainEntityOfPage":{"@id":"https:\/\/www.eldiario.net\/portal\/2022\/11\/01\/comite-interinstitucional-se-abre-al-dialogo-con-el-gobierno\/"},"wordCount":827,"publisher":{"@id":"https:\/\/www.eldiario.net\/portal\/#organization"},"image":{"@id":"https:\/\/www.eldiario.net\/portal\/2022\/11\/01\/comite-interinstitucional-se-abre-al-dialogo-con-el-gobierno\/#primaryimage"},"thumbnailUrl":"https:\/\/www.eldiario.net\/portal\/wp-content\/uploads\/2022\/11\/APER-FOTO-scaled-1.jpg","articleSection":["Principal"],"inLanguage":"es"},{"@type":"WebPage","@id":"https:\/\/www.eldiario.net\/portal\/2022\/11\/01\/comite-interinstitucional-se-abre-al-dialogo-con-el-gobierno\/","url":"https:\/\/www.eldiario.net\/portal\/2022\/11\/01\/comite-interinstitucional-se-abre-al-dialogo-con-el-gobierno\/","name":"Comit\u00e9 Interinstitucional se abre al di\u00e1logo con el Gobierno - El Diario - Bolivia","isPartOf":{"@id":"https:\/\/www.eldiario.net\/portal\/#website"},"primaryImageOfPage":{"@id":"https:\/\/www.eldiario.net\/portal\/2022\/11\/01\/comite-interinstitucional-se-abre-al-dialogo-con-el-gobierno\/#primaryimage"},"image":{"@id":"https:\/\/www.eldiario.net\/portal\/2022\/11\/01\/comite-interinstitucional-se-abre-al-dialogo-con-el-gobierno\/#primaryimage"},"thumbnailUrl":"https:\/\/www.eldiario.net\/portal\/wp-content\/uploads\/2022\/11\/APER-FOTO-scaled-1.jpg","datePublished":"2022-11-01T10:27:42+00:00","breadcrumb":{"@id":"https:\/\/www.eldiario.net\/portal\/2022\/11\/01\/comite-interinstitucional-se-abre-al-dialogo-con-el-gobierno\/#breadcrumb"},"inLanguage":"es","potentialAction":[{"@type":"ReadAction","target":["https:\/\/www.eldiario.net\/portal\/2022\/11\/01\/comite-interinstitucional-se-abre-al-dialogo-con-el-gobierno\/"]}]},{"@type":"ImageObject","inLanguage":"es","@id":"https:\/\/www.eldiario.net\/portal\/2022\/11\/01\/comite-interinstitucional-se-abre-al-dialogo-con-el-gobierno\/#primaryimage","url":"https:\/\/www.eldiario.net\/portal\/wp-content\/uploads\/2022\/11\/APER-FOTO-scaled-1.jpg","contentUrl":"https:\/\/www.eldiario.net\/portal\/wp-content\/uploads\/2022\/11\/APER-FOTO-scaled-1.jpg","width":2560,"height":1811,"caption":"PESE AL MAL TIEMPO AYER CONTINU\u00d3 EL PARO EN SANTA CRUZ DE LA SIERRA. FOTO: APG"},{"@type":"BreadcrumbList","@id":"https:\/\/www.eldiario.net\/portal\/2022\/11\/01\/comite-interinstitucional-se-abre-al-dialogo-con-el-gobierno\/#breadcrumb","itemListElement":[{"@type":"ListItem","position":1,"name":"Portada","item":"https:\/\/www.eldiario.net\/portal\/"},{"@type":"ListItem","position":2,"name":"Comit\u00e9 Interinstitucional se abre al di\u00e1logo con el Gobierno"}]},{"@type":"WebSite","@id":"https:\/\/www.eldiario.net\/portal\/#website","url":"https:\/\/www.eldiario.net\/portal\/","name":"El Diario - Decano de la prensa nacional","description":"El Diario - Decano de la prensa nacional","publisher":{"@id":"https:\/\/www.eldiario.net\/portal\/#organization"},"potentialAction":[{"@type":"SearchAction","target":{"@type":"EntryPoint","urlTemplate":"https:\/\/www.eldiario.net\/portal\/?s={search_term_string}"},"query-input":{"@type":"PropertyValueSpecification","valueRequired":true,"valueName":"search_term_string"}}],"inLanguage":"es"},{"@type":"Organization","@id":"https:\/\/www.eldiario.net\/portal\/#organization","name":"El Diario - Decano de la prensa nacional","url":"https:\/\/www.eldiario.net\/portal\/","logo":{"@type":"ImageObject","inLanguage":"es","@id":"https:\/\/www.eldiario.net\/portal\/#\/schema\/logo\/image\/","url":"https:\/\/www.eldiario.net\/portal\/wp-content\/uploads\/2023\/07\/logo_ED.jpg","contentUrl":"https:\/\/www.eldiario.net\/portal\/wp-content\/uploads\/2023\/07\/logo_ED.jpg","width":272,"height":52,"caption":"El Diario - Decano de la prensa nacional"},"image":{"@id":"https:\/\/www.eldiario.net\/portal\/#\/schema\/logo\/image\/"},"sameAs":["https:\/\/www.facebook.com\/eldiario.bolivia\/","https:\/\/x.com\/eldiario_net"]},{"@type":"Person","@id":"https:\/\/www.eldiario.net\/portal\/#\/schema\/person\/f46445640444750d7d753ccd04ae01b7","name":"Jeanette","image":{"@type":"ImageObject","inLanguage":"es","@id":"https:\/\/secure.gravatar.com\/avatar\/3ea2118a5f7dad2b7138b1187a6b7ee55f160b9968b66013c3a3ef39dd7e5798?s=96&d=mm&r=g","url":"https:\/\/secure.gravatar.com\/avatar\/3ea2118a5f7dad2b7138b1187a6b7ee55f160b9968b66013c3a3ef39dd7e5798?s=96&d=mm&r=g","contentUrl":"https:\/\/secure.gravatar.com\/avatar\/3ea2118a5f7dad2b7138b1187a6b7ee55f160b9968b66013c3a3ef39dd7e5798?s=96&d=mm&r=g","caption":"Jeanette"},"sameAs":["https:\/\/www.eldiario.net\/portal"],"url":"https:\/\/www.eldiario.net\/portal\/author\/jeanette\/"}]}},"_links":{"self":[{"href":"https:\/\/www.eldiario.net\/portal\/wp-json\/wp\/v2\/posts\/119699","targetHints":{"allow":["GET"]}}],"collection":[{"href":"https:\/\/www.eldiario.net\/portal\/wp-json\/wp\/v2\/posts"}],"about":[{"href":"https:\/\/www.eldiario.net\/portal\/wp-json\/wp\/v2\/types\/post"}],"author":[{"embeddable":true,"href":"https:\/\/www.eldiario.net\/portal\/wp-json\/wp\/v2\/users\/1"}],"replies":[{"embeddable":true,"href":"https:\/\/www.eldiario.net\/portal\/wp-json\/wp\/v2\/comments?post=119699"}],"version-history":[{"count":0,"href":"https:\/\/www.eldiario.net\/portal\/wp-json\/wp\/v2\/posts\/119699\/revisions"}],"wp:featuredmedia":[{"embeddable":true,"href":"https:\/\/www.eldiario.net\/portal\/wp-json\/wp\/v2\/media\/119700"}],"wp:attachment":[{"href":"https:\/\/www.eldiario.net\/portal\/wp-json\/wp\/v2\/media?parent=119699"}],"wp:term":[{"taxonomy":"category","embeddable":true,"href":"https:\/\/www.eldiario.net\/portal\/wp-json\/wp\/v2\/categories?post=119699"},{"taxonomy":"post_tag","embeddable":true,"href":"https:\/\/www.eldiario.net\/portal\/wp-json\/wp\/v2\/tags?post=119699"}],"curies":[{"name":"wp","href":"https:\/\/api.w.org\/{rel}","templated":true}]}}