{"id":119696,"date":"2022-11-01T06:26:46","date_gmt":"2022-11-01T10:26:46","guid":{"rendered":"https:\/\/www.eldiario.net\/portal\/?p=119696"},"modified":"2022-11-01T06:26:46","modified_gmt":"2022-11-01T10:26:46","slug":"denuncian-ante-organismos-internacionales-actitud-del-gobierno-contra-santa-cruz","status":"publish","type":"post","link":"https:\/\/www.eldiario.net\/portal\/2022\/11\/01\/denuncian-ante-organismos-internacionales-actitud-del-gobierno-contra-santa-cruz\/","title":{"rendered":"Denuncian ante organismos internacionales  actitud del Gobierno contra Santa Cruz"},"content":{"rendered":"<p>Las alianzas Creemos y Comunidad Ciudadana (CC) anunciaron ayer que elevar\u00e1n una queja ante diferentes organismos internacionales por la \u201ccriminal actitud\u201d del Gobierno nacional contra el departamento de Santa Cruz que lleva en su d\u00e9cimo d\u00eda de paro indefinido en demanda de censo para el 2023 y cercados por organizaciones contrarias a esta medida.<\/p>\n<p>La diputada de CC, Lissa Claros, anunci\u00f3 que en las pr\u00f3ximas horas elevar\u00e1n una denuncia ante cuatro organismos internacionales porque el Gobierno estar\u00eda manejando grupos que choque para generar violencia en el paro de los cruce\u00f1os y en otras regiones donde se materializan movilizaciones en pro del censo para el siguiente a\u00f1o.<\/p>\n<p>\u201cVamos elevar una denuncia a la Uni\u00f3n Europea (EU), a la Organizaci\u00f3n de Estado Americanos (OEA), ante el representante permanente de la Organizaci\u00f3n de las Naciones Unidas (ONU) y a la Comisi\u00f3n Interamericana de Derechos Humanos (CIDH) por los delitos que est\u00e1n pasando en Santa Cruz\u201d, anunci\u00f3.<\/p>\n<p>La misma denuncia fue remitida a la CIDH, la ONU, el Alto Comisionado de las Naciones Unidas para los Derechos Humanos (ACNUDH), OEA, Iniciativa Democr\u00e1tica de Espa\u00f1a y las Am\u00e9ricas (IDEA-Democr\u00e1tica), Human Rights Watch y ante el Parlamento Europeo.<\/p>\n<p>M\u00c1S INFORMACI\u00d3N: POL\u00cdTICA<\/p>\n","protected":false},"excerpt":{"rendered":"<p>Las alianzas Creemos y Comunidad Ciudadana (CC) anunciaron ayer que elevar\u00e1n una queja ante diferentes organismos internacionales por la \u201ccriminal actitud\u201d del Gobierno nacional contra el departamento de Santa Cruz que lleva en su d\u00e9cimo d\u00eda de paro indefinido en demanda de censo para el 2023 y cercados por organizaciones contrarias a esta medida. La [&hellip;]<\/p>\n","protected":false},"author":1,"featured_media":119697,"comment_status":"closed","ping_status":"closed","sticky":false,"template":"","format":"standard","meta":{"_acf_changed":false,"footnotes":""},"categories":[15],"tags":[],"class_list":["post-119696","post","type-post","status-publish","format-standard","has-post-thumbnail","category-portada"],"acf":{"antetitulo":""},"yoast_head":"<!-- This site is optimized with the Yoast SEO plugin v28.3 - https:\/\/yoast.com\/product\/yoast-seo-wordpress\/ -->\n<title>Denuncian ante organismos internacionales actitud del Gobierno contra Santa Cruz - El Diario - Bolivia<\/title>\n<meta name=\"robots\" content=\"index, follow, max-snippet:-1, max-image-preview:large, max-video-preview:-1\" \/>\n<link rel=\"canonical\" href=\"https:\/\/www.eldiario.net\/portal\/2022\/11\/01\/denuncian-ante-organismos-internacionales-actitud-del-gobierno-contra-santa-cruz\/\" \/>\n<meta property=\"og:locale\" content=\"es_ES\" \/>\n<meta property=\"og:type\" content=\"article\" \/>\n<meta property=\"og:title\" content=\"Denuncian ante organismos internacionales actitud del Gobierno contra Santa Cruz - El Diario - Bolivia\" \/>\n<meta property=\"og:description\" content=\"Las alianzas Creemos y Comunidad Ciudadana (CC) anunciaron ayer que elevar\u00e1n una queja ante diferentes organismos internacionales por la \u201ccriminal actitud\u201d del Gobierno nacional contra el departamento de Santa Cruz que lleva en su d\u00e9cimo d\u00eda de paro indefinido en demanda de censo para el 2023 y cercados por organizaciones contrarias a esta medida. La [&hellip;]\" \/>\n<meta property=\"og:url\" content=\"https:\/\/www.eldiario.net\/portal\/2022\/11\/01\/denuncian-ante-organismos-internacionales-actitud-del-gobierno-contra-santa-cruz\/\" \/>\n<meta property=\"og:site_name\" content=\"El Diario - Bolivia\" \/>\n<meta property=\"article:publisher\" content=\"https:\/\/www.facebook.com\/eldiario.bolivia\/\" \/>\n<meta property=\"article:published_time\" content=\"2022-11-01T10:26:46+00:00\" \/>\n<meta name=\"author\" content=\"Jeanette\" \/>\n<meta name=\"twitter:card\" content=\"summary_large_image\" \/>\n<meta name=\"twitter:creator\" content=\"@eldiario_net\" \/>\n<meta name=\"twitter:site\" content=\"@eldiario_net\" \/>\n<meta name=\"twitter:label1\" content=\"Escrito por\" \/>\n\t<meta name=\"twitter:data1\" content=\"Jeanette\" \/>\n\t<meta name=\"twitter:label2\" content=\"Tiempo de lectura\" \/>\n\t<meta name=\"twitter:data2\" content=\"1 minuto\" \/>\n<script type=\"application\/ld+json\" class=\"yoast-schema-graph\">{\"@context\":\"https:\\\/\\\/schema.org\",\"@graph\":[{\"@type\":\"Article\",\"@id\":\"https:\\\/\\\/www.eldiario.net\\\/portal\\\/2022\\\/11\\\/01\\\/denuncian-ante-organismos-internacionales-actitud-del-gobierno-contra-santa-cruz\\\/#article\",\"isPartOf\":{\"@id\":\"https:\\\/\\\/www.eldiario.net\\\/portal\\\/2022\\\/11\\\/01\\\/denuncian-ante-organismos-internacionales-actitud-del-gobierno-contra-santa-cruz\\\/\"},\"author\":{\"name\":\"Jeanette\",\"@id\":\"https:\\\/\\\/www.eldiario.net\\\/portal\\\/#\\\/schema\\\/person\\\/f46445640444750d7d753ccd04ae01b7\"},\"headline\":\"Denuncian ante organismos internacionales actitud del Gobierno contra Santa Cruz\",\"datePublished\":\"2022-11-01T10:26:46+00:00\",\"mainEntityOfPage\":{\"@id\":\"https:\\\/\\\/www.eldiario.net\\\/portal\\\/2022\\\/11\\\/01\\\/denuncian-ante-organismos-internacionales-actitud-del-gobierno-contra-santa-cruz\\\/\"},\"wordCount\":224,\"publisher\":{\"@id\":\"https:\\\/\\\/www.eldiario.net\\\/portal\\\/#organization\"},\"image\":{\"@id\":\"https:\\\/\\\/www.eldiario.net\\\/portal\\\/2022\\\/11\\\/01\\\/denuncian-ante-organismos-internacionales-actitud-del-gobierno-contra-santa-cruz\\\/#primaryimage\"},\"thumbnailUrl\":\"\",\"articleSection\":[\"Portada\"],\"inLanguage\":\"es\"},{\"@type\":\"WebPage\",\"@id\":\"https:\\\/\\\/www.eldiario.net\\\/portal\\\/2022\\\/11\\\/01\\\/denuncian-ante-organismos-internacionales-actitud-del-gobierno-contra-santa-cruz\\\/\",\"url\":\"https:\\\/\\\/www.eldiario.net\\\/portal\\\/2022\\\/11\\\/01\\\/denuncian-ante-organismos-internacionales-actitud-del-gobierno-contra-santa-cruz\\\/\",\"name\":\"Denuncian ante organismos internacionales actitud del Gobierno contra Santa Cruz - El Diario - Bolivia\",\"isPartOf\":{\"@id\":\"https:\\\/\\\/www.eldiario.net\\\/portal\\\/#website\"},\"primaryImageOfPage\":{\"@id\":\"https:\\\/\\\/www.eldiario.net\\\/portal\\\/2022\\\/11\\\/01\\\/denuncian-ante-organismos-internacionales-actitud-del-gobierno-contra-santa-cruz\\\/#primaryimage\"},\"image\":{\"@id\":\"https:\\\/\\\/www.eldiario.net\\\/portal\\\/2022\\\/11\\\/01\\\/denuncian-ante-organismos-internacionales-actitud-del-gobierno-contra-santa-cruz\\\/#primaryimage\"},\"thumbnailUrl\":\"\",\"datePublished\":\"2022-11-01T10:26:46+00:00\",\"breadcrumb\":{\"@id\":\"https:\\\/\\\/www.eldiario.net\\\/portal\\\/2022\\\/11\\\/01\\\/denuncian-ante-organismos-internacionales-actitud-del-gobierno-contra-santa-cruz\\\/#breadcrumb\"},\"inLanguage\":\"es\",\"potentialAction\":[{\"@type\":\"ReadAction\",\"target\":[\"https:\\\/\\\/www.eldiario.net\\\/portal\\\/2022\\\/11\\\/01\\\/denuncian-ante-organismos-internacionales-actitud-del-gobierno-contra-santa-cruz\\\/\"]}]},{\"@type\":\"ImageObject\",\"inLanguage\":\"es\",\"@id\":\"https:\\\/\\\/www.eldiario.net\\\/portal\\\/2022\\\/11\\\/01\\\/denuncian-ante-organismos-internacionales-actitud-del-gobierno-contra-santa-cruz\\\/#primaryimage\",\"url\":\"\",\"contentUrl\":\"\"},{\"@type\":\"BreadcrumbList\",\"@id\":\"https:\\\/\\\/www.eldiario.net\\\/portal\\\/2022\\\/11\\\/01\\\/denuncian-ante-organismos-internacionales-actitud-del-gobierno-contra-santa-cruz\\\/#breadcrumb\",\"itemListElement\":[{\"@type\":\"ListItem\",\"position\":1,\"name\":\"Portada\",\"item\":\"https:\\\/\\\/www.eldiario.net\\\/portal\\\/\"},{\"@type\":\"ListItem\",\"position\":2,\"name\":\"Denuncian ante organismos internacionales actitud del Gobierno contra Santa Cruz\"}]},{\"@type\":\"WebSite\",\"@id\":\"https:\\\/\\\/www.eldiario.net\\\/portal\\\/#website\",\"url\":\"https:\\\/\\\/www.eldiario.net\\\/portal\\\/\",\"name\":\"El Diario - Decano de la prensa nacional\",\"description\":\"El Diario - Decano de la prensa nacional\",\"publisher\":{\"@id\":\"https:\\\/\\\/www.eldiario.net\\\/portal\\\/#organization\"},\"potentialAction\":[{\"@type\":\"SearchAction\",\"target\":{\"@type\":\"EntryPoint\",\"urlTemplate\":\"https:\\\/\\\/www.eldiario.net\\\/portal\\\/?s={search_term_string}\"},\"query-input\":{\"@type\":\"PropertyValueSpecification\",\"valueRequired\":true,\"valueName\":\"search_term_string\"}}],\"inLanguage\":\"es\"},{\"@type\":\"Organization\",\"@id\":\"https:\\\/\\\/www.eldiario.net\\\/portal\\\/#organization\",\"name\":\"El Diario - Decano de la prensa nacional\",\"url\":\"https:\\\/\\\/www.eldiario.net\\\/portal\\\/\",\"logo\":{\"@type\":\"ImageObject\",\"inLanguage\":\"es\",\"@id\":\"https:\\\/\\\/www.eldiario.net\\\/portal\\\/#\\\/schema\\\/logo\\\/image\\\/\",\"url\":\"https:\\\/\\\/www.eldiario.net\\\/portal\\\/wp-content\\\/uploads\\\/2023\\\/07\\\/logo_ED.jpg\",\"contentUrl\":\"https:\\\/\\\/www.eldiario.net\\\/portal\\\/wp-content\\\/uploads\\\/2023\\\/07\\\/logo_ED.jpg\",\"width\":272,\"height\":52,\"caption\":\"El Diario - Decano de la prensa nacional\"},\"image\":{\"@id\":\"https:\\\/\\\/www.eldiario.net\\\/portal\\\/#\\\/schema\\\/logo\\\/image\\\/\"},\"sameAs\":[\"https:\\\/\\\/www.facebook.com\\\/eldiario.bolivia\\\/\",\"https:\\\/\\\/x.com\\\/eldiario_net\"]},{\"@type\":\"Person\",\"@id\":\"https:\\\/\\\/www.eldiario.net\\\/portal\\\/#\\\/schema\\\/person\\\/f46445640444750d7d753ccd04ae01b7\",\"name\":\"Jeanette\",\"image\":{\"@type\":\"ImageObject\",\"inLanguage\":\"es\",\"@id\":\"https:\\\/\\\/secure.gravatar.com\\\/avatar\\\/3ea2118a5f7dad2b7138b1187a6b7ee55f160b9968b66013c3a3ef39dd7e5798?s=96&d=mm&r=g\",\"url\":\"https:\\\/\\\/secure.gravatar.com\\\/avatar\\\/3ea2118a5f7dad2b7138b1187a6b7ee55f160b9968b66013c3a3ef39dd7e5798?s=96&d=mm&r=g\",\"contentUrl\":\"https:\\\/\\\/secure.gravatar.com\\\/avatar\\\/3ea2118a5f7dad2b7138b1187a6b7ee55f160b9968b66013c3a3ef39dd7e5798?s=96&d=mm&r=g\",\"caption\":\"Jeanette\"},\"sameAs\":[\"https:\\\/\\\/www.eldiario.net\\\/portal\"],\"url\":\"https:\\\/\\\/www.eldiario.net\\\/portal\\\/author\\\/jeanette\\\/\"}]}<\/script>\n<!-- \/ Yoast SEO plugin. -->","yoast_head_json":{"title":"Denuncian ante organismos internacionales actitud del Gobierno contra Santa Cruz - El Diario - Bolivia","robots":{"index":"index","follow":"follow","max-snippet":"max-snippet:-1","max-image-preview":"max-image-preview:large","max-video-preview":"max-video-preview:-1"},"canonical":"https:\/\/www.eldiario.net\/portal\/2022\/11\/01\/denuncian-ante-organismos-internacionales-actitud-del-gobierno-contra-santa-cruz\/","og_locale":"es_ES","og_type":"article","og_title":"Denuncian ante organismos internacionales actitud del Gobierno contra Santa Cruz - El Diario - Bolivia","og_description":"Las alianzas Creemos y Comunidad Ciudadana (CC) anunciaron ayer que elevar\u00e1n una queja ante diferentes organismos internacionales por la \u201ccriminal actitud\u201d del Gobierno nacional contra el departamento de Santa Cruz que lleva en su d\u00e9cimo d\u00eda de paro indefinido en demanda de censo para el 2023 y cercados por organizaciones contrarias a esta medida. La [&hellip;]","og_url":"https:\/\/www.eldiario.net\/portal\/2022\/11\/01\/denuncian-ante-organismos-internacionales-actitud-del-gobierno-contra-santa-cruz\/","og_site_name":"El Diario - Bolivia","article_publisher":"https:\/\/www.facebook.com\/eldiario.bolivia\/","article_published_time":"2022-11-01T10:26:46+00:00","author":"Jeanette","twitter_card":"summary_large_image","twitter_creator":"@eldiario_net","twitter_site":"@eldiario_net","twitter_misc":{"Escrito por":"Jeanette","Tiempo de lectura":"1 minuto"},"schema":{"@context":"https:\/\/schema.org","@graph":[{"@type":"Article","@id":"https:\/\/www.eldiario.net\/portal\/2022\/11\/01\/denuncian-ante-organismos-internacionales-actitud-del-gobierno-contra-santa-cruz\/#article","isPartOf":{"@id":"https:\/\/www.eldiario.net\/portal\/2022\/11\/01\/denuncian-ante-organismos-internacionales-actitud-del-gobierno-contra-santa-cruz\/"},"author":{"name":"Jeanette","@id":"https:\/\/www.eldiario.net\/portal\/#\/schema\/person\/f46445640444750d7d753ccd04ae01b7"},"headline":"Denuncian ante organismos internacionales actitud del Gobierno contra Santa Cruz","datePublished":"2022-11-01T10:26:46+00:00","mainEntityOfPage":{"@id":"https:\/\/www.eldiario.net\/portal\/2022\/11\/01\/denuncian-ante-organismos-internacionales-actitud-del-gobierno-contra-santa-cruz\/"},"wordCount":224,"publisher":{"@id":"https:\/\/www.eldiario.net\/portal\/#organization"},"image":{"@id":"https:\/\/www.eldiario.net\/portal\/2022\/11\/01\/denuncian-ante-organismos-internacionales-actitud-del-gobierno-contra-santa-cruz\/#primaryimage"},"thumbnailUrl":"","articleSection":["Portada"],"inLanguage":"es"},{"@type":"WebPage","@id":"https:\/\/www.eldiario.net\/portal\/2022\/11\/01\/denuncian-ante-organismos-internacionales-actitud-del-gobierno-contra-santa-cruz\/","url":"https:\/\/www.eldiario.net\/portal\/2022\/11\/01\/denuncian-ante-organismos-internacionales-actitud-del-gobierno-contra-santa-cruz\/","name":"Denuncian ante organismos internacionales actitud del Gobierno contra Santa Cruz - El Diario - Bolivia","isPartOf":{"@id":"https:\/\/www.eldiario.net\/portal\/#website"},"primaryImageOfPage":{"@id":"https:\/\/www.eldiario.net\/portal\/2022\/11\/01\/denuncian-ante-organismos-internacionales-actitud-del-gobierno-contra-santa-cruz\/#primaryimage"},"image":{"@id":"https:\/\/www.eldiario.net\/portal\/2022\/11\/01\/denuncian-ante-organismos-internacionales-actitud-del-gobierno-contra-santa-cruz\/#primaryimage"},"thumbnailUrl":"","datePublished":"2022-11-01T10:26:46+00:00","breadcrumb":{"@id":"https:\/\/www.eldiario.net\/portal\/2022\/11\/01\/denuncian-ante-organismos-internacionales-actitud-del-gobierno-contra-santa-cruz\/#breadcrumb"},"inLanguage":"es","potentialAction":[{"@type":"ReadAction","target":["https:\/\/www.eldiario.net\/portal\/2022\/11\/01\/denuncian-ante-organismos-internacionales-actitud-del-gobierno-contra-santa-cruz\/"]}]},{"@type":"ImageObject","inLanguage":"es","@id":"https:\/\/www.eldiario.net\/portal\/2022\/11\/01\/denuncian-ante-organismos-internacionales-actitud-del-gobierno-contra-santa-cruz\/#primaryimage","url":"","contentUrl":""},{"@type":"BreadcrumbList","@id":"https:\/\/www.eldiario.net\/portal\/2022\/11\/01\/denuncian-ante-organismos-internacionales-actitud-del-gobierno-contra-santa-cruz\/#breadcrumb","itemListElement":[{"@type":"ListItem","position":1,"name":"Portada","item":"https:\/\/www.eldiario.net\/portal\/"},{"@type":"ListItem","position":2,"name":"Denuncian ante organismos internacionales actitud del Gobierno contra Santa Cruz"}]},{"@type":"WebSite","@id":"https:\/\/www.eldiario.net\/portal\/#website","url":"https:\/\/www.eldiario.net\/portal\/","name":"El Diario - Decano de la prensa nacional","description":"El Diario - Decano de la prensa nacional","publisher":{"@id":"https:\/\/www.eldiario.net\/portal\/#organization"},"potentialAction":[{"@type":"SearchAction","target":{"@type":"EntryPoint","urlTemplate":"https:\/\/www.eldiario.net\/portal\/?s={search_term_string}"},"query-input":{"@type":"PropertyValueSpecification","valueRequired":true,"valueName":"search_term_string"}}],"inLanguage":"es"},{"@type":"Organization","@id":"https:\/\/www.eldiario.net\/portal\/#organization","name":"El Diario - Decano de la prensa nacional","url":"https:\/\/www.eldiario.net\/portal\/","logo":{"@type":"ImageObject","inLanguage":"es","@id":"https:\/\/www.eldiario.net\/portal\/#\/schema\/logo\/image\/","url":"https:\/\/www.eldiario.net\/portal\/wp-content\/uploads\/2023\/07\/logo_ED.jpg","contentUrl":"https:\/\/www.eldiario.net\/portal\/wp-content\/uploads\/2023\/07\/logo_ED.jpg","width":272,"height":52,"caption":"El Diario - Decano de la prensa nacional"},"image":{"@id":"https:\/\/www.eldiario.net\/portal\/#\/schema\/logo\/image\/"},"sameAs":["https:\/\/www.facebook.com\/eldiario.bolivia\/","https:\/\/x.com\/eldiario_net"]},{"@type":"Person","@id":"https:\/\/www.eldiario.net\/portal\/#\/schema\/person\/f46445640444750d7d753ccd04ae01b7","name":"Jeanette","image":{"@type":"ImageObject","inLanguage":"es","@id":"https:\/\/secure.gravatar.com\/avatar\/3ea2118a5f7dad2b7138b1187a6b7ee55f160b9968b66013c3a3ef39dd7e5798?s=96&d=mm&r=g","url":"https:\/\/secure.gravatar.com\/avatar\/3ea2118a5f7dad2b7138b1187a6b7ee55f160b9968b66013c3a3ef39dd7e5798?s=96&d=mm&r=g","contentUrl":"https:\/\/secure.gravatar.com\/avatar\/3ea2118a5f7dad2b7138b1187a6b7ee55f160b9968b66013c3a3ef39dd7e5798?s=96&d=mm&r=g","caption":"Jeanette"},"sameAs":["https:\/\/www.eldiario.net\/portal"],"url":"https:\/\/www.eldiario.net\/portal\/author\/jeanette\/"}]}},"_links":{"self":[{"href":"https:\/\/www.eldiario.net\/portal\/wp-json\/wp\/v2\/posts\/119696","targetHints":{"allow":["GET"]}}],"collection":[{"href":"https:\/\/www.eldiario.net\/portal\/wp-json\/wp\/v2\/posts"}],"about":[{"href":"https:\/\/www.eldiario.net\/portal\/wp-json\/wp\/v2\/types\/post"}],"author":[{"embeddable":true,"href":"https:\/\/www.eldiario.net\/portal\/wp-json\/wp\/v2\/users\/1"}],"replies":[{"embeddable":true,"href":"https:\/\/www.eldiario.net\/portal\/wp-json\/wp\/v2\/comments?post=119696"}],"version-history":[{"count":0,"href":"https:\/\/www.eldiario.net\/portal\/wp-json\/wp\/v2\/posts\/119696\/revisions"}],"wp:attachment":[{"href":"https:\/\/www.eldiario.net\/portal\/wp-json\/wp\/v2\/media?parent=119696"}],"wp:term":[{"taxonomy":"category","embeddable":true,"href":"https:\/\/www.eldiario.net\/portal\/wp-json\/wp\/v2\/categories?post=119696"},{"taxonomy":"post_tag","embeddable":true,"href":"https:\/\/www.eldiario.net\/portal\/wp-json\/wp\/v2\/tags?post=119696"}],"curies":[{"name":"wp","href":"https:\/\/api.w.org\/{rel}","templated":true}]}}