{"id":119692,"date":"2022-11-01T06:25:52","date_gmt":"2022-11-01T10:25:52","guid":{"rendered":"https:\/\/www.eldiario.net\/portal\/?p=119692"},"modified":"2022-11-01T06:25:52","modified_gmt":"2022-11-01T10:25:52","slug":"piden-anular-acuerdos-con-mineros-auriferos-para-proteger-la-biodiversidad","status":"publish","type":"post","link":"https:\/\/www.eldiario.net\/portal\/2022\/11\/01\/piden-anular-acuerdos-con-mineros-auriferos-para-proteger-la-biodiversidad\/","title":{"rendered":"Piden anular acuerdos con mineros  aur\u00edferos para proteger la biodiversidad"},"content":{"rendered":"<p>Ante la apertura a la explotaci\u00f3n de oro en las \u00e1reas protegidas, como el Madidi, Apolobamba y Cotapata, la sociedad civil y los originarios del lugar piden anular los acuerdos con los cooperativistas aur\u00edferos para cuidar la biodiversidad de estos parques.<\/p>\n<p>Califican el acuerdo de irresponsable, \u201cabusivo e inconstitucional de modificaci\u00f3n de Planes de Manejo y re zonificaci\u00f3n de las \u00c1reas Protegidas Nacionales para el capricho minero, lo que significa un potencial desastre para la conservaci\u00f3n de la biodiversidad y el equilibrio ecosist\u00e9mico, adem\u00e1s de impulsar el genocidio de los pueblos ind\u00edgenas ya afectados por la miner\u00eda y un gran atentado a la salud p\u00fablica de las y los bolivianos.<\/p>\n<p>Tambi\u00e9n indican que el Gobierno incumple el Convenio de Minamata y el compromiso por reducir uso de mercurio en todo tipo de actividades, incluida la miner\u00eda, a pesar de haber recibido fondos por m\u00e1s de 5 millones de d\u00f3lares de la cooperaci\u00f3n internacional para elaborar un plan e implementarlo.<\/p>\n<p>Recuerdan que el acta del 13 de septiembre de 2021 entre el director ejecutivo del SERNAP, Teodoro Mamani, y la ex directora de la AJAM, Brenda La Fuente, acordaron \u201cproseguir\u201d los tr\u00e1mites y \u201crecurrir a todos los medios necesarios\u201d para que los cooperativistas con \u201cderechos preconstituidos\u201d legalicen la extracci\u00f3n de oro en las \u00e1reas protegidas Madidi, Cotapata y Apolobamba. Viabilizando 93 tr\u00e1mites de operaciones mineras en las tres \u00e1reas protegidas.<\/p>\n<p>Ante el atentado a la biodiversidad, la sociedad civil organizada, plataformas, colectivos, investigadores, cient\u00edficos comprometidos con la defensa de todas las formas de vida, los derechos constitucionales de la Madre Tierra y de los Pueblos Ind\u00edgenas, rechazan los acuerdos.<\/p>\n<p>\u201cRechazamos enf\u00e1ticamente las pol\u00edticas de incentivo al sector de la miner\u00eda aur\u00edfera, por atentar contra los derechos de los pueblos ind\u00edgenas y de la Madre Tierra; denuncian que las cooperativas mineras aur\u00edferas est\u00e1n vulnerando los siguientes derechos de los bolivianos y pueblos de la Amazon\u00eda: a la Salud; a vivir en un medio ambiente sano; al agua; a la consulta previa, libre e informada; al territorio; y a la libre determinaci\u00f3n.<\/p>\n","protected":false},"excerpt":{"rendered":"<p>Ante la apertura a la explotaci\u00f3n de oro en las \u00e1reas protegidas, como el Madidi, Apolobamba y Cotapata, la sociedad civil y los originarios del lugar piden anular los acuerdos con los cooperativistas aur\u00edferos para cuidar la biodiversidad de estos parques. Califican el acuerdo de irresponsable, \u201cabusivo e inconstitucional de modificaci\u00f3n de Planes de Manejo [&hellip;]<\/p>\n","protected":false},"author":1,"featured_media":119693,"comment_status":"closed","ping_status":"closed","sticky":false,"template":"","format":"standard","meta":{"_acf_changed":false,"footnotes":""},"categories":[15],"tags":[],"class_list":["post-119692","post","type-post","status-publish","format-standard","has-post-thumbnail","category-portada"],"acf":{"antetitulo":""},"yoast_head":"<!-- This site is optimized with the Yoast SEO plugin v28.3 - https:\/\/yoast.com\/product\/yoast-seo-wordpress\/ -->\n<title>Piden anular acuerdos con mineros aur\u00edferos para proteger la biodiversidad - El Diario - Bolivia<\/title>\n<meta name=\"robots\" content=\"index, follow, max-snippet:-1, max-image-preview:large, max-video-preview:-1\" \/>\n<link rel=\"canonical\" href=\"https:\/\/www.eldiario.net\/portal\/2022\/11\/01\/piden-anular-acuerdos-con-mineros-auriferos-para-proteger-la-biodiversidad\/\" \/>\n<meta property=\"og:locale\" content=\"es_ES\" \/>\n<meta property=\"og:type\" content=\"article\" \/>\n<meta property=\"og:title\" content=\"Piden anular acuerdos con mineros aur\u00edferos para proteger la biodiversidad - El Diario - Bolivia\" \/>\n<meta property=\"og:description\" content=\"Ante la apertura a la explotaci\u00f3n de oro en las \u00e1reas protegidas, como el Madidi, Apolobamba y Cotapata, la sociedad civil y los originarios del lugar piden anular los acuerdos con los cooperativistas aur\u00edferos para cuidar la biodiversidad de estos parques. Califican el acuerdo de irresponsable, \u201cabusivo e inconstitucional de modificaci\u00f3n de Planes de Manejo [&hellip;]\" \/>\n<meta property=\"og:url\" content=\"https:\/\/www.eldiario.net\/portal\/2022\/11\/01\/piden-anular-acuerdos-con-mineros-auriferos-para-proteger-la-biodiversidad\/\" \/>\n<meta property=\"og:site_name\" content=\"El Diario - Bolivia\" \/>\n<meta property=\"article:publisher\" content=\"https:\/\/www.facebook.com\/eldiario.bolivia\/\" \/>\n<meta property=\"article:published_time\" content=\"2022-11-01T10:25:52+00:00\" \/>\n<meta name=\"author\" content=\"Jeanette\" \/>\n<meta name=\"twitter:card\" content=\"summary_large_image\" \/>\n<meta name=\"twitter:creator\" content=\"@eldiario_net\" \/>\n<meta name=\"twitter:site\" content=\"@eldiario_net\" \/>\n<meta name=\"twitter:label1\" content=\"Escrito por\" \/>\n\t<meta name=\"twitter:data1\" content=\"Jeanette\" \/>\n\t<meta name=\"twitter:label2\" content=\"Tiempo de lectura\" \/>\n\t<meta name=\"twitter:data2\" content=\"2 minutos\" \/>\n<script type=\"application\/ld+json\" class=\"yoast-schema-graph\">{\"@context\":\"https:\\\/\\\/schema.org\",\"@graph\":[{\"@type\":\"Article\",\"@id\":\"https:\\\/\\\/www.eldiario.net\\\/portal\\\/2022\\\/11\\\/01\\\/piden-anular-acuerdos-con-mineros-auriferos-para-proteger-la-biodiversidad\\\/#article\",\"isPartOf\":{\"@id\":\"https:\\\/\\\/www.eldiario.net\\\/portal\\\/2022\\\/11\\\/01\\\/piden-anular-acuerdos-con-mineros-auriferos-para-proteger-la-biodiversidad\\\/\"},\"author\":{\"name\":\"Jeanette\",\"@id\":\"https:\\\/\\\/www.eldiario.net\\\/portal\\\/#\\\/schema\\\/person\\\/f46445640444750d7d753ccd04ae01b7\"},\"headline\":\"Piden anular acuerdos con mineros aur\u00edferos para proteger la biodiversidad\",\"datePublished\":\"2022-11-01T10:25:52+00:00\",\"mainEntityOfPage\":{\"@id\":\"https:\\\/\\\/www.eldiario.net\\\/portal\\\/2022\\\/11\\\/01\\\/piden-anular-acuerdos-con-mineros-auriferos-para-proteger-la-biodiversidad\\\/\"},\"wordCount\":375,\"publisher\":{\"@id\":\"https:\\\/\\\/www.eldiario.net\\\/portal\\\/#organization\"},\"image\":{\"@id\":\"https:\\\/\\\/www.eldiario.net\\\/portal\\\/2022\\\/11\\\/01\\\/piden-anular-acuerdos-con-mineros-auriferos-para-proteger-la-biodiversidad\\\/#primaryimage\"},\"thumbnailUrl\":\"\",\"articleSection\":[\"Portada\"],\"inLanguage\":\"es\"},{\"@type\":\"WebPage\",\"@id\":\"https:\\\/\\\/www.eldiario.net\\\/portal\\\/2022\\\/11\\\/01\\\/piden-anular-acuerdos-con-mineros-auriferos-para-proteger-la-biodiversidad\\\/\",\"url\":\"https:\\\/\\\/www.eldiario.net\\\/portal\\\/2022\\\/11\\\/01\\\/piden-anular-acuerdos-con-mineros-auriferos-para-proteger-la-biodiversidad\\\/\",\"name\":\"Piden anular acuerdos con mineros aur\u00edferos para proteger la biodiversidad - El Diario - Bolivia\",\"isPartOf\":{\"@id\":\"https:\\\/\\\/www.eldiario.net\\\/portal\\\/#website\"},\"primaryImageOfPage\":{\"@id\":\"https:\\\/\\\/www.eldiario.net\\\/portal\\\/2022\\\/11\\\/01\\\/piden-anular-acuerdos-con-mineros-auriferos-para-proteger-la-biodiversidad\\\/#primaryimage\"},\"image\":{\"@id\":\"https:\\\/\\\/www.eldiario.net\\\/portal\\\/2022\\\/11\\\/01\\\/piden-anular-acuerdos-con-mineros-auriferos-para-proteger-la-biodiversidad\\\/#primaryimage\"},\"thumbnailUrl\":\"\",\"datePublished\":\"2022-11-01T10:25:52+00:00\",\"breadcrumb\":{\"@id\":\"https:\\\/\\\/www.eldiario.net\\\/portal\\\/2022\\\/11\\\/01\\\/piden-anular-acuerdos-con-mineros-auriferos-para-proteger-la-biodiversidad\\\/#breadcrumb\"},\"inLanguage\":\"es\",\"potentialAction\":[{\"@type\":\"ReadAction\",\"target\":[\"https:\\\/\\\/www.eldiario.net\\\/portal\\\/2022\\\/11\\\/01\\\/piden-anular-acuerdos-con-mineros-auriferos-para-proteger-la-biodiversidad\\\/\"]}]},{\"@type\":\"ImageObject\",\"inLanguage\":\"es\",\"@id\":\"https:\\\/\\\/www.eldiario.net\\\/portal\\\/2022\\\/11\\\/01\\\/piden-anular-acuerdos-con-mineros-auriferos-para-proteger-la-biodiversidad\\\/#primaryimage\",\"url\":\"\",\"contentUrl\":\"\"},{\"@type\":\"BreadcrumbList\",\"@id\":\"https:\\\/\\\/www.eldiario.net\\\/portal\\\/2022\\\/11\\\/01\\\/piden-anular-acuerdos-con-mineros-auriferos-para-proteger-la-biodiversidad\\\/#breadcrumb\",\"itemListElement\":[{\"@type\":\"ListItem\",\"position\":1,\"name\":\"Portada\",\"item\":\"https:\\\/\\\/www.eldiario.net\\\/portal\\\/\"},{\"@type\":\"ListItem\",\"position\":2,\"name\":\"Piden anular acuerdos con mineros aur\u00edferos para proteger la biodiversidad\"}]},{\"@type\":\"WebSite\",\"@id\":\"https:\\\/\\\/www.eldiario.net\\\/portal\\\/#website\",\"url\":\"https:\\\/\\\/www.eldiario.net\\\/portal\\\/\",\"name\":\"El Diario - Decano de la prensa nacional\",\"description\":\"El Diario - Decano de la prensa nacional\",\"publisher\":{\"@id\":\"https:\\\/\\\/www.eldiario.net\\\/portal\\\/#organization\"},\"potentialAction\":[{\"@type\":\"SearchAction\",\"target\":{\"@type\":\"EntryPoint\",\"urlTemplate\":\"https:\\\/\\\/www.eldiario.net\\\/portal\\\/?s={search_term_string}\"},\"query-input\":{\"@type\":\"PropertyValueSpecification\",\"valueRequired\":true,\"valueName\":\"search_term_string\"}}],\"inLanguage\":\"es\"},{\"@type\":\"Organization\",\"@id\":\"https:\\\/\\\/www.eldiario.net\\\/portal\\\/#organization\",\"name\":\"El Diario - Decano de la prensa nacional\",\"url\":\"https:\\\/\\\/www.eldiario.net\\\/portal\\\/\",\"logo\":{\"@type\":\"ImageObject\",\"inLanguage\":\"es\",\"@id\":\"https:\\\/\\\/www.eldiario.net\\\/portal\\\/#\\\/schema\\\/logo\\\/image\\\/\",\"url\":\"https:\\\/\\\/www.eldiario.net\\\/portal\\\/wp-content\\\/uploads\\\/2023\\\/07\\\/logo_ED.jpg\",\"contentUrl\":\"https:\\\/\\\/www.eldiario.net\\\/portal\\\/wp-content\\\/uploads\\\/2023\\\/07\\\/logo_ED.jpg\",\"width\":272,\"height\":52,\"caption\":\"El Diario - Decano de la prensa nacional\"},\"image\":{\"@id\":\"https:\\\/\\\/www.eldiario.net\\\/portal\\\/#\\\/schema\\\/logo\\\/image\\\/\"},\"sameAs\":[\"https:\\\/\\\/www.facebook.com\\\/eldiario.bolivia\\\/\",\"https:\\\/\\\/x.com\\\/eldiario_net\"]},{\"@type\":\"Person\",\"@id\":\"https:\\\/\\\/www.eldiario.net\\\/portal\\\/#\\\/schema\\\/person\\\/f46445640444750d7d753ccd04ae01b7\",\"name\":\"Jeanette\",\"image\":{\"@type\":\"ImageObject\",\"inLanguage\":\"es\",\"@id\":\"https:\\\/\\\/secure.gravatar.com\\\/avatar\\\/3ea2118a5f7dad2b7138b1187a6b7ee55f160b9968b66013c3a3ef39dd7e5798?s=96&d=mm&r=g\",\"url\":\"https:\\\/\\\/secure.gravatar.com\\\/avatar\\\/3ea2118a5f7dad2b7138b1187a6b7ee55f160b9968b66013c3a3ef39dd7e5798?s=96&d=mm&r=g\",\"contentUrl\":\"https:\\\/\\\/secure.gravatar.com\\\/avatar\\\/3ea2118a5f7dad2b7138b1187a6b7ee55f160b9968b66013c3a3ef39dd7e5798?s=96&d=mm&r=g\",\"caption\":\"Jeanette\"},\"sameAs\":[\"https:\\\/\\\/www.eldiario.net\\\/portal\"],\"url\":\"https:\\\/\\\/www.eldiario.net\\\/portal\\\/author\\\/jeanette\\\/\"}]}<\/script>\n<!-- \/ Yoast SEO plugin. -->","yoast_head_json":{"title":"Piden anular acuerdos con mineros aur\u00edferos para proteger la biodiversidad - El Diario - Bolivia","robots":{"index":"index","follow":"follow","max-snippet":"max-snippet:-1","max-image-preview":"max-image-preview:large","max-video-preview":"max-video-preview:-1"},"canonical":"https:\/\/www.eldiario.net\/portal\/2022\/11\/01\/piden-anular-acuerdos-con-mineros-auriferos-para-proteger-la-biodiversidad\/","og_locale":"es_ES","og_type":"article","og_title":"Piden anular acuerdos con mineros aur\u00edferos para proteger la biodiversidad - El Diario - Bolivia","og_description":"Ante la apertura a la explotaci\u00f3n de oro en las \u00e1reas protegidas, como el Madidi, Apolobamba y Cotapata, la sociedad civil y los originarios del lugar piden anular los acuerdos con los cooperativistas aur\u00edferos para cuidar la biodiversidad de estos parques. Califican el acuerdo de irresponsable, \u201cabusivo e inconstitucional de modificaci\u00f3n de Planes de Manejo [&hellip;]","og_url":"https:\/\/www.eldiario.net\/portal\/2022\/11\/01\/piden-anular-acuerdos-con-mineros-auriferos-para-proteger-la-biodiversidad\/","og_site_name":"El Diario - Bolivia","article_publisher":"https:\/\/www.facebook.com\/eldiario.bolivia\/","article_published_time":"2022-11-01T10:25:52+00:00","author":"Jeanette","twitter_card":"summary_large_image","twitter_creator":"@eldiario_net","twitter_site":"@eldiario_net","twitter_misc":{"Escrito por":"Jeanette","Tiempo de lectura":"2 minutos"},"schema":{"@context":"https:\/\/schema.org","@graph":[{"@type":"Article","@id":"https:\/\/www.eldiario.net\/portal\/2022\/11\/01\/piden-anular-acuerdos-con-mineros-auriferos-para-proteger-la-biodiversidad\/#article","isPartOf":{"@id":"https:\/\/www.eldiario.net\/portal\/2022\/11\/01\/piden-anular-acuerdos-con-mineros-auriferos-para-proteger-la-biodiversidad\/"},"author":{"name":"Jeanette","@id":"https:\/\/www.eldiario.net\/portal\/#\/schema\/person\/f46445640444750d7d753ccd04ae01b7"},"headline":"Piden anular acuerdos con mineros aur\u00edferos para proteger la biodiversidad","datePublished":"2022-11-01T10:25:52+00:00","mainEntityOfPage":{"@id":"https:\/\/www.eldiario.net\/portal\/2022\/11\/01\/piden-anular-acuerdos-con-mineros-auriferos-para-proteger-la-biodiversidad\/"},"wordCount":375,"publisher":{"@id":"https:\/\/www.eldiario.net\/portal\/#organization"},"image":{"@id":"https:\/\/www.eldiario.net\/portal\/2022\/11\/01\/piden-anular-acuerdos-con-mineros-auriferos-para-proteger-la-biodiversidad\/#primaryimage"},"thumbnailUrl":"","articleSection":["Portada"],"inLanguage":"es"},{"@type":"WebPage","@id":"https:\/\/www.eldiario.net\/portal\/2022\/11\/01\/piden-anular-acuerdos-con-mineros-auriferos-para-proteger-la-biodiversidad\/","url":"https:\/\/www.eldiario.net\/portal\/2022\/11\/01\/piden-anular-acuerdos-con-mineros-auriferos-para-proteger-la-biodiversidad\/","name":"Piden anular acuerdos con mineros aur\u00edferos para proteger la biodiversidad - El Diario - Bolivia","isPartOf":{"@id":"https:\/\/www.eldiario.net\/portal\/#website"},"primaryImageOfPage":{"@id":"https:\/\/www.eldiario.net\/portal\/2022\/11\/01\/piden-anular-acuerdos-con-mineros-auriferos-para-proteger-la-biodiversidad\/#primaryimage"},"image":{"@id":"https:\/\/www.eldiario.net\/portal\/2022\/11\/01\/piden-anular-acuerdos-con-mineros-auriferos-para-proteger-la-biodiversidad\/#primaryimage"},"thumbnailUrl":"","datePublished":"2022-11-01T10:25:52+00:00","breadcrumb":{"@id":"https:\/\/www.eldiario.net\/portal\/2022\/11\/01\/piden-anular-acuerdos-con-mineros-auriferos-para-proteger-la-biodiversidad\/#breadcrumb"},"inLanguage":"es","potentialAction":[{"@type":"ReadAction","target":["https:\/\/www.eldiario.net\/portal\/2022\/11\/01\/piden-anular-acuerdos-con-mineros-auriferos-para-proteger-la-biodiversidad\/"]}]},{"@type":"ImageObject","inLanguage":"es","@id":"https:\/\/www.eldiario.net\/portal\/2022\/11\/01\/piden-anular-acuerdos-con-mineros-auriferos-para-proteger-la-biodiversidad\/#primaryimage","url":"","contentUrl":""},{"@type":"BreadcrumbList","@id":"https:\/\/www.eldiario.net\/portal\/2022\/11\/01\/piden-anular-acuerdos-con-mineros-auriferos-para-proteger-la-biodiversidad\/#breadcrumb","itemListElement":[{"@type":"ListItem","position":1,"name":"Portada","item":"https:\/\/www.eldiario.net\/portal\/"},{"@type":"ListItem","position":2,"name":"Piden anular acuerdos con mineros aur\u00edferos para proteger la biodiversidad"}]},{"@type":"WebSite","@id":"https:\/\/www.eldiario.net\/portal\/#website","url":"https:\/\/www.eldiario.net\/portal\/","name":"El Diario - Decano de la prensa nacional","description":"El Diario - Decano de la prensa nacional","publisher":{"@id":"https:\/\/www.eldiario.net\/portal\/#organization"},"potentialAction":[{"@type":"SearchAction","target":{"@type":"EntryPoint","urlTemplate":"https:\/\/www.eldiario.net\/portal\/?s={search_term_string}"},"query-input":{"@type":"PropertyValueSpecification","valueRequired":true,"valueName":"search_term_string"}}],"inLanguage":"es"},{"@type":"Organization","@id":"https:\/\/www.eldiario.net\/portal\/#organization","name":"El Diario - Decano de la prensa nacional","url":"https:\/\/www.eldiario.net\/portal\/","logo":{"@type":"ImageObject","inLanguage":"es","@id":"https:\/\/www.eldiario.net\/portal\/#\/schema\/logo\/image\/","url":"https:\/\/www.eldiario.net\/portal\/wp-content\/uploads\/2023\/07\/logo_ED.jpg","contentUrl":"https:\/\/www.eldiario.net\/portal\/wp-content\/uploads\/2023\/07\/logo_ED.jpg","width":272,"height":52,"caption":"El Diario - Decano de la prensa nacional"},"image":{"@id":"https:\/\/www.eldiario.net\/portal\/#\/schema\/logo\/image\/"},"sameAs":["https:\/\/www.facebook.com\/eldiario.bolivia\/","https:\/\/x.com\/eldiario_net"]},{"@type":"Person","@id":"https:\/\/www.eldiario.net\/portal\/#\/schema\/person\/f46445640444750d7d753ccd04ae01b7","name":"Jeanette","image":{"@type":"ImageObject","inLanguage":"es","@id":"https:\/\/secure.gravatar.com\/avatar\/3ea2118a5f7dad2b7138b1187a6b7ee55f160b9968b66013c3a3ef39dd7e5798?s=96&d=mm&r=g","url":"https:\/\/secure.gravatar.com\/avatar\/3ea2118a5f7dad2b7138b1187a6b7ee55f160b9968b66013c3a3ef39dd7e5798?s=96&d=mm&r=g","contentUrl":"https:\/\/secure.gravatar.com\/avatar\/3ea2118a5f7dad2b7138b1187a6b7ee55f160b9968b66013c3a3ef39dd7e5798?s=96&d=mm&r=g","caption":"Jeanette"},"sameAs":["https:\/\/www.eldiario.net\/portal"],"url":"https:\/\/www.eldiario.net\/portal\/author\/jeanette\/"}]}},"_links":{"self":[{"href":"https:\/\/www.eldiario.net\/portal\/wp-json\/wp\/v2\/posts\/119692","targetHints":{"allow":["GET"]}}],"collection":[{"href":"https:\/\/www.eldiario.net\/portal\/wp-json\/wp\/v2\/posts"}],"about":[{"href":"https:\/\/www.eldiario.net\/portal\/wp-json\/wp\/v2\/types\/post"}],"author":[{"embeddable":true,"href":"https:\/\/www.eldiario.net\/portal\/wp-json\/wp\/v2\/users\/1"}],"replies":[{"embeddable":true,"href":"https:\/\/www.eldiario.net\/portal\/wp-json\/wp\/v2\/comments?post=119692"}],"version-history":[{"count":0,"href":"https:\/\/www.eldiario.net\/portal\/wp-json\/wp\/v2\/posts\/119692\/revisions"}],"wp:attachment":[{"href":"https:\/\/www.eldiario.net\/portal\/wp-json\/wp\/v2\/media?parent=119692"}],"wp:term":[{"taxonomy":"category","embeddable":true,"href":"https:\/\/www.eldiario.net\/portal\/wp-json\/wp\/v2\/categories?post=119692"},{"taxonomy":"post_tag","embeddable":true,"href":"https:\/\/www.eldiario.net\/portal\/wp-json\/wp\/v2\/tags?post=119692"}],"curies":[{"name":"wp","href":"https:\/\/api.w.org\/{rel}","templated":true}]}}