{"id":119689,"date":"2022-11-01T06:25:02","date_gmt":"2022-11-01T10:25:02","guid":{"rendered":"https:\/\/www.eldiario.net\/portal\/?p=119689"},"modified":"2022-11-01T06:25:02","modified_gmt":"2022-11-01T10:25:02","slug":"sofocan-incendio-en-koani-fuego-arraso-1-000-mil-metros-de-area-forestal","status":"publish","type":"post","link":"https:\/\/www.eldiario.net\/portal\/2022\/11\/01\/sofocan-incendio-en-koani-fuego-arraso-1-000-mil-metros-de-area-forestal\/","title":{"rendered":"Sofocan incendio en Koani, fuego arras\u00f3 1.000 metros de \u00e1rea forestal"},"content":{"rendered":"<p>Efectivos del Grupo de Atenci\u00f3n de Emergencias Municipales (GAEM), de bomberos Sur, SAR Santa B\u00e1rbara y vecinos de las calles cinco y seis de Koani, en el ingreso a Alto Irpavi, sofocaron ayer en horas de la tarde un incendio de magnitud que destruy\u00f3 mil metros de \u00e1rea forestal.<\/p>\n<p>\u201cMenos mal no hubo da\u00f1os mayores, afectaci\u00f3n del \u00e1rea forestal y del cableado de redes de internet, de diferentes empresas operadoras; con el apoyo de los camiones cisternas de Epsas y Emaverde se logr\u00f3 que el incendio no avance\u201d, inform\u00f3 el director de Atenci\u00f3n de Emergencias de la Secretar\u00eda Municipal de Gesti\u00f3n Integral de Riesgos (SMGIR), Vladimir Vargas.<\/p>\n<p>Explic\u00f3 que el fuego se habr\u00eda suscitado porque una se\u00f1ora supuestamente pretend\u00eda cocinar a la intemperie, pero al hallarse demasiados arbustos secos en el lugar, el incendio se descontrol\u00f3 alcanzando incluso ocho metros de altura.<\/p>\n<p>Vecinos entrevistados por Unitel denunciaron que presuntos loteadores ocasionaron el incendio con la pretensi\u00f3n de ganar terrenos municipales en el sector, y demandaron mayor control para evitar posteriores asentamientos ilegales.<\/p>\n<p>\u201cVi todo naranja, parec\u00eda que nos \u00edbamos todos\u201d, dijo una vecina, quien relat\u00f3 que el fuego alcanz\u00f3 hasta dos metros cerca de su casa. Otra vecina afirm\u00f3 que no hay heridos, pero algunas personas que ayudaron a apagar el fuego con agua en baldes y mangueras fueron afectados por el humo, pero sin mayores consecuencias.<\/p>\n<p>Una ambulancia de Auxilio La Paz 167 de la Secretar\u00eda Municipal de Salud y Deportes arrib\u00f3 al lugar con personal sanitario que facilit\u00f3 oxigenoterapia a varias personas, entre vecinos y efectivos, que tuvieron problemas con el humo que se gener\u00f3 en el lugar.<\/p>\n","protected":false},"excerpt":{"rendered":"<p>Efectivos del Grupo de Atenci\u00f3n de Emergencias Municipales (GAEM), de bomberos Sur, SAR Santa B\u00e1rbara y vecinos de las calles cinco y seis de Koani, en el ingreso a Alto Irpavi, sofocaron ayer en horas de la tarde un incendio de magnitud que destruy\u00f3 mil metros de \u00e1rea forestal. \u201cMenos mal no hubo da\u00f1os mayores, [&hellip;]<\/p>\n","protected":false},"author":1,"featured_media":119690,"comment_status":"closed","ping_status":"closed","sticky":false,"template":"","format":"standard","meta":{"_acf_changed":false,"footnotes":""},"categories":[15],"tags":[],"class_list":["post-119689","post","type-post","status-publish","format-standard","has-post-thumbnail","category-portada"],"acf":{"antetitulo":""},"yoast_head":"<!-- This site is optimized with the Yoast SEO plugin v28.3 - https:\/\/yoast.com\/product\/yoast-seo-wordpress\/ -->\n<title>Sofocan incendio en Koani, fuego arras\u00f3 1.000 metros de \u00e1rea forestal - El Diario - Bolivia<\/title>\n<meta name=\"robots\" content=\"index, follow, max-snippet:-1, max-image-preview:large, max-video-preview:-1\" \/>\n<link rel=\"canonical\" href=\"https:\/\/www.eldiario.net\/portal\/2022\/11\/01\/sofocan-incendio-en-koani-fuego-arraso-1-000-mil-metros-de-area-forestal\/\" \/>\n<meta property=\"og:locale\" content=\"es_ES\" \/>\n<meta property=\"og:type\" content=\"article\" \/>\n<meta property=\"og:title\" content=\"Sofocan incendio en Koani, fuego arras\u00f3 1.000 metros de \u00e1rea forestal - El Diario - Bolivia\" \/>\n<meta property=\"og:description\" content=\"Efectivos del Grupo de Atenci\u00f3n de Emergencias Municipales (GAEM), de bomberos Sur, SAR Santa B\u00e1rbara y vecinos de las calles cinco y seis de Koani, en el ingreso a Alto Irpavi, sofocaron ayer en horas de la tarde un incendio de magnitud que destruy\u00f3 mil metros de \u00e1rea forestal. \u201cMenos mal no hubo da\u00f1os mayores, [&hellip;]\" \/>\n<meta property=\"og:url\" content=\"https:\/\/www.eldiario.net\/portal\/2022\/11\/01\/sofocan-incendio-en-koani-fuego-arraso-1-000-mil-metros-de-area-forestal\/\" \/>\n<meta property=\"og:site_name\" content=\"El Diario - Bolivia\" \/>\n<meta property=\"article:publisher\" content=\"https:\/\/www.facebook.com\/eldiario.bolivia\/\" \/>\n<meta property=\"article:published_time\" content=\"2022-11-01T10:25:02+00:00\" \/>\n<meta property=\"og:image\" content=\"https:\/\/www.eldiario.net\/portal\/wp-content\/uploads\/2022\/11\/KOANI-FOTO.jpeg\" \/>\n\t<meta property=\"og:image:width\" content=\"720\" \/>\n\t<meta property=\"og:image:height\" content=\"1600\" \/>\n\t<meta property=\"og:image:type\" content=\"image\/jpeg\" \/>\n<meta name=\"author\" content=\"Jeanette\" \/>\n<meta name=\"twitter:card\" content=\"summary_large_image\" \/>\n<meta name=\"twitter:creator\" content=\"@eldiario_net\" \/>\n<meta name=\"twitter:site\" content=\"@eldiario_net\" \/>\n<meta name=\"twitter:label1\" content=\"Escrito por\" \/>\n\t<meta name=\"twitter:data1\" content=\"Jeanette\" \/>\n\t<meta name=\"twitter:label2\" content=\"Tiempo de lectura\" \/>\n\t<meta name=\"twitter:data2\" content=\"2 minutos\" \/>\n<script type=\"application\/ld+json\" class=\"yoast-schema-graph\">{\"@context\":\"https:\\\/\\\/schema.org\",\"@graph\":[{\"@type\":\"Article\",\"@id\":\"https:\\\/\\\/www.eldiario.net\\\/portal\\\/2022\\\/11\\\/01\\\/sofocan-incendio-en-koani-fuego-arraso-1-000-mil-metros-de-area-forestal\\\/#article\",\"isPartOf\":{\"@id\":\"https:\\\/\\\/www.eldiario.net\\\/portal\\\/2022\\\/11\\\/01\\\/sofocan-incendio-en-koani-fuego-arraso-1-000-mil-metros-de-area-forestal\\\/\"},\"author\":{\"name\":\"Jeanette\",\"@id\":\"https:\\\/\\\/www.eldiario.net\\\/portal\\\/#\\\/schema\\\/person\\\/f46445640444750d7d753ccd04ae01b7\"},\"headline\":\"Sofocan incendio en Koani, fuego arras\u00f3 1.000 metros de \u00e1rea forestal\",\"datePublished\":\"2022-11-01T10:25:02+00:00\",\"mainEntityOfPage\":{\"@id\":\"https:\\\/\\\/www.eldiario.net\\\/portal\\\/2022\\\/11\\\/01\\\/sofocan-incendio-en-koani-fuego-arraso-1-000-mil-metros-de-area-forestal\\\/\"},\"wordCount\":292,\"publisher\":{\"@id\":\"https:\\\/\\\/www.eldiario.net\\\/portal\\\/#organization\"},\"image\":{\"@id\":\"https:\\\/\\\/www.eldiario.net\\\/portal\\\/2022\\\/11\\\/01\\\/sofocan-incendio-en-koani-fuego-arraso-1-000-mil-metros-de-area-forestal\\\/#primaryimage\"},\"thumbnailUrl\":\"https:\\\/\\\/www.eldiario.net\\\/portal\\\/wp-content\\\/uploads\\\/2022\\\/11\\\/KOANI-FOTO.jpeg\",\"articleSection\":[\"Portada\"],\"inLanguage\":\"es\"},{\"@type\":\"WebPage\",\"@id\":\"https:\\\/\\\/www.eldiario.net\\\/portal\\\/2022\\\/11\\\/01\\\/sofocan-incendio-en-koani-fuego-arraso-1-000-mil-metros-de-area-forestal\\\/\",\"url\":\"https:\\\/\\\/www.eldiario.net\\\/portal\\\/2022\\\/11\\\/01\\\/sofocan-incendio-en-koani-fuego-arraso-1-000-mil-metros-de-area-forestal\\\/\",\"name\":\"Sofocan incendio en Koani, fuego arras\u00f3 1.000 metros de \u00e1rea forestal - El Diario - Bolivia\",\"isPartOf\":{\"@id\":\"https:\\\/\\\/www.eldiario.net\\\/portal\\\/#website\"},\"primaryImageOfPage\":{\"@id\":\"https:\\\/\\\/www.eldiario.net\\\/portal\\\/2022\\\/11\\\/01\\\/sofocan-incendio-en-koani-fuego-arraso-1-000-mil-metros-de-area-forestal\\\/#primaryimage\"},\"image\":{\"@id\":\"https:\\\/\\\/www.eldiario.net\\\/portal\\\/2022\\\/11\\\/01\\\/sofocan-incendio-en-koani-fuego-arraso-1-000-mil-metros-de-area-forestal\\\/#primaryimage\"},\"thumbnailUrl\":\"https:\\\/\\\/www.eldiario.net\\\/portal\\\/wp-content\\\/uploads\\\/2022\\\/11\\\/KOANI-FOTO.jpeg\",\"datePublished\":\"2022-11-01T10:25:02+00:00\",\"breadcrumb\":{\"@id\":\"https:\\\/\\\/www.eldiario.net\\\/portal\\\/2022\\\/11\\\/01\\\/sofocan-incendio-en-koani-fuego-arraso-1-000-mil-metros-de-area-forestal\\\/#breadcrumb\"},\"inLanguage\":\"es\",\"potentialAction\":[{\"@type\":\"ReadAction\",\"target\":[\"https:\\\/\\\/www.eldiario.net\\\/portal\\\/2022\\\/11\\\/01\\\/sofocan-incendio-en-koani-fuego-arraso-1-000-mil-metros-de-area-forestal\\\/\"]}]},{\"@type\":\"ImageObject\",\"inLanguage\":\"es\",\"@id\":\"https:\\\/\\\/www.eldiario.net\\\/portal\\\/2022\\\/11\\\/01\\\/sofocan-incendio-en-koani-fuego-arraso-1-000-mil-metros-de-area-forestal\\\/#primaryimage\",\"url\":\"https:\\\/\\\/www.eldiario.net\\\/portal\\\/wp-content\\\/uploads\\\/2022\\\/11\\\/KOANI-FOTO.jpeg\",\"contentUrl\":\"https:\\\/\\\/www.eldiario.net\\\/portal\\\/wp-content\\\/uploads\\\/2022\\\/11\\\/KOANI-FOTO.jpeg\",\"width\":720,\"height\":1600,\"caption\":\"EL INCENDIO EN KOANI FUE DE MAGNITUD. FOTO: RRSS\"},{\"@type\":\"BreadcrumbList\",\"@id\":\"https:\\\/\\\/www.eldiario.net\\\/portal\\\/2022\\\/11\\\/01\\\/sofocan-incendio-en-koani-fuego-arraso-1-000-mil-metros-de-area-forestal\\\/#breadcrumb\",\"itemListElement\":[{\"@type\":\"ListItem\",\"position\":1,\"name\":\"Portada\",\"item\":\"https:\\\/\\\/www.eldiario.net\\\/portal\\\/\"},{\"@type\":\"ListItem\",\"position\":2,\"name\":\"Sofocan incendio en Koani, fuego arras\u00f3 1.000 metros de \u00e1rea forestal\"}]},{\"@type\":\"WebSite\",\"@id\":\"https:\\\/\\\/www.eldiario.net\\\/portal\\\/#website\",\"url\":\"https:\\\/\\\/www.eldiario.net\\\/portal\\\/\",\"name\":\"El Diario - Decano de la prensa nacional\",\"description\":\"El Diario - Decano de la prensa nacional\",\"publisher\":{\"@id\":\"https:\\\/\\\/www.eldiario.net\\\/portal\\\/#organization\"},\"potentialAction\":[{\"@type\":\"SearchAction\",\"target\":{\"@type\":\"EntryPoint\",\"urlTemplate\":\"https:\\\/\\\/www.eldiario.net\\\/portal\\\/?s={search_term_string}\"},\"query-input\":{\"@type\":\"PropertyValueSpecification\",\"valueRequired\":true,\"valueName\":\"search_term_string\"}}],\"inLanguage\":\"es\"},{\"@type\":\"Organization\",\"@id\":\"https:\\\/\\\/www.eldiario.net\\\/portal\\\/#organization\",\"name\":\"El Diario - Decano de la prensa nacional\",\"url\":\"https:\\\/\\\/www.eldiario.net\\\/portal\\\/\",\"logo\":{\"@type\":\"ImageObject\",\"inLanguage\":\"es\",\"@id\":\"https:\\\/\\\/www.eldiario.net\\\/portal\\\/#\\\/schema\\\/logo\\\/image\\\/\",\"url\":\"https:\\\/\\\/www.eldiario.net\\\/portal\\\/wp-content\\\/uploads\\\/2023\\\/07\\\/logo_ED.jpg\",\"contentUrl\":\"https:\\\/\\\/www.eldiario.net\\\/portal\\\/wp-content\\\/uploads\\\/2023\\\/07\\\/logo_ED.jpg\",\"width\":272,\"height\":52,\"caption\":\"El Diario - Decano de la prensa nacional\"},\"image\":{\"@id\":\"https:\\\/\\\/www.eldiario.net\\\/portal\\\/#\\\/schema\\\/logo\\\/image\\\/\"},\"sameAs\":[\"https:\\\/\\\/www.facebook.com\\\/eldiario.bolivia\\\/\",\"https:\\\/\\\/x.com\\\/eldiario_net\"]},{\"@type\":\"Person\",\"@id\":\"https:\\\/\\\/www.eldiario.net\\\/portal\\\/#\\\/schema\\\/person\\\/f46445640444750d7d753ccd04ae01b7\",\"name\":\"Jeanette\",\"image\":{\"@type\":\"ImageObject\",\"inLanguage\":\"es\",\"@id\":\"https:\\\/\\\/secure.gravatar.com\\\/avatar\\\/3ea2118a5f7dad2b7138b1187a6b7ee55f160b9968b66013c3a3ef39dd7e5798?s=96&d=mm&r=g\",\"url\":\"https:\\\/\\\/secure.gravatar.com\\\/avatar\\\/3ea2118a5f7dad2b7138b1187a6b7ee55f160b9968b66013c3a3ef39dd7e5798?s=96&d=mm&r=g\",\"contentUrl\":\"https:\\\/\\\/secure.gravatar.com\\\/avatar\\\/3ea2118a5f7dad2b7138b1187a6b7ee55f160b9968b66013c3a3ef39dd7e5798?s=96&d=mm&r=g\",\"caption\":\"Jeanette\"},\"sameAs\":[\"https:\\\/\\\/www.eldiario.net\\\/portal\"],\"url\":\"https:\\\/\\\/www.eldiario.net\\\/portal\\\/author\\\/jeanette\\\/\"}]}<\/script>\n<!-- \/ Yoast SEO plugin. -->","yoast_head_json":{"title":"Sofocan incendio en Koani, fuego arras\u00f3 1.000 metros de \u00e1rea forestal - El Diario - Bolivia","robots":{"index":"index","follow":"follow","max-snippet":"max-snippet:-1","max-image-preview":"max-image-preview:large","max-video-preview":"max-video-preview:-1"},"canonical":"https:\/\/www.eldiario.net\/portal\/2022\/11\/01\/sofocan-incendio-en-koani-fuego-arraso-1-000-mil-metros-de-area-forestal\/","og_locale":"es_ES","og_type":"article","og_title":"Sofocan incendio en Koani, fuego arras\u00f3 1.000 metros de \u00e1rea forestal - El Diario - Bolivia","og_description":"Efectivos del Grupo de Atenci\u00f3n de Emergencias Municipales (GAEM), de bomberos Sur, SAR Santa B\u00e1rbara y vecinos de las calles cinco y seis de Koani, en el ingreso a Alto Irpavi, sofocaron ayer en horas de la tarde un incendio de magnitud que destruy\u00f3 mil metros de \u00e1rea forestal. \u201cMenos mal no hubo da\u00f1os mayores, [&hellip;]","og_url":"https:\/\/www.eldiario.net\/portal\/2022\/11\/01\/sofocan-incendio-en-koani-fuego-arraso-1-000-mil-metros-de-area-forestal\/","og_site_name":"El Diario - Bolivia","article_publisher":"https:\/\/www.facebook.com\/eldiario.bolivia\/","article_published_time":"2022-11-01T10:25:02+00:00","og_image":[{"width":720,"height":1600,"url":"https:\/\/www.eldiario.net\/portal\/wp-content\/uploads\/2022\/11\/KOANI-FOTO.jpeg","type":"image\/jpeg"}],"author":"Jeanette","twitter_card":"summary_large_image","twitter_creator":"@eldiario_net","twitter_site":"@eldiario_net","twitter_misc":{"Escrito por":"Jeanette","Tiempo de lectura":"2 minutos"},"schema":{"@context":"https:\/\/schema.org","@graph":[{"@type":"Article","@id":"https:\/\/www.eldiario.net\/portal\/2022\/11\/01\/sofocan-incendio-en-koani-fuego-arraso-1-000-mil-metros-de-area-forestal\/#article","isPartOf":{"@id":"https:\/\/www.eldiario.net\/portal\/2022\/11\/01\/sofocan-incendio-en-koani-fuego-arraso-1-000-mil-metros-de-area-forestal\/"},"author":{"name":"Jeanette","@id":"https:\/\/www.eldiario.net\/portal\/#\/schema\/person\/f46445640444750d7d753ccd04ae01b7"},"headline":"Sofocan incendio en Koani, fuego arras\u00f3 1.000 metros de \u00e1rea forestal","datePublished":"2022-11-01T10:25:02+00:00","mainEntityOfPage":{"@id":"https:\/\/www.eldiario.net\/portal\/2022\/11\/01\/sofocan-incendio-en-koani-fuego-arraso-1-000-mil-metros-de-area-forestal\/"},"wordCount":292,"publisher":{"@id":"https:\/\/www.eldiario.net\/portal\/#organization"},"image":{"@id":"https:\/\/www.eldiario.net\/portal\/2022\/11\/01\/sofocan-incendio-en-koani-fuego-arraso-1-000-mil-metros-de-area-forestal\/#primaryimage"},"thumbnailUrl":"https:\/\/www.eldiario.net\/portal\/wp-content\/uploads\/2022\/11\/KOANI-FOTO.jpeg","articleSection":["Portada"],"inLanguage":"es"},{"@type":"WebPage","@id":"https:\/\/www.eldiario.net\/portal\/2022\/11\/01\/sofocan-incendio-en-koani-fuego-arraso-1-000-mil-metros-de-area-forestal\/","url":"https:\/\/www.eldiario.net\/portal\/2022\/11\/01\/sofocan-incendio-en-koani-fuego-arraso-1-000-mil-metros-de-area-forestal\/","name":"Sofocan incendio en Koani, fuego arras\u00f3 1.000 metros de \u00e1rea forestal - El Diario - Bolivia","isPartOf":{"@id":"https:\/\/www.eldiario.net\/portal\/#website"},"primaryImageOfPage":{"@id":"https:\/\/www.eldiario.net\/portal\/2022\/11\/01\/sofocan-incendio-en-koani-fuego-arraso-1-000-mil-metros-de-area-forestal\/#primaryimage"},"image":{"@id":"https:\/\/www.eldiario.net\/portal\/2022\/11\/01\/sofocan-incendio-en-koani-fuego-arraso-1-000-mil-metros-de-area-forestal\/#primaryimage"},"thumbnailUrl":"https:\/\/www.eldiario.net\/portal\/wp-content\/uploads\/2022\/11\/KOANI-FOTO.jpeg","datePublished":"2022-11-01T10:25:02+00:00","breadcrumb":{"@id":"https:\/\/www.eldiario.net\/portal\/2022\/11\/01\/sofocan-incendio-en-koani-fuego-arraso-1-000-mil-metros-de-area-forestal\/#breadcrumb"},"inLanguage":"es","potentialAction":[{"@type":"ReadAction","target":["https:\/\/www.eldiario.net\/portal\/2022\/11\/01\/sofocan-incendio-en-koani-fuego-arraso-1-000-mil-metros-de-area-forestal\/"]}]},{"@type":"ImageObject","inLanguage":"es","@id":"https:\/\/www.eldiario.net\/portal\/2022\/11\/01\/sofocan-incendio-en-koani-fuego-arraso-1-000-mil-metros-de-area-forestal\/#primaryimage","url":"https:\/\/www.eldiario.net\/portal\/wp-content\/uploads\/2022\/11\/KOANI-FOTO.jpeg","contentUrl":"https:\/\/www.eldiario.net\/portal\/wp-content\/uploads\/2022\/11\/KOANI-FOTO.jpeg","width":720,"height":1600,"caption":"EL INCENDIO EN KOANI FUE DE MAGNITUD. FOTO: RRSS"},{"@type":"BreadcrumbList","@id":"https:\/\/www.eldiario.net\/portal\/2022\/11\/01\/sofocan-incendio-en-koani-fuego-arraso-1-000-mil-metros-de-area-forestal\/#breadcrumb","itemListElement":[{"@type":"ListItem","position":1,"name":"Portada","item":"https:\/\/www.eldiario.net\/portal\/"},{"@type":"ListItem","position":2,"name":"Sofocan incendio en Koani, fuego arras\u00f3 1.000 metros de \u00e1rea forestal"}]},{"@type":"WebSite","@id":"https:\/\/www.eldiario.net\/portal\/#website","url":"https:\/\/www.eldiario.net\/portal\/","name":"El Diario - Decano de la prensa nacional","description":"El Diario - Decano de la prensa nacional","publisher":{"@id":"https:\/\/www.eldiario.net\/portal\/#organization"},"potentialAction":[{"@type":"SearchAction","target":{"@type":"EntryPoint","urlTemplate":"https:\/\/www.eldiario.net\/portal\/?s={search_term_string}"},"query-input":{"@type":"PropertyValueSpecification","valueRequired":true,"valueName":"search_term_string"}}],"inLanguage":"es"},{"@type":"Organization","@id":"https:\/\/www.eldiario.net\/portal\/#organization","name":"El Diario - Decano de la prensa nacional","url":"https:\/\/www.eldiario.net\/portal\/","logo":{"@type":"ImageObject","inLanguage":"es","@id":"https:\/\/www.eldiario.net\/portal\/#\/schema\/logo\/image\/","url":"https:\/\/www.eldiario.net\/portal\/wp-content\/uploads\/2023\/07\/logo_ED.jpg","contentUrl":"https:\/\/www.eldiario.net\/portal\/wp-content\/uploads\/2023\/07\/logo_ED.jpg","width":272,"height":52,"caption":"El Diario - Decano de la prensa nacional"},"image":{"@id":"https:\/\/www.eldiario.net\/portal\/#\/schema\/logo\/image\/"},"sameAs":["https:\/\/www.facebook.com\/eldiario.bolivia\/","https:\/\/x.com\/eldiario_net"]},{"@type":"Person","@id":"https:\/\/www.eldiario.net\/portal\/#\/schema\/person\/f46445640444750d7d753ccd04ae01b7","name":"Jeanette","image":{"@type":"ImageObject","inLanguage":"es","@id":"https:\/\/secure.gravatar.com\/avatar\/3ea2118a5f7dad2b7138b1187a6b7ee55f160b9968b66013c3a3ef39dd7e5798?s=96&d=mm&r=g","url":"https:\/\/secure.gravatar.com\/avatar\/3ea2118a5f7dad2b7138b1187a6b7ee55f160b9968b66013c3a3ef39dd7e5798?s=96&d=mm&r=g","contentUrl":"https:\/\/secure.gravatar.com\/avatar\/3ea2118a5f7dad2b7138b1187a6b7ee55f160b9968b66013c3a3ef39dd7e5798?s=96&d=mm&r=g","caption":"Jeanette"},"sameAs":["https:\/\/www.eldiario.net\/portal"],"url":"https:\/\/www.eldiario.net\/portal\/author\/jeanette\/"}]}},"_links":{"self":[{"href":"https:\/\/www.eldiario.net\/portal\/wp-json\/wp\/v2\/posts\/119689","targetHints":{"allow":["GET"]}}],"collection":[{"href":"https:\/\/www.eldiario.net\/portal\/wp-json\/wp\/v2\/posts"}],"about":[{"href":"https:\/\/www.eldiario.net\/portal\/wp-json\/wp\/v2\/types\/post"}],"author":[{"embeddable":true,"href":"https:\/\/www.eldiario.net\/portal\/wp-json\/wp\/v2\/users\/1"}],"replies":[{"embeddable":true,"href":"https:\/\/www.eldiario.net\/portal\/wp-json\/wp\/v2\/comments?post=119689"}],"version-history":[{"count":0,"href":"https:\/\/www.eldiario.net\/portal\/wp-json\/wp\/v2\/posts\/119689\/revisions"}],"wp:featuredmedia":[{"embeddable":true,"href":"https:\/\/www.eldiario.net\/portal\/wp-json\/wp\/v2\/media\/119690"}],"wp:attachment":[{"href":"https:\/\/www.eldiario.net\/portal\/wp-json\/wp\/v2\/media?parent=119689"}],"wp:term":[{"taxonomy":"category","embeddable":true,"href":"https:\/\/www.eldiario.net\/portal\/wp-json\/wp\/v2\/categories?post=119689"},{"taxonomy":"post_tag","embeddable":true,"href":"https:\/\/www.eldiario.net\/portal\/wp-json\/wp\/v2\/tags?post=119689"}],"curies":[{"name":"wp","href":"https:\/\/api.w.org\/{rel}","templated":true}]}}