{"id":11968,"date":"2021-06-22T05:12:57","date_gmt":"2021-06-22T09:12:57","guid":{"rendered":"https:\/\/www.eldiario.net\/portal\/?p=11968"},"modified":"2021-06-22T05:12:57","modified_gmt":"2021-06-22T09:12:57","slug":"la-onu-alerta-escalada-de-violencia-en-puerto-principe","status":"publish","type":"post","link":"https:\/\/www.eldiario.net\/portal\/2021\/06\/22\/la-onu-alerta-escalada-de-violencia-en-puerto-principe\/","title":{"rendered":"La ONU alerta escalada de  violencia en Puerto Pr\u00edncipe"},"content":{"rendered":"<p>La Organizaci\u00f3n de Naciones Unidas (ONU) ha expresado su preocupaci\u00f3n por la creciente violencia de grupos armados en Puerto Pr\u00edncipe, responsable de al menos 50 muertes y 13.000 desplazados, en un clima de incertidumbre social y pol\u00edtica que complica la celebraci\u00f3n de los inminentes procesos electorales, incluido el refer\u00e9ndum para reformar la Constituci\u00f3n.<\/p>\n<p>La Alta Comisionada de Naciones Unidas para los Derechos Humanos, Michelle Bachelet, ha reconocido estar \u00absumamente preocupada\u00bb por estos \u00abaltos niveles de inseguridad\u00bb, as\u00ed como por las \u00abaparentes dificultades\u00bb del Gobierno a la hora de revertir una tendencia que se ceban tanto con las fuerzas de seguridad como con la poblaci\u00f3n civil.<\/p>\n<p>\u00abLa Polic\u00eda supuestamente no intervino durante varios choques recuentes entre grupos criminales en Puerto Pr\u00edncipe\u00bb, ha planteado Bachelet ante el Consejo de Derechos Humanos, hasta el que ha llevado una preocupaci\u00f3n que han venido expresando de forma recurrente en estas \u00faltimas semanas diversas agencias y ONG.<\/p>\n<p>La principal representante de la ONU en Hait\u00ed, Helen La Lime, conden\u00f3 la violencia la semana pasada ante el Consejo de Seguridad, recordando igualmente que las autoridades tienen el \u00abdeber\u00bb de \u00abterminar con la violencia, proteger a la poblaci\u00f3n, garantizar el acceso humanitario sin trabajas a quienes lo necesitan, proporcionar ayuda de emergencia para los<\/p>\n<p>desplazados y hacer que los responsables de estos actos rindan cuentas por sus delitos\u00bb.<\/p>\n<p>No en vano, solo desde el 1 de junio han abandonado sus hogares m\u00e1s de 10.000 personas, de las cuales una amplia mayor\u00eda, al menos 8.500, han sido identificadas como mujeres y ni\u00f1os. En total, la ONU estima que unas 650.000 viven fuera de sus hogares en Hait\u00ed, entre ellas 500.000 solo en el \u00e1rea metropolitana de Puerto Pr\u00edncipe.<\/p>\n<p>El representante en el pa\u00eds caribe\u00f1o del Fondo de Naciones Unidas para la Infancia (UNICEF), Bruno Maes, advirti\u00f3 en un reciente comunicado de que los enfrentamientos entre los grupos armados son \u00abcada vez m\u00e1s violentos\u00bb y ha hablado incluso de \u00abguerrilla urbana\u00bb, con \u00abmiles de ni\u00f1os y mujeres atrapados en el fuego cruzado\u00bb.<\/p>\n<p>Un estudio realizado en mayo por UNICEF ya reflejaba que uno de cada cinco j\u00f3venes cre\u00eda que la violencia impide a los ni\u00f1os ir a la escuela, ejemplo de uno de los efectos colaterales de unas tensiones que tienen tambi\u00e9n consecuencias en otros servicios b\u00e1sicos, como la sanidad.<\/p>\n<p>M\u00e9dicos Sin Fronteras (MSF) ha reconocido que los enfrentamientos y los robos registrados en las \u00faltimas semanas afectan a pacientes, trabajadores, instalaciones y veh\u00edculos. La jefa de misi\u00f3n de la ONG, Alessandra Giudiceandrea, ha alertado de un \u00abdeterioro de la situaci\u00f3n de seguridad extremadamente preocupante\u00bb y ha confirmado la reducci\u00f3n de las actividades.<\/p>\n<p>\u00abEn un momento en que deber\u00edamos estar trabajando m\u00e1s por la Covid-19 y otras necesidades, apenas podemos mantener abiertas nuestras instalaciones por la inseguridad\u00bb, ha lamentado Giudiceandrea en una nota.<\/p>\n<p>&nbsp;<\/p>\n<p>EL TRASFONDO POL\u00cdTICO<\/p>\n<p>La inestabilidad pol\u00edtica est\u00e1 como tel\u00f3n de fondo de esta inseguridad, con un presidente, Jovenel Moise, que gobierna por decreto desde hace m\u00e1s de<\/p>\n<p>un a\u00f1o ante la falta de un Parlamento electo y que se ha visto obligado a readaptar su &#8216;hoja de ruta&#8217; electoral para este 2021.<\/p>\n<p>El refer\u00e9ndum para aprobar o rechazar la nueva Constituci\u00f3n ha sido aplazado en dos ocasiones, la \u00faltima fecha fijada era el 27 de junio y no se ha anunciado un d\u00eda alternativo, y persisten las dudas sobre las elecciones parlamentarias y presidenciales de septiembre, que te\u00f3ricamente deb\u00edan celebrarse ya con la nueva Carta Magna.<\/p>\n<p>La ONU ha llamado en varias ocasiones a atajar la incertidumbre pol\u00edtica y Bachelet la ha atribuido \u00aben parte\u00bb a los \u00abdesacuerdos\u00bb por la organizaci\u00f3n de los dos procesos electorales. Las autoridades, ha advertido, \u00abdeber\u00edan garantizar el derecho al voto en condiciones seguras\u00bb. (EUROPA PRESS)<\/p>\n","protected":false},"excerpt":{"rendered":"<p>La Organizaci\u00f3n de Naciones Unidas (ONU) ha expresado su preocupaci\u00f3n por la creciente violencia de grupos armados en Puerto Pr\u00edncipe, responsable de al menos 50 muertes y 13.000 desplazados, en un clima de incertidumbre social y pol\u00edtica que complica la celebraci\u00f3n de los inminentes procesos electorales, incluido el refer\u00e9ndum para reformar la Constituci\u00f3n. La Alta [&hellip;]<\/p>\n","protected":false},"author":1,"featured_media":11969,"comment_status":"closed","ping_status":"closed","sticky":false,"template":"","format":"standard","meta":{"_acf_changed":false,"footnotes":""},"categories":[3],"tags":[],"class_list":["post-11968","post","type-post","status-publish","format-standard","has-post-thumbnail","category-internacional"],"acf":{"antetitulo":""},"yoast_head":"<!-- This site is optimized with the Yoast SEO plugin v28.3 - https:\/\/yoast.com\/product\/yoast-seo-wordpress\/ -->\n<title>La ONU alerta escalada de violencia en Puerto Pr\u00edncipe - El Diario - Bolivia<\/title>\n<meta name=\"robots\" content=\"index, follow, max-snippet:-1, max-image-preview:large, max-video-preview:-1\" \/>\n<link rel=\"canonical\" href=\"https:\/\/www.eldiario.net\/portal\/2021\/06\/22\/la-onu-alerta-escalada-de-violencia-en-puerto-principe\/\" \/>\n<meta property=\"og:locale\" content=\"es_ES\" \/>\n<meta property=\"og:type\" content=\"article\" \/>\n<meta property=\"og:title\" content=\"La ONU alerta escalada de violencia en Puerto Pr\u00edncipe - El Diario - Bolivia\" \/>\n<meta property=\"og:description\" content=\"La Organizaci\u00f3n de Naciones Unidas (ONU) ha expresado su preocupaci\u00f3n por la creciente violencia de grupos armados en Puerto Pr\u00edncipe, responsable de al menos 50 muertes y 13.000 desplazados, en un clima de incertidumbre social y pol\u00edtica que complica la celebraci\u00f3n de los inminentes procesos electorales, incluido el refer\u00e9ndum para reformar la Constituci\u00f3n. La Alta [&hellip;]\" \/>\n<meta property=\"og:url\" content=\"https:\/\/www.eldiario.net\/portal\/2021\/06\/22\/la-onu-alerta-escalada-de-violencia-en-puerto-principe\/\" \/>\n<meta property=\"og:site_name\" content=\"El Diario - Bolivia\" \/>\n<meta property=\"article:publisher\" content=\"https:\/\/www.facebook.com\/eldiario.bolivia\/\" \/>\n<meta property=\"article:published_time\" content=\"2021-06-22T09:12:57+00:00\" \/>\n<meta name=\"author\" content=\"Jeanette\" \/>\n<meta name=\"twitter:card\" content=\"summary_large_image\" \/>\n<meta name=\"twitter:creator\" content=\"@eldiario_net\" \/>\n<meta name=\"twitter:site\" content=\"@eldiario_net\" \/>\n<meta name=\"twitter:label1\" content=\"Escrito por\" \/>\n\t<meta name=\"twitter:data1\" content=\"Jeanette\" \/>\n\t<meta name=\"twitter:label2\" content=\"Tiempo de lectura\" \/>\n\t<meta name=\"twitter:data2\" content=\"3 minutos\" \/>\n<script type=\"application\/ld+json\" class=\"yoast-schema-graph\">{\"@context\":\"https:\\\/\\\/schema.org\",\"@graph\":[{\"@type\":\"Article\",\"@id\":\"https:\\\/\\\/www.eldiario.net\\\/portal\\\/2021\\\/06\\\/22\\\/la-onu-alerta-escalada-de-violencia-en-puerto-principe\\\/#article\",\"isPartOf\":{\"@id\":\"https:\\\/\\\/www.eldiario.net\\\/portal\\\/2021\\\/06\\\/22\\\/la-onu-alerta-escalada-de-violencia-en-puerto-principe\\\/\"},\"author\":{\"name\":\"Jeanette\",\"@id\":\"https:\\\/\\\/www.eldiario.net\\\/portal\\\/#\\\/schema\\\/person\\\/f46445640444750d7d753ccd04ae01b7\"},\"headline\":\"La ONU alerta escalada de violencia en Puerto Pr\u00edncipe\",\"datePublished\":\"2021-06-22T09:12:57+00:00\",\"mainEntityOfPage\":{\"@id\":\"https:\\\/\\\/www.eldiario.net\\\/portal\\\/2021\\\/06\\\/22\\\/la-onu-alerta-escalada-de-violencia-en-puerto-principe\\\/\"},\"wordCount\":661,\"publisher\":{\"@id\":\"https:\\\/\\\/www.eldiario.net\\\/portal\\\/#organization\"},\"image\":{\"@id\":\"https:\\\/\\\/www.eldiario.net\\\/portal\\\/2021\\\/06\\\/22\\\/la-onu-alerta-escalada-de-violencia-en-puerto-principe\\\/#primaryimage\"},\"thumbnailUrl\":\"\",\"articleSection\":[\"Internacional\"],\"inLanguage\":\"es\"},{\"@type\":\"WebPage\",\"@id\":\"https:\\\/\\\/www.eldiario.net\\\/portal\\\/2021\\\/06\\\/22\\\/la-onu-alerta-escalada-de-violencia-en-puerto-principe\\\/\",\"url\":\"https:\\\/\\\/www.eldiario.net\\\/portal\\\/2021\\\/06\\\/22\\\/la-onu-alerta-escalada-de-violencia-en-puerto-principe\\\/\",\"name\":\"La ONU alerta escalada de violencia en Puerto Pr\u00edncipe - El Diario - Bolivia\",\"isPartOf\":{\"@id\":\"https:\\\/\\\/www.eldiario.net\\\/portal\\\/#website\"},\"primaryImageOfPage\":{\"@id\":\"https:\\\/\\\/www.eldiario.net\\\/portal\\\/2021\\\/06\\\/22\\\/la-onu-alerta-escalada-de-violencia-en-puerto-principe\\\/#primaryimage\"},\"image\":{\"@id\":\"https:\\\/\\\/www.eldiario.net\\\/portal\\\/2021\\\/06\\\/22\\\/la-onu-alerta-escalada-de-violencia-en-puerto-principe\\\/#primaryimage\"},\"thumbnailUrl\":\"\",\"datePublished\":\"2021-06-22T09:12:57+00:00\",\"breadcrumb\":{\"@id\":\"https:\\\/\\\/www.eldiario.net\\\/portal\\\/2021\\\/06\\\/22\\\/la-onu-alerta-escalada-de-violencia-en-puerto-principe\\\/#breadcrumb\"},\"inLanguage\":\"es\",\"potentialAction\":[{\"@type\":\"ReadAction\",\"target\":[\"https:\\\/\\\/www.eldiario.net\\\/portal\\\/2021\\\/06\\\/22\\\/la-onu-alerta-escalada-de-violencia-en-puerto-principe\\\/\"]}]},{\"@type\":\"ImageObject\",\"inLanguage\":\"es\",\"@id\":\"https:\\\/\\\/www.eldiario.net\\\/portal\\\/2021\\\/06\\\/22\\\/la-onu-alerta-escalada-de-violencia-en-puerto-principe\\\/#primaryimage\",\"url\":\"\",\"contentUrl\":\"\"},{\"@type\":\"BreadcrumbList\",\"@id\":\"https:\\\/\\\/www.eldiario.net\\\/portal\\\/2021\\\/06\\\/22\\\/la-onu-alerta-escalada-de-violencia-en-puerto-principe\\\/#breadcrumb\",\"itemListElement\":[{\"@type\":\"ListItem\",\"position\":1,\"name\":\"Portada\",\"item\":\"https:\\\/\\\/www.eldiario.net\\\/portal\\\/\"},{\"@type\":\"ListItem\",\"position\":2,\"name\":\"La ONU alerta escalada de violencia en Puerto Pr\u00edncipe\"}]},{\"@type\":\"WebSite\",\"@id\":\"https:\\\/\\\/www.eldiario.net\\\/portal\\\/#website\",\"url\":\"https:\\\/\\\/www.eldiario.net\\\/portal\\\/\",\"name\":\"El Diario - Decano de la prensa nacional\",\"description\":\"El Diario - Decano de la prensa nacional\",\"publisher\":{\"@id\":\"https:\\\/\\\/www.eldiario.net\\\/portal\\\/#organization\"},\"potentialAction\":[{\"@type\":\"SearchAction\",\"target\":{\"@type\":\"EntryPoint\",\"urlTemplate\":\"https:\\\/\\\/www.eldiario.net\\\/portal\\\/?s={search_term_string}\"},\"query-input\":{\"@type\":\"PropertyValueSpecification\",\"valueRequired\":true,\"valueName\":\"search_term_string\"}}],\"inLanguage\":\"es\"},{\"@type\":\"Organization\",\"@id\":\"https:\\\/\\\/www.eldiario.net\\\/portal\\\/#organization\",\"name\":\"El Diario - Decano de la prensa nacional\",\"url\":\"https:\\\/\\\/www.eldiario.net\\\/portal\\\/\",\"logo\":{\"@type\":\"ImageObject\",\"inLanguage\":\"es\",\"@id\":\"https:\\\/\\\/www.eldiario.net\\\/portal\\\/#\\\/schema\\\/logo\\\/image\\\/\",\"url\":\"https:\\\/\\\/www.eldiario.net\\\/portal\\\/wp-content\\\/uploads\\\/2023\\\/07\\\/logo_ED.jpg\",\"contentUrl\":\"https:\\\/\\\/www.eldiario.net\\\/portal\\\/wp-content\\\/uploads\\\/2023\\\/07\\\/logo_ED.jpg\",\"width\":272,\"height\":52,\"caption\":\"El Diario - Decano de la prensa nacional\"},\"image\":{\"@id\":\"https:\\\/\\\/www.eldiario.net\\\/portal\\\/#\\\/schema\\\/logo\\\/image\\\/\"},\"sameAs\":[\"https:\\\/\\\/www.facebook.com\\\/eldiario.bolivia\\\/\",\"https:\\\/\\\/x.com\\\/eldiario_net\"]},{\"@type\":\"Person\",\"@id\":\"https:\\\/\\\/www.eldiario.net\\\/portal\\\/#\\\/schema\\\/person\\\/f46445640444750d7d753ccd04ae01b7\",\"name\":\"Jeanette\",\"image\":{\"@type\":\"ImageObject\",\"inLanguage\":\"es\",\"@id\":\"https:\\\/\\\/secure.gravatar.com\\\/avatar\\\/3ea2118a5f7dad2b7138b1187a6b7ee55f160b9968b66013c3a3ef39dd7e5798?s=96&d=mm&r=g\",\"url\":\"https:\\\/\\\/secure.gravatar.com\\\/avatar\\\/3ea2118a5f7dad2b7138b1187a6b7ee55f160b9968b66013c3a3ef39dd7e5798?s=96&d=mm&r=g\",\"contentUrl\":\"https:\\\/\\\/secure.gravatar.com\\\/avatar\\\/3ea2118a5f7dad2b7138b1187a6b7ee55f160b9968b66013c3a3ef39dd7e5798?s=96&d=mm&r=g\",\"caption\":\"Jeanette\"},\"sameAs\":[\"https:\\\/\\\/www.eldiario.net\\\/portal\"],\"url\":\"https:\\\/\\\/www.eldiario.net\\\/portal\\\/author\\\/jeanette\\\/\"}]}<\/script>\n<!-- \/ Yoast SEO plugin. -->","yoast_head_json":{"title":"La ONU alerta escalada de violencia en Puerto Pr\u00edncipe - El Diario - Bolivia","robots":{"index":"index","follow":"follow","max-snippet":"max-snippet:-1","max-image-preview":"max-image-preview:large","max-video-preview":"max-video-preview:-1"},"canonical":"https:\/\/www.eldiario.net\/portal\/2021\/06\/22\/la-onu-alerta-escalada-de-violencia-en-puerto-principe\/","og_locale":"es_ES","og_type":"article","og_title":"La ONU alerta escalada de violencia en Puerto Pr\u00edncipe - El Diario - Bolivia","og_description":"La Organizaci\u00f3n de Naciones Unidas (ONU) ha expresado su preocupaci\u00f3n por la creciente violencia de grupos armados en Puerto Pr\u00edncipe, responsable de al menos 50 muertes y 13.000 desplazados, en un clima de incertidumbre social y pol\u00edtica que complica la celebraci\u00f3n de los inminentes procesos electorales, incluido el refer\u00e9ndum para reformar la Constituci\u00f3n. La Alta [&hellip;]","og_url":"https:\/\/www.eldiario.net\/portal\/2021\/06\/22\/la-onu-alerta-escalada-de-violencia-en-puerto-principe\/","og_site_name":"El Diario - Bolivia","article_publisher":"https:\/\/www.facebook.com\/eldiario.bolivia\/","article_published_time":"2021-06-22T09:12:57+00:00","author":"Jeanette","twitter_card":"summary_large_image","twitter_creator":"@eldiario_net","twitter_site":"@eldiario_net","twitter_misc":{"Escrito por":"Jeanette","Tiempo de lectura":"3 minutos"},"schema":{"@context":"https:\/\/schema.org","@graph":[{"@type":"Article","@id":"https:\/\/www.eldiario.net\/portal\/2021\/06\/22\/la-onu-alerta-escalada-de-violencia-en-puerto-principe\/#article","isPartOf":{"@id":"https:\/\/www.eldiario.net\/portal\/2021\/06\/22\/la-onu-alerta-escalada-de-violencia-en-puerto-principe\/"},"author":{"name":"Jeanette","@id":"https:\/\/www.eldiario.net\/portal\/#\/schema\/person\/f46445640444750d7d753ccd04ae01b7"},"headline":"La ONU alerta escalada de violencia en Puerto Pr\u00edncipe","datePublished":"2021-06-22T09:12:57+00:00","mainEntityOfPage":{"@id":"https:\/\/www.eldiario.net\/portal\/2021\/06\/22\/la-onu-alerta-escalada-de-violencia-en-puerto-principe\/"},"wordCount":661,"publisher":{"@id":"https:\/\/www.eldiario.net\/portal\/#organization"},"image":{"@id":"https:\/\/www.eldiario.net\/portal\/2021\/06\/22\/la-onu-alerta-escalada-de-violencia-en-puerto-principe\/#primaryimage"},"thumbnailUrl":"","articleSection":["Internacional"],"inLanguage":"es"},{"@type":"WebPage","@id":"https:\/\/www.eldiario.net\/portal\/2021\/06\/22\/la-onu-alerta-escalada-de-violencia-en-puerto-principe\/","url":"https:\/\/www.eldiario.net\/portal\/2021\/06\/22\/la-onu-alerta-escalada-de-violencia-en-puerto-principe\/","name":"La ONU alerta escalada de violencia en Puerto Pr\u00edncipe - El Diario - Bolivia","isPartOf":{"@id":"https:\/\/www.eldiario.net\/portal\/#website"},"primaryImageOfPage":{"@id":"https:\/\/www.eldiario.net\/portal\/2021\/06\/22\/la-onu-alerta-escalada-de-violencia-en-puerto-principe\/#primaryimage"},"image":{"@id":"https:\/\/www.eldiario.net\/portal\/2021\/06\/22\/la-onu-alerta-escalada-de-violencia-en-puerto-principe\/#primaryimage"},"thumbnailUrl":"","datePublished":"2021-06-22T09:12:57+00:00","breadcrumb":{"@id":"https:\/\/www.eldiario.net\/portal\/2021\/06\/22\/la-onu-alerta-escalada-de-violencia-en-puerto-principe\/#breadcrumb"},"inLanguage":"es","potentialAction":[{"@type":"ReadAction","target":["https:\/\/www.eldiario.net\/portal\/2021\/06\/22\/la-onu-alerta-escalada-de-violencia-en-puerto-principe\/"]}]},{"@type":"ImageObject","inLanguage":"es","@id":"https:\/\/www.eldiario.net\/portal\/2021\/06\/22\/la-onu-alerta-escalada-de-violencia-en-puerto-principe\/#primaryimage","url":"","contentUrl":""},{"@type":"BreadcrumbList","@id":"https:\/\/www.eldiario.net\/portal\/2021\/06\/22\/la-onu-alerta-escalada-de-violencia-en-puerto-principe\/#breadcrumb","itemListElement":[{"@type":"ListItem","position":1,"name":"Portada","item":"https:\/\/www.eldiario.net\/portal\/"},{"@type":"ListItem","position":2,"name":"La ONU alerta escalada de violencia en Puerto Pr\u00edncipe"}]},{"@type":"WebSite","@id":"https:\/\/www.eldiario.net\/portal\/#website","url":"https:\/\/www.eldiario.net\/portal\/","name":"El Diario - Decano de la prensa nacional","description":"El Diario - Decano de la prensa nacional","publisher":{"@id":"https:\/\/www.eldiario.net\/portal\/#organization"},"potentialAction":[{"@type":"SearchAction","target":{"@type":"EntryPoint","urlTemplate":"https:\/\/www.eldiario.net\/portal\/?s={search_term_string}"},"query-input":{"@type":"PropertyValueSpecification","valueRequired":true,"valueName":"search_term_string"}}],"inLanguage":"es"},{"@type":"Organization","@id":"https:\/\/www.eldiario.net\/portal\/#organization","name":"El Diario - Decano de la prensa nacional","url":"https:\/\/www.eldiario.net\/portal\/","logo":{"@type":"ImageObject","inLanguage":"es","@id":"https:\/\/www.eldiario.net\/portal\/#\/schema\/logo\/image\/","url":"https:\/\/www.eldiario.net\/portal\/wp-content\/uploads\/2023\/07\/logo_ED.jpg","contentUrl":"https:\/\/www.eldiario.net\/portal\/wp-content\/uploads\/2023\/07\/logo_ED.jpg","width":272,"height":52,"caption":"El Diario - Decano de la prensa nacional"},"image":{"@id":"https:\/\/www.eldiario.net\/portal\/#\/schema\/logo\/image\/"},"sameAs":["https:\/\/www.facebook.com\/eldiario.bolivia\/","https:\/\/x.com\/eldiario_net"]},{"@type":"Person","@id":"https:\/\/www.eldiario.net\/portal\/#\/schema\/person\/f46445640444750d7d753ccd04ae01b7","name":"Jeanette","image":{"@type":"ImageObject","inLanguage":"es","@id":"https:\/\/secure.gravatar.com\/avatar\/3ea2118a5f7dad2b7138b1187a6b7ee55f160b9968b66013c3a3ef39dd7e5798?s=96&d=mm&r=g","url":"https:\/\/secure.gravatar.com\/avatar\/3ea2118a5f7dad2b7138b1187a6b7ee55f160b9968b66013c3a3ef39dd7e5798?s=96&d=mm&r=g","contentUrl":"https:\/\/secure.gravatar.com\/avatar\/3ea2118a5f7dad2b7138b1187a6b7ee55f160b9968b66013c3a3ef39dd7e5798?s=96&d=mm&r=g","caption":"Jeanette"},"sameAs":["https:\/\/www.eldiario.net\/portal"],"url":"https:\/\/www.eldiario.net\/portal\/author\/jeanette\/"}]}},"_links":{"self":[{"href":"https:\/\/www.eldiario.net\/portal\/wp-json\/wp\/v2\/posts\/11968","targetHints":{"allow":["GET"]}}],"collection":[{"href":"https:\/\/www.eldiario.net\/portal\/wp-json\/wp\/v2\/posts"}],"about":[{"href":"https:\/\/www.eldiario.net\/portal\/wp-json\/wp\/v2\/types\/post"}],"author":[{"embeddable":true,"href":"https:\/\/www.eldiario.net\/portal\/wp-json\/wp\/v2\/users\/1"}],"replies":[{"embeddable":true,"href":"https:\/\/www.eldiario.net\/portal\/wp-json\/wp\/v2\/comments?post=11968"}],"version-history":[{"count":0,"href":"https:\/\/www.eldiario.net\/portal\/wp-json\/wp\/v2\/posts\/11968\/revisions"}],"wp:attachment":[{"href":"https:\/\/www.eldiario.net\/portal\/wp-json\/wp\/v2\/media?parent=11968"}],"wp:term":[{"taxonomy":"category","embeddable":true,"href":"https:\/\/www.eldiario.net\/portal\/wp-json\/wp\/v2\/categories?post=11968"},{"taxonomy":"post_tag","embeddable":true,"href":"https:\/\/www.eldiario.net\/portal\/wp-json\/wp\/v2\/tags?post=11968"}],"curies":[{"name":"wp","href":"https:\/\/api.w.org\/{rel}","templated":true}]}}