{"id":11912,"date":"2021-06-21T01:17:26","date_gmt":"2021-06-21T05:17:26","guid":{"rendered":"https:\/\/www.eldiario.net\/portal\/?p=11912"},"modified":"2021-06-21T01:17:26","modified_gmt":"2021-06-21T05:17:26","slug":"ministro-lima-cumpla-su-palabra-y-renuncie","status":"publish","type":"post","link":"https:\/\/www.eldiario.net\/portal\/2021\/06\/21\/ministro-lima-cumpla-su-palabra-y-renuncie\/","title":{"rendered":"\u201cMinistro Lima cumpla su palabra y renuncie\u201d"},"content":{"rendered":"<p>Tras hacerse p\u00fablicos los mensajes y documentos en los que la exdiputada por el Movimiento al Socialismo (MAS) Susana Rivero present\u00f3 su renuncia durante la crisis pol\u00edtica de 2019, opositores pidieron al ministro de Justicia, Iv\u00e1n Lima, dar un paso al costado y dejar el cargo como comprometi\u00f3 en caso de que se compruebe la declinaci\u00f3n de la exparlamentaria.<br \/>\nDespu\u00e9s hacerse p\u00fablico el informe memoria de la Iglesia Cat\u00f3lica sobre el proceso de pacificaci\u00f3n del pa\u00eds en 2019 en el que se se\u00f1ala que existi\u00f3 un vac\u00edo de poder tras la renuncia de legisladores que estaban en la l\u00ednea de la sucesi\u00f3n constitucional, Lima desafi\u00f3 a presentar la renuncia de la exdiputada Rivero, y en caso de que esta situaci\u00f3n se confirme, dejar\u00eda su cargo.<br \/>\nEn las \u00faltimas horas, mediante redes sociales, se han compartido im\u00e1genes que muestran c\u00f3mo la exparlamentaria comparti\u00f3 fotos de su renuncia desde mediante plataformas digitales, por lo que opositores pidieron que el titular de la cartera de Justicia ahora cumpla con su palabra.<br \/>\nEl exdiputado de oposici\u00f3n, Gonzalo Barrientos, manifest\u00f3 que duda que Lima deje el cargo pues para los miembros del actual gobierno no existen c\u00f3digos de \u00e9tica, honor, y menos de respeto a las normas como la Constituci\u00f3n.<br \/>\n\u201cSeguramente no va renunciar, hay c\u00f3digos que est\u00e1n vigentes en este r\u00e9gimen porque para ellos no hay el estado de derecho, no hay la Constituci\u00f3n y peor que cumplan su palabra\u201d, dijo.<br \/>\nPara el diputado por Comunidad Ciudadana, Alberto Astorga, la autoridad debe cumplir con su palabra y dejar el cargo, aunque tambi\u00e9n dud\u00f3 de la palabra de las autoridades del actual r\u00e9gimen.<br \/>\n\u201cLima debe cumplir su palabra y renunciar. Pero conoci\u00e9ndolo a Lima, no lo har\u00e1 porque es parte de su doble discurso. Cuando ha entrado al ministerio dijo que iba a cambiar la justicia, pero lo ha dejado al margen, porque a \u00e9l le interesa solo lavar la cara de su jefe, Evo Morales. Es una persona que no tiene palabra\u201d, refiri\u00f3 Astorga.<br \/>\nEn recientes declaraciones, el ministro Lima se\u00f1al\u00f3 que la captura de una publicaci\u00f3n en redes sociales no puede ser considerada una renuncia formal y que no se puede tomar esto como serio, una renuncia mediante estas plataformas.<br \/>\n\u201cHa habido mucha diputadas, concejales y otras autoridades que han sido obligadas a renunciar, no se puede hablar de que la renuncia se pueda realizar por un tuit, porque la ley lo proh\u00edbe, por ning\u00fan motivo un tuit puede significar una renuncia\u201d manifest\u00f3 la autoridad.<br \/>\nAl respecto, el diputado oficialista, Juanito Angulo, se\u00f1al\u00f3 que no se puede confiar plenamente en mensajes emitidos por redes sociales pues muchas veces esta v\u00eda ha sido utilizada para difundir informaci\u00f3n falsa, por lo que no se ha demostrado que en 2019 se haya producido el vac\u00edo de poder que se denuncia desde la oposici\u00f3n.<br \/>\n\u201cNo juguemos con los sentimientos, no basarnos en aquellos mensajes que salen en las redes. Muchos mensajes en las redes, muchas veces son falsos y otras son verdad, est\u00e1 demostrado que en 2019 no ha habido vac\u00edo de poder, la mentira que han manipulado y la desinformaci\u00f3n sobre eso, siguen queriendo desinformar a la poblaci\u00f3n\u201d, indic\u00f3 el legislador.<\/p>\n<p><img loading=\"lazy\" decoding=\"async\" class=\"aligncenter size-large wp-image-11913\" src=\"https:\/\/www.eldiario.net\/portal\/wp-content\/uploads\/2021\/06\/Pol-201-919x1024.jpg\" alt=\"\" width=\"919\" height=\"1024\" \/><\/p>\n","protected":false},"excerpt":{"rendered":"<p>Tras hacerse p\u00fablicos los mensajes y documentos en los que la exdiputada por el Movimiento al Socialismo (MAS) Susana Rivero present\u00f3 su renuncia durante la crisis pol\u00edtica de 2019, opositores pidieron al ministro de Justicia, Iv\u00e1n Lima, dar un paso al costado y dejar el cargo como comprometi\u00f3 en caso de que se compruebe la [&hellip;]<\/p>\n","protected":false},"author":1,"featured_media":11914,"comment_status":"closed","ping_status":"closed","sticky":false,"template":"","format":"standard","meta":{"_acf_changed":false,"footnotes":""},"categories":[14],"tags":[],"class_list":["post-11912","post","type-post","status-publish","format-standard","has-post-thumbnail","category-politica"],"acf":{"antetitulo":""},"yoast_head":"<!-- This site is optimized with the Yoast SEO plugin v28.4 - https:\/\/yoast.com\/product\/yoast-seo-wordpress\/ -->\n<title>\u201cMinistro Lima cumpla su palabra y renuncie\u201d - El Diario - Bolivia<\/title>\n<meta name=\"robots\" content=\"index, follow, max-snippet:-1, max-image-preview:large, max-video-preview:-1\" \/>\n<link rel=\"canonical\" href=\"https:\/\/www.eldiario.net\/portal\/2021\/06\/21\/ministro-lima-cumpla-su-palabra-y-renuncie\/\" \/>\n<meta property=\"og:locale\" content=\"es_ES\" \/>\n<meta property=\"og:type\" content=\"article\" \/>\n<meta property=\"og:title\" content=\"\u201cMinistro Lima cumpla su palabra y renuncie\u201d - El Diario - Bolivia\" \/>\n<meta property=\"og:description\" content=\"Tras hacerse p\u00fablicos los mensajes y documentos en los que la exdiputada por el Movimiento al Socialismo (MAS) Susana Rivero present\u00f3 su renuncia durante la crisis pol\u00edtica de 2019, opositores pidieron al ministro de Justicia, Iv\u00e1n Lima, dar un paso al costado y dejar el cargo como comprometi\u00f3 en caso de que se compruebe la [&hellip;]\" \/>\n<meta property=\"og:url\" content=\"https:\/\/www.eldiario.net\/portal\/2021\/06\/21\/ministro-lima-cumpla-su-palabra-y-renuncie\/\" \/>\n<meta property=\"og:site_name\" content=\"El Diario - Bolivia\" \/>\n<meta property=\"article:publisher\" content=\"https:\/\/www.facebook.com\/eldiario.bolivia\/\" \/>\n<meta property=\"article:published_time\" content=\"2021-06-21T05:17:26+00:00\" \/>\n<meta property=\"og:image\" content=\"https:\/\/www.eldiario.net\/portal\/wp-content\/uploads\/2021\/06\/Pol-201-1.jpg\" \/>\n\t<meta property=\"og:image:width\" content=\"1\" \/>\n\t<meta property=\"og:image:height\" content=\"1\" \/>\n\t<meta property=\"og:image:type\" content=\"image\/jpeg\" \/>\n<meta name=\"author\" content=\"Jeanette\" \/>\n<meta name=\"twitter:card\" content=\"summary_large_image\" \/>\n<meta name=\"twitter:creator\" content=\"@eldiario_net\" \/>\n<meta name=\"twitter:site\" content=\"@eldiario_net\" \/>\n<meta name=\"twitter:label1\" content=\"Escrito por\" \/>\n\t<meta name=\"twitter:data1\" content=\"Jeanette\" \/>\n\t<meta name=\"twitter:label2\" content=\"Tiempo de lectura\" \/>\n\t<meta name=\"twitter:data2\" content=\"3 minutos\" \/>\n<script type=\"application\/ld+json\" class=\"yoast-schema-graph\">{\"@context\":\"https:\\\/\\\/schema.org\",\"@graph\":[{\"@type\":\"Article\",\"@id\":\"https:\\\/\\\/www.eldiario.net\\\/portal\\\/2021\\\/06\\\/21\\\/ministro-lima-cumpla-su-palabra-y-renuncie\\\/#article\",\"isPartOf\":{\"@id\":\"https:\\\/\\\/www.eldiario.net\\\/portal\\\/2021\\\/06\\\/21\\\/ministro-lima-cumpla-su-palabra-y-renuncie\\\/\"},\"author\":{\"name\":\"Jeanette\",\"@id\":\"https:\\\/\\\/www.eldiario.net\\\/portal\\\/#\\\/schema\\\/person\\\/f46445640444750d7d753ccd04ae01b7\"},\"headline\":\"\u201cMinistro Lima cumpla su palabra y renuncie\u201d\",\"datePublished\":\"2021-06-21T05:17:26+00:00\",\"mainEntityOfPage\":{\"@id\":\"https:\\\/\\\/www.eldiario.net\\\/portal\\\/2021\\\/06\\\/21\\\/ministro-lima-cumpla-su-palabra-y-renuncie\\\/\"},\"wordCount\":567,\"publisher\":{\"@id\":\"https:\\\/\\\/www.eldiario.net\\\/portal\\\/#organization\"},\"image\":{\"@id\":\"https:\\\/\\\/www.eldiario.net\\\/portal\\\/2021\\\/06\\\/21\\\/ministro-lima-cumpla-su-palabra-y-renuncie\\\/#primaryimage\"},\"thumbnailUrl\":\"https:\\\/\\\/www.eldiario.net\\\/portal\\\/wp-content\\\/uploads\\\/2021\\\/06\\\/Pol-201-1.jpg\",\"articleSection\":[\"Pol\u00edtica\"],\"inLanguage\":\"es\"},{\"@type\":\"WebPage\",\"@id\":\"https:\\\/\\\/www.eldiario.net\\\/portal\\\/2021\\\/06\\\/21\\\/ministro-lima-cumpla-su-palabra-y-renuncie\\\/\",\"url\":\"https:\\\/\\\/www.eldiario.net\\\/portal\\\/2021\\\/06\\\/21\\\/ministro-lima-cumpla-su-palabra-y-renuncie\\\/\",\"name\":\"\u201cMinistro Lima cumpla su palabra y renuncie\u201d - El Diario - Bolivia\",\"isPartOf\":{\"@id\":\"https:\\\/\\\/www.eldiario.net\\\/portal\\\/#website\"},\"primaryImageOfPage\":{\"@id\":\"https:\\\/\\\/www.eldiario.net\\\/portal\\\/2021\\\/06\\\/21\\\/ministro-lima-cumpla-su-palabra-y-renuncie\\\/#primaryimage\"},\"image\":{\"@id\":\"https:\\\/\\\/www.eldiario.net\\\/portal\\\/2021\\\/06\\\/21\\\/ministro-lima-cumpla-su-palabra-y-renuncie\\\/#primaryimage\"},\"thumbnailUrl\":\"https:\\\/\\\/www.eldiario.net\\\/portal\\\/wp-content\\\/uploads\\\/2021\\\/06\\\/Pol-201-1.jpg\",\"datePublished\":\"2021-06-21T05:17:26+00:00\",\"breadcrumb\":{\"@id\":\"https:\\\/\\\/www.eldiario.net\\\/portal\\\/2021\\\/06\\\/21\\\/ministro-lima-cumpla-su-palabra-y-renuncie\\\/#breadcrumb\"},\"inLanguage\":\"es\",\"potentialAction\":[{\"@type\":\"ReadAction\",\"target\":[\"https:\\\/\\\/www.eldiario.net\\\/portal\\\/2021\\\/06\\\/21\\\/ministro-lima-cumpla-su-palabra-y-renuncie\\\/\"]}]},{\"@type\":\"ImageObject\",\"inLanguage\":\"es\",\"@id\":\"https:\\\/\\\/www.eldiario.net\\\/portal\\\/2021\\\/06\\\/21\\\/ministro-lima-cumpla-su-palabra-y-renuncie\\\/#primaryimage\",\"url\":\"https:\\\/\\\/www.eldiario.net\\\/portal\\\/wp-content\\\/uploads\\\/2021\\\/06\\\/Pol-201-1.jpg\",\"contentUrl\":\"https:\\\/\\\/www.eldiario.net\\\/portal\\\/wp-content\\\/uploads\\\/2021\\\/06\\\/Pol-201-1.jpg\"},{\"@type\":\"BreadcrumbList\",\"@id\":\"https:\\\/\\\/www.eldiario.net\\\/portal\\\/2021\\\/06\\\/21\\\/ministro-lima-cumpla-su-palabra-y-renuncie\\\/#breadcrumb\",\"itemListElement\":[{\"@type\":\"ListItem\",\"position\":1,\"name\":\"Portada\",\"item\":\"https:\\\/\\\/www.eldiario.net\\\/portal\\\/\"},{\"@type\":\"ListItem\",\"position\":2,\"name\":\"\u201cMinistro Lima cumpla su palabra y renuncie\u201d\"}]},{\"@type\":\"WebSite\",\"@id\":\"https:\\\/\\\/www.eldiario.net\\\/portal\\\/#website\",\"url\":\"https:\\\/\\\/www.eldiario.net\\\/portal\\\/\",\"name\":\"El Diario - Decano de la prensa nacional\",\"description\":\"El Diario - Decano de la prensa nacional\",\"publisher\":{\"@id\":\"https:\\\/\\\/www.eldiario.net\\\/portal\\\/#organization\"},\"potentialAction\":[{\"@type\":\"SearchAction\",\"target\":{\"@type\":\"EntryPoint\",\"urlTemplate\":\"https:\\\/\\\/www.eldiario.net\\\/portal\\\/?s={search_term_string}\"},\"query-input\":{\"@type\":\"PropertyValueSpecification\",\"valueRequired\":true,\"valueName\":\"search_term_string\"}}],\"inLanguage\":\"es\"},{\"@type\":\"Organization\",\"@id\":\"https:\\\/\\\/www.eldiario.net\\\/portal\\\/#organization\",\"name\":\"El Diario - Decano de la prensa nacional\",\"url\":\"https:\\\/\\\/www.eldiario.net\\\/portal\\\/\",\"logo\":{\"@type\":\"ImageObject\",\"inLanguage\":\"es\",\"@id\":\"https:\\\/\\\/www.eldiario.net\\\/portal\\\/#\\\/schema\\\/logo\\\/image\\\/\",\"url\":\"https:\\\/\\\/www.eldiario.net\\\/portal\\\/wp-content\\\/uploads\\\/2023\\\/07\\\/logo_ED.jpg\",\"contentUrl\":\"https:\\\/\\\/www.eldiario.net\\\/portal\\\/wp-content\\\/uploads\\\/2023\\\/07\\\/logo_ED.jpg\",\"width\":272,\"height\":52,\"caption\":\"El Diario - Decano de la prensa nacional\"},\"image\":{\"@id\":\"https:\\\/\\\/www.eldiario.net\\\/portal\\\/#\\\/schema\\\/logo\\\/image\\\/\"},\"sameAs\":[\"https:\\\/\\\/www.facebook.com\\\/eldiario.bolivia\\\/\",\"https:\\\/\\\/x.com\\\/eldiario_net\"]},{\"@type\":\"Person\",\"@id\":\"https:\\\/\\\/www.eldiario.net\\\/portal\\\/#\\\/schema\\\/person\\\/f46445640444750d7d753ccd04ae01b7\",\"name\":\"Jeanette\",\"image\":{\"@type\":\"ImageObject\",\"inLanguage\":\"es\",\"@id\":\"https:\\\/\\\/secure.gravatar.com\\\/avatar\\\/3ea2118a5f7dad2b7138b1187a6b7ee55f160b9968b66013c3a3ef39dd7e5798?s=96&d=mm&r=g\",\"url\":\"https:\\\/\\\/secure.gravatar.com\\\/avatar\\\/3ea2118a5f7dad2b7138b1187a6b7ee55f160b9968b66013c3a3ef39dd7e5798?s=96&d=mm&r=g\",\"contentUrl\":\"https:\\\/\\\/secure.gravatar.com\\\/avatar\\\/3ea2118a5f7dad2b7138b1187a6b7ee55f160b9968b66013c3a3ef39dd7e5798?s=96&d=mm&r=g\",\"caption\":\"Jeanette\"},\"sameAs\":[\"https:\\\/\\\/www.eldiario.net\\\/portal\"],\"url\":\"https:\\\/\\\/www.eldiario.net\\\/portal\\\/author\\\/jeanette\\\/\"}]}<\/script>\n<!-- \/ Yoast SEO plugin. -->","yoast_head_json":{"title":"\u201cMinistro Lima cumpla su palabra y renuncie\u201d - El Diario - Bolivia","robots":{"index":"index","follow":"follow","max-snippet":"max-snippet:-1","max-image-preview":"max-image-preview:large","max-video-preview":"max-video-preview:-1"},"canonical":"https:\/\/www.eldiario.net\/portal\/2021\/06\/21\/ministro-lima-cumpla-su-palabra-y-renuncie\/","og_locale":"es_ES","og_type":"article","og_title":"\u201cMinistro Lima cumpla su palabra y renuncie\u201d - El Diario - Bolivia","og_description":"Tras hacerse p\u00fablicos los mensajes y documentos en los que la exdiputada por el Movimiento al Socialismo (MAS) Susana Rivero present\u00f3 su renuncia durante la crisis pol\u00edtica de 2019, opositores pidieron al ministro de Justicia, Iv\u00e1n Lima, dar un paso al costado y dejar el cargo como comprometi\u00f3 en caso de que se compruebe la [&hellip;]","og_url":"https:\/\/www.eldiario.net\/portal\/2021\/06\/21\/ministro-lima-cumpla-su-palabra-y-renuncie\/","og_site_name":"El Diario - Bolivia","article_publisher":"https:\/\/www.facebook.com\/eldiario.bolivia\/","article_published_time":"2021-06-21T05:17:26+00:00","og_image":[{"url":"https:\/\/www.eldiario.net\/portal\/wp-content\/uploads\/2021\/06\/Pol-201-1.jpg","width":1,"height":1,"type":"image\/jpeg"}],"author":"Jeanette","twitter_card":"summary_large_image","twitter_creator":"@eldiario_net","twitter_site":"@eldiario_net","twitter_misc":{"Escrito por":"Jeanette","Tiempo de lectura":"3 minutos"},"schema":{"@context":"https:\/\/schema.org","@graph":[{"@type":"Article","@id":"https:\/\/www.eldiario.net\/portal\/2021\/06\/21\/ministro-lima-cumpla-su-palabra-y-renuncie\/#article","isPartOf":{"@id":"https:\/\/www.eldiario.net\/portal\/2021\/06\/21\/ministro-lima-cumpla-su-palabra-y-renuncie\/"},"author":{"name":"Jeanette","@id":"https:\/\/www.eldiario.net\/portal\/#\/schema\/person\/f46445640444750d7d753ccd04ae01b7"},"headline":"\u201cMinistro Lima cumpla su palabra y renuncie\u201d","datePublished":"2021-06-21T05:17:26+00:00","mainEntityOfPage":{"@id":"https:\/\/www.eldiario.net\/portal\/2021\/06\/21\/ministro-lima-cumpla-su-palabra-y-renuncie\/"},"wordCount":567,"publisher":{"@id":"https:\/\/www.eldiario.net\/portal\/#organization"},"image":{"@id":"https:\/\/www.eldiario.net\/portal\/2021\/06\/21\/ministro-lima-cumpla-su-palabra-y-renuncie\/#primaryimage"},"thumbnailUrl":"https:\/\/www.eldiario.net\/portal\/wp-content\/uploads\/2021\/06\/Pol-201-1.jpg","articleSection":["Pol\u00edtica"],"inLanguage":"es"},{"@type":"WebPage","@id":"https:\/\/www.eldiario.net\/portal\/2021\/06\/21\/ministro-lima-cumpla-su-palabra-y-renuncie\/","url":"https:\/\/www.eldiario.net\/portal\/2021\/06\/21\/ministro-lima-cumpla-su-palabra-y-renuncie\/","name":"\u201cMinistro Lima cumpla su palabra y renuncie\u201d - El Diario - Bolivia","isPartOf":{"@id":"https:\/\/www.eldiario.net\/portal\/#website"},"primaryImageOfPage":{"@id":"https:\/\/www.eldiario.net\/portal\/2021\/06\/21\/ministro-lima-cumpla-su-palabra-y-renuncie\/#primaryimage"},"image":{"@id":"https:\/\/www.eldiario.net\/portal\/2021\/06\/21\/ministro-lima-cumpla-su-palabra-y-renuncie\/#primaryimage"},"thumbnailUrl":"https:\/\/www.eldiario.net\/portal\/wp-content\/uploads\/2021\/06\/Pol-201-1.jpg","datePublished":"2021-06-21T05:17:26+00:00","breadcrumb":{"@id":"https:\/\/www.eldiario.net\/portal\/2021\/06\/21\/ministro-lima-cumpla-su-palabra-y-renuncie\/#breadcrumb"},"inLanguage":"es","potentialAction":[{"@type":"ReadAction","target":["https:\/\/www.eldiario.net\/portal\/2021\/06\/21\/ministro-lima-cumpla-su-palabra-y-renuncie\/"]}]},{"@type":"ImageObject","inLanguage":"es","@id":"https:\/\/www.eldiario.net\/portal\/2021\/06\/21\/ministro-lima-cumpla-su-palabra-y-renuncie\/#primaryimage","url":"https:\/\/www.eldiario.net\/portal\/wp-content\/uploads\/2021\/06\/Pol-201-1.jpg","contentUrl":"https:\/\/www.eldiario.net\/portal\/wp-content\/uploads\/2021\/06\/Pol-201-1.jpg"},{"@type":"BreadcrumbList","@id":"https:\/\/www.eldiario.net\/portal\/2021\/06\/21\/ministro-lima-cumpla-su-palabra-y-renuncie\/#breadcrumb","itemListElement":[{"@type":"ListItem","position":1,"name":"Portada","item":"https:\/\/www.eldiario.net\/portal\/"},{"@type":"ListItem","position":2,"name":"\u201cMinistro Lima cumpla su palabra y renuncie\u201d"}]},{"@type":"WebSite","@id":"https:\/\/www.eldiario.net\/portal\/#website","url":"https:\/\/www.eldiario.net\/portal\/","name":"El Diario - Decano de la prensa nacional","description":"El Diario - Decano de la prensa nacional","publisher":{"@id":"https:\/\/www.eldiario.net\/portal\/#organization"},"potentialAction":[{"@type":"SearchAction","target":{"@type":"EntryPoint","urlTemplate":"https:\/\/www.eldiario.net\/portal\/?s={search_term_string}"},"query-input":{"@type":"PropertyValueSpecification","valueRequired":true,"valueName":"search_term_string"}}],"inLanguage":"es"},{"@type":"Organization","@id":"https:\/\/www.eldiario.net\/portal\/#organization","name":"El Diario - Decano de la prensa nacional","url":"https:\/\/www.eldiario.net\/portal\/","logo":{"@type":"ImageObject","inLanguage":"es","@id":"https:\/\/www.eldiario.net\/portal\/#\/schema\/logo\/image\/","url":"https:\/\/www.eldiario.net\/portal\/wp-content\/uploads\/2023\/07\/logo_ED.jpg","contentUrl":"https:\/\/www.eldiario.net\/portal\/wp-content\/uploads\/2023\/07\/logo_ED.jpg","width":272,"height":52,"caption":"El Diario - Decano de la prensa nacional"},"image":{"@id":"https:\/\/www.eldiario.net\/portal\/#\/schema\/logo\/image\/"},"sameAs":["https:\/\/www.facebook.com\/eldiario.bolivia\/","https:\/\/x.com\/eldiario_net"]},{"@type":"Person","@id":"https:\/\/www.eldiario.net\/portal\/#\/schema\/person\/f46445640444750d7d753ccd04ae01b7","name":"Jeanette","image":{"@type":"ImageObject","inLanguage":"es","@id":"https:\/\/secure.gravatar.com\/avatar\/3ea2118a5f7dad2b7138b1187a6b7ee55f160b9968b66013c3a3ef39dd7e5798?s=96&d=mm&r=g","url":"https:\/\/secure.gravatar.com\/avatar\/3ea2118a5f7dad2b7138b1187a6b7ee55f160b9968b66013c3a3ef39dd7e5798?s=96&d=mm&r=g","contentUrl":"https:\/\/secure.gravatar.com\/avatar\/3ea2118a5f7dad2b7138b1187a6b7ee55f160b9968b66013c3a3ef39dd7e5798?s=96&d=mm&r=g","caption":"Jeanette"},"sameAs":["https:\/\/www.eldiario.net\/portal"],"url":"https:\/\/www.eldiario.net\/portal\/author\/jeanette\/"}]}},"_links":{"self":[{"href":"https:\/\/www.eldiario.net\/portal\/wp-json\/wp\/v2\/posts\/11912","targetHints":{"allow":["GET"]}}],"collection":[{"href":"https:\/\/www.eldiario.net\/portal\/wp-json\/wp\/v2\/posts"}],"about":[{"href":"https:\/\/www.eldiario.net\/portal\/wp-json\/wp\/v2\/types\/post"}],"author":[{"embeddable":true,"href":"https:\/\/www.eldiario.net\/portal\/wp-json\/wp\/v2\/users\/1"}],"replies":[{"embeddable":true,"href":"https:\/\/www.eldiario.net\/portal\/wp-json\/wp\/v2\/comments?post=11912"}],"version-history":[{"count":0,"href":"https:\/\/www.eldiario.net\/portal\/wp-json\/wp\/v2\/posts\/11912\/revisions"}],"wp:featuredmedia":[{"embeddable":true,"href":"https:\/\/www.eldiario.net\/portal\/wp-json\/wp\/v2\/media\/11914"}],"wp:attachment":[{"href":"https:\/\/www.eldiario.net\/portal\/wp-json\/wp\/v2\/media?parent=11912"}],"wp:term":[{"taxonomy":"category","embeddable":true,"href":"https:\/\/www.eldiario.net\/portal\/wp-json\/wp\/v2\/categories?post=11912"},{"taxonomy":"post_tag","embeddable":true,"href":"https:\/\/www.eldiario.net\/portal\/wp-json\/wp\/v2\/tags?post=11912"}],"curies":[{"name":"wp","href":"https:\/\/api.w.org\/{rel}","templated":true}]}}