{"id":11909,"date":"2021-06-21T01:15:41","date_gmt":"2021-06-21T05:15:41","guid":{"rendered":"https:\/\/www.eldiario.net\/portal\/?p=11909"},"modified":"2021-06-21T01:15:41","modified_gmt":"2021-06-21T05:15:41","slug":"arraigo-contra-ivan-arias-es-principio-de-golpe-municipal","status":"publish","type":"post","link":"https:\/\/www.eldiario.net\/portal\/2021\/06\/21\/arraigo-contra-ivan-arias-es-principio-de-golpe-municipal\/","title":{"rendered":"Arraigo contra Iv\u00e1n Arias es principio de golpe municipal"},"content":{"rendered":"<p>Tras la determinaci\u00f3n judicial de declar<br \/>\nar un arraigo en contra del burgomaestre pace\u00f1o, Iv\u00e1n Arias, el diputado por Comunidad Ciudadana (CC) Alejandro Reyes, denunci\u00f3 que el Movimiento al Socialismo (MAS) intenta perpetrar un golpe municipal en la Sede de Gobierno, mismo que se extender\u00e1 a otros gobiernos subnacionales controlados por la oposici\u00f3n.<br \/>\nReyes sostuvo que las recientes determinaciones de la justicia responden a un juego de poder desde el oficialismo, cuya finalidad es tomar los municipios donde no obtuvo resultados favorables en los pasados comicios.<br \/>\nAdvirti\u00f3 que en caso de lograr controlar el municipio pace\u00f1o, los siguientes objetivos ser\u00e1n Cochabamba y Santa Cruz; adem\u00e1s, de otras alcald\u00edas y gobernaciones en los que fue derrotado en las subnacionales de marzo.<br \/>\n\u201cEste es un juego de poder que est\u00e1 haciendo el MAS para copar el poder por la fuerza y si empiezan por el se\u00f1or Arias, seguramente van a seguir con Cochabamba, Santa Cruz y por todas las autoridades que han sido electas y son de oposici\u00f3n\u201d, dijo.<br \/>\nEl parlamentario cuestion\u00f3 que desde el Gobierno no se comprenda la legitimidad del voto ciudadano que se impuso en las pasadas elecciones subnacionales, en las que el soberano neg\u00f3 al partido gobernante ocupar m\u00e1s espacios de poder, por lo que ahora se intenta desestabilizar la gesti\u00f3n de municipios y gobernaciones de oposici\u00f3n.<br \/>\nPara el exdiputado Gonzalo Barrientos, la determinaci\u00f3n del arraigo en contra de Arias ser\u00e1 una grave complicaci\u00f3n para que la autoridad pueda realizar gestiones en la adquisici\u00f3n de vacunas y otras negociaciones que busquen beneficiar a la sede de Gobierno.<br \/>\n\u201cYa se ha ido por el arraigo, esto significa que un Alcalde de La Paz no va a poder salir del pa\u00eds para hacer gesti\u00f3n, no conformes con eso, la Fiscal\u00eda ahora est\u00e1 planteando que se revise esta decisi\u00f3n y se vaya por una detenci\u00f3n domiciliaria que lo \u00fanico que va hacer es consumar un golpe municipal\u201d, se\u00f1al\u00f3 Barrientos.<br \/>\nDesde el oficialismo, el diputado Juanito Angulo manifest\u00f3 que existen varias exautoridades implicadas en actos de corrupci\u00f3n, por lo que deben responder a la justicia y eso no es responsabilidad del MAS o de la ciudadan\u00eda de La Paz.<\/p>\n","protected":false},"excerpt":{"rendered":"<p>Tras la determinaci\u00f3n judicial de declar ar un arraigo en contra del burgomaestre pace\u00f1o, Iv\u00e1n Arias, el diputado por Comunidad Ciudadana (CC) Alejandro Reyes, denunci\u00f3 que el Movimiento al Socialismo (MAS) intenta perpetrar un golpe municipal en la Sede de Gobierno, mismo que se extender\u00e1 a otros gobiernos subnacionales controlados por la oposici\u00f3n. Reyes sostuvo [&hellip;]<\/p>\n","protected":false},"author":1,"featured_media":11910,"comment_status":"closed","ping_status":"closed","sticky":false,"template":"","format":"standard","meta":{"_acf_changed":false,"footnotes":""},"categories":[14],"tags":[],"class_list":["post-11909","post","type-post","status-publish","format-standard","has-post-thumbnail","category-politica"],"acf":{"antetitulo":""},"yoast_head":"<!-- This site is optimized with the Yoast SEO plugin v28.4 - https:\/\/yoast.com\/product\/yoast-seo-wordpress\/ -->\n<title>Arraigo contra Iv\u00e1n Arias es principio de golpe municipal - El Diario - Bolivia<\/title>\n<meta name=\"robots\" content=\"index, follow, max-snippet:-1, max-image-preview:large, max-video-preview:-1\" \/>\n<link rel=\"canonical\" href=\"https:\/\/www.eldiario.net\/portal\/2021\/06\/21\/arraigo-contra-ivan-arias-es-principio-de-golpe-municipal\/\" \/>\n<meta property=\"og:locale\" content=\"es_ES\" \/>\n<meta property=\"og:type\" content=\"article\" \/>\n<meta property=\"og:title\" content=\"Arraigo contra Iv\u00e1n Arias es principio de golpe municipal - El Diario - Bolivia\" \/>\n<meta property=\"og:description\" content=\"Tras la determinaci\u00f3n judicial de declar ar un arraigo en contra del burgomaestre pace\u00f1o, Iv\u00e1n Arias, el diputado por Comunidad Ciudadana (CC) Alejandro Reyes, denunci\u00f3 que el Movimiento al Socialismo (MAS) intenta perpetrar un golpe municipal en la Sede de Gobierno, mismo que se extender\u00e1 a otros gobiernos subnacionales controlados por la oposici\u00f3n. Reyes sostuvo [&hellip;]\" \/>\n<meta property=\"og:url\" content=\"https:\/\/www.eldiario.net\/portal\/2021\/06\/21\/arraigo-contra-ivan-arias-es-principio-de-golpe-municipal\/\" \/>\n<meta property=\"og:site_name\" content=\"El Diario - Bolivia\" \/>\n<meta property=\"article:publisher\" content=\"https:\/\/www.facebook.com\/eldiario.bolivia\/\" \/>\n<meta property=\"article:published_time\" content=\"2021-06-21T05:15:41+00:00\" \/>\n<meta name=\"author\" content=\"Jeanette\" \/>\n<meta name=\"twitter:card\" content=\"summary_large_image\" \/>\n<meta name=\"twitter:creator\" content=\"@eldiario_net\" \/>\n<meta name=\"twitter:site\" content=\"@eldiario_net\" \/>\n<meta name=\"twitter:label1\" content=\"Escrito por\" \/>\n\t<meta name=\"twitter:data1\" content=\"Jeanette\" \/>\n\t<meta name=\"twitter:label2\" content=\"Tiempo de lectura\" \/>\n\t<meta name=\"twitter:data2\" content=\"2 minutos\" \/>\n<script type=\"application\/ld+json\" class=\"yoast-schema-graph\">{\"@context\":\"https:\\\/\\\/schema.org\",\"@graph\":[{\"@type\":\"Article\",\"@id\":\"https:\\\/\\\/www.eldiario.net\\\/portal\\\/2021\\\/06\\\/21\\\/arraigo-contra-ivan-arias-es-principio-de-golpe-municipal\\\/#article\",\"isPartOf\":{\"@id\":\"https:\\\/\\\/www.eldiario.net\\\/portal\\\/2021\\\/06\\\/21\\\/arraigo-contra-ivan-arias-es-principio-de-golpe-municipal\\\/\"},\"author\":{\"name\":\"Jeanette\",\"@id\":\"https:\\\/\\\/www.eldiario.net\\\/portal\\\/#\\\/schema\\\/person\\\/f46445640444750d7d753ccd04ae01b7\"},\"headline\":\"Arraigo contra Iv\u00e1n Arias es principio de golpe municipal\",\"datePublished\":\"2021-06-21T05:15:41+00:00\",\"mainEntityOfPage\":{\"@id\":\"https:\\\/\\\/www.eldiario.net\\\/portal\\\/2021\\\/06\\\/21\\\/arraigo-contra-ivan-arias-es-principio-de-golpe-municipal\\\/\"},\"wordCount\":391,\"publisher\":{\"@id\":\"https:\\\/\\\/www.eldiario.net\\\/portal\\\/#organization\"},\"image\":{\"@id\":\"https:\\\/\\\/www.eldiario.net\\\/portal\\\/2021\\\/06\\\/21\\\/arraigo-contra-ivan-arias-es-principio-de-golpe-municipal\\\/#primaryimage\"},\"thumbnailUrl\":\"\",\"articleSection\":[\"Pol\u00edtica\"],\"inLanguage\":\"es\"},{\"@type\":\"WebPage\",\"@id\":\"https:\\\/\\\/www.eldiario.net\\\/portal\\\/2021\\\/06\\\/21\\\/arraigo-contra-ivan-arias-es-principio-de-golpe-municipal\\\/\",\"url\":\"https:\\\/\\\/www.eldiario.net\\\/portal\\\/2021\\\/06\\\/21\\\/arraigo-contra-ivan-arias-es-principio-de-golpe-municipal\\\/\",\"name\":\"Arraigo contra Iv\u00e1n Arias es principio de golpe municipal - El Diario - Bolivia\",\"isPartOf\":{\"@id\":\"https:\\\/\\\/www.eldiario.net\\\/portal\\\/#website\"},\"primaryImageOfPage\":{\"@id\":\"https:\\\/\\\/www.eldiario.net\\\/portal\\\/2021\\\/06\\\/21\\\/arraigo-contra-ivan-arias-es-principio-de-golpe-municipal\\\/#primaryimage\"},\"image\":{\"@id\":\"https:\\\/\\\/www.eldiario.net\\\/portal\\\/2021\\\/06\\\/21\\\/arraigo-contra-ivan-arias-es-principio-de-golpe-municipal\\\/#primaryimage\"},\"thumbnailUrl\":\"\",\"datePublished\":\"2021-06-21T05:15:41+00:00\",\"breadcrumb\":{\"@id\":\"https:\\\/\\\/www.eldiario.net\\\/portal\\\/2021\\\/06\\\/21\\\/arraigo-contra-ivan-arias-es-principio-de-golpe-municipal\\\/#breadcrumb\"},\"inLanguage\":\"es\",\"potentialAction\":[{\"@type\":\"ReadAction\",\"target\":[\"https:\\\/\\\/www.eldiario.net\\\/portal\\\/2021\\\/06\\\/21\\\/arraigo-contra-ivan-arias-es-principio-de-golpe-municipal\\\/\"]}]},{\"@type\":\"ImageObject\",\"inLanguage\":\"es\",\"@id\":\"https:\\\/\\\/www.eldiario.net\\\/portal\\\/2021\\\/06\\\/21\\\/arraigo-contra-ivan-arias-es-principio-de-golpe-municipal\\\/#primaryimage\",\"url\":\"\",\"contentUrl\":\"\"},{\"@type\":\"BreadcrumbList\",\"@id\":\"https:\\\/\\\/www.eldiario.net\\\/portal\\\/2021\\\/06\\\/21\\\/arraigo-contra-ivan-arias-es-principio-de-golpe-municipal\\\/#breadcrumb\",\"itemListElement\":[{\"@type\":\"ListItem\",\"position\":1,\"name\":\"Portada\",\"item\":\"https:\\\/\\\/www.eldiario.net\\\/portal\\\/\"},{\"@type\":\"ListItem\",\"position\":2,\"name\":\"Arraigo contra Iv\u00e1n Arias es principio de golpe municipal\"}]},{\"@type\":\"WebSite\",\"@id\":\"https:\\\/\\\/www.eldiario.net\\\/portal\\\/#website\",\"url\":\"https:\\\/\\\/www.eldiario.net\\\/portal\\\/\",\"name\":\"El Diario - Decano de la prensa nacional\",\"description\":\"El Diario - Decano de la prensa nacional\",\"publisher\":{\"@id\":\"https:\\\/\\\/www.eldiario.net\\\/portal\\\/#organization\"},\"potentialAction\":[{\"@type\":\"SearchAction\",\"target\":{\"@type\":\"EntryPoint\",\"urlTemplate\":\"https:\\\/\\\/www.eldiario.net\\\/portal\\\/?s={search_term_string}\"},\"query-input\":{\"@type\":\"PropertyValueSpecification\",\"valueRequired\":true,\"valueName\":\"search_term_string\"}}],\"inLanguage\":\"es\"},{\"@type\":\"Organization\",\"@id\":\"https:\\\/\\\/www.eldiario.net\\\/portal\\\/#organization\",\"name\":\"El Diario - Decano de la prensa nacional\",\"url\":\"https:\\\/\\\/www.eldiario.net\\\/portal\\\/\",\"logo\":{\"@type\":\"ImageObject\",\"inLanguage\":\"es\",\"@id\":\"https:\\\/\\\/www.eldiario.net\\\/portal\\\/#\\\/schema\\\/logo\\\/image\\\/\",\"url\":\"https:\\\/\\\/www.eldiario.net\\\/portal\\\/wp-content\\\/uploads\\\/2023\\\/07\\\/logo_ED.jpg\",\"contentUrl\":\"https:\\\/\\\/www.eldiario.net\\\/portal\\\/wp-content\\\/uploads\\\/2023\\\/07\\\/logo_ED.jpg\",\"width\":272,\"height\":52,\"caption\":\"El Diario - Decano de la prensa nacional\"},\"image\":{\"@id\":\"https:\\\/\\\/www.eldiario.net\\\/portal\\\/#\\\/schema\\\/logo\\\/image\\\/\"},\"sameAs\":[\"https:\\\/\\\/www.facebook.com\\\/eldiario.bolivia\\\/\",\"https:\\\/\\\/x.com\\\/eldiario_net\"]},{\"@type\":\"Person\",\"@id\":\"https:\\\/\\\/www.eldiario.net\\\/portal\\\/#\\\/schema\\\/person\\\/f46445640444750d7d753ccd04ae01b7\",\"name\":\"Jeanette\",\"image\":{\"@type\":\"ImageObject\",\"inLanguage\":\"es\",\"@id\":\"https:\\\/\\\/secure.gravatar.com\\\/avatar\\\/3ea2118a5f7dad2b7138b1187a6b7ee55f160b9968b66013c3a3ef39dd7e5798?s=96&d=mm&r=g\",\"url\":\"https:\\\/\\\/secure.gravatar.com\\\/avatar\\\/3ea2118a5f7dad2b7138b1187a6b7ee55f160b9968b66013c3a3ef39dd7e5798?s=96&d=mm&r=g\",\"contentUrl\":\"https:\\\/\\\/secure.gravatar.com\\\/avatar\\\/3ea2118a5f7dad2b7138b1187a6b7ee55f160b9968b66013c3a3ef39dd7e5798?s=96&d=mm&r=g\",\"caption\":\"Jeanette\"},\"sameAs\":[\"https:\\\/\\\/www.eldiario.net\\\/portal\"],\"url\":\"https:\\\/\\\/www.eldiario.net\\\/portal\\\/author\\\/jeanette\\\/\"}]}<\/script>\n<!-- \/ Yoast SEO plugin. -->","yoast_head_json":{"title":"Arraigo contra Iv\u00e1n Arias es principio de golpe municipal - El Diario - Bolivia","robots":{"index":"index","follow":"follow","max-snippet":"max-snippet:-1","max-image-preview":"max-image-preview:large","max-video-preview":"max-video-preview:-1"},"canonical":"https:\/\/www.eldiario.net\/portal\/2021\/06\/21\/arraigo-contra-ivan-arias-es-principio-de-golpe-municipal\/","og_locale":"es_ES","og_type":"article","og_title":"Arraigo contra Iv\u00e1n Arias es principio de golpe municipal - El Diario - Bolivia","og_description":"Tras la determinaci\u00f3n judicial de declar ar un arraigo en contra del burgomaestre pace\u00f1o, Iv\u00e1n Arias, el diputado por Comunidad Ciudadana (CC) Alejandro Reyes, denunci\u00f3 que el Movimiento al Socialismo (MAS) intenta perpetrar un golpe municipal en la Sede de Gobierno, mismo que se extender\u00e1 a otros gobiernos subnacionales controlados por la oposici\u00f3n. Reyes sostuvo [&hellip;]","og_url":"https:\/\/www.eldiario.net\/portal\/2021\/06\/21\/arraigo-contra-ivan-arias-es-principio-de-golpe-municipal\/","og_site_name":"El Diario - Bolivia","article_publisher":"https:\/\/www.facebook.com\/eldiario.bolivia\/","article_published_time":"2021-06-21T05:15:41+00:00","author":"Jeanette","twitter_card":"summary_large_image","twitter_creator":"@eldiario_net","twitter_site":"@eldiario_net","twitter_misc":{"Escrito por":"Jeanette","Tiempo de lectura":"2 minutos"},"schema":{"@context":"https:\/\/schema.org","@graph":[{"@type":"Article","@id":"https:\/\/www.eldiario.net\/portal\/2021\/06\/21\/arraigo-contra-ivan-arias-es-principio-de-golpe-municipal\/#article","isPartOf":{"@id":"https:\/\/www.eldiario.net\/portal\/2021\/06\/21\/arraigo-contra-ivan-arias-es-principio-de-golpe-municipal\/"},"author":{"name":"Jeanette","@id":"https:\/\/www.eldiario.net\/portal\/#\/schema\/person\/f46445640444750d7d753ccd04ae01b7"},"headline":"Arraigo contra Iv\u00e1n Arias es principio de golpe municipal","datePublished":"2021-06-21T05:15:41+00:00","mainEntityOfPage":{"@id":"https:\/\/www.eldiario.net\/portal\/2021\/06\/21\/arraigo-contra-ivan-arias-es-principio-de-golpe-municipal\/"},"wordCount":391,"publisher":{"@id":"https:\/\/www.eldiario.net\/portal\/#organization"},"image":{"@id":"https:\/\/www.eldiario.net\/portal\/2021\/06\/21\/arraigo-contra-ivan-arias-es-principio-de-golpe-municipal\/#primaryimage"},"thumbnailUrl":"","articleSection":["Pol\u00edtica"],"inLanguage":"es"},{"@type":"WebPage","@id":"https:\/\/www.eldiario.net\/portal\/2021\/06\/21\/arraigo-contra-ivan-arias-es-principio-de-golpe-municipal\/","url":"https:\/\/www.eldiario.net\/portal\/2021\/06\/21\/arraigo-contra-ivan-arias-es-principio-de-golpe-municipal\/","name":"Arraigo contra Iv\u00e1n Arias es principio de golpe municipal - El Diario - Bolivia","isPartOf":{"@id":"https:\/\/www.eldiario.net\/portal\/#website"},"primaryImageOfPage":{"@id":"https:\/\/www.eldiario.net\/portal\/2021\/06\/21\/arraigo-contra-ivan-arias-es-principio-de-golpe-municipal\/#primaryimage"},"image":{"@id":"https:\/\/www.eldiario.net\/portal\/2021\/06\/21\/arraigo-contra-ivan-arias-es-principio-de-golpe-municipal\/#primaryimage"},"thumbnailUrl":"","datePublished":"2021-06-21T05:15:41+00:00","breadcrumb":{"@id":"https:\/\/www.eldiario.net\/portal\/2021\/06\/21\/arraigo-contra-ivan-arias-es-principio-de-golpe-municipal\/#breadcrumb"},"inLanguage":"es","potentialAction":[{"@type":"ReadAction","target":["https:\/\/www.eldiario.net\/portal\/2021\/06\/21\/arraigo-contra-ivan-arias-es-principio-de-golpe-municipal\/"]}]},{"@type":"ImageObject","inLanguage":"es","@id":"https:\/\/www.eldiario.net\/portal\/2021\/06\/21\/arraigo-contra-ivan-arias-es-principio-de-golpe-municipal\/#primaryimage","url":"","contentUrl":""},{"@type":"BreadcrumbList","@id":"https:\/\/www.eldiario.net\/portal\/2021\/06\/21\/arraigo-contra-ivan-arias-es-principio-de-golpe-municipal\/#breadcrumb","itemListElement":[{"@type":"ListItem","position":1,"name":"Portada","item":"https:\/\/www.eldiario.net\/portal\/"},{"@type":"ListItem","position":2,"name":"Arraigo contra Iv\u00e1n Arias es principio de golpe municipal"}]},{"@type":"WebSite","@id":"https:\/\/www.eldiario.net\/portal\/#website","url":"https:\/\/www.eldiario.net\/portal\/","name":"El Diario - Decano de la prensa nacional","description":"El Diario - Decano de la prensa nacional","publisher":{"@id":"https:\/\/www.eldiario.net\/portal\/#organization"},"potentialAction":[{"@type":"SearchAction","target":{"@type":"EntryPoint","urlTemplate":"https:\/\/www.eldiario.net\/portal\/?s={search_term_string}"},"query-input":{"@type":"PropertyValueSpecification","valueRequired":true,"valueName":"search_term_string"}}],"inLanguage":"es"},{"@type":"Organization","@id":"https:\/\/www.eldiario.net\/portal\/#organization","name":"El Diario - Decano de la prensa nacional","url":"https:\/\/www.eldiario.net\/portal\/","logo":{"@type":"ImageObject","inLanguage":"es","@id":"https:\/\/www.eldiario.net\/portal\/#\/schema\/logo\/image\/","url":"https:\/\/www.eldiario.net\/portal\/wp-content\/uploads\/2023\/07\/logo_ED.jpg","contentUrl":"https:\/\/www.eldiario.net\/portal\/wp-content\/uploads\/2023\/07\/logo_ED.jpg","width":272,"height":52,"caption":"El Diario - Decano de la prensa nacional"},"image":{"@id":"https:\/\/www.eldiario.net\/portal\/#\/schema\/logo\/image\/"},"sameAs":["https:\/\/www.facebook.com\/eldiario.bolivia\/","https:\/\/x.com\/eldiario_net"]},{"@type":"Person","@id":"https:\/\/www.eldiario.net\/portal\/#\/schema\/person\/f46445640444750d7d753ccd04ae01b7","name":"Jeanette","image":{"@type":"ImageObject","inLanguage":"es","@id":"https:\/\/secure.gravatar.com\/avatar\/3ea2118a5f7dad2b7138b1187a6b7ee55f160b9968b66013c3a3ef39dd7e5798?s=96&d=mm&r=g","url":"https:\/\/secure.gravatar.com\/avatar\/3ea2118a5f7dad2b7138b1187a6b7ee55f160b9968b66013c3a3ef39dd7e5798?s=96&d=mm&r=g","contentUrl":"https:\/\/secure.gravatar.com\/avatar\/3ea2118a5f7dad2b7138b1187a6b7ee55f160b9968b66013c3a3ef39dd7e5798?s=96&d=mm&r=g","caption":"Jeanette"},"sameAs":["https:\/\/www.eldiario.net\/portal"],"url":"https:\/\/www.eldiario.net\/portal\/author\/jeanette\/"}]}},"_links":{"self":[{"href":"https:\/\/www.eldiario.net\/portal\/wp-json\/wp\/v2\/posts\/11909","targetHints":{"allow":["GET"]}}],"collection":[{"href":"https:\/\/www.eldiario.net\/portal\/wp-json\/wp\/v2\/posts"}],"about":[{"href":"https:\/\/www.eldiario.net\/portal\/wp-json\/wp\/v2\/types\/post"}],"author":[{"embeddable":true,"href":"https:\/\/www.eldiario.net\/portal\/wp-json\/wp\/v2\/users\/1"}],"replies":[{"embeddable":true,"href":"https:\/\/www.eldiario.net\/portal\/wp-json\/wp\/v2\/comments?post=11909"}],"version-history":[{"count":0,"href":"https:\/\/www.eldiario.net\/portal\/wp-json\/wp\/v2\/posts\/11909\/revisions"}],"wp:attachment":[{"href":"https:\/\/www.eldiario.net\/portal\/wp-json\/wp\/v2\/media?parent=11909"}],"wp:term":[{"taxonomy":"category","embeddable":true,"href":"https:\/\/www.eldiario.net\/portal\/wp-json\/wp\/v2\/categories?post=11909"},{"taxonomy":"post_tag","embeddable":true,"href":"https:\/\/www.eldiario.net\/portal\/wp-json\/wp\/v2\/tags?post=11909"}],"curies":[{"name":"wp","href":"https:\/\/api.w.org\/{rel}","templated":true}]}}