{"id":11906,"date":"2021-06-21T01:14:28","date_gmt":"2021-06-21T05:14:28","guid":{"rendered":"https:\/\/www.eldiario.net\/portal\/?p=11906"},"modified":"2021-06-21T01:14:28","modified_gmt":"2021-06-21T05:14:28","slug":"traumas-y-depresion-afectan-al-personal-de-salud-en-tercera-ola","status":"publish","type":"post","link":"https:\/\/www.eldiario.net\/portal\/2021\/06\/21\/traumas-y-depresion-afectan-al-personal-de-salud-en-tercera-ola\/","title":{"rendered":"Traumas y depresi\u00f3n afectan al  personal de salud en tercera ola"},"content":{"rendered":"<p>Un a\u00f1o y tres meses que Bolivia enfrenta la pandemia con cifras que crecen a diario y con un personal de salud agotado, que sin descanso y con recursos limitados contiene esta emergencia sanitaria. A la par, se suma la depresi\u00f3n y traumas de este sector por la atenci\u00f3n a pacientes con covid-19.<br \/>\n\u201cTenemos un proceso de depresi\u00f3n, porque ponemos de nuestra parte en cada paciente, pero muchas veces no logramos salvarlos. Estamos muy agotados y deprimidos, pero tambi\u00e9n sabemos que nos hemos preparado para este tipo de emergencias\u201d, detalla a ANF el m\u00e9dico cirujano Jes\u00fas Moscoso, que actualmente atiende casos de covid-19 en la ciudad de Trinidad.<br \/>\nEl m\u00e9dico explica que a estos s\u00edntomas depresivos y malestar psicol\u00f3gico que se producen durante la pandemia de covid-19 en el sector de salud se suma la inestabilidad laboral.<br \/>\n\u201cMuchas personas que trabajan en el \u00e1rea de atenci\u00f3n, como m\u00e9dicos y enfermeros no tienen estabilidad laboral ni salarios. Desde hace seis meses en Trinidad no se les paga un salario y eso les genera m\u00e1s preocupaci\u00f3n y depresi\u00f3n, es una situaci\u00f3n muy preocupante\u201d.<br \/>\nY un temor tambi\u00e9n permanente en este sector, seg\u00fan afirma, es a enfermar, a contagiar a los familiares o a morir.<br \/>\nUn estudio detalla que el malestar psicol\u00f3gico, depresi\u00f3n leve o moderado a grave son algunas de las consecuencias del impacto de la pandemia del covid-19 en la salud mental de los trabajadores de centros asistenciales.<br \/>\nEste estudio fue elaborado por las universidades de Harvard en Boston, Columbia en Nueva York, de Tulane en Nueva Orleans y la Universidad de Pensilvania en Filadelfia y detalla las consecuencias que enfrenta el personal de salud por la atenci\u00f3n a pacientes con covid-19 en un levantamiento de datos en aproximadamente 32 pa\u00edses.<br \/>\n\u201cEl malestar psicol\u00f3gico y depresi\u00f3n fueron m\u00e1s comunes en adultos menores de 34 a\u00f1os, m\u00e9dicos, personas con licenciaturas o estudios de postgrado y trabajadores del sector p\u00fablico. Factores como el contacto con pacientes con covid-19, insuficiente equipo de protecci\u00f3n personal y preocupaci\u00f3n por infecci\u00f3n con covid-19 fueron asociados a malestar psicol\u00f3gico y depresi\u00f3n\u201d, detallan los expertos de este estudio a trav\u00e9s de un comunicado.<br \/>\nHace unos d\u00edas, el presidente del Colegio M\u00e9dico de Bolivia, Luis Larrea, inform\u00f3 que en esta tercera ola fallecieron cerca de 50 m\u00e9dicos (varones y mujeres) a causa del covid-19 y contagiados mientras encaminaban su trabajo de atenci\u00f3n de la pandemia en sus respectivos centros de salud.<br \/>\nEsta situaci\u00f3n llev\u00f3 a los representantes de este sector a pedir el repliegue del personal de salud en centros que no cuentan con las condiciones necesarias de protecci\u00f3n y atenci\u00f3n.<br \/>\nDecenas de especialistas y residentes en hospitales usan las redes sociales para pedir a la poblaci\u00f3n que mantenga las medidas de bioseguridad de manera disciplinada y as\u00ed evitar un colapso mayor en el sistema de salud.<br \/>\nYa en marzo de este a\u00f1o, un estudio de Amnist\u00eda Internacional, Internacional de Servicios P\u00fablicos (ISP) y UNI Global Union, determin\u00f3 que al menos 17.000 profesionales de la salud han fallecido por covid-19 en esta gesti\u00f3n, por lo que se inst\u00f3 a adoptar medidas urgentes para acelerar la vacunaci\u00f3n de millones de profesionales sanitarios de primera l\u00ednea en todo el mundo.<br \/>\n\u201cCada 30 minutos muere de covid-19 un trabajador o trabajadora de la salud. Es una tragedia y una injusticia. El personal sanitario de todo el mundo ha arriesgado su vida para intentar protegernos frente al covid-19 y, sin embargo, en demasiados casos lo han hecho sin contar con protecci\u00f3n alguna, y han pagado el peor precio por ello\u201d, afirma Steve Cockburn, director de Justicia Econ\u00f3mica y Social de Amnist\u00eda Internacional, reflej\u00f3 ANF.<br \/>\n\u201cSeguimos en primera l\u00ednea, seguimos dando nuestra vida por el pa\u00eds\u201d, dijo hace unos d\u00edas, Luis Larrea, presidente del Colegio M\u00e9dico de Bolivia, al momento de exigir mejores condiciones para el personal de salud y garantizar la adquisici\u00f3n de vacunas para todo el pa\u00eds.<\/p>\n","protected":false},"excerpt":{"rendered":"<p>Un a\u00f1o y tres meses que Bolivia enfrenta la pandemia con cifras que crecen a diario y con un personal de salud agotado, que sin descanso y con recursos limitados contiene esta emergencia sanitaria. A la par, se suma la depresi\u00f3n y traumas de este sector por la atenci\u00f3n a pacientes con covid-19. \u201cTenemos un [&hellip;]<\/p>\n","protected":false},"author":1,"featured_media":11907,"comment_status":"closed","ping_status":"closed","sticky":false,"template":"","format":"standard","meta":{"_acf_changed":false,"footnotes":""},"categories":[12],"tags":[],"class_list":["post-11906","post","type-post","status-publish","format-standard","has-post-thumbnail","category-nacional"],"acf":{"antetitulo":""},"yoast_head":"<!-- This site is optimized with the Yoast SEO plugin v28.4 - https:\/\/yoast.com\/product\/yoast-seo-wordpress\/ -->\n<title>Traumas y depresi\u00f3n afectan al personal de salud en tercera ola - El Diario - Bolivia<\/title>\n<meta name=\"robots\" content=\"index, follow, max-snippet:-1, max-image-preview:large, max-video-preview:-1\" \/>\n<link rel=\"canonical\" href=\"https:\/\/www.eldiario.net\/portal\/2021\/06\/21\/traumas-y-depresion-afectan-al-personal-de-salud-en-tercera-ola\/\" \/>\n<meta property=\"og:locale\" content=\"es_ES\" \/>\n<meta property=\"og:type\" content=\"article\" \/>\n<meta property=\"og:title\" content=\"Traumas y depresi\u00f3n afectan al personal de salud en tercera ola - El Diario - Bolivia\" \/>\n<meta property=\"og:description\" content=\"Un a\u00f1o y tres meses que Bolivia enfrenta la pandemia con cifras que crecen a diario y con un personal de salud agotado, que sin descanso y con recursos limitados contiene esta emergencia sanitaria. A la par, se suma la depresi\u00f3n y traumas de este sector por la atenci\u00f3n a pacientes con covid-19. \u201cTenemos un [&hellip;]\" \/>\n<meta property=\"og:url\" content=\"https:\/\/www.eldiario.net\/portal\/2021\/06\/21\/traumas-y-depresion-afectan-al-personal-de-salud-en-tercera-ola\/\" \/>\n<meta property=\"og:site_name\" content=\"El Diario - Bolivia\" \/>\n<meta property=\"article:publisher\" content=\"https:\/\/www.facebook.com\/eldiario.bolivia\/\" \/>\n<meta property=\"article:published_time\" content=\"2021-06-21T05:14:28+00:00\" \/>\n<meta name=\"author\" content=\"Jeanette\" \/>\n<meta name=\"twitter:card\" content=\"summary_large_image\" \/>\n<meta name=\"twitter:creator\" content=\"@eldiario_net\" \/>\n<meta name=\"twitter:site\" content=\"@eldiario_net\" \/>\n<meta name=\"twitter:label1\" content=\"Escrito por\" \/>\n\t<meta name=\"twitter:data1\" content=\"Jeanette\" \/>\n\t<meta name=\"twitter:label2\" content=\"Tiempo de lectura\" \/>\n\t<meta name=\"twitter:data2\" content=\"3 minutos\" \/>\n<script type=\"application\/ld+json\" class=\"yoast-schema-graph\">{\"@context\":\"https:\\\/\\\/schema.org\",\"@graph\":[{\"@type\":\"Article\",\"@id\":\"https:\\\/\\\/www.eldiario.net\\\/portal\\\/2021\\\/06\\\/21\\\/traumas-y-depresion-afectan-al-personal-de-salud-en-tercera-ola\\\/#article\",\"isPartOf\":{\"@id\":\"https:\\\/\\\/www.eldiario.net\\\/portal\\\/2021\\\/06\\\/21\\\/traumas-y-depresion-afectan-al-personal-de-salud-en-tercera-ola\\\/\"},\"author\":{\"name\":\"Jeanette\",\"@id\":\"https:\\\/\\\/www.eldiario.net\\\/portal\\\/#\\\/schema\\\/person\\\/f46445640444750d7d753ccd04ae01b7\"},\"headline\":\"Traumas y depresi\u00f3n afectan al personal de salud en tercera ola\",\"datePublished\":\"2021-06-21T05:14:28+00:00\",\"mainEntityOfPage\":{\"@id\":\"https:\\\/\\\/www.eldiario.net\\\/portal\\\/2021\\\/06\\\/21\\\/traumas-y-depresion-afectan-al-personal-de-salud-en-tercera-ola\\\/\"},\"wordCount\":708,\"publisher\":{\"@id\":\"https:\\\/\\\/www.eldiario.net\\\/portal\\\/#organization\"},\"image\":{\"@id\":\"https:\\\/\\\/www.eldiario.net\\\/portal\\\/2021\\\/06\\\/21\\\/traumas-y-depresion-afectan-al-personal-de-salud-en-tercera-ola\\\/#primaryimage\"},\"thumbnailUrl\":\"\",\"articleSection\":[\"Nacional\"],\"inLanguage\":\"es\"},{\"@type\":\"WebPage\",\"@id\":\"https:\\\/\\\/www.eldiario.net\\\/portal\\\/2021\\\/06\\\/21\\\/traumas-y-depresion-afectan-al-personal-de-salud-en-tercera-ola\\\/\",\"url\":\"https:\\\/\\\/www.eldiario.net\\\/portal\\\/2021\\\/06\\\/21\\\/traumas-y-depresion-afectan-al-personal-de-salud-en-tercera-ola\\\/\",\"name\":\"Traumas y depresi\u00f3n afectan al personal de salud en tercera ola - El Diario - Bolivia\",\"isPartOf\":{\"@id\":\"https:\\\/\\\/www.eldiario.net\\\/portal\\\/#website\"},\"primaryImageOfPage\":{\"@id\":\"https:\\\/\\\/www.eldiario.net\\\/portal\\\/2021\\\/06\\\/21\\\/traumas-y-depresion-afectan-al-personal-de-salud-en-tercera-ola\\\/#primaryimage\"},\"image\":{\"@id\":\"https:\\\/\\\/www.eldiario.net\\\/portal\\\/2021\\\/06\\\/21\\\/traumas-y-depresion-afectan-al-personal-de-salud-en-tercera-ola\\\/#primaryimage\"},\"thumbnailUrl\":\"\",\"datePublished\":\"2021-06-21T05:14:28+00:00\",\"breadcrumb\":{\"@id\":\"https:\\\/\\\/www.eldiario.net\\\/portal\\\/2021\\\/06\\\/21\\\/traumas-y-depresion-afectan-al-personal-de-salud-en-tercera-ola\\\/#breadcrumb\"},\"inLanguage\":\"es\",\"potentialAction\":[{\"@type\":\"ReadAction\",\"target\":[\"https:\\\/\\\/www.eldiario.net\\\/portal\\\/2021\\\/06\\\/21\\\/traumas-y-depresion-afectan-al-personal-de-salud-en-tercera-ola\\\/\"]}]},{\"@type\":\"ImageObject\",\"inLanguage\":\"es\",\"@id\":\"https:\\\/\\\/www.eldiario.net\\\/portal\\\/2021\\\/06\\\/21\\\/traumas-y-depresion-afectan-al-personal-de-salud-en-tercera-ola\\\/#primaryimage\",\"url\":\"\",\"contentUrl\":\"\"},{\"@type\":\"BreadcrumbList\",\"@id\":\"https:\\\/\\\/www.eldiario.net\\\/portal\\\/2021\\\/06\\\/21\\\/traumas-y-depresion-afectan-al-personal-de-salud-en-tercera-ola\\\/#breadcrumb\",\"itemListElement\":[{\"@type\":\"ListItem\",\"position\":1,\"name\":\"Portada\",\"item\":\"https:\\\/\\\/www.eldiario.net\\\/portal\\\/\"},{\"@type\":\"ListItem\",\"position\":2,\"name\":\"Traumas y depresi\u00f3n afectan al personal de salud en tercera ola\"}]},{\"@type\":\"WebSite\",\"@id\":\"https:\\\/\\\/www.eldiario.net\\\/portal\\\/#website\",\"url\":\"https:\\\/\\\/www.eldiario.net\\\/portal\\\/\",\"name\":\"El Diario - Decano de la prensa nacional\",\"description\":\"El Diario - Decano de la prensa nacional\",\"publisher\":{\"@id\":\"https:\\\/\\\/www.eldiario.net\\\/portal\\\/#organization\"},\"potentialAction\":[{\"@type\":\"SearchAction\",\"target\":{\"@type\":\"EntryPoint\",\"urlTemplate\":\"https:\\\/\\\/www.eldiario.net\\\/portal\\\/?s={search_term_string}\"},\"query-input\":{\"@type\":\"PropertyValueSpecification\",\"valueRequired\":true,\"valueName\":\"search_term_string\"}}],\"inLanguage\":\"es\"},{\"@type\":\"Organization\",\"@id\":\"https:\\\/\\\/www.eldiario.net\\\/portal\\\/#organization\",\"name\":\"El Diario - Decano de la prensa nacional\",\"url\":\"https:\\\/\\\/www.eldiario.net\\\/portal\\\/\",\"logo\":{\"@type\":\"ImageObject\",\"inLanguage\":\"es\",\"@id\":\"https:\\\/\\\/www.eldiario.net\\\/portal\\\/#\\\/schema\\\/logo\\\/image\\\/\",\"url\":\"https:\\\/\\\/www.eldiario.net\\\/portal\\\/wp-content\\\/uploads\\\/2023\\\/07\\\/logo_ED.jpg\",\"contentUrl\":\"https:\\\/\\\/www.eldiario.net\\\/portal\\\/wp-content\\\/uploads\\\/2023\\\/07\\\/logo_ED.jpg\",\"width\":272,\"height\":52,\"caption\":\"El Diario - Decano de la prensa nacional\"},\"image\":{\"@id\":\"https:\\\/\\\/www.eldiario.net\\\/portal\\\/#\\\/schema\\\/logo\\\/image\\\/\"},\"sameAs\":[\"https:\\\/\\\/www.facebook.com\\\/eldiario.bolivia\\\/\",\"https:\\\/\\\/x.com\\\/eldiario_net\"]},{\"@type\":\"Person\",\"@id\":\"https:\\\/\\\/www.eldiario.net\\\/portal\\\/#\\\/schema\\\/person\\\/f46445640444750d7d753ccd04ae01b7\",\"name\":\"Jeanette\",\"image\":{\"@type\":\"ImageObject\",\"inLanguage\":\"es\",\"@id\":\"https:\\\/\\\/secure.gravatar.com\\\/avatar\\\/3ea2118a5f7dad2b7138b1187a6b7ee55f160b9968b66013c3a3ef39dd7e5798?s=96&d=mm&r=g\",\"url\":\"https:\\\/\\\/secure.gravatar.com\\\/avatar\\\/3ea2118a5f7dad2b7138b1187a6b7ee55f160b9968b66013c3a3ef39dd7e5798?s=96&d=mm&r=g\",\"contentUrl\":\"https:\\\/\\\/secure.gravatar.com\\\/avatar\\\/3ea2118a5f7dad2b7138b1187a6b7ee55f160b9968b66013c3a3ef39dd7e5798?s=96&d=mm&r=g\",\"caption\":\"Jeanette\"},\"sameAs\":[\"https:\\\/\\\/www.eldiario.net\\\/portal\"],\"url\":\"https:\\\/\\\/www.eldiario.net\\\/portal\\\/author\\\/jeanette\\\/\"}]}<\/script>\n<!-- \/ Yoast SEO plugin. -->","yoast_head_json":{"title":"Traumas y depresi\u00f3n afectan al personal de salud en tercera ola - El Diario - Bolivia","robots":{"index":"index","follow":"follow","max-snippet":"max-snippet:-1","max-image-preview":"max-image-preview:large","max-video-preview":"max-video-preview:-1"},"canonical":"https:\/\/www.eldiario.net\/portal\/2021\/06\/21\/traumas-y-depresion-afectan-al-personal-de-salud-en-tercera-ola\/","og_locale":"es_ES","og_type":"article","og_title":"Traumas y depresi\u00f3n afectan al personal de salud en tercera ola - El Diario - Bolivia","og_description":"Un a\u00f1o y tres meses que Bolivia enfrenta la pandemia con cifras que crecen a diario y con un personal de salud agotado, que sin descanso y con recursos limitados contiene esta emergencia sanitaria. A la par, se suma la depresi\u00f3n y traumas de este sector por la atenci\u00f3n a pacientes con covid-19. \u201cTenemos un [&hellip;]","og_url":"https:\/\/www.eldiario.net\/portal\/2021\/06\/21\/traumas-y-depresion-afectan-al-personal-de-salud-en-tercera-ola\/","og_site_name":"El Diario - Bolivia","article_publisher":"https:\/\/www.facebook.com\/eldiario.bolivia\/","article_published_time":"2021-06-21T05:14:28+00:00","author":"Jeanette","twitter_card":"summary_large_image","twitter_creator":"@eldiario_net","twitter_site":"@eldiario_net","twitter_misc":{"Escrito por":"Jeanette","Tiempo de lectura":"3 minutos"},"schema":{"@context":"https:\/\/schema.org","@graph":[{"@type":"Article","@id":"https:\/\/www.eldiario.net\/portal\/2021\/06\/21\/traumas-y-depresion-afectan-al-personal-de-salud-en-tercera-ola\/#article","isPartOf":{"@id":"https:\/\/www.eldiario.net\/portal\/2021\/06\/21\/traumas-y-depresion-afectan-al-personal-de-salud-en-tercera-ola\/"},"author":{"name":"Jeanette","@id":"https:\/\/www.eldiario.net\/portal\/#\/schema\/person\/f46445640444750d7d753ccd04ae01b7"},"headline":"Traumas y depresi\u00f3n afectan al personal de salud en tercera ola","datePublished":"2021-06-21T05:14:28+00:00","mainEntityOfPage":{"@id":"https:\/\/www.eldiario.net\/portal\/2021\/06\/21\/traumas-y-depresion-afectan-al-personal-de-salud-en-tercera-ola\/"},"wordCount":708,"publisher":{"@id":"https:\/\/www.eldiario.net\/portal\/#organization"},"image":{"@id":"https:\/\/www.eldiario.net\/portal\/2021\/06\/21\/traumas-y-depresion-afectan-al-personal-de-salud-en-tercera-ola\/#primaryimage"},"thumbnailUrl":"","articleSection":["Nacional"],"inLanguage":"es"},{"@type":"WebPage","@id":"https:\/\/www.eldiario.net\/portal\/2021\/06\/21\/traumas-y-depresion-afectan-al-personal-de-salud-en-tercera-ola\/","url":"https:\/\/www.eldiario.net\/portal\/2021\/06\/21\/traumas-y-depresion-afectan-al-personal-de-salud-en-tercera-ola\/","name":"Traumas y depresi\u00f3n afectan al personal de salud en tercera ola - El Diario - Bolivia","isPartOf":{"@id":"https:\/\/www.eldiario.net\/portal\/#website"},"primaryImageOfPage":{"@id":"https:\/\/www.eldiario.net\/portal\/2021\/06\/21\/traumas-y-depresion-afectan-al-personal-de-salud-en-tercera-ola\/#primaryimage"},"image":{"@id":"https:\/\/www.eldiario.net\/portal\/2021\/06\/21\/traumas-y-depresion-afectan-al-personal-de-salud-en-tercera-ola\/#primaryimage"},"thumbnailUrl":"","datePublished":"2021-06-21T05:14:28+00:00","breadcrumb":{"@id":"https:\/\/www.eldiario.net\/portal\/2021\/06\/21\/traumas-y-depresion-afectan-al-personal-de-salud-en-tercera-ola\/#breadcrumb"},"inLanguage":"es","potentialAction":[{"@type":"ReadAction","target":["https:\/\/www.eldiario.net\/portal\/2021\/06\/21\/traumas-y-depresion-afectan-al-personal-de-salud-en-tercera-ola\/"]}]},{"@type":"ImageObject","inLanguage":"es","@id":"https:\/\/www.eldiario.net\/portal\/2021\/06\/21\/traumas-y-depresion-afectan-al-personal-de-salud-en-tercera-ola\/#primaryimage","url":"","contentUrl":""},{"@type":"BreadcrumbList","@id":"https:\/\/www.eldiario.net\/portal\/2021\/06\/21\/traumas-y-depresion-afectan-al-personal-de-salud-en-tercera-ola\/#breadcrumb","itemListElement":[{"@type":"ListItem","position":1,"name":"Portada","item":"https:\/\/www.eldiario.net\/portal\/"},{"@type":"ListItem","position":2,"name":"Traumas y depresi\u00f3n afectan al personal de salud en tercera ola"}]},{"@type":"WebSite","@id":"https:\/\/www.eldiario.net\/portal\/#website","url":"https:\/\/www.eldiario.net\/portal\/","name":"El Diario - Decano de la prensa nacional","description":"El Diario - Decano de la prensa nacional","publisher":{"@id":"https:\/\/www.eldiario.net\/portal\/#organization"},"potentialAction":[{"@type":"SearchAction","target":{"@type":"EntryPoint","urlTemplate":"https:\/\/www.eldiario.net\/portal\/?s={search_term_string}"},"query-input":{"@type":"PropertyValueSpecification","valueRequired":true,"valueName":"search_term_string"}}],"inLanguage":"es"},{"@type":"Organization","@id":"https:\/\/www.eldiario.net\/portal\/#organization","name":"El Diario - Decano de la prensa nacional","url":"https:\/\/www.eldiario.net\/portal\/","logo":{"@type":"ImageObject","inLanguage":"es","@id":"https:\/\/www.eldiario.net\/portal\/#\/schema\/logo\/image\/","url":"https:\/\/www.eldiario.net\/portal\/wp-content\/uploads\/2023\/07\/logo_ED.jpg","contentUrl":"https:\/\/www.eldiario.net\/portal\/wp-content\/uploads\/2023\/07\/logo_ED.jpg","width":272,"height":52,"caption":"El Diario - Decano de la prensa nacional"},"image":{"@id":"https:\/\/www.eldiario.net\/portal\/#\/schema\/logo\/image\/"},"sameAs":["https:\/\/www.facebook.com\/eldiario.bolivia\/","https:\/\/x.com\/eldiario_net"]},{"@type":"Person","@id":"https:\/\/www.eldiario.net\/portal\/#\/schema\/person\/f46445640444750d7d753ccd04ae01b7","name":"Jeanette","image":{"@type":"ImageObject","inLanguage":"es","@id":"https:\/\/secure.gravatar.com\/avatar\/3ea2118a5f7dad2b7138b1187a6b7ee55f160b9968b66013c3a3ef39dd7e5798?s=96&d=mm&r=g","url":"https:\/\/secure.gravatar.com\/avatar\/3ea2118a5f7dad2b7138b1187a6b7ee55f160b9968b66013c3a3ef39dd7e5798?s=96&d=mm&r=g","contentUrl":"https:\/\/secure.gravatar.com\/avatar\/3ea2118a5f7dad2b7138b1187a6b7ee55f160b9968b66013c3a3ef39dd7e5798?s=96&d=mm&r=g","caption":"Jeanette"},"sameAs":["https:\/\/www.eldiario.net\/portal"],"url":"https:\/\/www.eldiario.net\/portal\/author\/jeanette\/"}]}},"_links":{"self":[{"href":"https:\/\/www.eldiario.net\/portal\/wp-json\/wp\/v2\/posts\/11906","targetHints":{"allow":["GET"]}}],"collection":[{"href":"https:\/\/www.eldiario.net\/portal\/wp-json\/wp\/v2\/posts"}],"about":[{"href":"https:\/\/www.eldiario.net\/portal\/wp-json\/wp\/v2\/types\/post"}],"author":[{"embeddable":true,"href":"https:\/\/www.eldiario.net\/portal\/wp-json\/wp\/v2\/users\/1"}],"replies":[{"embeddable":true,"href":"https:\/\/www.eldiario.net\/portal\/wp-json\/wp\/v2\/comments?post=11906"}],"version-history":[{"count":0,"href":"https:\/\/www.eldiario.net\/portal\/wp-json\/wp\/v2\/posts\/11906\/revisions"}],"wp:attachment":[{"href":"https:\/\/www.eldiario.net\/portal\/wp-json\/wp\/v2\/media?parent=11906"}],"wp:term":[{"taxonomy":"category","embeddable":true,"href":"https:\/\/www.eldiario.net\/portal\/wp-json\/wp\/v2\/categories?post=11906"},{"taxonomy":"post_tag","embeddable":true,"href":"https:\/\/www.eldiario.net\/portal\/wp-json\/wp\/v2\/tags?post=11906"}],"curies":[{"name":"wp","href":"https:\/\/api.w.org\/{rel}","templated":true}]}}