{"id":11901,"date":"2021-06-21T01:12:34","date_gmt":"2021-06-21T05:12:34","guid":{"rendered":"https:\/\/www.eldiario.net\/portal\/?p=11901"},"modified":"2021-06-21T01:12:34","modified_gmt":"2021-06-21T05:12:34","slug":"iglesia-alienta-esperanza-para-vencer-a-enfermedad","status":"publish","type":"post","link":"https:\/\/www.eldiario.net\/portal\/2021\/06\/21\/iglesia-alienta-esperanza-para-vencer-a-enfermedad\/","title":{"rendered":"Iglesia alienta esperanza para vencer a enfermedad"},"content":{"rendered":"<p>El arzobispo de la ciudad de Santa Cruz, monse\u00f1or Sergio Gualberti, alent\u00f3 ayer a los cat\u00f3licos a tener esperanza de cruzar la tempestad que ocasiona la pandemia y encontrar nuevos escenarios de vida que anuncia el Evangelio.<br \/>\n\u201cNo estamos solos, Jes\u00fas est\u00e1 con nosotros en la misma barca y rema para calmar la tempestad del mal y hacernos cruzar a la otra orilla de la esperanza, del amor y de la vida nueva en Dios\u201d, dijo en su homil\u00eda de este domingo desde la Basilia Menor de San Lorenzo M\u00e1rtir.<br \/>\nCita las palabras del papa Francisco, el a\u00f1o pasado en la plaza San Pedro, en la oraci\u00f3n por la pandemia: \u201cNos dimos cuenta de que est\u00e1bamos en la misma barca, todos fr\u00e1giles y desorientados; pero, al mismo tiempo, importantes y necesarios, todos llamados a remar juntos, todos necesitados de confortarnos mutuamente\u201d.<br \/>\nEn coincidencia con el Papa, el arzobispo pidi\u00f3 no dudar en remar juntos por un mundo m\u00e1s justo conforme a los valores del Evangelio.<br \/>\nEn el Evangelio de hoy, acabamos de contemplar a Jes\u00fas que, despu\u00e9s de haber anunciado y explicado el Reino de Dios en par\u00e1bolas, calma la tempestad en el lago de Tiber\u00edades, el primero de cuatro milagros, signos concretos de la presencia novedosa del plan de Dios, que \u201cla gente y los disc\u00edpulos de Jes\u00fas no acababan de entender\u201d, coment\u00f3.<br \/>\nDijo que lo largo de nuestra existencia, todos pasamos por tempestades en las que nuestros apoyos y seguridades parecen derrumbarse y donde Cristo parece dormir. Pensemos en la experiencia del dolor, las desgracias y enfermedades graves, la p\u00e9rdida de seres queridos, las incomprensiones y las divisiones en el hogar, la humillaci\u00f3n por injusticias, calumnias o falsedades, la p\u00e9rdida del trabajo y tantos otros motivos, report\u00f3 Erbol.<br \/>\n\u201cNo olvidemos que, de manera ordinaria, Dios no interviene directamente contra las iniquidades de los malos, sino que \u00e9l hace salir el sol sobre malos y buenos y manda la lluvia sobre justos e injustos\u201d, afirm\u00f3 el arzobispo de Santa Cruz.<\/p>\n","protected":false},"excerpt":{"rendered":"<p>El arzobispo de la ciudad de Santa Cruz, monse\u00f1or Sergio Gualberti, alent\u00f3 ayer a los cat\u00f3licos a tener esperanza de cruzar la tempestad que ocasiona la pandemia y encontrar nuevos escenarios de vida que anuncia el Evangelio. \u201cNo estamos solos, Jes\u00fas est\u00e1 con nosotros en la misma barca y rema para calmar la tempestad del [&hellip;]<\/p>\n","protected":false},"author":1,"featured_media":0,"comment_status":"closed","ping_status":"closed","sticky":false,"template":"","format":"standard","meta":{"_acf_changed":false,"footnotes":""},"categories":[12],"tags":[],"class_list":["post-11901","post","type-post","status-publish","format-standard","category-nacional"],"acf":{"antetitulo":""},"yoast_head":"<!-- This site is optimized with the Yoast SEO plugin v28.4 - https:\/\/yoast.com\/product\/yoast-seo-wordpress\/ -->\n<title>Iglesia alienta esperanza para vencer a enfermedad - El Diario - Bolivia<\/title>\n<meta name=\"robots\" content=\"index, follow, max-snippet:-1, max-image-preview:large, max-video-preview:-1\" \/>\n<link rel=\"canonical\" href=\"https:\/\/www.eldiario.net\/portal\/2021\/06\/21\/iglesia-alienta-esperanza-para-vencer-a-enfermedad\/\" \/>\n<meta property=\"og:locale\" content=\"es_ES\" \/>\n<meta property=\"og:type\" content=\"article\" \/>\n<meta property=\"og:title\" content=\"Iglesia alienta esperanza para vencer a enfermedad - El Diario - Bolivia\" \/>\n<meta property=\"og:description\" content=\"El arzobispo de la ciudad de Santa Cruz, monse\u00f1or Sergio Gualberti, alent\u00f3 ayer a los cat\u00f3licos a tener esperanza de cruzar la tempestad que ocasiona la pandemia y encontrar nuevos escenarios de vida que anuncia el Evangelio. \u201cNo estamos solos, Jes\u00fas est\u00e1 con nosotros en la misma barca y rema para calmar la tempestad del [&hellip;]\" \/>\n<meta property=\"og:url\" content=\"https:\/\/www.eldiario.net\/portal\/2021\/06\/21\/iglesia-alienta-esperanza-para-vencer-a-enfermedad\/\" \/>\n<meta property=\"og:site_name\" content=\"El Diario - Bolivia\" \/>\n<meta property=\"article:publisher\" content=\"https:\/\/www.facebook.com\/eldiario.bolivia\/\" \/>\n<meta property=\"article:published_time\" content=\"2021-06-21T05:12:34+00:00\" \/>\n<meta name=\"author\" content=\"Jeanette\" \/>\n<meta name=\"twitter:card\" content=\"summary_large_image\" \/>\n<meta name=\"twitter:creator\" content=\"@eldiario_net\" \/>\n<meta name=\"twitter:site\" content=\"@eldiario_net\" \/>\n<meta name=\"twitter:label1\" content=\"Escrito por\" \/>\n\t<meta name=\"twitter:data1\" content=\"Jeanette\" \/>\n\t<meta name=\"twitter:label2\" content=\"Tiempo de lectura\" \/>\n\t<meta name=\"twitter:data2\" content=\"2 minutos\" \/>\n<script type=\"application\/ld+json\" class=\"yoast-schema-graph\">{\"@context\":\"https:\\\/\\\/schema.org\",\"@graph\":[{\"@type\":\"Article\",\"@id\":\"https:\\\/\\\/www.eldiario.net\\\/portal\\\/2021\\\/06\\\/21\\\/iglesia-alienta-esperanza-para-vencer-a-enfermedad\\\/#article\",\"isPartOf\":{\"@id\":\"https:\\\/\\\/www.eldiario.net\\\/portal\\\/2021\\\/06\\\/21\\\/iglesia-alienta-esperanza-para-vencer-a-enfermedad\\\/\"},\"author\":{\"name\":\"Jeanette\",\"@id\":\"https:\\\/\\\/www.eldiario.net\\\/portal\\\/#\\\/schema\\\/person\\\/f46445640444750d7d753ccd04ae01b7\"},\"headline\":\"Iglesia alienta esperanza para vencer a enfermedad\",\"datePublished\":\"2021-06-21T05:12:34+00:00\",\"mainEntityOfPage\":{\"@id\":\"https:\\\/\\\/www.eldiario.net\\\/portal\\\/2021\\\/06\\\/21\\\/iglesia-alienta-esperanza-para-vencer-a-enfermedad\\\/\"},\"wordCount\":357,\"publisher\":{\"@id\":\"https:\\\/\\\/www.eldiario.net\\\/portal\\\/#organization\"},\"articleSection\":[\"Nacional\"],\"inLanguage\":\"es\"},{\"@type\":\"WebPage\",\"@id\":\"https:\\\/\\\/www.eldiario.net\\\/portal\\\/2021\\\/06\\\/21\\\/iglesia-alienta-esperanza-para-vencer-a-enfermedad\\\/\",\"url\":\"https:\\\/\\\/www.eldiario.net\\\/portal\\\/2021\\\/06\\\/21\\\/iglesia-alienta-esperanza-para-vencer-a-enfermedad\\\/\",\"name\":\"Iglesia alienta esperanza para vencer a enfermedad - El Diario - Bolivia\",\"isPartOf\":{\"@id\":\"https:\\\/\\\/www.eldiario.net\\\/portal\\\/#website\"},\"datePublished\":\"2021-06-21T05:12:34+00:00\",\"breadcrumb\":{\"@id\":\"https:\\\/\\\/www.eldiario.net\\\/portal\\\/2021\\\/06\\\/21\\\/iglesia-alienta-esperanza-para-vencer-a-enfermedad\\\/#breadcrumb\"},\"inLanguage\":\"es\",\"potentialAction\":[{\"@type\":\"ReadAction\",\"target\":[\"https:\\\/\\\/www.eldiario.net\\\/portal\\\/2021\\\/06\\\/21\\\/iglesia-alienta-esperanza-para-vencer-a-enfermedad\\\/\"]}]},{\"@type\":\"BreadcrumbList\",\"@id\":\"https:\\\/\\\/www.eldiario.net\\\/portal\\\/2021\\\/06\\\/21\\\/iglesia-alienta-esperanza-para-vencer-a-enfermedad\\\/#breadcrumb\",\"itemListElement\":[{\"@type\":\"ListItem\",\"position\":1,\"name\":\"Portada\",\"item\":\"https:\\\/\\\/www.eldiario.net\\\/portal\\\/\"},{\"@type\":\"ListItem\",\"position\":2,\"name\":\"Iglesia alienta esperanza para vencer a enfermedad\"}]},{\"@type\":\"WebSite\",\"@id\":\"https:\\\/\\\/www.eldiario.net\\\/portal\\\/#website\",\"url\":\"https:\\\/\\\/www.eldiario.net\\\/portal\\\/\",\"name\":\"El Diario - Decano de la prensa nacional\",\"description\":\"El Diario - Decano de la prensa nacional\",\"publisher\":{\"@id\":\"https:\\\/\\\/www.eldiario.net\\\/portal\\\/#organization\"},\"potentialAction\":[{\"@type\":\"SearchAction\",\"target\":{\"@type\":\"EntryPoint\",\"urlTemplate\":\"https:\\\/\\\/www.eldiario.net\\\/portal\\\/?s={search_term_string}\"},\"query-input\":{\"@type\":\"PropertyValueSpecification\",\"valueRequired\":true,\"valueName\":\"search_term_string\"}}],\"inLanguage\":\"es\"},{\"@type\":\"Organization\",\"@id\":\"https:\\\/\\\/www.eldiario.net\\\/portal\\\/#organization\",\"name\":\"El Diario - Decano de la prensa nacional\",\"url\":\"https:\\\/\\\/www.eldiario.net\\\/portal\\\/\",\"logo\":{\"@type\":\"ImageObject\",\"inLanguage\":\"es\",\"@id\":\"https:\\\/\\\/www.eldiario.net\\\/portal\\\/#\\\/schema\\\/logo\\\/image\\\/\",\"url\":\"https:\\\/\\\/www.eldiario.net\\\/portal\\\/wp-content\\\/uploads\\\/2023\\\/07\\\/logo_ED.jpg\",\"contentUrl\":\"https:\\\/\\\/www.eldiario.net\\\/portal\\\/wp-content\\\/uploads\\\/2023\\\/07\\\/logo_ED.jpg\",\"width\":272,\"height\":52,\"caption\":\"El Diario - Decano de la prensa nacional\"},\"image\":{\"@id\":\"https:\\\/\\\/www.eldiario.net\\\/portal\\\/#\\\/schema\\\/logo\\\/image\\\/\"},\"sameAs\":[\"https:\\\/\\\/www.facebook.com\\\/eldiario.bolivia\\\/\",\"https:\\\/\\\/x.com\\\/eldiario_net\"]},{\"@type\":\"Person\",\"@id\":\"https:\\\/\\\/www.eldiario.net\\\/portal\\\/#\\\/schema\\\/person\\\/f46445640444750d7d753ccd04ae01b7\",\"name\":\"Jeanette\",\"image\":{\"@type\":\"ImageObject\",\"inLanguage\":\"es\",\"@id\":\"https:\\\/\\\/secure.gravatar.com\\\/avatar\\\/3ea2118a5f7dad2b7138b1187a6b7ee55f160b9968b66013c3a3ef39dd7e5798?s=96&d=mm&r=g\",\"url\":\"https:\\\/\\\/secure.gravatar.com\\\/avatar\\\/3ea2118a5f7dad2b7138b1187a6b7ee55f160b9968b66013c3a3ef39dd7e5798?s=96&d=mm&r=g\",\"contentUrl\":\"https:\\\/\\\/secure.gravatar.com\\\/avatar\\\/3ea2118a5f7dad2b7138b1187a6b7ee55f160b9968b66013c3a3ef39dd7e5798?s=96&d=mm&r=g\",\"caption\":\"Jeanette\"},\"sameAs\":[\"https:\\\/\\\/www.eldiario.net\\\/portal\"],\"url\":\"https:\\\/\\\/www.eldiario.net\\\/portal\\\/author\\\/jeanette\\\/\"}]}<\/script>\n<!-- \/ Yoast SEO plugin. -->","yoast_head_json":{"title":"Iglesia alienta esperanza para vencer a enfermedad - El Diario - Bolivia","robots":{"index":"index","follow":"follow","max-snippet":"max-snippet:-1","max-image-preview":"max-image-preview:large","max-video-preview":"max-video-preview:-1"},"canonical":"https:\/\/www.eldiario.net\/portal\/2021\/06\/21\/iglesia-alienta-esperanza-para-vencer-a-enfermedad\/","og_locale":"es_ES","og_type":"article","og_title":"Iglesia alienta esperanza para vencer a enfermedad - El Diario - Bolivia","og_description":"El arzobispo de la ciudad de Santa Cruz, monse\u00f1or Sergio Gualberti, alent\u00f3 ayer a los cat\u00f3licos a tener esperanza de cruzar la tempestad que ocasiona la pandemia y encontrar nuevos escenarios de vida que anuncia el Evangelio. \u201cNo estamos solos, Jes\u00fas est\u00e1 con nosotros en la misma barca y rema para calmar la tempestad del [&hellip;]","og_url":"https:\/\/www.eldiario.net\/portal\/2021\/06\/21\/iglesia-alienta-esperanza-para-vencer-a-enfermedad\/","og_site_name":"El Diario - Bolivia","article_publisher":"https:\/\/www.facebook.com\/eldiario.bolivia\/","article_published_time":"2021-06-21T05:12:34+00:00","author":"Jeanette","twitter_card":"summary_large_image","twitter_creator":"@eldiario_net","twitter_site":"@eldiario_net","twitter_misc":{"Escrito por":"Jeanette","Tiempo de lectura":"2 minutos"},"schema":{"@context":"https:\/\/schema.org","@graph":[{"@type":"Article","@id":"https:\/\/www.eldiario.net\/portal\/2021\/06\/21\/iglesia-alienta-esperanza-para-vencer-a-enfermedad\/#article","isPartOf":{"@id":"https:\/\/www.eldiario.net\/portal\/2021\/06\/21\/iglesia-alienta-esperanza-para-vencer-a-enfermedad\/"},"author":{"name":"Jeanette","@id":"https:\/\/www.eldiario.net\/portal\/#\/schema\/person\/f46445640444750d7d753ccd04ae01b7"},"headline":"Iglesia alienta esperanza para vencer a enfermedad","datePublished":"2021-06-21T05:12:34+00:00","mainEntityOfPage":{"@id":"https:\/\/www.eldiario.net\/portal\/2021\/06\/21\/iglesia-alienta-esperanza-para-vencer-a-enfermedad\/"},"wordCount":357,"publisher":{"@id":"https:\/\/www.eldiario.net\/portal\/#organization"},"articleSection":["Nacional"],"inLanguage":"es"},{"@type":"WebPage","@id":"https:\/\/www.eldiario.net\/portal\/2021\/06\/21\/iglesia-alienta-esperanza-para-vencer-a-enfermedad\/","url":"https:\/\/www.eldiario.net\/portal\/2021\/06\/21\/iglesia-alienta-esperanza-para-vencer-a-enfermedad\/","name":"Iglesia alienta esperanza para vencer a enfermedad - El Diario - Bolivia","isPartOf":{"@id":"https:\/\/www.eldiario.net\/portal\/#website"},"datePublished":"2021-06-21T05:12:34+00:00","breadcrumb":{"@id":"https:\/\/www.eldiario.net\/portal\/2021\/06\/21\/iglesia-alienta-esperanza-para-vencer-a-enfermedad\/#breadcrumb"},"inLanguage":"es","potentialAction":[{"@type":"ReadAction","target":["https:\/\/www.eldiario.net\/portal\/2021\/06\/21\/iglesia-alienta-esperanza-para-vencer-a-enfermedad\/"]}]},{"@type":"BreadcrumbList","@id":"https:\/\/www.eldiario.net\/portal\/2021\/06\/21\/iglesia-alienta-esperanza-para-vencer-a-enfermedad\/#breadcrumb","itemListElement":[{"@type":"ListItem","position":1,"name":"Portada","item":"https:\/\/www.eldiario.net\/portal\/"},{"@type":"ListItem","position":2,"name":"Iglesia alienta esperanza para vencer a enfermedad"}]},{"@type":"WebSite","@id":"https:\/\/www.eldiario.net\/portal\/#website","url":"https:\/\/www.eldiario.net\/portal\/","name":"El Diario - Decano de la prensa nacional","description":"El Diario - Decano de la prensa nacional","publisher":{"@id":"https:\/\/www.eldiario.net\/portal\/#organization"},"potentialAction":[{"@type":"SearchAction","target":{"@type":"EntryPoint","urlTemplate":"https:\/\/www.eldiario.net\/portal\/?s={search_term_string}"},"query-input":{"@type":"PropertyValueSpecification","valueRequired":true,"valueName":"search_term_string"}}],"inLanguage":"es"},{"@type":"Organization","@id":"https:\/\/www.eldiario.net\/portal\/#organization","name":"El Diario - Decano de la prensa nacional","url":"https:\/\/www.eldiario.net\/portal\/","logo":{"@type":"ImageObject","inLanguage":"es","@id":"https:\/\/www.eldiario.net\/portal\/#\/schema\/logo\/image\/","url":"https:\/\/www.eldiario.net\/portal\/wp-content\/uploads\/2023\/07\/logo_ED.jpg","contentUrl":"https:\/\/www.eldiario.net\/portal\/wp-content\/uploads\/2023\/07\/logo_ED.jpg","width":272,"height":52,"caption":"El Diario - Decano de la prensa nacional"},"image":{"@id":"https:\/\/www.eldiario.net\/portal\/#\/schema\/logo\/image\/"},"sameAs":["https:\/\/www.facebook.com\/eldiario.bolivia\/","https:\/\/x.com\/eldiario_net"]},{"@type":"Person","@id":"https:\/\/www.eldiario.net\/portal\/#\/schema\/person\/f46445640444750d7d753ccd04ae01b7","name":"Jeanette","image":{"@type":"ImageObject","inLanguage":"es","@id":"https:\/\/secure.gravatar.com\/avatar\/3ea2118a5f7dad2b7138b1187a6b7ee55f160b9968b66013c3a3ef39dd7e5798?s=96&d=mm&r=g","url":"https:\/\/secure.gravatar.com\/avatar\/3ea2118a5f7dad2b7138b1187a6b7ee55f160b9968b66013c3a3ef39dd7e5798?s=96&d=mm&r=g","contentUrl":"https:\/\/secure.gravatar.com\/avatar\/3ea2118a5f7dad2b7138b1187a6b7ee55f160b9968b66013c3a3ef39dd7e5798?s=96&d=mm&r=g","caption":"Jeanette"},"sameAs":["https:\/\/www.eldiario.net\/portal"],"url":"https:\/\/www.eldiario.net\/portal\/author\/jeanette\/"}]}},"_links":{"self":[{"href":"https:\/\/www.eldiario.net\/portal\/wp-json\/wp\/v2\/posts\/11901","targetHints":{"allow":["GET"]}}],"collection":[{"href":"https:\/\/www.eldiario.net\/portal\/wp-json\/wp\/v2\/posts"}],"about":[{"href":"https:\/\/www.eldiario.net\/portal\/wp-json\/wp\/v2\/types\/post"}],"author":[{"embeddable":true,"href":"https:\/\/www.eldiario.net\/portal\/wp-json\/wp\/v2\/users\/1"}],"replies":[{"embeddable":true,"href":"https:\/\/www.eldiario.net\/portal\/wp-json\/wp\/v2\/comments?post=11901"}],"version-history":[{"count":0,"href":"https:\/\/www.eldiario.net\/portal\/wp-json\/wp\/v2\/posts\/11901\/revisions"}],"wp:attachment":[{"href":"https:\/\/www.eldiario.net\/portal\/wp-json\/wp\/v2\/media?parent=11901"}],"wp:term":[{"taxonomy":"category","embeddable":true,"href":"https:\/\/www.eldiario.net\/portal\/wp-json\/wp\/v2\/categories?post=11901"},{"taxonomy":"post_tag","embeddable":true,"href":"https:\/\/www.eldiario.net\/portal\/wp-json\/wp\/v2\/tags?post=11901"}],"curies":[{"name":"wp","href":"https:\/\/api.w.org\/{rel}","templated":true}]}}