{"id":11898,"date":"2021-06-21T01:12:03","date_gmt":"2021-06-21T05:12:03","guid":{"rendered":"https:\/\/www.eldiario.net\/portal\/?p=11898"},"modified":"2021-06-21T01:12:03","modified_gmt":"2021-06-21T05:12:03","slug":"bolivia-recibe-ano-nuevo-andino-en-medio-de-pandemia-covid-19","status":"publish","type":"post","link":"https:\/\/www.eldiario.net\/portal\/2021\/06\/21\/bolivia-recibe-ano-nuevo-andino-en-medio-de-pandemia-covid-19\/","title":{"rendered":"Bolivia recibe A\u00f1o Nuevo Andino en medio de pandemia covid-19"},"content":{"rendered":"<p>Las autoridades de las regiones bolivianas dispusieron limitadas ceremonias para recibir el A\u00f1o Nuevo Andino Amaz\u00f3nico y del Chaco, con medidas de bioseguridad, cuando avanzan los contagios de coronavirus en todo el pa\u00eds, algunos actos fueron programados para este 21 de junio a partir de las 05.00 horas, justo a la salida del sol, en lugares donde se puede ver el nacimiento del astro.<br \/>\nLos primeros rayos del sol fueron esperados por los sacerdotes con un distanciamiento de un metro y medio en el mirador de Killi Killi, situado en el barrio de Villa Pab\u00f3n y sobre el cerro Santa B\u00e1rbara, con m\u00fasica aut\u00f3ctona y un apthapi.<br \/>\nEl secretario municipal de Culturas, Rodney Miranda, record\u00f3 que en 2020, el ritual se desarroll\u00f3 de manera virtual. En esa ocasi\u00f3n, se recibieron los primeros rayos del sol en la Jach\u2019a Apacheta de Alto Munaypata, en el macrodistrito Max Paredes. En 2019, se realiz\u00f3 en nueve sitios donde se realizan ofrendas en el municipio pace\u00f1o.<br \/>\nLos sacerdotes aymaras realizaron por la madrugada ritos a la Pachamama (Madre Tierra) e hicieron sus exhortaciones en un acto con reducida asistencia debido a las restricciones que rigen por la crisis sanitaria.<br \/>\nLa celebraci\u00f3n del A\u00f1o Nuevo Andino 5529 -llamada tambi\u00e9n willkakuti (retorno del sol en aymara)- tiene rango de fiesta nacional en Bolivia y es celebrada con el nombre de Inti Raymi (fiesta del sol en quechua) en pa\u00edses vecinos.<br \/>\nLas Naciones Unidas, mediante una resoluci\u00f3n, declar\u00f3 al 21 de junio como \u201cD\u00eda Internacional de Celebraci\u00f3n del Solsticio\u201d.<br \/>\nEn Bolivia, La Ley N\u00b0 3018, del 12 de abril de 2005, declara patrimonio intangible, hist\u00f3rico y cultural de la naci\u00f3n al \u201cA\u00f1o Nuevo Aymara\u201d, que se celebra cada 21 de junio en Tiwanaku y otras regiones del pa\u00eds.<br \/>\nAnte las restricciones de movilidad por la pandemia, las alcald\u00edas de La Paz y la vecina ciudad de El Alto efectuaron celebraciones virtuales. Otros escenarios que suelen acoger la mayor participaci\u00f3n redujeron al m\u00ednimo las actividades.<\/p>\n","protected":false},"excerpt":{"rendered":"<p>Las autoridades de las regiones bolivianas dispusieron limitadas ceremonias para recibir el A\u00f1o Nuevo Andino Amaz\u00f3nico y del Chaco, con medidas de bioseguridad, cuando avanzan los contagios de coronavirus en todo el pa\u00eds, algunos actos fueron programados para este 21 de junio a partir de las 05.00 horas, justo a la salida del sol, en [&hellip;]<\/p>\n","protected":false},"author":1,"featured_media":11899,"comment_status":"closed","ping_status":"closed","sticky":false,"template":"","format":"standard","meta":{"_acf_changed":false,"footnotes":""},"categories":[12],"tags":[],"class_list":["post-11898","post","type-post","status-publish","format-standard","has-post-thumbnail","category-nacional"],"acf":{"antetitulo":""},"yoast_head":"<!-- This site is optimized with the Yoast SEO plugin v28.4 - https:\/\/yoast.com\/product\/yoast-seo-wordpress\/ -->\n<title>Bolivia recibe A\u00f1o Nuevo Andino en medio de pandemia covid-19 - El Diario - Bolivia<\/title>\n<meta name=\"robots\" content=\"index, follow, max-snippet:-1, max-image-preview:large, max-video-preview:-1\" \/>\n<link rel=\"canonical\" href=\"https:\/\/www.eldiario.net\/portal\/2021\/06\/21\/bolivia-recibe-ano-nuevo-andino-en-medio-de-pandemia-covid-19\/\" \/>\n<meta property=\"og:locale\" content=\"es_ES\" \/>\n<meta property=\"og:type\" content=\"article\" \/>\n<meta property=\"og:title\" content=\"Bolivia recibe A\u00f1o Nuevo Andino en medio de pandemia covid-19 - El Diario - Bolivia\" \/>\n<meta property=\"og:description\" content=\"Las autoridades de las regiones bolivianas dispusieron limitadas ceremonias para recibir el A\u00f1o Nuevo Andino Amaz\u00f3nico y del Chaco, con medidas de bioseguridad, cuando avanzan los contagios de coronavirus en todo el pa\u00eds, algunos actos fueron programados para este 21 de junio a partir de las 05.00 horas, justo a la salida del sol, en [&hellip;]\" \/>\n<meta property=\"og:url\" content=\"https:\/\/www.eldiario.net\/portal\/2021\/06\/21\/bolivia-recibe-ano-nuevo-andino-en-medio-de-pandemia-covid-19\/\" \/>\n<meta property=\"og:site_name\" content=\"El Diario - Bolivia\" \/>\n<meta property=\"article:publisher\" content=\"https:\/\/www.facebook.com\/eldiario.bolivia\/\" \/>\n<meta property=\"article:published_time\" content=\"2021-06-21T05:12:03+00:00\" \/>\n<meta name=\"author\" content=\"Jeanette\" \/>\n<meta name=\"twitter:card\" content=\"summary_large_image\" \/>\n<meta name=\"twitter:creator\" content=\"@eldiario_net\" \/>\n<meta name=\"twitter:site\" content=\"@eldiario_net\" \/>\n<meta name=\"twitter:label1\" content=\"Escrito por\" \/>\n\t<meta name=\"twitter:data1\" content=\"Jeanette\" \/>\n\t<meta name=\"twitter:label2\" content=\"Tiempo de lectura\" \/>\n\t<meta name=\"twitter:data2\" content=\"2 minutos\" \/>\n<script type=\"application\/ld+json\" class=\"yoast-schema-graph\">{\"@context\":\"https:\\\/\\\/schema.org\",\"@graph\":[{\"@type\":\"Article\",\"@id\":\"https:\\\/\\\/www.eldiario.net\\\/portal\\\/2021\\\/06\\\/21\\\/bolivia-recibe-ano-nuevo-andino-en-medio-de-pandemia-covid-19\\\/#article\",\"isPartOf\":{\"@id\":\"https:\\\/\\\/www.eldiario.net\\\/portal\\\/2021\\\/06\\\/21\\\/bolivia-recibe-ano-nuevo-andino-en-medio-de-pandemia-covid-19\\\/\"},\"author\":{\"name\":\"Jeanette\",\"@id\":\"https:\\\/\\\/www.eldiario.net\\\/portal\\\/#\\\/schema\\\/person\\\/f46445640444750d7d753ccd04ae01b7\"},\"headline\":\"Bolivia recibe A\u00f1o Nuevo Andino en medio de pandemia covid-19\",\"datePublished\":\"2021-06-21T05:12:03+00:00\",\"mainEntityOfPage\":{\"@id\":\"https:\\\/\\\/www.eldiario.net\\\/portal\\\/2021\\\/06\\\/21\\\/bolivia-recibe-ano-nuevo-andino-en-medio-de-pandemia-covid-19\\\/\"},\"wordCount\":353,\"publisher\":{\"@id\":\"https:\\\/\\\/www.eldiario.net\\\/portal\\\/#organization\"},\"image\":{\"@id\":\"https:\\\/\\\/www.eldiario.net\\\/portal\\\/2021\\\/06\\\/21\\\/bolivia-recibe-ano-nuevo-andino-en-medio-de-pandemia-covid-19\\\/#primaryimage\"},\"thumbnailUrl\":\"\",\"articleSection\":[\"Nacional\"],\"inLanguage\":\"es\"},{\"@type\":\"WebPage\",\"@id\":\"https:\\\/\\\/www.eldiario.net\\\/portal\\\/2021\\\/06\\\/21\\\/bolivia-recibe-ano-nuevo-andino-en-medio-de-pandemia-covid-19\\\/\",\"url\":\"https:\\\/\\\/www.eldiario.net\\\/portal\\\/2021\\\/06\\\/21\\\/bolivia-recibe-ano-nuevo-andino-en-medio-de-pandemia-covid-19\\\/\",\"name\":\"Bolivia recibe A\u00f1o Nuevo Andino en medio de pandemia covid-19 - El Diario - Bolivia\",\"isPartOf\":{\"@id\":\"https:\\\/\\\/www.eldiario.net\\\/portal\\\/#website\"},\"primaryImageOfPage\":{\"@id\":\"https:\\\/\\\/www.eldiario.net\\\/portal\\\/2021\\\/06\\\/21\\\/bolivia-recibe-ano-nuevo-andino-en-medio-de-pandemia-covid-19\\\/#primaryimage\"},\"image\":{\"@id\":\"https:\\\/\\\/www.eldiario.net\\\/portal\\\/2021\\\/06\\\/21\\\/bolivia-recibe-ano-nuevo-andino-en-medio-de-pandemia-covid-19\\\/#primaryimage\"},\"thumbnailUrl\":\"\",\"datePublished\":\"2021-06-21T05:12:03+00:00\",\"breadcrumb\":{\"@id\":\"https:\\\/\\\/www.eldiario.net\\\/portal\\\/2021\\\/06\\\/21\\\/bolivia-recibe-ano-nuevo-andino-en-medio-de-pandemia-covid-19\\\/#breadcrumb\"},\"inLanguage\":\"es\",\"potentialAction\":[{\"@type\":\"ReadAction\",\"target\":[\"https:\\\/\\\/www.eldiario.net\\\/portal\\\/2021\\\/06\\\/21\\\/bolivia-recibe-ano-nuevo-andino-en-medio-de-pandemia-covid-19\\\/\"]}]},{\"@type\":\"ImageObject\",\"inLanguage\":\"es\",\"@id\":\"https:\\\/\\\/www.eldiario.net\\\/portal\\\/2021\\\/06\\\/21\\\/bolivia-recibe-ano-nuevo-andino-en-medio-de-pandemia-covid-19\\\/#primaryimage\",\"url\":\"\",\"contentUrl\":\"\"},{\"@type\":\"BreadcrumbList\",\"@id\":\"https:\\\/\\\/www.eldiario.net\\\/portal\\\/2021\\\/06\\\/21\\\/bolivia-recibe-ano-nuevo-andino-en-medio-de-pandemia-covid-19\\\/#breadcrumb\",\"itemListElement\":[{\"@type\":\"ListItem\",\"position\":1,\"name\":\"Portada\",\"item\":\"https:\\\/\\\/www.eldiario.net\\\/portal\\\/\"},{\"@type\":\"ListItem\",\"position\":2,\"name\":\"Bolivia recibe A\u00f1o Nuevo Andino en medio de pandemia covid-19\"}]},{\"@type\":\"WebSite\",\"@id\":\"https:\\\/\\\/www.eldiario.net\\\/portal\\\/#website\",\"url\":\"https:\\\/\\\/www.eldiario.net\\\/portal\\\/\",\"name\":\"El Diario - Decano de la prensa nacional\",\"description\":\"El Diario - Decano de la prensa nacional\",\"publisher\":{\"@id\":\"https:\\\/\\\/www.eldiario.net\\\/portal\\\/#organization\"},\"potentialAction\":[{\"@type\":\"SearchAction\",\"target\":{\"@type\":\"EntryPoint\",\"urlTemplate\":\"https:\\\/\\\/www.eldiario.net\\\/portal\\\/?s={search_term_string}\"},\"query-input\":{\"@type\":\"PropertyValueSpecification\",\"valueRequired\":true,\"valueName\":\"search_term_string\"}}],\"inLanguage\":\"es\"},{\"@type\":\"Organization\",\"@id\":\"https:\\\/\\\/www.eldiario.net\\\/portal\\\/#organization\",\"name\":\"El Diario - Decano de la prensa nacional\",\"url\":\"https:\\\/\\\/www.eldiario.net\\\/portal\\\/\",\"logo\":{\"@type\":\"ImageObject\",\"inLanguage\":\"es\",\"@id\":\"https:\\\/\\\/www.eldiario.net\\\/portal\\\/#\\\/schema\\\/logo\\\/image\\\/\",\"url\":\"https:\\\/\\\/www.eldiario.net\\\/portal\\\/wp-content\\\/uploads\\\/2023\\\/07\\\/logo_ED.jpg\",\"contentUrl\":\"https:\\\/\\\/www.eldiario.net\\\/portal\\\/wp-content\\\/uploads\\\/2023\\\/07\\\/logo_ED.jpg\",\"width\":272,\"height\":52,\"caption\":\"El Diario - Decano de la prensa nacional\"},\"image\":{\"@id\":\"https:\\\/\\\/www.eldiario.net\\\/portal\\\/#\\\/schema\\\/logo\\\/image\\\/\"},\"sameAs\":[\"https:\\\/\\\/www.facebook.com\\\/eldiario.bolivia\\\/\",\"https:\\\/\\\/x.com\\\/eldiario_net\"]},{\"@type\":\"Person\",\"@id\":\"https:\\\/\\\/www.eldiario.net\\\/portal\\\/#\\\/schema\\\/person\\\/f46445640444750d7d753ccd04ae01b7\",\"name\":\"Jeanette\",\"image\":{\"@type\":\"ImageObject\",\"inLanguage\":\"es\",\"@id\":\"https:\\\/\\\/secure.gravatar.com\\\/avatar\\\/3ea2118a5f7dad2b7138b1187a6b7ee55f160b9968b66013c3a3ef39dd7e5798?s=96&d=mm&r=g\",\"url\":\"https:\\\/\\\/secure.gravatar.com\\\/avatar\\\/3ea2118a5f7dad2b7138b1187a6b7ee55f160b9968b66013c3a3ef39dd7e5798?s=96&d=mm&r=g\",\"contentUrl\":\"https:\\\/\\\/secure.gravatar.com\\\/avatar\\\/3ea2118a5f7dad2b7138b1187a6b7ee55f160b9968b66013c3a3ef39dd7e5798?s=96&d=mm&r=g\",\"caption\":\"Jeanette\"},\"sameAs\":[\"https:\\\/\\\/www.eldiario.net\\\/portal\"],\"url\":\"https:\\\/\\\/www.eldiario.net\\\/portal\\\/author\\\/jeanette\\\/\"}]}<\/script>\n<!-- \/ Yoast SEO plugin. -->","yoast_head_json":{"title":"Bolivia recibe A\u00f1o Nuevo Andino en medio de pandemia covid-19 - El Diario - Bolivia","robots":{"index":"index","follow":"follow","max-snippet":"max-snippet:-1","max-image-preview":"max-image-preview:large","max-video-preview":"max-video-preview:-1"},"canonical":"https:\/\/www.eldiario.net\/portal\/2021\/06\/21\/bolivia-recibe-ano-nuevo-andino-en-medio-de-pandemia-covid-19\/","og_locale":"es_ES","og_type":"article","og_title":"Bolivia recibe A\u00f1o Nuevo Andino en medio de pandemia covid-19 - El Diario - Bolivia","og_description":"Las autoridades de las regiones bolivianas dispusieron limitadas ceremonias para recibir el A\u00f1o Nuevo Andino Amaz\u00f3nico y del Chaco, con medidas de bioseguridad, cuando avanzan los contagios de coronavirus en todo el pa\u00eds, algunos actos fueron programados para este 21 de junio a partir de las 05.00 horas, justo a la salida del sol, en [&hellip;]","og_url":"https:\/\/www.eldiario.net\/portal\/2021\/06\/21\/bolivia-recibe-ano-nuevo-andino-en-medio-de-pandemia-covid-19\/","og_site_name":"El Diario - Bolivia","article_publisher":"https:\/\/www.facebook.com\/eldiario.bolivia\/","article_published_time":"2021-06-21T05:12:03+00:00","author":"Jeanette","twitter_card":"summary_large_image","twitter_creator":"@eldiario_net","twitter_site":"@eldiario_net","twitter_misc":{"Escrito por":"Jeanette","Tiempo de lectura":"2 minutos"},"schema":{"@context":"https:\/\/schema.org","@graph":[{"@type":"Article","@id":"https:\/\/www.eldiario.net\/portal\/2021\/06\/21\/bolivia-recibe-ano-nuevo-andino-en-medio-de-pandemia-covid-19\/#article","isPartOf":{"@id":"https:\/\/www.eldiario.net\/portal\/2021\/06\/21\/bolivia-recibe-ano-nuevo-andino-en-medio-de-pandemia-covid-19\/"},"author":{"name":"Jeanette","@id":"https:\/\/www.eldiario.net\/portal\/#\/schema\/person\/f46445640444750d7d753ccd04ae01b7"},"headline":"Bolivia recibe A\u00f1o Nuevo Andino en medio de pandemia covid-19","datePublished":"2021-06-21T05:12:03+00:00","mainEntityOfPage":{"@id":"https:\/\/www.eldiario.net\/portal\/2021\/06\/21\/bolivia-recibe-ano-nuevo-andino-en-medio-de-pandemia-covid-19\/"},"wordCount":353,"publisher":{"@id":"https:\/\/www.eldiario.net\/portal\/#organization"},"image":{"@id":"https:\/\/www.eldiario.net\/portal\/2021\/06\/21\/bolivia-recibe-ano-nuevo-andino-en-medio-de-pandemia-covid-19\/#primaryimage"},"thumbnailUrl":"","articleSection":["Nacional"],"inLanguage":"es"},{"@type":"WebPage","@id":"https:\/\/www.eldiario.net\/portal\/2021\/06\/21\/bolivia-recibe-ano-nuevo-andino-en-medio-de-pandemia-covid-19\/","url":"https:\/\/www.eldiario.net\/portal\/2021\/06\/21\/bolivia-recibe-ano-nuevo-andino-en-medio-de-pandemia-covid-19\/","name":"Bolivia recibe A\u00f1o Nuevo Andino en medio de pandemia covid-19 - El Diario - Bolivia","isPartOf":{"@id":"https:\/\/www.eldiario.net\/portal\/#website"},"primaryImageOfPage":{"@id":"https:\/\/www.eldiario.net\/portal\/2021\/06\/21\/bolivia-recibe-ano-nuevo-andino-en-medio-de-pandemia-covid-19\/#primaryimage"},"image":{"@id":"https:\/\/www.eldiario.net\/portal\/2021\/06\/21\/bolivia-recibe-ano-nuevo-andino-en-medio-de-pandemia-covid-19\/#primaryimage"},"thumbnailUrl":"","datePublished":"2021-06-21T05:12:03+00:00","breadcrumb":{"@id":"https:\/\/www.eldiario.net\/portal\/2021\/06\/21\/bolivia-recibe-ano-nuevo-andino-en-medio-de-pandemia-covid-19\/#breadcrumb"},"inLanguage":"es","potentialAction":[{"@type":"ReadAction","target":["https:\/\/www.eldiario.net\/portal\/2021\/06\/21\/bolivia-recibe-ano-nuevo-andino-en-medio-de-pandemia-covid-19\/"]}]},{"@type":"ImageObject","inLanguage":"es","@id":"https:\/\/www.eldiario.net\/portal\/2021\/06\/21\/bolivia-recibe-ano-nuevo-andino-en-medio-de-pandemia-covid-19\/#primaryimage","url":"","contentUrl":""},{"@type":"BreadcrumbList","@id":"https:\/\/www.eldiario.net\/portal\/2021\/06\/21\/bolivia-recibe-ano-nuevo-andino-en-medio-de-pandemia-covid-19\/#breadcrumb","itemListElement":[{"@type":"ListItem","position":1,"name":"Portada","item":"https:\/\/www.eldiario.net\/portal\/"},{"@type":"ListItem","position":2,"name":"Bolivia recibe A\u00f1o Nuevo Andino en medio de pandemia covid-19"}]},{"@type":"WebSite","@id":"https:\/\/www.eldiario.net\/portal\/#website","url":"https:\/\/www.eldiario.net\/portal\/","name":"El Diario - Decano de la prensa nacional","description":"El Diario - Decano de la prensa nacional","publisher":{"@id":"https:\/\/www.eldiario.net\/portal\/#organization"},"potentialAction":[{"@type":"SearchAction","target":{"@type":"EntryPoint","urlTemplate":"https:\/\/www.eldiario.net\/portal\/?s={search_term_string}"},"query-input":{"@type":"PropertyValueSpecification","valueRequired":true,"valueName":"search_term_string"}}],"inLanguage":"es"},{"@type":"Organization","@id":"https:\/\/www.eldiario.net\/portal\/#organization","name":"El Diario - Decano de la prensa nacional","url":"https:\/\/www.eldiario.net\/portal\/","logo":{"@type":"ImageObject","inLanguage":"es","@id":"https:\/\/www.eldiario.net\/portal\/#\/schema\/logo\/image\/","url":"https:\/\/www.eldiario.net\/portal\/wp-content\/uploads\/2023\/07\/logo_ED.jpg","contentUrl":"https:\/\/www.eldiario.net\/portal\/wp-content\/uploads\/2023\/07\/logo_ED.jpg","width":272,"height":52,"caption":"El Diario - Decano de la prensa nacional"},"image":{"@id":"https:\/\/www.eldiario.net\/portal\/#\/schema\/logo\/image\/"},"sameAs":["https:\/\/www.facebook.com\/eldiario.bolivia\/","https:\/\/x.com\/eldiario_net"]},{"@type":"Person","@id":"https:\/\/www.eldiario.net\/portal\/#\/schema\/person\/f46445640444750d7d753ccd04ae01b7","name":"Jeanette","image":{"@type":"ImageObject","inLanguage":"es","@id":"https:\/\/secure.gravatar.com\/avatar\/3ea2118a5f7dad2b7138b1187a6b7ee55f160b9968b66013c3a3ef39dd7e5798?s=96&d=mm&r=g","url":"https:\/\/secure.gravatar.com\/avatar\/3ea2118a5f7dad2b7138b1187a6b7ee55f160b9968b66013c3a3ef39dd7e5798?s=96&d=mm&r=g","contentUrl":"https:\/\/secure.gravatar.com\/avatar\/3ea2118a5f7dad2b7138b1187a6b7ee55f160b9968b66013c3a3ef39dd7e5798?s=96&d=mm&r=g","caption":"Jeanette"},"sameAs":["https:\/\/www.eldiario.net\/portal"],"url":"https:\/\/www.eldiario.net\/portal\/author\/jeanette\/"}]}},"_links":{"self":[{"href":"https:\/\/www.eldiario.net\/portal\/wp-json\/wp\/v2\/posts\/11898","targetHints":{"allow":["GET"]}}],"collection":[{"href":"https:\/\/www.eldiario.net\/portal\/wp-json\/wp\/v2\/posts"}],"about":[{"href":"https:\/\/www.eldiario.net\/portal\/wp-json\/wp\/v2\/types\/post"}],"author":[{"embeddable":true,"href":"https:\/\/www.eldiario.net\/portal\/wp-json\/wp\/v2\/users\/1"}],"replies":[{"embeddable":true,"href":"https:\/\/www.eldiario.net\/portal\/wp-json\/wp\/v2\/comments?post=11898"}],"version-history":[{"count":0,"href":"https:\/\/www.eldiario.net\/portal\/wp-json\/wp\/v2\/posts\/11898\/revisions"}],"wp:attachment":[{"href":"https:\/\/www.eldiario.net\/portal\/wp-json\/wp\/v2\/media?parent=11898"}],"wp:term":[{"taxonomy":"category","embeddable":true,"href":"https:\/\/www.eldiario.net\/portal\/wp-json\/wp\/v2\/categories?post=11898"},{"taxonomy":"post_tag","embeddable":true,"href":"https:\/\/www.eldiario.net\/portal\/wp-json\/wp\/v2\/tags?post=11898"}],"curies":[{"name":"wp","href":"https:\/\/api.w.org\/{rel}","templated":true}]}}