{"id":11894,"date":"2021-06-21T01:10:49","date_gmt":"2021-06-21T05:10:49","guid":{"rendered":"https:\/\/www.eldiario.net\/portal\/?p=11894"},"modified":"2021-06-21T01:10:49","modified_gmt":"2021-06-21T05:10:49","slug":"reportan-que-calidad-del-aire-en-la-paz-es-buena","status":"publish","type":"post","link":"https:\/\/www.eldiario.net\/portal\/2021\/06\/21\/reportan-que-calidad-del-aire-en-la-paz-es-buena\/","title":{"rendered":"Reportan que calidad del aire en La Paz \u201ces buena\u201d"},"content":{"rendered":"<p>La calidad del aire que se respira en el municipio de La Paz \u201ces buena\u201d porque el \u00edndice de contaminaci\u00f3n atmosf\u00e9rica est\u00e1 por debajo de los par\u00e1metros permitidos por la Organizaci\u00f3n Mundial de la Salud (OMS) inform\u00f3 ayer la Red de Monitoreo de la Calidad del Aire de la Alcald\u00eda de La Paz<br \/>\n\u201cHasta el 17 de junio hab\u00eda una concentraci\u00f3n de 47 microgramos sobre metro c\u00fabico\u201d, explic\u00f3 el director de Prevenci\u00f3n y Control Ambiental de la Secretar\u00eda Municipal de Gesti\u00f3n Ambiental, Marco Mart\u00ednez, sobre la calidad ambiental que se percibe a d\u00edas de la fiesta de San Juan. La OMS considera que el tope es 50 microgramos sobre metro c\u00fabico.<br \/>\nAsegur\u00f3 que este periodo de \u00e9poca seca provoca una \u201csuspensi\u00f3n de los contaminantes en la atm\u00f3sfera y el material particulado es el par\u00e1metro m\u00e1s cr\u00edtico a lo largo del a\u00f1o\u201d. La Red de Monitoreo tiene cinco puntos de seguimiento activo, 15 de pasivo y uno autom\u00e1tico.<br \/>\nEn d\u00edas pasados, el alcalde Iv\u00e1n Arias lanz\u00f3 el operativo San Juan 2021 para proteger la salud de la poblaci\u00f3n y evitar quemas forestales a trav\u00e9s de actividades de concientizaci\u00f3n ciudadana, y, tambi\u00e9n, con el control de incendios y la venta de juegos pirot\u00e9cnicos entre las 18.00 del mi\u00e9rcoles 23 de junio y la madrugada del 24 junio.<\/p>\n","protected":false},"excerpt":{"rendered":"<p>La calidad del aire que se respira en el municipio de La Paz \u201ces buena\u201d porque el \u00edndice de contaminaci\u00f3n atmosf\u00e9rica est\u00e1 por debajo de los par\u00e1metros permitidos por la Organizaci\u00f3n Mundial de la Salud (OMS) inform\u00f3 ayer la Red de Monitoreo de la Calidad del Aire de la Alcald\u00eda de La Paz \u201cHasta el [&hellip;]<\/p>\n","protected":false},"author":1,"featured_media":0,"comment_status":"closed","ping_status":"closed","sticky":false,"template":"","format":"standard","meta":{"_acf_changed":false,"footnotes":""},"categories":[12],"tags":[],"class_list":["post-11894","post","type-post","status-publish","format-standard","category-nacional"],"acf":{"antetitulo":""},"yoast_head":"<!-- This site is optimized with the Yoast SEO plugin v28.4 - https:\/\/yoast.com\/product\/yoast-seo-wordpress\/ -->\n<title>Reportan que calidad del aire en La Paz \u201ces buena\u201d - El Diario - Bolivia<\/title>\n<meta name=\"robots\" content=\"index, follow, max-snippet:-1, max-image-preview:large, max-video-preview:-1\" \/>\n<link rel=\"canonical\" href=\"https:\/\/www.eldiario.net\/portal\/2021\/06\/21\/reportan-que-calidad-del-aire-en-la-paz-es-buena\/\" \/>\n<meta property=\"og:locale\" content=\"es_ES\" \/>\n<meta property=\"og:type\" content=\"article\" \/>\n<meta property=\"og:title\" content=\"Reportan que calidad del aire en La Paz \u201ces buena\u201d - El Diario - Bolivia\" \/>\n<meta property=\"og:description\" content=\"La calidad del aire que se respira en el municipio de La Paz \u201ces buena\u201d porque el \u00edndice de contaminaci\u00f3n atmosf\u00e9rica est\u00e1 por debajo de los par\u00e1metros permitidos por la Organizaci\u00f3n Mundial de la Salud (OMS) inform\u00f3 ayer la Red de Monitoreo de la Calidad del Aire de la Alcald\u00eda de La Paz \u201cHasta el [&hellip;]\" \/>\n<meta property=\"og:url\" content=\"https:\/\/www.eldiario.net\/portal\/2021\/06\/21\/reportan-que-calidad-del-aire-en-la-paz-es-buena\/\" \/>\n<meta property=\"og:site_name\" content=\"El Diario - Bolivia\" \/>\n<meta property=\"article:publisher\" content=\"https:\/\/www.facebook.com\/eldiario.bolivia\/\" \/>\n<meta property=\"article:published_time\" content=\"2021-06-21T05:10:49+00:00\" \/>\n<meta name=\"author\" content=\"Jeanette\" \/>\n<meta name=\"twitter:card\" content=\"summary_large_image\" \/>\n<meta name=\"twitter:creator\" content=\"@eldiario_net\" \/>\n<meta name=\"twitter:site\" content=\"@eldiario_net\" \/>\n<meta name=\"twitter:label1\" content=\"Escrito por\" \/>\n\t<meta name=\"twitter:data1\" content=\"Jeanette\" \/>\n\t<meta name=\"twitter:label2\" content=\"Tiempo de lectura\" \/>\n\t<meta name=\"twitter:data2\" content=\"1 minuto\" \/>\n<script type=\"application\/ld+json\" class=\"yoast-schema-graph\">{\"@context\":\"https:\\\/\\\/schema.org\",\"@graph\":[{\"@type\":\"Article\",\"@id\":\"https:\\\/\\\/www.eldiario.net\\\/portal\\\/2021\\\/06\\\/21\\\/reportan-que-calidad-del-aire-en-la-paz-es-buena\\\/#article\",\"isPartOf\":{\"@id\":\"https:\\\/\\\/www.eldiario.net\\\/portal\\\/2021\\\/06\\\/21\\\/reportan-que-calidad-del-aire-en-la-paz-es-buena\\\/\"},\"author\":{\"name\":\"Jeanette\",\"@id\":\"https:\\\/\\\/www.eldiario.net\\\/portal\\\/#\\\/schema\\\/person\\\/f46445640444750d7d753ccd04ae01b7\"},\"headline\":\"Reportan que calidad del aire en La Paz \u201ces buena\u201d\",\"datePublished\":\"2021-06-21T05:10:49+00:00\",\"mainEntityOfPage\":{\"@id\":\"https:\\\/\\\/www.eldiario.net\\\/portal\\\/2021\\\/06\\\/21\\\/reportan-que-calidad-del-aire-en-la-paz-es-buena\\\/\"},\"wordCount\":246,\"publisher\":{\"@id\":\"https:\\\/\\\/www.eldiario.net\\\/portal\\\/#organization\"},\"articleSection\":[\"Nacional\"],\"inLanguage\":\"es\"},{\"@type\":\"WebPage\",\"@id\":\"https:\\\/\\\/www.eldiario.net\\\/portal\\\/2021\\\/06\\\/21\\\/reportan-que-calidad-del-aire-en-la-paz-es-buena\\\/\",\"url\":\"https:\\\/\\\/www.eldiario.net\\\/portal\\\/2021\\\/06\\\/21\\\/reportan-que-calidad-del-aire-en-la-paz-es-buena\\\/\",\"name\":\"Reportan que calidad del aire en La Paz \u201ces buena\u201d - El Diario - Bolivia\",\"isPartOf\":{\"@id\":\"https:\\\/\\\/www.eldiario.net\\\/portal\\\/#website\"},\"datePublished\":\"2021-06-21T05:10:49+00:00\",\"breadcrumb\":{\"@id\":\"https:\\\/\\\/www.eldiario.net\\\/portal\\\/2021\\\/06\\\/21\\\/reportan-que-calidad-del-aire-en-la-paz-es-buena\\\/#breadcrumb\"},\"inLanguage\":\"es\",\"potentialAction\":[{\"@type\":\"ReadAction\",\"target\":[\"https:\\\/\\\/www.eldiario.net\\\/portal\\\/2021\\\/06\\\/21\\\/reportan-que-calidad-del-aire-en-la-paz-es-buena\\\/\"]}]},{\"@type\":\"BreadcrumbList\",\"@id\":\"https:\\\/\\\/www.eldiario.net\\\/portal\\\/2021\\\/06\\\/21\\\/reportan-que-calidad-del-aire-en-la-paz-es-buena\\\/#breadcrumb\",\"itemListElement\":[{\"@type\":\"ListItem\",\"position\":1,\"name\":\"Portada\",\"item\":\"https:\\\/\\\/www.eldiario.net\\\/portal\\\/\"},{\"@type\":\"ListItem\",\"position\":2,\"name\":\"Reportan que calidad del aire en La Paz \u201ces buena\u201d\"}]},{\"@type\":\"WebSite\",\"@id\":\"https:\\\/\\\/www.eldiario.net\\\/portal\\\/#website\",\"url\":\"https:\\\/\\\/www.eldiario.net\\\/portal\\\/\",\"name\":\"El Diario - Decano de la prensa nacional\",\"description\":\"El Diario - Decano de la prensa nacional\",\"publisher\":{\"@id\":\"https:\\\/\\\/www.eldiario.net\\\/portal\\\/#organization\"},\"potentialAction\":[{\"@type\":\"SearchAction\",\"target\":{\"@type\":\"EntryPoint\",\"urlTemplate\":\"https:\\\/\\\/www.eldiario.net\\\/portal\\\/?s={search_term_string}\"},\"query-input\":{\"@type\":\"PropertyValueSpecification\",\"valueRequired\":true,\"valueName\":\"search_term_string\"}}],\"inLanguage\":\"es\"},{\"@type\":\"Organization\",\"@id\":\"https:\\\/\\\/www.eldiario.net\\\/portal\\\/#organization\",\"name\":\"El Diario - Decano de la prensa nacional\",\"url\":\"https:\\\/\\\/www.eldiario.net\\\/portal\\\/\",\"logo\":{\"@type\":\"ImageObject\",\"inLanguage\":\"es\",\"@id\":\"https:\\\/\\\/www.eldiario.net\\\/portal\\\/#\\\/schema\\\/logo\\\/image\\\/\",\"url\":\"https:\\\/\\\/www.eldiario.net\\\/portal\\\/wp-content\\\/uploads\\\/2023\\\/07\\\/logo_ED.jpg\",\"contentUrl\":\"https:\\\/\\\/www.eldiario.net\\\/portal\\\/wp-content\\\/uploads\\\/2023\\\/07\\\/logo_ED.jpg\",\"width\":272,\"height\":52,\"caption\":\"El Diario - Decano de la prensa nacional\"},\"image\":{\"@id\":\"https:\\\/\\\/www.eldiario.net\\\/portal\\\/#\\\/schema\\\/logo\\\/image\\\/\"},\"sameAs\":[\"https:\\\/\\\/www.facebook.com\\\/eldiario.bolivia\\\/\",\"https:\\\/\\\/x.com\\\/eldiario_net\"]},{\"@type\":\"Person\",\"@id\":\"https:\\\/\\\/www.eldiario.net\\\/portal\\\/#\\\/schema\\\/person\\\/f46445640444750d7d753ccd04ae01b7\",\"name\":\"Jeanette\",\"image\":{\"@type\":\"ImageObject\",\"inLanguage\":\"es\",\"@id\":\"https:\\\/\\\/secure.gravatar.com\\\/avatar\\\/3ea2118a5f7dad2b7138b1187a6b7ee55f160b9968b66013c3a3ef39dd7e5798?s=96&d=mm&r=g\",\"url\":\"https:\\\/\\\/secure.gravatar.com\\\/avatar\\\/3ea2118a5f7dad2b7138b1187a6b7ee55f160b9968b66013c3a3ef39dd7e5798?s=96&d=mm&r=g\",\"contentUrl\":\"https:\\\/\\\/secure.gravatar.com\\\/avatar\\\/3ea2118a5f7dad2b7138b1187a6b7ee55f160b9968b66013c3a3ef39dd7e5798?s=96&d=mm&r=g\",\"caption\":\"Jeanette\"},\"sameAs\":[\"https:\\\/\\\/www.eldiario.net\\\/portal\"],\"url\":\"https:\\\/\\\/www.eldiario.net\\\/portal\\\/author\\\/jeanette\\\/\"}]}<\/script>\n<!-- \/ Yoast SEO plugin. -->","yoast_head_json":{"title":"Reportan que calidad del aire en La Paz \u201ces buena\u201d - El Diario - Bolivia","robots":{"index":"index","follow":"follow","max-snippet":"max-snippet:-1","max-image-preview":"max-image-preview:large","max-video-preview":"max-video-preview:-1"},"canonical":"https:\/\/www.eldiario.net\/portal\/2021\/06\/21\/reportan-que-calidad-del-aire-en-la-paz-es-buena\/","og_locale":"es_ES","og_type":"article","og_title":"Reportan que calidad del aire en La Paz \u201ces buena\u201d - El Diario - Bolivia","og_description":"La calidad del aire que se respira en el municipio de La Paz \u201ces buena\u201d porque el \u00edndice de contaminaci\u00f3n atmosf\u00e9rica est\u00e1 por debajo de los par\u00e1metros permitidos por la Organizaci\u00f3n Mundial de la Salud (OMS) inform\u00f3 ayer la Red de Monitoreo de la Calidad del Aire de la Alcald\u00eda de La Paz \u201cHasta el [&hellip;]","og_url":"https:\/\/www.eldiario.net\/portal\/2021\/06\/21\/reportan-que-calidad-del-aire-en-la-paz-es-buena\/","og_site_name":"El Diario - Bolivia","article_publisher":"https:\/\/www.facebook.com\/eldiario.bolivia\/","article_published_time":"2021-06-21T05:10:49+00:00","author":"Jeanette","twitter_card":"summary_large_image","twitter_creator":"@eldiario_net","twitter_site":"@eldiario_net","twitter_misc":{"Escrito por":"Jeanette","Tiempo de lectura":"1 minuto"},"schema":{"@context":"https:\/\/schema.org","@graph":[{"@type":"Article","@id":"https:\/\/www.eldiario.net\/portal\/2021\/06\/21\/reportan-que-calidad-del-aire-en-la-paz-es-buena\/#article","isPartOf":{"@id":"https:\/\/www.eldiario.net\/portal\/2021\/06\/21\/reportan-que-calidad-del-aire-en-la-paz-es-buena\/"},"author":{"name":"Jeanette","@id":"https:\/\/www.eldiario.net\/portal\/#\/schema\/person\/f46445640444750d7d753ccd04ae01b7"},"headline":"Reportan que calidad del aire en La Paz \u201ces buena\u201d","datePublished":"2021-06-21T05:10:49+00:00","mainEntityOfPage":{"@id":"https:\/\/www.eldiario.net\/portal\/2021\/06\/21\/reportan-que-calidad-del-aire-en-la-paz-es-buena\/"},"wordCount":246,"publisher":{"@id":"https:\/\/www.eldiario.net\/portal\/#organization"},"articleSection":["Nacional"],"inLanguage":"es"},{"@type":"WebPage","@id":"https:\/\/www.eldiario.net\/portal\/2021\/06\/21\/reportan-que-calidad-del-aire-en-la-paz-es-buena\/","url":"https:\/\/www.eldiario.net\/portal\/2021\/06\/21\/reportan-que-calidad-del-aire-en-la-paz-es-buena\/","name":"Reportan que calidad del aire en La Paz \u201ces buena\u201d - El Diario - Bolivia","isPartOf":{"@id":"https:\/\/www.eldiario.net\/portal\/#website"},"datePublished":"2021-06-21T05:10:49+00:00","breadcrumb":{"@id":"https:\/\/www.eldiario.net\/portal\/2021\/06\/21\/reportan-que-calidad-del-aire-en-la-paz-es-buena\/#breadcrumb"},"inLanguage":"es","potentialAction":[{"@type":"ReadAction","target":["https:\/\/www.eldiario.net\/portal\/2021\/06\/21\/reportan-que-calidad-del-aire-en-la-paz-es-buena\/"]}]},{"@type":"BreadcrumbList","@id":"https:\/\/www.eldiario.net\/portal\/2021\/06\/21\/reportan-que-calidad-del-aire-en-la-paz-es-buena\/#breadcrumb","itemListElement":[{"@type":"ListItem","position":1,"name":"Portada","item":"https:\/\/www.eldiario.net\/portal\/"},{"@type":"ListItem","position":2,"name":"Reportan que calidad del aire en La Paz \u201ces buena\u201d"}]},{"@type":"WebSite","@id":"https:\/\/www.eldiario.net\/portal\/#website","url":"https:\/\/www.eldiario.net\/portal\/","name":"El Diario - Decano de la prensa nacional","description":"El Diario - Decano de la prensa nacional","publisher":{"@id":"https:\/\/www.eldiario.net\/portal\/#organization"},"potentialAction":[{"@type":"SearchAction","target":{"@type":"EntryPoint","urlTemplate":"https:\/\/www.eldiario.net\/portal\/?s={search_term_string}"},"query-input":{"@type":"PropertyValueSpecification","valueRequired":true,"valueName":"search_term_string"}}],"inLanguage":"es"},{"@type":"Organization","@id":"https:\/\/www.eldiario.net\/portal\/#organization","name":"El Diario - Decano de la prensa nacional","url":"https:\/\/www.eldiario.net\/portal\/","logo":{"@type":"ImageObject","inLanguage":"es","@id":"https:\/\/www.eldiario.net\/portal\/#\/schema\/logo\/image\/","url":"https:\/\/www.eldiario.net\/portal\/wp-content\/uploads\/2023\/07\/logo_ED.jpg","contentUrl":"https:\/\/www.eldiario.net\/portal\/wp-content\/uploads\/2023\/07\/logo_ED.jpg","width":272,"height":52,"caption":"El Diario - Decano de la prensa nacional"},"image":{"@id":"https:\/\/www.eldiario.net\/portal\/#\/schema\/logo\/image\/"},"sameAs":["https:\/\/www.facebook.com\/eldiario.bolivia\/","https:\/\/x.com\/eldiario_net"]},{"@type":"Person","@id":"https:\/\/www.eldiario.net\/portal\/#\/schema\/person\/f46445640444750d7d753ccd04ae01b7","name":"Jeanette","image":{"@type":"ImageObject","inLanguage":"es","@id":"https:\/\/secure.gravatar.com\/avatar\/3ea2118a5f7dad2b7138b1187a6b7ee55f160b9968b66013c3a3ef39dd7e5798?s=96&d=mm&r=g","url":"https:\/\/secure.gravatar.com\/avatar\/3ea2118a5f7dad2b7138b1187a6b7ee55f160b9968b66013c3a3ef39dd7e5798?s=96&d=mm&r=g","contentUrl":"https:\/\/secure.gravatar.com\/avatar\/3ea2118a5f7dad2b7138b1187a6b7ee55f160b9968b66013c3a3ef39dd7e5798?s=96&d=mm&r=g","caption":"Jeanette"},"sameAs":["https:\/\/www.eldiario.net\/portal"],"url":"https:\/\/www.eldiario.net\/portal\/author\/jeanette\/"}]}},"_links":{"self":[{"href":"https:\/\/www.eldiario.net\/portal\/wp-json\/wp\/v2\/posts\/11894","targetHints":{"allow":["GET"]}}],"collection":[{"href":"https:\/\/www.eldiario.net\/portal\/wp-json\/wp\/v2\/posts"}],"about":[{"href":"https:\/\/www.eldiario.net\/portal\/wp-json\/wp\/v2\/types\/post"}],"author":[{"embeddable":true,"href":"https:\/\/www.eldiario.net\/portal\/wp-json\/wp\/v2\/users\/1"}],"replies":[{"embeddable":true,"href":"https:\/\/www.eldiario.net\/portal\/wp-json\/wp\/v2\/comments?post=11894"}],"version-history":[{"count":0,"href":"https:\/\/www.eldiario.net\/portal\/wp-json\/wp\/v2\/posts\/11894\/revisions"}],"wp:attachment":[{"href":"https:\/\/www.eldiario.net\/portal\/wp-json\/wp\/v2\/media?parent=11894"}],"wp:term":[{"taxonomy":"category","embeddable":true,"href":"https:\/\/www.eldiario.net\/portal\/wp-json\/wp\/v2\/categories?post=11894"},{"taxonomy":"post_tag","embeddable":true,"href":"https:\/\/www.eldiario.net\/portal\/wp-json\/wp\/v2\/tags?post=11894"}],"curies":[{"name":"wp","href":"https:\/\/api.w.org\/{rel}","templated":true}]}}