{"id":11890,"date":"2021-06-21T01:10:13","date_gmt":"2021-06-21T05:10:13","guid":{"rendered":"https:\/\/www.eldiario.net\/portal\/?p=11890"},"modified":"2021-06-21T01:10:13","modified_gmt":"2021-06-21T05:10:13","slug":"proyecto-de-ley-busca-dejar-el-mando-policial-en-manos-del-poder-politico","status":"publish","type":"post","link":"https:\/\/www.eldiario.net\/portal\/2021\/06\/21\/proyecto-de-ley-busca-dejar-el-mando-policial-en-manos-del-poder-politico\/","title":{"rendered":"Proyecto de ley busca dejar el mando policial en manos del poder pol\u00edtico"},"content":{"rendered":"<p>El proyecto de Ley de Carrera de Generales y de Ascensos de la Polic\u00eda Boliviana que ser\u00e1 tratado ma\u00f1ana en la Asamblea Legislativa busca dejar el mando policial en manos del poder pol\u00edtico, manifest\u00f3 a EL DIARIO el diputado Enrique Urquidi de Comunidad Ciudadana (CC).<br \/>\nUrquidi precis\u00f3 que CC rechaz\u00f3 el informe del proyecto de Ley 197\/20 aprobado por la Comisi\u00f3n de Gobierno, Defensa y Fuerzas Armadas porque el art\u00edculo 11 incorpora en el mando policial al Ministro o Ministra de Gobierno. \u201cEl tema del mando policial no es un tema que vaya a ser parte de esta ley porque simplemente esta debe tratar lo que son los ascensos y lo que significa la carrera de generales. Nosotros hemos denunciado que pr\u00e1cticamente este art\u00edculo del mando policial es de contrabando porque no va al objeto mismo que tiene el proyecto de ley\u201d, dijo.<br \/>\nEl legislador manifest\u00f3 que de acuerdo al art\u00edculo 252 de la Constituci\u00f3n Pol\u00edtica del Estado (CPE), la Polic\u00eda depende del Presidente del Estado mediante el Ministro de Gobierno, lo que no conlleva problema alguno en cuanto a la independencia de la instituci\u00f3n verde olivo.<br \/>\n\u201cEl ministro no puede ser juez y parte. Al incorporarlo al mando, estamos introduciendo un factor pol\u00edtico a la instituci\u00f3n policial. El concepto general y el esp\u00edritu del proyecto est\u00e1 bien porque quieren re-institucionalizar a la Polic\u00eda, quieren la carrera de generales, cualificar los recursos humanos, etc., pero c\u00f3mo quieren re-institucionalizar introduciendo a un factor pol\u00edtico, politiz\u00e1ndola m\u00e1s y d\u00e1ndole mucho m\u00e1s poder al ministro de Gobierno y aqu\u00ed no importa si es Del Castillo, Murillo o Quintana, de lo que se trata es de romper ese v\u00ednculo con el poder pol\u00edtico que tiene la Polic\u00eda y no se lo podr\u00e1 hacer si introducimos a esa autoridad si incluimos al mando\u201d, apunt\u00f3.<br \/>\nPor \u00faltimo, Urquidi apunt\u00f3 que en el pleno de la Asamblea Legislativa que est\u00e1 prevista para las 14:00 horas de ma\u00f1ana martes, la bancada de CC rechazar\u00e1 el proyecto tal cual lo hizo en la comisi\u00f3n.<br \/>\n\u201cEn la Comisi\u00f3n el MAS utilizando la mayor\u00eda aprob\u00f3 el informe y en el pleno tratar\u00e1n de replicar el extremo pero nosotros vamos a plantear pelea. Si es que la norma es aprobada y promulgada por el presidente Luis Arce, se puede abrir el espacio para acudir con alg\u00fan recurso al Tribunal Constitucional\u201d, finaliz\u00f3.<\/p>\n<p>PROYECTO DE LEY<br \/>\nEl proyecto de ley consta de nueve cap\u00edtulos, 38 art\u00edculos, cuatro disposiciones transitorias, una disposici\u00f3n final y dos disposiciones abrogatorias y derogatorias.<br \/>\n\u201cEl proyecto de Ley de Carrera de Generales y de Ascensos de la Polic\u00eda Boliviana consiste principalmente en:<br \/>\nDefine el Escalaf\u00f3n Policial, estableciendo las categor\u00edas divididas jer\u00e1rquicamente en el Escalaf\u00f3n de la Carrera de Generales y el Escalaf\u00f3n de la Carrera Policial tanto de las y los servidores p\u00fablicos de carrera como aquellos servicios.<br \/>\nEstablece una estructura de Mando Policial, en concordancia con la Constituci\u00f3n Pol\u00edtica del Estado de acuerdo al siguiente orden: 1. Presidenta o Presidente del Estado Plurinacional de Bolivia 2. Ministra o Ministro de Gobierno. 3. Comandante General. 4. Subcomandante y Jefa o Jefe del Estado Mayor. 5 Suboficial de Estado Mayor.<br \/>\nSe establece una nueva escala jer\u00e1rquica de generales, jefes y oficiales de carrera, incorporando denominaciones en los grados de la Carrera a General de la siguiente manera en orden ascendente: General Primero, General Mayor y General Superior, estableciendo una estructura jer\u00e1rquica.<br \/>\nProfundiza la jerarquizaci\u00f3n y la dignificaci\u00f3n de la Carrera Policial tanto para oficiales como para suboficiales.<br \/>\nSe establecen requisitos para los ascensos a todos los grados tanto de la carrera a generales como de jefes, oficiales y suboficiales. En cuanto a los jefes oficiales y suboficiales de servicios su procedimiento ser\u00e1 establecido en reglamentaci\u00f3n espec\u00edfica.<br \/>\nSienta las bases para el inicio de la profesionalizaci\u00f3n valorizaci\u00f3n y especializaci\u00f3n de la Carrera Policial.<br \/>\nSe modifican y actualizan las caracter\u00edsticas de las situaciones de disponibilidad para el personal de la Polic\u00eda Boliviana.<br \/>\nSe permite a las y los suboficiales superiores que hayan cumplido el cargo de Suboficial de Estado Mayor del Comando General y suboficiales de Plana Mayor de los Comandos Departamentales pertenecer a la disponibilidad Categor\u00eda C.<br \/>\nSe incorpora la Categor\u00eda D para aquellos servidores p\u00fablicos policiales que ejercen funciones extra institucionales en entidades p\u00fablicas estatales sin perder antig\u00fcedad, sin goce de haberes ni derechos laborales de la Polic\u00eda Boliviana.<br \/>\nA fin de crear una seguridad jur\u00eddica al personal efectivo policial, se ha previsto para la gesti\u00f3n 2021 que se seleccione a los coroneles que fueron calificados para ascenso a General en la gesti\u00f3n 2020 para que los mismos de acuerdo a procedimiento constitucional de ratificaci\u00f3n por la C\u00e1mara de Senadores ocupen los cargos correspondientes al numeral 1 del Par\u00e1grafo 1 del art\u00edculo 32 del proyecto de ley.<br \/>\nAsimismo, para la gesti\u00f3n 2021, establece que los servidores p\u00fablicos policiales que cumplan 3 a\u00f1os y 2 a\u00f1os de servicio en el grado de Coronel al 31 de diciembre de 2020, ocupar\u00e1n los cargos correspondientes a los numerales 2 y 3 del par\u00e1grafo 1 del art\u00edculo 32, respectivamente de manera interina.<br \/>\nA su vez, para la gesti\u00f3n 2021 se prev\u00e9 que los servidores p\u00fablicos policiales que al 31 de diciembre de 2020, cumplieron tres y cuatro a\u00f1os de servicio en el grado de coronel y no ocupen los cargos establecidos en el par\u00e1grafo 1 art\u00edculo del art\u00edculo 32, pasen a ser destinados a Disponibilidad Categor\u00edas C reserva activa.<br \/>\nSe establece tambi\u00e9n, de manera excepcional, que los cargos previstos seg\u00fan la estructura del art\u00edculo 32, puedan ser ocupados por servidoras y servidores p\u00fablicos policiales con grados inmediatamente inferiores seg\u00fan corresponda hasta cubrir las acefal\u00edas.<br \/>\nSe propone la derogaci\u00f3n de un articulado significante de la Ley Org\u00e1nica de la Polic\u00eda ya que la misma, no se encuentra contextualizada seg\u00fan los principios y valores establecidos en la Constituci\u00f3n Pol\u00edtica del Estado y parte de sus disposiciones no corresponden a los actuales intereses institucionales, al efecto considerando el contenido \u00edntegro del proyecto de ley se propone la derogaci\u00f3n de los siguientes art\u00edculos:12, 13, 15, 17, 19, 20, 36, inciso d del 54, 62, 63, 64, 70, 71, 72, 73, 74, 75, 76, 77, 80, 81, 82, 83, 84, 85 y 88 de la Ley 734 del 8 de abril de 1985 Ley Org\u00e1nica de la Polic\u00eda Boliviana, as\u00ed como la abrogaci\u00f3n y derogaci\u00f3n de toda disposici\u00f3n contraria a la ley, una vez aprobada\u201d, dice parte de la norma.<\/p>\n<p>ART\u00cdCULO 11<br \/>\nArt\u00edculo 11 (Dependencia org\u00e1nica y mando policial) I. Las fuerzas de la Polic\u00eda Boliviana dependen de la Presidenta o Presidente del Estado por intermedio de la Ministra o Ministro de Gobierno, de conformidad a lo establecido en el art\u00edculo 252 de la Constituci\u00f3n Pol\u00edtica del Estado.<br \/>\nII. El mando Policial, est\u00e1 conformado por las siguientes autoridades<br \/>\nMinistro o Ministra de Gobierno<br \/>\nComandante General<br \/>\nSubcomandante y Jefe del Estado Mayor<br \/>\nSuboficial de Estado Mayor\u201d<br \/>\nEl art\u00edculo 252 de la Constituci\u00f3n Pol\u00edtica del Estado semana: \u201cLas Fuerzas de la Polic\u00eda Boliviana dependen de la Presidenta o del Presidente del Estado por intermedio de la Ministra o Ministro de Gobierno\u201d.<\/p>\n<p><img loading=\"lazy\" decoding=\"async\" class=\"aligncenter size-large wp-image-11892\" src=\"https:\/\/www.eldiario.net\/portal\/wp-content\/uploads\/2021\/06\/CARTA-716x1024.jpg\" alt=\"\" width=\"716\" height=\"1024\" \/><\/p>\n","protected":false},"excerpt":{"rendered":"<p>El proyecto de Ley de Carrera de Generales y de Ascensos de la Polic\u00eda Boliviana que ser\u00e1 tratado ma\u00f1ana en la Asamblea Legislativa busca dejar el mando policial en manos del poder pol\u00edtico, manifest\u00f3 a EL DIARIO el diputado Enrique Urquidi de Comunidad Ciudadana (CC). Urquidi precis\u00f3 que CC rechaz\u00f3 el informe del proyecto de [&hellip;]<\/p>\n","protected":false},"author":1,"featured_media":11891,"comment_status":"closed","ping_status":"closed","sticky":false,"template":"","format":"standard","meta":{"_acf_changed":false,"footnotes":""},"categories":[39],"tags":[],"class_list":["post-11890","post","type-post","status-publish","format-standard","has-post-thumbnail","category-sociedad"],"acf":{"antetitulo":""},"yoast_head":"<!-- This site is optimized with the Yoast SEO plugin v28.4 - https:\/\/yoast.com\/product\/yoast-seo-wordpress\/ -->\n<title>Proyecto de ley busca dejar el mando policial en manos del poder pol\u00edtico - El Diario - Bolivia<\/title>\n<meta name=\"robots\" content=\"index, follow, max-snippet:-1, max-image-preview:large, max-video-preview:-1\" \/>\n<link rel=\"canonical\" href=\"https:\/\/www.eldiario.net\/portal\/2021\/06\/21\/proyecto-de-ley-busca-dejar-el-mando-policial-en-manos-del-poder-politico\/\" \/>\n<meta property=\"og:locale\" content=\"es_ES\" \/>\n<meta property=\"og:type\" content=\"article\" \/>\n<meta property=\"og:title\" content=\"Proyecto de ley busca dejar el mando policial en manos del poder pol\u00edtico - El Diario - Bolivia\" \/>\n<meta property=\"og:description\" content=\"El proyecto de Ley de Carrera de Generales y de Ascensos de la Polic\u00eda Boliviana que ser\u00e1 tratado ma\u00f1ana en la Asamblea Legislativa busca dejar el mando policial en manos del poder pol\u00edtico, manifest\u00f3 a EL DIARIO el diputado Enrique Urquidi de Comunidad Ciudadana (CC). Urquidi precis\u00f3 que CC rechaz\u00f3 el informe del proyecto de [&hellip;]\" \/>\n<meta property=\"og:url\" content=\"https:\/\/www.eldiario.net\/portal\/2021\/06\/21\/proyecto-de-ley-busca-dejar-el-mando-policial-en-manos-del-poder-politico\/\" \/>\n<meta property=\"og:site_name\" content=\"El Diario - Bolivia\" \/>\n<meta property=\"article:publisher\" content=\"https:\/\/www.facebook.com\/eldiario.bolivia\/\" \/>\n<meta property=\"article:published_time\" content=\"2021-06-21T05:10:13+00:00\" \/>\n<meta name=\"author\" content=\"Jeanette\" \/>\n<meta name=\"twitter:card\" content=\"summary_large_image\" \/>\n<meta name=\"twitter:creator\" content=\"@eldiario_net\" \/>\n<meta name=\"twitter:site\" content=\"@eldiario_net\" \/>\n<meta name=\"twitter:label1\" content=\"Escrito por\" \/>\n\t<meta name=\"twitter:data1\" content=\"Jeanette\" \/>\n\t<meta name=\"twitter:label2\" content=\"Tiempo de lectura\" \/>\n\t<meta name=\"twitter:data2\" content=\"6 minutos\" \/>\n<script type=\"application\/ld+json\" class=\"yoast-schema-graph\">{\"@context\":\"https:\\\/\\\/schema.org\",\"@graph\":[{\"@type\":\"Article\",\"@id\":\"https:\\\/\\\/www.eldiario.net\\\/portal\\\/2021\\\/06\\\/21\\\/proyecto-de-ley-busca-dejar-el-mando-policial-en-manos-del-poder-politico\\\/#article\",\"isPartOf\":{\"@id\":\"https:\\\/\\\/www.eldiario.net\\\/portal\\\/2021\\\/06\\\/21\\\/proyecto-de-ley-busca-dejar-el-mando-policial-en-manos-del-poder-politico\\\/\"},\"author\":{\"name\":\"Jeanette\",\"@id\":\"https:\\\/\\\/www.eldiario.net\\\/portal\\\/#\\\/schema\\\/person\\\/f46445640444750d7d753ccd04ae01b7\"},\"headline\":\"Proyecto de ley busca dejar el mando policial en manos del poder pol\u00edtico\",\"datePublished\":\"2021-06-21T05:10:13+00:00\",\"mainEntityOfPage\":{\"@id\":\"https:\\\/\\\/www.eldiario.net\\\/portal\\\/2021\\\/06\\\/21\\\/proyecto-de-ley-busca-dejar-el-mando-policial-en-manos-del-poder-politico\\\/\"},\"wordCount\":1232,\"publisher\":{\"@id\":\"https:\\\/\\\/www.eldiario.net\\\/portal\\\/#organization\"},\"image\":{\"@id\":\"https:\\\/\\\/www.eldiario.net\\\/portal\\\/2021\\\/06\\\/21\\\/proyecto-de-ley-busca-dejar-el-mando-policial-en-manos-del-poder-politico\\\/#primaryimage\"},\"thumbnailUrl\":\"\",\"articleSection\":[\"Sociedad - Seguridad\"],\"inLanguage\":\"es\"},{\"@type\":\"WebPage\",\"@id\":\"https:\\\/\\\/www.eldiario.net\\\/portal\\\/2021\\\/06\\\/21\\\/proyecto-de-ley-busca-dejar-el-mando-policial-en-manos-del-poder-politico\\\/\",\"url\":\"https:\\\/\\\/www.eldiario.net\\\/portal\\\/2021\\\/06\\\/21\\\/proyecto-de-ley-busca-dejar-el-mando-policial-en-manos-del-poder-politico\\\/\",\"name\":\"Proyecto de ley busca dejar el mando policial en manos del poder pol\u00edtico - El Diario - Bolivia\",\"isPartOf\":{\"@id\":\"https:\\\/\\\/www.eldiario.net\\\/portal\\\/#website\"},\"primaryImageOfPage\":{\"@id\":\"https:\\\/\\\/www.eldiario.net\\\/portal\\\/2021\\\/06\\\/21\\\/proyecto-de-ley-busca-dejar-el-mando-policial-en-manos-del-poder-politico\\\/#primaryimage\"},\"image\":{\"@id\":\"https:\\\/\\\/www.eldiario.net\\\/portal\\\/2021\\\/06\\\/21\\\/proyecto-de-ley-busca-dejar-el-mando-policial-en-manos-del-poder-politico\\\/#primaryimage\"},\"thumbnailUrl\":\"\",\"datePublished\":\"2021-06-21T05:10:13+00:00\",\"breadcrumb\":{\"@id\":\"https:\\\/\\\/www.eldiario.net\\\/portal\\\/2021\\\/06\\\/21\\\/proyecto-de-ley-busca-dejar-el-mando-policial-en-manos-del-poder-politico\\\/#breadcrumb\"},\"inLanguage\":\"es\",\"potentialAction\":[{\"@type\":\"ReadAction\",\"target\":[\"https:\\\/\\\/www.eldiario.net\\\/portal\\\/2021\\\/06\\\/21\\\/proyecto-de-ley-busca-dejar-el-mando-policial-en-manos-del-poder-politico\\\/\"]}]},{\"@type\":\"ImageObject\",\"inLanguage\":\"es\",\"@id\":\"https:\\\/\\\/www.eldiario.net\\\/portal\\\/2021\\\/06\\\/21\\\/proyecto-de-ley-busca-dejar-el-mando-policial-en-manos-del-poder-politico\\\/#primaryimage\",\"url\":\"\",\"contentUrl\":\"\"},{\"@type\":\"BreadcrumbList\",\"@id\":\"https:\\\/\\\/www.eldiario.net\\\/portal\\\/2021\\\/06\\\/21\\\/proyecto-de-ley-busca-dejar-el-mando-policial-en-manos-del-poder-politico\\\/#breadcrumb\",\"itemListElement\":[{\"@type\":\"ListItem\",\"position\":1,\"name\":\"Portada\",\"item\":\"https:\\\/\\\/www.eldiario.net\\\/portal\\\/\"},{\"@type\":\"ListItem\",\"position\":2,\"name\":\"Proyecto de ley busca dejar el mando policial en manos del poder pol\u00edtico\"}]},{\"@type\":\"WebSite\",\"@id\":\"https:\\\/\\\/www.eldiario.net\\\/portal\\\/#website\",\"url\":\"https:\\\/\\\/www.eldiario.net\\\/portal\\\/\",\"name\":\"El Diario - Decano de la prensa nacional\",\"description\":\"El Diario - Decano de la prensa nacional\",\"publisher\":{\"@id\":\"https:\\\/\\\/www.eldiario.net\\\/portal\\\/#organization\"},\"potentialAction\":[{\"@type\":\"SearchAction\",\"target\":{\"@type\":\"EntryPoint\",\"urlTemplate\":\"https:\\\/\\\/www.eldiario.net\\\/portal\\\/?s={search_term_string}\"},\"query-input\":{\"@type\":\"PropertyValueSpecification\",\"valueRequired\":true,\"valueName\":\"search_term_string\"}}],\"inLanguage\":\"es\"},{\"@type\":\"Organization\",\"@id\":\"https:\\\/\\\/www.eldiario.net\\\/portal\\\/#organization\",\"name\":\"El Diario - Decano de la prensa nacional\",\"url\":\"https:\\\/\\\/www.eldiario.net\\\/portal\\\/\",\"logo\":{\"@type\":\"ImageObject\",\"inLanguage\":\"es\",\"@id\":\"https:\\\/\\\/www.eldiario.net\\\/portal\\\/#\\\/schema\\\/logo\\\/image\\\/\",\"url\":\"https:\\\/\\\/www.eldiario.net\\\/portal\\\/wp-content\\\/uploads\\\/2023\\\/07\\\/logo_ED.jpg\",\"contentUrl\":\"https:\\\/\\\/www.eldiario.net\\\/portal\\\/wp-content\\\/uploads\\\/2023\\\/07\\\/logo_ED.jpg\",\"width\":272,\"height\":52,\"caption\":\"El Diario - Decano de la prensa nacional\"},\"image\":{\"@id\":\"https:\\\/\\\/www.eldiario.net\\\/portal\\\/#\\\/schema\\\/logo\\\/image\\\/\"},\"sameAs\":[\"https:\\\/\\\/www.facebook.com\\\/eldiario.bolivia\\\/\",\"https:\\\/\\\/x.com\\\/eldiario_net\"]},{\"@type\":\"Person\",\"@id\":\"https:\\\/\\\/www.eldiario.net\\\/portal\\\/#\\\/schema\\\/person\\\/f46445640444750d7d753ccd04ae01b7\",\"name\":\"Jeanette\",\"image\":{\"@type\":\"ImageObject\",\"inLanguage\":\"es\",\"@id\":\"https:\\\/\\\/secure.gravatar.com\\\/avatar\\\/3ea2118a5f7dad2b7138b1187a6b7ee55f160b9968b66013c3a3ef39dd7e5798?s=96&d=mm&r=g\",\"url\":\"https:\\\/\\\/secure.gravatar.com\\\/avatar\\\/3ea2118a5f7dad2b7138b1187a6b7ee55f160b9968b66013c3a3ef39dd7e5798?s=96&d=mm&r=g\",\"contentUrl\":\"https:\\\/\\\/secure.gravatar.com\\\/avatar\\\/3ea2118a5f7dad2b7138b1187a6b7ee55f160b9968b66013c3a3ef39dd7e5798?s=96&d=mm&r=g\",\"caption\":\"Jeanette\"},\"sameAs\":[\"https:\\\/\\\/www.eldiario.net\\\/portal\"],\"url\":\"https:\\\/\\\/www.eldiario.net\\\/portal\\\/author\\\/jeanette\\\/\"}]}<\/script>\n<!-- \/ Yoast SEO plugin. -->","yoast_head_json":{"title":"Proyecto de ley busca dejar el mando policial en manos del poder pol\u00edtico - El Diario - Bolivia","robots":{"index":"index","follow":"follow","max-snippet":"max-snippet:-1","max-image-preview":"max-image-preview:large","max-video-preview":"max-video-preview:-1"},"canonical":"https:\/\/www.eldiario.net\/portal\/2021\/06\/21\/proyecto-de-ley-busca-dejar-el-mando-policial-en-manos-del-poder-politico\/","og_locale":"es_ES","og_type":"article","og_title":"Proyecto de ley busca dejar el mando policial en manos del poder pol\u00edtico - El Diario - Bolivia","og_description":"El proyecto de Ley de Carrera de Generales y de Ascensos de la Polic\u00eda Boliviana que ser\u00e1 tratado ma\u00f1ana en la Asamblea Legislativa busca dejar el mando policial en manos del poder pol\u00edtico, manifest\u00f3 a EL DIARIO el diputado Enrique Urquidi de Comunidad Ciudadana (CC). Urquidi precis\u00f3 que CC rechaz\u00f3 el informe del proyecto de [&hellip;]","og_url":"https:\/\/www.eldiario.net\/portal\/2021\/06\/21\/proyecto-de-ley-busca-dejar-el-mando-policial-en-manos-del-poder-politico\/","og_site_name":"El Diario - Bolivia","article_publisher":"https:\/\/www.facebook.com\/eldiario.bolivia\/","article_published_time":"2021-06-21T05:10:13+00:00","author":"Jeanette","twitter_card":"summary_large_image","twitter_creator":"@eldiario_net","twitter_site":"@eldiario_net","twitter_misc":{"Escrito por":"Jeanette","Tiempo de lectura":"6 minutos"},"schema":{"@context":"https:\/\/schema.org","@graph":[{"@type":"Article","@id":"https:\/\/www.eldiario.net\/portal\/2021\/06\/21\/proyecto-de-ley-busca-dejar-el-mando-policial-en-manos-del-poder-politico\/#article","isPartOf":{"@id":"https:\/\/www.eldiario.net\/portal\/2021\/06\/21\/proyecto-de-ley-busca-dejar-el-mando-policial-en-manos-del-poder-politico\/"},"author":{"name":"Jeanette","@id":"https:\/\/www.eldiario.net\/portal\/#\/schema\/person\/f46445640444750d7d753ccd04ae01b7"},"headline":"Proyecto de ley busca dejar el mando policial en manos del poder pol\u00edtico","datePublished":"2021-06-21T05:10:13+00:00","mainEntityOfPage":{"@id":"https:\/\/www.eldiario.net\/portal\/2021\/06\/21\/proyecto-de-ley-busca-dejar-el-mando-policial-en-manos-del-poder-politico\/"},"wordCount":1232,"publisher":{"@id":"https:\/\/www.eldiario.net\/portal\/#organization"},"image":{"@id":"https:\/\/www.eldiario.net\/portal\/2021\/06\/21\/proyecto-de-ley-busca-dejar-el-mando-policial-en-manos-del-poder-politico\/#primaryimage"},"thumbnailUrl":"","articleSection":["Sociedad - Seguridad"],"inLanguage":"es"},{"@type":"WebPage","@id":"https:\/\/www.eldiario.net\/portal\/2021\/06\/21\/proyecto-de-ley-busca-dejar-el-mando-policial-en-manos-del-poder-politico\/","url":"https:\/\/www.eldiario.net\/portal\/2021\/06\/21\/proyecto-de-ley-busca-dejar-el-mando-policial-en-manos-del-poder-politico\/","name":"Proyecto de ley busca dejar el mando policial en manos del poder pol\u00edtico - El Diario - Bolivia","isPartOf":{"@id":"https:\/\/www.eldiario.net\/portal\/#website"},"primaryImageOfPage":{"@id":"https:\/\/www.eldiario.net\/portal\/2021\/06\/21\/proyecto-de-ley-busca-dejar-el-mando-policial-en-manos-del-poder-politico\/#primaryimage"},"image":{"@id":"https:\/\/www.eldiario.net\/portal\/2021\/06\/21\/proyecto-de-ley-busca-dejar-el-mando-policial-en-manos-del-poder-politico\/#primaryimage"},"thumbnailUrl":"","datePublished":"2021-06-21T05:10:13+00:00","breadcrumb":{"@id":"https:\/\/www.eldiario.net\/portal\/2021\/06\/21\/proyecto-de-ley-busca-dejar-el-mando-policial-en-manos-del-poder-politico\/#breadcrumb"},"inLanguage":"es","potentialAction":[{"@type":"ReadAction","target":["https:\/\/www.eldiario.net\/portal\/2021\/06\/21\/proyecto-de-ley-busca-dejar-el-mando-policial-en-manos-del-poder-politico\/"]}]},{"@type":"ImageObject","inLanguage":"es","@id":"https:\/\/www.eldiario.net\/portal\/2021\/06\/21\/proyecto-de-ley-busca-dejar-el-mando-policial-en-manos-del-poder-politico\/#primaryimage","url":"","contentUrl":""},{"@type":"BreadcrumbList","@id":"https:\/\/www.eldiario.net\/portal\/2021\/06\/21\/proyecto-de-ley-busca-dejar-el-mando-policial-en-manos-del-poder-politico\/#breadcrumb","itemListElement":[{"@type":"ListItem","position":1,"name":"Portada","item":"https:\/\/www.eldiario.net\/portal\/"},{"@type":"ListItem","position":2,"name":"Proyecto de ley busca dejar el mando policial en manos del poder pol\u00edtico"}]},{"@type":"WebSite","@id":"https:\/\/www.eldiario.net\/portal\/#website","url":"https:\/\/www.eldiario.net\/portal\/","name":"El Diario - Decano de la prensa nacional","description":"El Diario - Decano de la prensa nacional","publisher":{"@id":"https:\/\/www.eldiario.net\/portal\/#organization"},"potentialAction":[{"@type":"SearchAction","target":{"@type":"EntryPoint","urlTemplate":"https:\/\/www.eldiario.net\/portal\/?s={search_term_string}"},"query-input":{"@type":"PropertyValueSpecification","valueRequired":true,"valueName":"search_term_string"}}],"inLanguage":"es"},{"@type":"Organization","@id":"https:\/\/www.eldiario.net\/portal\/#organization","name":"El Diario - Decano de la prensa nacional","url":"https:\/\/www.eldiario.net\/portal\/","logo":{"@type":"ImageObject","inLanguage":"es","@id":"https:\/\/www.eldiario.net\/portal\/#\/schema\/logo\/image\/","url":"https:\/\/www.eldiario.net\/portal\/wp-content\/uploads\/2023\/07\/logo_ED.jpg","contentUrl":"https:\/\/www.eldiario.net\/portal\/wp-content\/uploads\/2023\/07\/logo_ED.jpg","width":272,"height":52,"caption":"El Diario - Decano de la prensa nacional"},"image":{"@id":"https:\/\/www.eldiario.net\/portal\/#\/schema\/logo\/image\/"},"sameAs":["https:\/\/www.facebook.com\/eldiario.bolivia\/","https:\/\/x.com\/eldiario_net"]},{"@type":"Person","@id":"https:\/\/www.eldiario.net\/portal\/#\/schema\/person\/f46445640444750d7d753ccd04ae01b7","name":"Jeanette","image":{"@type":"ImageObject","inLanguage":"es","@id":"https:\/\/secure.gravatar.com\/avatar\/3ea2118a5f7dad2b7138b1187a6b7ee55f160b9968b66013c3a3ef39dd7e5798?s=96&d=mm&r=g","url":"https:\/\/secure.gravatar.com\/avatar\/3ea2118a5f7dad2b7138b1187a6b7ee55f160b9968b66013c3a3ef39dd7e5798?s=96&d=mm&r=g","contentUrl":"https:\/\/secure.gravatar.com\/avatar\/3ea2118a5f7dad2b7138b1187a6b7ee55f160b9968b66013c3a3ef39dd7e5798?s=96&d=mm&r=g","caption":"Jeanette"},"sameAs":["https:\/\/www.eldiario.net\/portal"],"url":"https:\/\/www.eldiario.net\/portal\/author\/jeanette\/"}]}},"_links":{"self":[{"href":"https:\/\/www.eldiario.net\/portal\/wp-json\/wp\/v2\/posts\/11890","targetHints":{"allow":["GET"]}}],"collection":[{"href":"https:\/\/www.eldiario.net\/portal\/wp-json\/wp\/v2\/posts"}],"about":[{"href":"https:\/\/www.eldiario.net\/portal\/wp-json\/wp\/v2\/types\/post"}],"author":[{"embeddable":true,"href":"https:\/\/www.eldiario.net\/portal\/wp-json\/wp\/v2\/users\/1"}],"replies":[{"embeddable":true,"href":"https:\/\/www.eldiario.net\/portal\/wp-json\/wp\/v2\/comments?post=11890"}],"version-history":[{"count":0,"href":"https:\/\/www.eldiario.net\/portal\/wp-json\/wp\/v2\/posts\/11890\/revisions"}],"wp:attachment":[{"href":"https:\/\/www.eldiario.net\/portal\/wp-json\/wp\/v2\/media?parent=11890"}],"wp:term":[{"taxonomy":"category","embeddable":true,"href":"https:\/\/www.eldiario.net\/portal\/wp-json\/wp\/v2\/categories?post=11890"},{"taxonomy":"post_tag","embeddable":true,"href":"https:\/\/www.eldiario.net\/portal\/wp-json\/wp\/v2\/tags?post=11890"}],"curies":[{"name":"wp","href":"https:\/\/api.w.org\/{rel}","templated":true}]}}