{"id":11884,"date":"2021-06-21T01:08:26","date_gmt":"2021-06-21T05:08:26","guid":{"rendered":"https:\/\/www.eldiario.net\/portal\/?p=11884"},"modified":"2021-06-21T01:08:26","modified_gmt":"2021-06-21T05:08:26","slug":"audios-que-presuntamente-involucran-al-exministro-lopez-son-de-fabula","status":"publish","type":"post","link":"https:\/\/www.eldiario.net\/portal\/2021\/06\/21\/audios-que-presuntamente-involucran-al-exministro-lopez-son-de-fabula\/","title":{"rendered":"Audios que presuntamente involucran al exministro L\u00f3pez son de \u201cf\u00e1bula\u201d"},"content":{"rendered":"<p>Los audios que supuestamente involucran al exministro de Defensa Fernando L\u00f3pez, en una presunta conspiraci\u00f3n para evitar que Luis Arce asuma la presidencia luego de ganar las elecciones en 2020, son una f\u00e1bula porque es imposible que un exministro pueda movilizar 10.000 personas en los Estados Unidos para venir a hacer actos terroristas, ello supondr\u00eda que la seguridad nacional del pa\u00eds norteamericano puede estar vulnerada, manifest\u00f3 a EL DIARIO el coronel en servicio pasivo del Ej\u00e9rcito y abogado constitucionalista, Jorge Santistevan.<br \/>\n\u201cParece una f\u00e1bula seguida de moraleja que cuando los populistas est\u00e1n enterrados de bosta, sacan el cuello para decir p\u00edo, entonces se inventan las historias; en este caso est\u00e1n armando una situaci\u00f3n que los est\u00e1 llevando a profundizar el conflicto social y pol\u00edtico y no se intenta defender a nadie, cada uno sabr\u00e1 c\u00f3mo hacerlo, pero verdaderamente es indignante que intenten hacer creer eso a los bolivianos\u201d, dijo.<br \/>\nEl pasado jueves, la revista digital The Intercept public\u00f3 un reporte con tres audios de respaldo, en el que afirma que el exministro de Defensa trabaj\u00f3 en un plan que inclu\u00eda la contrataci\u00f3n de mercenarios para impedir que Arce asumiera la presidencia en 2020. Seg\u00fan la publicaci\u00f3n, la estrategia no prosper\u00f3 por diferencias con el entonces ministro de Gobierno, Arturo Murillo.<br \/>\nAyer, el ministro de Justicia, Iv\u00e1n Lima, advirti\u00f3 que los audios son \u201cun tema estructural, un tema ocurrido de manera grave en el pa\u00eds\u201d.<br \/>\nSantistevan apunt\u00f3 que antes de emitir criterio las autoridades de Gobierno deber\u00edan someter el audio a un an\u00e1lisis t\u00e9cnico, cient\u00edfico o a un peritaje con procedimientos m\u00ednimos de an\u00e1lisis con altos niveles de ac\u00fastica, medidas \u00f3ptimas de inspecci\u00f3n del sonido y todos los detalles de electroac\u00fastica, producci\u00f3n y registro aut\u00e9ntico e incluso alteraci\u00f3n de sonidos y voces, cuyo informe debe contener incontrastable grado de integridad y de no manipulaci\u00f3n.<br \/>\n\u201cEl informe debe confirmar fecha, lugar, actores y otros detalles de quienes participan en la grabaci\u00f3n, y en Bolivia no contamos con el equipo de \u00faltima generaci\u00f3n, por eso es que el audio sobre el caso terrorismo de Evo Morales fue enviado a Colombia para la certificaci\u00f3n de los materiales de audio y video\u201d, apunt\u00f3.<br \/>\nPor otro lado, lament\u00f3 que el comandante de la Polic\u00eda, coronel Jhonny Aguilera, haya asegurado el viernes que tras una comparaci\u00f3n los audios atribuidos a la voz de L\u00f3pez tienen un 99,9 % de parecido al tenor de su voz.<br \/>\n\u201cAguilera en su desesperaci\u00f3n de apoyar a los ministros de Estado emite una declaraci\u00f3n desatinada por cuanto el audio no fue sometido a peritaje, ni siquiera a desdoblamiento de su contenido con los Institutos de Investigaci\u00f3n Forense que tiene Bolivia como el IDIF o el Iitcup, pese a que esos dos institutos de investigaci\u00f3n no cuentan con el equipamiento adecuado para verificar este tipo de pericias, caso contrario, si existe un informe pericial es importante que se haga conocer toda vez que ya se emiti\u00f3 una versi\u00f3n al respecto\u201d, advirti\u00f3.<\/p>\n<p>AUDIOS<br \/>\nPara el jurista por la \u201cfalsa historia de los audios\u201d, los asamble\u00edstas de oposici\u00f3n y oficialismo deber\u00edan pedir un peritaje internacional e investigar a los autores intelectuales y materiales de un hecho que pueden generar un concurso de delitos contra la estabilidad social y pol\u00edtica del Estado.<br \/>\nSobre el contenido del audio, Santistevan dijo que se deber\u00eda verificar si son 10.000 soldados militares americanos o son 10,000 milicianos porque si fueran los primeros ser\u00eda muy grave para el \u00e1mbito de las relaciones internacionales porque estar\u00eda en juego la participaci\u00f3n del gobierno de Estados Unidos en la desestabilizaci\u00f3n, sedici\u00f3n y otros delitos en la pol\u00edtica del pa\u00eds, extremo que es poco probable.<br \/>\n\u201cSi fueran 10.000 milicianos tampoco es cre\u00edble, porque EEUU no es base de terroristas que est\u00e1n a la espera de ser contratados por alg\u00fan sujeto particular para cumplir misiones de cualquier tipo. Aunque el exministro L\u00f3pez tuviera la capacidad econ\u00f3mica y de liderazgo no lo har\u00eda, por cuanto nosotros, la sociedad boliviana ni las Fuerzas Armadas permitir\u00edamos semejante aberraci\u00f3n en pleno siglo XXI. Entonces es verdaderamente una falacia y adem\u00e1s es una situaci\u00f3n por dem\u00e1s de fantasiosa\u201d, dijo.<br \/>\nAdvirti\u00f3 que es imposible que un exministro de Estado pueda movilizar 10.000 personas en los Estados Unidos para hacer actos terroristas o defenestraci\u00f3n de mandatarios en el pa\u00eds, o en cualquier otro.<br \/>\n\u201cEstamos hablando de una cantidad muy elevada de personas, de manera de que no podemos nosotros suponer que la seguridad nacional de los Estados Unidos puede estar extremadamente vulnerada. Nada de lo que se pueda organizar al margen de la ley a gran escala en los Estados Unidos puede ser desconocido, o pueden estar sin el control de la elite de Inteligencia del gobierno, la CIA o el FBI\u201d, advirti\u00f3.<\/p>\n<p>MEDIO DE TENDENCIA<br \/>\nIZQUIERDISTA<br \/>\nPor otro lado, Santistevan refiri\u00f3 que The Intercept es un diario de tendencia comunista radical y que act\u00faan medi\u00e1ticamente buscando vulnerar las estructuras s\u00f3lidas de todo Estado que rechaza la tendencia radical de los socialistas progresistas en los Estados.<br \/>\n\u201cThe Intercept estar\u00eda iniciando un trabajo de injerencia en los asuntos de Estado y promoviendo actividades de desestabilizaci\u00f3n social, pol\u00edtica y militar. Ese medio de comunicaci\u00f3n es comunista financiado por los mismos socialistas conformado por pseudo periodistas a manera de esp\u00edas con personal de Cuba, Venezuela, Rusia al servicio de los mandatarios socialistas en la regi\u00f3n como Evo Morales, Nicol\u00e1s Maduro, Daniel Ortega y el gobernante cubano\u201d, advirti\u00f3.<br \/>\nRefiri\u00f3 que este medio intenta hacer una serie de acciones junto a la ONG Wola cuya sede se encuentra en Washington DC.<\/p>\n<div id='gallery-1' class='gallery galleryid-11884 gallery-columns-3 gallery-size-medium'><figure class='gallery-item'>\n\t\t\t<div class='gallery-icon landscape'>\n\t\t\t\t<a href='https:\/\/www.eldiario.net\/portal\/2021\/06\/21\/audios-que-presuntamente-involucran-al-exministro-lopez-son-de-fabula\/fernando-2\/'><img loading=\"lazy\" decoding=\"async\" width=\"300\" height=\"300\" src=\"https:\/\/www.eldiario.net\/portal\/wp-content\/uploads\/2021\/06\/FERNANDO-300x300.jpg\" class=\"attachment-medium size-medium\" alt=\"\" aria-describedby=\"gallery-1-11886\" srcset=\"https:\/\/www.eldiario.net\/portal\/wp-content\/uploads\/2021\/06\/FERNANDO-300x300.jpg 300w, https:\/\/www.eldiario.net\/portal\/wp-content\/uploads\/2021\/06\/FERNANDO-150x150.jpg 150w, https:\/\/www.eldiario.net\/portal\/wp-content\/uploads\/2021\/06\/FERNANDO-696x696.jpg 696w, https:\/\/www.eldiario.net\/portal\/wp-content\/uploads\/2021\/06\/FERNANDO.jpg 720w\" sizes=\"auto, (max-width: 300px) 100vw, 300px\" \/><\/a>\n\t\t\t<\/div>\n\t\t\t\t<figcaption class='wp-caption-text gallery-caption' id='gallery-1-11886'>\n\t\t\t\tFERNANDO L\u00d3PEZ, EXMINISTRO DE DEFENSA.\n\t\t\t\t<\/figcaption><\/figure>\n\t\t<\/div>\n\n","protected":false},"excerpt":{"rendered":"<p>Los audios que supuestamente involucran al exministro de Defensa Fernando L\u00f3pez, en una presunta conspiraci\u00f3n para evitar que Luis Arce asuma la presidencia luego de ganar las elecciones en 2020, son una f\u00e1bula porque es imposible que un exministro pueda movilizar 10.000 personas en los Estados Unidos para venir a hacer actos terroristas, ello supondr\u00eda [&hellip;]<\/p>\n","protected":false},"author":1,"featured_media":11885,"comment_status":"closed","ping_status":"closed","sticky":false,"template":"","format":"standard","meta":{"_acf_changed":false,"footnotes":""},"categories":[39],"tags":[],"class_list":["post-11884","post","type-post","status-publish","format-standard","has-post-thumbnail","category-sociedad"],"acf":{"antetitulo":""},"yoast_head":"<!-- This site is optimized with the Yoast SEO plugin v28.4 - https:\/\/yoast.com\/product\/yoast-seo-wordpress\/ -->\n<title>Audios que presuntamente involucran al exministro L\u00f3pez son de \u201cf\u00e1bula\u201d - El Diario - Bolivia<\/title>\n<meta name=\"robots\" content=\"index, follow, max-snippet:-1, max-image-preview:large, max-video-preview:-1\" \/>\n<link rel=\"canonical\" href=\"https:\/\/www.eldiario.net\/portal\/2021\/06\/21\/audios-que-presuntamente-involucran-al-exministro-lopez-son-de-fabula\/\" \/>\n<meta property=\"og:locale\" content=\"es_ES\" \/>\n<meta property=\"og:type\" content=\"article\" \/>\n<meta property=\"og:title\" content=\"Audios que presuntamente involucran al exministro L\u00f3pez son de \u201cf\u00e1bula\u201d - El Diario - Bolivia\" \/>\n<meta property=\"og:description\" content=\"Los audios que supuestamente involucran al exministro de Defensa Fernando L\u00f3pez, en una presunta conspiraci\u00f3n para evitar que Luis Arce asuma la presidencia luego de ganar las elecciones en 2020, son una f\u00e1bula porque es imposible que un exministro pueda movilizar 10.000 personas en los Estados Unidos para venir a hacer actos terroristas, ello supondr\u00eda [&hellip;]\" \/>\n<meta property=\"og:url\" content=\"https:\/\/www.eldiario.net\/portal\/2021\/06\/21\/audios-que-presuntamente-involucran-al-exministro-lopez-son-de-fabula\/\" \/>\n<meta property=\"og:site_name\" content=\"El Diario - Bolivia\" \/>\n<meta property=\"article:publisher\" content=\"https:\/\/www.facebook.com\/eldiario.bolivia\/\" \/>\n<meta property=\"article:published_time\" content=\"2021-06-21T05:08:26+00:00\" \/>\n<meta name=\"author\" content=\"Jeanette\" \/>\n<meta name=\"twitter:card\" content=\"summary_large_image\" \/>\n<meta name=\"twitter:creator\" content=\"@eldiario_net\" \/>\n<meta name=\"twitter:site\" content=\"@eldiario_net\" \/>\n<meta name=\"twitter:label1\" content=\"Escrito por\" \/>\n\t<meta name=\"twitter:data1\" content=\"Jeanette\" \/>\n\t<meta name=\"twitter:label2\" content=\"Tiempo de lectura\" \/>\n\t<meta name=\"twitter:data2\" content=\"5 minutos\" \/>\n<script type=\"application\/ld+json\" class=\"yoast-schema-graph\">{\"@context\":\"https:\\\/\\\/schema.org\",\"@graph\":[{\"@type\":\"Article\",\"@id\":\"https:\\\/\\\/www.eldiario.net\\\/portal\\\/2021\\\/06\\\/21\\\/audios-que-presuntamente-involucran-al-exministro-lopez-son-de-fabula\\\/#article\",\"isPartOf\":{\"@id\":\"https:\\\/\\\/www.eldiario.net\\\/portal\\\/2021\\\/06\\\/21\\\/audios-que-presuntamente-involucran-al-exministro-lopez-son-de-fabula\\\/\"},\"author\":{\"name\":\"Jeanette\",\"@id\":\"https:\\\/\\\/www.eldiario.net\\\/portal\\\/#\\\/schema\\\/person\\\/f46445640444750d7d753ccd04ae01b7\"},\"headline\":\"Audios que presuntamente involucran al exministro L\u00f3pez son de \u201cf\u00e1bula\u201d\",\"datePublished\":\"2021-06-21T05:08:26+00:00\",\"mainEntityOfPage\":{\"@id\":\"https:\\\/\\\/www.eldiario.net\\\/portal\\\/2021\\\/06\\\/21\\\/audios-que-presuntamente-involucran-al-exministro-lopez-son-de-fabula\\\/\"},\"wordCount\":998,\"publisher\":{\"@id\":\"https:\\\/\\\/www.eldiario.net\\\/portal\\\/#organization\"},\"image\":{\"@id\":\"https:\\\/\\\/www.eldiario.net\\\/portal\\\/2021\\\/06\\\/21\\\/audios-que-presuntamente-involucran-al-exministro-lopez-son-de-fabula\\\/#primaryimage\"},\"thumbnailUrl\":\"\",\"articleSection\":[\"Sociedad - Seguridad\"],\"inLanguage\":\"es\"},{\"@type\":\"WebPage\",\"@id\":\"https:\\\/\\\/www.eldiario.net\\\/portal\\\/2021\\\/06\\\/21\\\/audios-que-presuntamente-involucran-al-exministro-lopez-son-de-fabula\\\/\",\"url\":\"https:\\\/\\\/www.eldiario.net\\\/portal\\\/2021\\\/06\\\/21\\\/audios-que-presuntamente-involucran-al-exministro-lopez-son-de-fabula\\\/\",\"name\":\"Audios que presuntamente involucran al exministro L\u00f3pez son de \u201cf\u00e1bula\u201d - El Diario - Bolivia\",\"isPartOf\":{\"@id\":\"https:\\\/\\\/www.eldiario.net\\\/portal\\\/#website\"},\"primaryImageOfPage\":{\"@id\":\"https:\\\/\\\/www.eldiario.net\\\/portal\\\/2021\\\/06\\\/21\\\/audios-que-presuntamente-involucran-al-exministro-lopez-son-de-fabula\\\/#primaryimage\"},\"image\":{\"@id\":\"https:\\\/\\\/www.eldiario.net\\\/portal\\\/2021\\\/06\\\/21\\\/audios-que-presuntamente-involucran-al-exministro-lopez-son-de-fabula\\\/#primaryimage\"},\"thumbnailUrl\":\"\",\"datePublished\":\"2021-06-21T05:08:26+00:00\",\"breadcrumb\":{\"@id\":\"https:\\\/\\\/www.eldiario.net\\\/portal\\\/2021\\\/06\\\/21\\\/audios-que-presuntamente-involucran-al-exministro-lopez-son-de-fabula\\\/#breadcrumb\"},\"inLanguage\":\"es\",\"potentialAction\":[{\"@type\":\"ReadAction\",\"target\":[\"https:\\\/\\\/www.eldiario.net\\\/portal\\\/2021\\\/06\\\/21\\\/audios-que-presuntamente-involucran-al-exministro-lopez-son-de-fabula\\\/\"]}]},{\"@type\":\"ImageObject\",\"inLanguage\":\"es\",\"@id\":\"https:\\\/\\\/www.eldiario.net\\\/portal\\\/2021\\\/06\\\/21\\\/audios-que-presuntamente-involucran-al-exministro-lopez-son-de-fabula\\\/#primaryimage\",\"url\":\"\",\"contentUrl\":\"\"},{\"@type\":\"BreadcrumbList\",\"@id\":\"https:\\\/\\\/www.eldiario.net\\\/portal\\\/2021\\\/06\\\/21\\\/audios-que-presuntamente-involucran-al-exministro-lopez-son-de-fabula\\\/#breadcrumb\",\"itemListElement\":[{\"@type\":\"ListItem\",\"position\":1,\"name\":\"Portada\",\"item\":\"https:\\\/\\\/www.eldiario.net\\\/portal\\\/\"},{\"@type\":\"ListItem\",\"position\":2,\"name\":\"Audios que presuntamente involucran al exministro L\u00f3pez son de \u201cf\u00e1bula\u201d\"}]},{\"@type\":\"WebSite\",\"@id\":\"https:\\\/\\\/www.eldiario.net\\\/portal\\\/#website\",\"url\":\"https:\\\/\\\/www.eldiario.net\\\/portal\\\/\",\"name\":\"El Diario - Decano de la prensa nacional\",\"description\":\"El Diario - Decano de la prensa nacional\",\"publisher\":{\"@id\":\"https:\\\/\\\/www.eldiario.net\\\/portal\\\/#organization\"},\"potentialAction\":[{\"@type\":\"SearchAction\",\"target\":{\"@type\":\"EntryPoint\",\"urlTemplate\":\"https:\\\/\\\/www.eldiario.net\\\/portal\\\/?s={search_term_string}\"},\"query-input\":{\"@type\":\"PropertyValueSpecification\",\"valueRequired\":true,\"valueName\":\"search_term_string\"}}],\"inLanguage\":\"es\"},{\"@type\":\"Organization\",\"@id\":\"https:\\\/\\\/www.eldiario.net\\\/portal\\\/#organization\",\"name\":\"El Diario - Decano de la prensa nacional\",\"url\":\"https:\\\/\\\/www.eldiario.net\\\/portal\\\/\",\"logo\":{\"@type\":\"ImageObject\",\"inLanguage\":\"es\",\"@id\":\"https:\\\/\\\/www.eldiario.net\\\/portal\\\/#\\\/schema\\\/logo\\\/image\\\/\",\"url\":\"https:\\\/\\\/www.eldiario.net\\\/portal\\\/wp-content\\\/uploads\\\/2023\\\/07\\\/logo_ED.jpg\",\"contentUrl\":\"https:\\\/\\\/www.eldiario.net\\\/portal\\\/wp-content\\\/uploads\\\/2023\\\/07\\\/logo_ED.jpg\",\"width\":272,\"height\":52,\"caption\":\"El Diario - Decano de la prensa nacional\"},\"image\":{\"@id\":\"https:\\\/\\\/www.eldiario.net\\\/portal\\\/#\\\/schema\\\/logo\\\/image\\\/\"},\"sameAs\":[\"https:\\\/\\\/www.facebook.com\\\/eldiario.bolivia\\\/\",\"https:\\\/\\\/x.com\\\/eldiario_net\"]},{\"@type\":\"Person\",\"@id\":\"https:\\\/\\\/www.eldiario.net\\\/portal\\\/#\\\/schema\\\/person\\\/f46445640444750d7d753ccd04ae01b7\",\"name\":\"Jeanette\",\"image\":{\"@type\":\"ImageObject\",\"inLanguage\":\"es\",\"@id\":\"https:\\\/\\\/secure.gravatar.com\\\/avatar\\\/3ea2118a5f7dad2b7138b1187a6b7ee55f160b9968b66013c3a3ef39dd7e5798?s=96&d=mm&r=g\",\"url\":\"https:\\\/\\\/secure.gravatar.com\\\/avatar\\\/3ea2118a5f7dad2b7138b1187a6b7ee55f160b9968b66013c3a3ef39dd7e5798?s=96&d=mm&r=g\",\"contentUrl\":\"https:\\\/\\\/secure.gravatar.com\\\/avatar\\\/3ea2118a5f7dad2b7138b1187a6b7ee55f160b9968b66013c3a3ef39dd7e5798?s=96&d=mm&r=g\",\"caption\":\"Jeanette\"},\"sameAs\":[\"https:\\\/\\\/www.eldiario.net\\\/portal\"],\"url\":\"https:\\\/\\\/www.eldiario.net\\\/portal\\\/author\\\/jeanette\\\/\"}]}<\/script>\n<!-- \/ Yoast SEO plugin. -->","yoast_head_json":{"title":"Audios que presuntamente involucran al exministro L\u00f3pez son de \u201cf\u00e1bula\u201d - El Diario - Bolivia","robots":{"index":"index","follow":"follow","max-snippet":"max-snippet:-1","max-image-preview":"max-image-preview:large","max-video-preview":"max-video-preview:-1"},"canonical":"https:\/\/www.eldiario.net\/portal\/2021\/06\/21\/audios-que-presuntamente-involucran-al-exministro-lopez-son-de-fabula\/","og_locale":"es_ES","og_type":"article","og_title":"Audios que presuntamente involucran al exministro L\u00f3pez son de \u201cf\u00e1bula\u201d - El Diario - Bolivia","og_description":"Los audios que supuestamente involucran al exministro de Defensa Fernando L\u00f3pez, en una presunta conspiraci\u00f3n para evitar que Luis Arce asuma la presidencia luego de ganar las elecciones en 2020, son una f\u00e1bula porque es imposible que un exministro pueda movilizar 10.000 personas en los Estados Unidos para venir a hacer actos terroristas, ello supondr\u00eda [&hellip;]","og_url":"https:\/\/www.eldiario.net\/portal\/2021\/06\/21\/audios-que-presuntamente-involucran-al-exministro-lopez-son-de-fabula\/","og_site_name":"El Diario - Bolivia","article_publisher":"https:\/\/www.facebook.com\/eldiario.bolivia\/","article_published_time":"2021-06-21T05:08:26+00:00","author":"Jeanette","twitter_card":"summary_large_image","twitter_creator":"@eldiario_net","twitter_site":"@eldiario_net","twitter_misc":{"Escrito por":"Jeanette","Tiempo de lectura":"5 minutos"},"schema":{"@context":"https:\/\/schema.org","@graph":[{"@type":"Article","@id":"https:\/\/www.eldiario.net\/portal\/2021\/06\/21\/audios-que-presuntamente-involucran-al-exministro-lopez-son-de-fabula\/#article","isPartOf":{"@id":"https:\/\/www.eldiario.net\/portal\/2021\/06\/21\/audios-que-presuntamente-involucran-al-exministro-lopez-son-de-fabula\/"},"author":{"name":"Jeanette","@id":"https:\/\/www.eldiario.net\/portal\/#\/schema\/person\/f46445640444750d7d753ccd04ae01b7"},"headline":"Audios que presuntamente involucran al exministro L\u00f3pez son de \u201cf\u00e1bula\u201d","datePublished":"2021-06-21T05:08:26+00:00","mainEntityOfPage":{"@id":"https:\/\/www.eldiario.net\/portal\/2021\/06\/21\/audios-que-presuntamente-involucran-al-exministro-lopez-son-de-fabula\/"},"wordCount":998,"publisher":{"@id":"https:\/\/www.eldiario.net\/portal\/#organization"},"image":{"@id":"https:\/\/www.eldiario.net\/portal\/2021\/06\/21\/audios-que-presuntamente-involucran-al-exministro-lopez-son-de-fabula\/#primaryimage"},"thumbnailUrl":"","articleSection":["Sociedad - Seguridad"],"inLanguage":"es"},{"@type":"WebPage","@id":"https:\/\/www.eldiario.net\/portal\/2021\/06\/21\/audios-que-presuntamente-involucran-al-exministro-lopez-son-de-fabula\/","url":"https:\/\/www.eldiario.net\/portal\/2021\/06\/21\/audios-que-presuntamente-involucran-al-exministro-lopez-son-de-fabula\/","name":"Audios que presuntamente involucran al exministro L\u00f3pez son de \u201cf\u00e1bula\u201d - El Diario - Bolivia","isPartOf":{"@id":"https:\/\/www.eldiario.net\/portal\/#website"},"primaryImageOfPage":{"@id":"https:\/\/www.eldiario.net\/portal\/2021\/06\/21\/audios-que-presuntamente-involucran-al-exministro-lopez-son-de-fabula\/#primaryimage"},"image":{"@id":"https:\/\/www.eldiario.net\/portal\/2021\/06\/21\/audios-que-presuntamente-involucran-al-exministro-lopez-son-de-fabula\/#primaryimage"},"thumbnailUrl":"","datePublished":"2021-06-21T05:08:26+00:00","breadcrumb":{"@id":"https:\/\/www.eldiario.net\/portal\/2021\/06\/21\/audios-que-presuntamente-involucran-al-exministro-lopez-son-de-fabula\/#breadcrumb"},"inLanguage":"es","potentialAction":[{"@type":"ReadAction","target":["https:\/\/www.eldiario.net\/portal\/2021\/06\/21\/audios-que-presuntamente-involucran-al-exministro-lopez-son-de-fabula\/"]}]},{"@type":"ImageObject","inLanguage":"es","@id":"https:\/\/www.eldiario.net\/portal\/2021\/06\/21\/audios-que-presuntamente-involucran-al-exministro-lopez-son-de-fabula\/#primaryimage","url":"","contentUrl":""},{"@type":"BreadcrumbList","@id":"https:\/\/www.eldiario.net\/portal\/2021\/06\/21\/audios-que-presuntamente-involucran-al-exministro-lopez-son-de-fabula\/#breadcrumb","itemListElement":[{"@type":"ListItem","position":1,"name":"Portada","item":"https:\/\/www.eldiario.net\/portal\/"},{"@type":"ListItem","position":2,"name":"Audios que presuntamente involucran al exministro L\u00f3pez son de \u201cf\u00e1bula\u201d"}]},{"@type":"WebSite","@id":"https:\/\/www.eldiario.net\/portal\/#website","url":"https:\/\/www.eldiario.net\/portal\/","name":"El Diario - Decano de la prensa nacional","description":"El Diario - Decano de la prensa nacional","publisher":{"@id":"https:\/\/www.eldiario.net\/portal\/#organization"},"potentialAction":[{"@type":"SearchAction","target":{"@type":"EntryPoint","urlTemplate":"https:\/\/www.eldiario.net\/portal\/?s={search_term_string}"},"query-input":{"@type":"PropertyValueSpecification","valueRequired":true,"valueName":"search_term_string"}}],"inLanguage":"es"},{"@type":"Organization","@id":"https:\/\/www.eldiario.net\/portal\/#organization","name":"El Diario - Decano de la prensa nacional","url":"https:\/\/www.eldiario.net\/portal\/","logo":{"@type":"ImageObject","inLanguage":"es","@id":"https:\/\/www.eldiario.net\/portal\/#\/schema\/logo\/image\/","url":"https:\/\/www.eldiario.net\/portal\/wp-content\/uploads\/2023\/07\/logo_ED.jpg","contentUrl":"https:\/\/www.eldiario.net\/portal\/wp-content\/uploads\/2023\/07\/logo_ED.jpg","width":272,"height":52,"caption":"El Diario - Decano de la prensa nacional"},"image":{"@id":"https:\/\/www.eldiario.net\/portal\/#\/schema\/logo\/image\/"},"sameAs":["https:\/\/www.facebook.com\/eldiario.bolivia\/","https:\/\/x.com\/eldiario_net"]},{"@type":"Person","@id":"https:\/\/www.eldiario.net\/portal\/#\/schema\/person\/f46445640444750d7d753ccd04ae01b7","name":"Jeanette","image":{"@type":"ImageObject","inLanguage":"es","@id":"https:\/\/secure.gravatar.com\/avatar\/3ea2118a5f7dad2b7138b1187a6b7ee55f160b9968b66013c3a3ef39dd7e5798?s=96&d=mm&r=g","url":"https:\/\/secure.gravatar.com\/avatar\/3ea2118a5f7dad2b7138b1187a6b7ee55f160b9968b66013c3a3ef39dd7e5798?s=96&d=mm&r=g","contentUrl":"https:\/\/secure.gravatar.com\/avatar\/3ea2118a5f7dad2b7138b1187a6b7ee55f160b9968b66013c3a3ef39dd7e5798?s=96&d=mm&r=g","caption":"Jeanette"},"sameAs":["https:\/\/www.eldiario.net\/portal"],"url":"https:\/\/www.eldiario.net\/portal\/author\/jeanette\/"}]}},"_links":{"self":[{"href":"https:\/\/www.eldiario.net\/portal\/wp-json\/wp\/v2\/posts\/11884","targetHints":{"allow":["GET"]}}],"collection":[{"href":"https:\/\/www.eldiario.net\/portal\/wp-json\/wp\/v2\/posts"}],"about":[{"href":"https:\/\/www.eldiario.net\/portal\/wp-json\/wp\/v2\/types\/post"}],"author":[{"embeddable":true,"href":"https:\/\/www.eldiario.net\/portal\/wp-json\/wp\/v2\/users\/1"}],"replies":[{"embeddable":true,"href":"https:\/\/www.eldiario.net\/portal\/wp-json\/wp\/v2\/comments?post=11884"}],"version-history":[{"count":0,"href":"https:\/\/www.eldiario.net\/portal\/wp-json\/wp\/v2\/posts\/11884\/revisions"}],"wp:attachment":[{"href":"https:\/\/www.eldiario.net\/portal\/wp-json\/wp\/v2\/media?parent=11884"}],"wp:term":[{"taxonomy":"category","embeddable":true,"href":"https:\/\/www.eldiario.net\/portal\/wp-json\/wp\/v2\/categories?post=11884"},{"taxonomy":"post_tag","embeddable":true,"href":"https:\/\/www.eldiario.net\/portal\/wp-json\/wp\/v2\/tags?post=11884"}],"curies":[{"name":"wp","href":"https:\/\/api.w.org\/{rel}","templated":true}]}}