{"id":11881,"date":"2021-06-21T01:03:08","date_gmt":"2021-06-21T05:03:08","guid":{"rendered":"https:\/\/www.eldiario.net\/portal\/?p=11881"},"modified":"2021-06-21T01:03:08","modified_gmt":"2021-06-21T05:03:08","slug":"ceremonias-para-recibir-ano-nuevo-aymara-en-medio-de-restricciones","status":"publish","type":"post","link":"https:\/\/www.eldiario.net\/portal\/2021\/06\/21\/ceremonias-para-recibir-ano-nuevo-aymara-en-medio-de-restricciones\/","title":{"rendered":"Ceremonias para recibir A\u00f1o Nuevo  Aymara en medio de restricciones"},"content":{"rendered":"<p>Los rituales para recibir los primeros rayos del sol este lunes 21 de junio se desarrollaron en medio de restricciones, la poblaci\u00f3n utiliz\u00f3 mascarillas, barbijos y el distanciamiento social, la mayor\u00eda de los asistentes pidi\u00f3 salud en esta \u00e9poca de la pandemia del coronavirus.<br \/>\nComo todos los a\u00f1os, esta madrugada los sacerdotes aymaras realizaron sus rituales en diferentes puntos de la ciudad de El Alto, con ritos a la Pachamama (Madre Tierra), donde efectuaron sus exhortaciones en un acto de reducida asistencia, debido a las restricciones que rigen por la crisis sanitaria.<br \/>\nLa celebraci\u00f3n del A\u00f1o Nuevo Andino 5529, llamada tambi\u00e9n willkakuti (retorno del sol en aymara), tiene rango de fiesta nacional en Bolivia y es celebrada con el nombre de Inti Raymi (fiesta del sol en quechua) en pa\u00edses vecinos.<br \/>\nEste ritual es para recibir las energ\u00edas positivas, para pedir que todo lo malo se vaya, seg\u00fan los sacerdotes andinos, donde uno de los principales deseos de todos ser\u00e1 que la pandemia del covid-19, se vaya de una vez por todas de la ciudad de El Alto y todo el pa\u00eds.<br \/>\nTal como se caracteriza el a\u00f1o nuevo aymara, en la ciudad de El Alto fue recibido en varios puntos, y de manera espec\u00edfica, en aquellos ya tradicionales como la Apacheta (carretera Oruro), Antenas de la Ceja (avenida Panor\u00e1mica), plaza Sagrado Coraz\u00f3n de Jes\u00fas (Villa Dolores), Teatro Andino (Centro de la Ceja de El Alto).<br \/>\nSin embargo, desde hace varios a\u00f1os atr\u00e1s, en muchos distritos municipales de esta urbe se ha implementado el recibimiento del A\u00f1o Nuevo Aymara, como el caso del Distrito 7, donde vecinos y autoridades del sector tambi\u00e9n llegaron a reunirse la madrugada del 21 de junio para recibir los primeros rayos del sol.<br \/>\nEl 21 de junio es el solsticio de invierno en el hemisferio sur, y por lo tanto en Bolivia. En la cultura aymara, esta fecha es el nuevo a\u00f1o: el sol est\u00e1 en su punto m\u00e1s alejado de la Tierra y es el d\u00eda m\u00e1s corto y la noche m\u00e1s larga del a\u00f1o. Esta fecha marca el final de la temporada de cosecha y el inicio de un nuevo ciclo agr\u00edcola.<br \/>\nDurante la noche del 20 de junio, la poblaci\u00f3n llamada por los sabios, yatiris y los sacerdotes aymaras, aumautas, se re\u00fane para despedirse del a\u00f1o pasado y acoger el a\u00f1o que llega.<br \/>\nUna mesa de ofrenda es presentada al Tata Inti &#8211; Dios Sol &#8211; y la Pachamama &#8211; Madre Tierra -, con hoja de coca, alcohol, dulces y otros elementos necesarios para este ritual. En la poblaci\u00f3n de Tiwanaku, antiguamente la cuna de la civilizaci\u00f3n Tiwanacota, se encuentra un sitio arqueol\u00f3gico que ha sobrevivido al tiempo y a las invasiones, y es en este mismo lugar que se realiza esta ceremonia, de manera p\u00fablica, durante toda la noche hasta el amanecer.<br \/>\nAl amanecer, los primeros rayos del sol pasan a trav\u00e9s del arco de la \u201cPuerta del Sol\u201d, y se reflejan en diferentes lugares espec\u00edficos, previstos por los arquitectos de este lugar sagrado, hace m\u00e1s de mil a\u00f1os.<\/p>\n","protected":false},"excerpt":{"rendered":"<p>Los rituales para recibir los primeros rayos del sol este lunes 21 de junio se desarrollaron en medio de restricciones, la poblaci\u00f3n utiliz\u00f3 mascarillas, barbijos y el distanciamiento social, la mayor\u00eda de los asistentes pidi\u00f3 salud en esta \u00e9poca de la pandemia del coronavirus. Como todos los a\u00f1os, esta madrugada los sacerdotes aymaras realizaron sus [&hellip;]<\/p>\n","protected":false},"author":1,"featured_media":11882,"comment_status":"closed","ping_status":"closed","sticky":false,"template":"","format":"standard","meta":{"_acf_changed":false,"footnotes":""},"categories":[12],"tags":[],"class_list":["post-11881","post","type-post","status-publish","format-standard","has-post-thumbnail","category-nacional"],"acf":{"antetitulo":""},"yoast_head":"<!-- This site is optimized with the Yoast SEO plugin v28.4 - https:\/\/yoast.com\/product\/yoast-seo-wordpress\/ -->\n<title>Ceremonias para recibir A\u00f1o Nuevo Aymara en medio de restricciones - El Diario - Bolivia<\/title>\n<meta name=\"robots\" content=\"index, follow, max-snippet:-1, max-image-preview:large, max-video-preview:-1\" \/>\n<link rel=\"canonical\" href=\"https:\/\/www.eldiario.net\/portal\/2021\/06\/21\/ceremonias-para-recibir-ano-nuevo-aymara-en-medio-de-restricciones\/\" \/>\n<meta property=\"og:locale\" content=\"es_ES\" \/>\n<meta property=\"og:type\" content=\"article\" \/>\n<meta property=\"og:title\" content=\"Ceremonias para recibir A\u00f1o Nuevo Aymara en medio de restricciones - El Diario - Bolivia\" \/>\n<meta property=\"og:description\" content=\"Los rituales para recibir los primeros rayos del sol este lunes 21 de junio se desarrollaron en medio de restricciones, la poblaci\u00f3n utiliz\u00f3 mascarillas, barbijos y el distanciamiento social, la mayor\u00eda de los asistentes pidi\u00f3 salud en esta \u00e9poca de la pandemia del coronavirus. Como todos los a\u00f1os, esta madrugada los sacerdotes aymaras realizaron sus [&hellip;]\" \/>\n<meta property=\"og:url\" content=\"https:\/\/www.eldiario.net\/portal\/2021\/06\/21\/ceremonias-para-recibir-ano-nuevo-aymara-en-medio-de-restricciones\/\" \/>\n<meta property=\"og:site_name\" content=\"El Diario - Bolivia\" \/>\n<meta property=\"article:publisher\" content=\"https:\/\/www.facebook.com\/eldiario.bolivia\/\" \/>\n<meta property=\"article:published_time\" content=\"2021-06-21T05:03:08+00:00\" \/>\n<meta name=\"author\" content=\"Jeanette\" \/>\n<meta name=\"twitter:card\" content=\"summary_large_image\" \/>\n<meta name=\"twitter:creator\" content=\"@eldiario_net\" \/>\n<meta name=\"twitter:site\" content=\"@eldiario_net\" \/>\n<meta name=\"twitter:label1\" content=\"Escrito por\" \/>\n\t<meta name=\"twitter:data1\" content=\"Jeanette\" \/>\n\t<meta name=\"twitter:label2\" content=\"Tiempo de lectura\" \/>\n\t<meta name=\"twitter:data2\" content=\"3 minutos\" \/>\n<script type=\"application\/ld+json\" class=\"yoast-schema-graph\">{\"@context\":\"https:\\\/\\\/schema.org\",\"@graph\":[{\"@type\":\"Article\",\"@id\":\"https:\\\/\\\/www.eldiario.net\\\/portal\\\/2021\\\/06\\\/21\\\/ceremonias-para-recibir-ano-nuevo-aymara-en-medio-de-restricciones\\\/#article\",\"isPartOf\":{\"@id\":\"https:\\\/\\\/www.eldiario.net\\\/portal\\\/2021\\\/06\\\/21\\\/ceremonias-para-recibir-ano-nuevo-aymara-en-medio-de-restricciones\\\/\"},\"author\":{\"name\":\"Jeanette\",\"@id\":\"https:\\\/\\\/www.eldiario.net\\\/portal\\\/#\\\/schema\\\/person\\\/f46445640444750d7d753ccd04ae01b7\"},\"headline\":\"Ceremonias para recibir A\u00f1o Nuevo Aymara en medio de restricciones\",\"datePublished\":\"2021-06-21T05:03:08+00:00\",\"mainEntityOfPage\":{\"@id\":\"https:\\\/\\\/www.eldiario.net\\\/portal\\\/2021\\\/06\\\/21\\\/ceremonias-para-recibir-ano-nuevo-aymara-en-medio-de-restricciones\\\/\"},\"wordCount\":551,\"publisher\":{\"@id\":\"https:\\\/\\\/www.eldiario.net\\\/portal\\\/#organization\"},\"image\":{\"@id\":\"https:\\\/\\\/www.eldiario.net\\\/portal\\\/2021\\\/06\\\/21\\\/ceremonias-para-recibir-ano-nuevo-aymara-en-medio-de-restricciones\\\/#primaryimage\"},\"thumbnailUrl\":\"\",\"articleSection\":[\"Nacional\"],\"inLanguage\":\"es\"},{\"@type\":\"WebPage\",\"@id\":\"https:\\\/\\\/www.eldiario.net\\\/portal\\\/2021\\\/06\\\/21\\\/ceremonias-para-recibir-ano-nuevo-aymara-en-medio-de-restricciones\\\/\",\"url\":\"https:\\\/\\\/www.eldiario.net\\\/portal\\\/2021\\\/06\\\/21\\\/ceremonias-para-recibir-ano-nuevo-aymara-en-medio-de-restricciones\\\/\",\"name\":\"Ceremonias para recibir A\u00f1o Nuevo Aymara en medio de restricciones - El Diario - Bolivia\",\"isPartOf\":{\"@id\":\"https:\\\/\\\/www.eldiario.net\\\/portal\\\/#website\"},\"primaryImageOfPage\":{\"@id\":\"https:\\\/\\\/www.eldiario.net\\\/portal\\\/2021\\\/06\\\/21\\\/ceremonias-para-recibir-ano-nuevo-aymara-en-medio-de-restricciones\\\/#primaryimage\"},\"image\":{\"@id\":\"https:\\\/\\\/www.eldiario.net\\\/portal\\\/2021\\\/06\\\/21\\\/ceremonias-para-recibir-ano-nuevo-aymara-en-medio-de-restricciones\\\/#primaryimage\"},\"thumbnailUrl\":\"\",\"datePublished\":\"2021-06-21T05:03:08+00:00\",\"breadcrumb\":{\"@id\":\"https:\\\/\\\/www.eldiario.net\\\/portal\\\/2021\\\/06\\\/21\\\/ceremonias-para-recibir-ano-nuevo-aymara-en-medio-de-restricciones\\\/#breadcrumb\"},\"inLanguage\":\"es\",\"potentialAction\":[{\"@type\":\"ReadAction\",\"target\":[\"https:\\\/\\\/www.eldiario.net\\\/portal\\\/2021\\\/06\\\/21\\\/ceremonias-para-recibir-ano-nuevo-aymara-en-medio-de-restricciones\\\/\"]}]},{\"@type\":\"ImageObject\",\"inLanguage\":\"es\",\"@id\":\"https:\\\/\\\/www.eldiario.net\\\/portal\\\/2021\\\/06\\\/21\\\/ceremonias-para-recibir-ano-nuevo-aymara-en-medio-de-restricciones\\\/#primaryimage\",\"url\":\"\",\"contentUrl\":\"\"},{\"@type\":\"BreadcrumbList\",\"@id\":\"https:\\\/\\\/www.eldiario.net\\\/portal\\\/2021\\\/06\\\/21\\\/ceremonias-para-recibir-ano-nuevo-aymara-en-medio-de-restricciones\\\/#breadcrumb\",\"itemListElement\":[{\"@type\":\"ListItem\",\"position\":1,\"name\":\"Portada\",\"item\":\"https:\\\/\\\/www.eldiario.net\\\/portal\\\/\"},{\"@type\":\"ListItem\",\"position\":2,\"name\":\"Ceremonias para recibir A\u00f1o Nuevo Aymara en medio de restricciones\"}]},{\"@type\":\"WebSite\",\"@id\":\"https:\\\/\\\/www.eldiario.net\\\/portal\\\/#website\",\"url\":\"https:\\\/\\\/www.eldiario.net\\\/portal\\\/\",\"name\":\"El Diario - Decano de la prensa nacional\",\"description\":\"El Diario - Decano de la prensa nacional\",\"publisher\":{\"@id\":\"https:\\\/\\\/www.eldiario.net\\\/portal\\\/#organization\"},\"potentialAction\":[{\"@type\":\"SearchAction\",\"target\":{\"@type\":\"EntryPoint\",\"urlTemplate\":\"https:\\\/\\\/www.eldiario.net\\\/portal\\\/?s={search_term_string}\"},\"query-input\":{\"@type\":\"PropertyValueSpecification\",\"valueRequired\":true,\"valueName\":\"search_term_string\"}}],\"inLanguage\":\"es\"},{\"@type\":\"Organization\",\"@id\":\"https:\\\/\\\/www.eldiario.net\\\/portal\\\/#organization\",\"name\":\"El Diario - Decano de la prensa nacional\",\"url\":\"https:\\\/\\\/www.eldiario.net\\\/portal\\\/\",\"logo\":{\"@type\":\"ImageObject\",\"inLanguage\":\"es\",\"@id\":\"https:\\\/\\\/www.eldiario.net\\\/portal\\\/#\\\/schema\\\/logo\\\/image\\\/\",\"url\":\"https:\\\/\\\/www.eldiario.net\\\/portal\\\/wp-content\\\/uploads\\\/2023\\\/07\\\/logo_ED.jpg\",\"contentUrl\":\"https:\\\/\\\/www.eldiario.net\\\/portal\\\/wp-content\\\/uploads\\\/2023\\\/07\\\/logo_ED.jpg\",\"width\":272,\"height\":52,\"caption\":\"El Diario - Decano de la prensa nacional\"},\"image\":{\"@id\":\"https:\\\/\\\/www.eldiario.net\\\/portal\\\/#\\\/schema\\\/logo\\\/image\\\/\"},\"sameAs\":[\"https:\\\/\\\/www.facebook.com\\\/eldiario.bolivia\\\/\",\"https:\\\/\\\/x.com\\\/eldiario_net\"]},{\"@type\":\"Person\",\"@id\":\"https:\\\/\\\/www.eldiario.net\\\/portal\\\/#\\\/schema\\\/person\\\/f46445640444750d7d753ccd04ae01b7\",\"name\":\"Jeanette\",\"image\":{\"@type\":\"ImageObject\",\"inLanguage\":\"es\",\"@id\":\"https:\\\/\\\/secure.gravatar.com\\\/avatar\\\/3ea2118a5f7dad2b7138b1187a6b7ee55f160b9968b66013c3a3ef39dd7e5798?s=96&d=mm&r=g\",\"url\":\"https:\\\/\\\/secure.gravatar.com\\\/avatar\\\/3ea2118a5f7dad2b7138b1187a6b7ee55f160b9968b66013c3a3ef39dd7e5798?s=96&d=mm&r=g\",\"contentUrl\":\"https:\\\/\\\/secure.gravatar.com\\\/avatar\\\/3ea2118a5f7dad2b7138b1187a6b7ee55f160b9968b66013c3a3ef39dd7e5798?s=96&d=mm&r=g\",\"caption\":\"Jeanette\"},\"sameAs\":[\"https:\\\/\\\/www.eldiario.net\\\/portal\"],\"url\":\"https:\\\/\\\/www.eldiario.net\\\/portal\\\/author\\\/jeanette\\\/\"}]}<\/script>\n<!-- \/ Yoast SEO plugin. -->","yoast_head_json":{"title":"Ceremonias para recibir A\u00f1o Nuevo Aymara en medio de restricciones - El Diario - Bolivia","robots":{"index":"index","follow":"follow","max-snippet":"max-snippet:-1","max-image-preview":"max-image-preview:large","max-video-preview":"max-video-preview:-1"},"canonical":"https:\/\/www.eldiario.net\/portal\/2021\/06\/21\/ceremonias-para-recibir-ano-nuevo-aymara-en-medio-de-restricciones\/","og_locale":"es_ES","og_type":"article","og_title":"Ceremonias para recibir A\u00f1o Nuevo Aymara en medio de restricciones - El Diario - Bolivia","og_description":"Los rituales para recibir los primeros rayos del sol este lunes 21 de junio se desarrollaron en medio de restricciones, la poblaci\u00f3n utiliz\u00f3 mascarillas, barbijos y el distanciamiento social, la mayor\u00eda de los asistentes pidi\u00f3 salud en esta \u00e9poca de la pandemia del coronavirus. Como todos los a\u00f1os, esta madrugada los sacerdotes aymaras realizaron sus [&hellip;]","og_url":"https:\/\/www.eldiario.net\/portal\/2021\/06\/21\/ceremonias-para-recibir-ano-nuevo-aymara-en-medio-de-restricciones\/","og_site_name":"El Diario - Bolivia","article_publisher":"https:\/\/www.facebook.com\/eldiario.bolivia\/","article_published_time":"2021-06-21T05:03:08+00:00","author":"Jeanette","twitter_card":"summary_large_image","twitter_creator":"@eldiario_net","twitter_site":"@eldiario_net","twitter_misc":{"Escrito por":"Jeanette","Tiempo de lectura":"3 minutos"},"schema":{"@context":"https:\/\/schema.org","@graph":[{"@type":"Article","@id":"https:\/\/www.eldiario.net\/portal\/2021\/06\/21\/ceremonias-para-recibir-ano-nuevo-aymara-en-medio-de-restricciones\/#article","isPartOf":{"@id":"https:\/\/www.eldiario.net\/portal\/2021\/06\/21\/ceremonias-para-recibir-ano-nuevo-aymara-en-medio-de-restricciones\/"},"author":{"name":"Jeanette","@id":"https:\/\/www.eldiario.net\/portal\/#\/schema\/person\/f46445640444750d7d753ccd04ae01b7"},"headline":"Ceremonias para recibir A\u00f1o Nuevo Aymara en medio de restricciones","datePublished":"2021-06-21T05:03:08+00:00","mainEntityOfPage":{"@id":"https:\/\/www.eldiario.net\/portal\/2021\/06\/21\/ceremonias-para-recibir-ano-nuevo-aymara-en-medio-de-restricciones\/"},"wordCount":551,"publisher":{"@id":"https:\/\/www.eldiario.net\/portal\/#organization"},"image":{"@id":"https:\/\/www.eldiario.net\/portal\/2021\/06\/21\/ceremonias-para-recibir-ano-nuevo-aymara-en-medio-de-restricciones\/#primaryimage"},"thumbnailUrl":"","articleSection":["Nacional"],"inLanguage":"es"},{"@type":"WebPage","@id":"https:\/\/www.eldiario.net\/portal\/2021\/06\/21\/ceremonias-para-recibir-ano-nuevo-aymara-en-medio-de-restricciones\/","url":"https:\/\/www.eldiario.net\/portal\/2021\/06\/21\/ceremonias-para-recibir-ano-nuevo-aymara-en-medio-de-restricciones\/","name":"Ceremonias para recibir A\u00f1o Nuevo Aymara en medio de restricciones - El Diario - Bolivia","isPartOf":{"@id":"https:\/\/www.eldiario.net\/portal\/#website"},"primaryImageOfPage":{"@id":"https:\/\/www.eldiario.net\/portal\/2021\/06\/21\/ceremonias-para-recibir-ano-nuevo-aymara-en-medio-de-restricciones\/#primaryimage"},"image":{"@id":"https:\/\/www.eldiario.net\/portal\/2021\/06\/21\/ceremonias-para-recibir-ano-nuevo-aymara-en-medio-de-restricciones\/#primaryimage"},"thumbnailUrl":"","datePublished":"2021-06-21T05:03:08+00:00","breadcrumb":{"@id":"https:\/\/www.eldiario.net\/portal\/2021\/06\/21\/ceremonias-para-recibir-ano-nuevo-aymara-en-medio-de-restricciones\/#breadcrumb"},"inLanguage":"es","potentialAction":[{"@type":"ReadAction","target":["https:\/\/www.eldiario.net\/portal\/2021\/06\/21\/ceremonias-para-recibir-ano-nuevo-aymara-en-medio-de-restricciones\/"]}]},{"@type":"ImageObject","inLanguage":"es","@id":"https:\/\/www.eldiario.net\/portal\/2021\/06\/21\/ceremonias-para-recibir-ano-nuevo-aymara-en-medio-de-restricciones\/#primaryimage","url":"","contentUrl":""},{"@type":"BreadcrumbList","@id":"https:\/\/www.eldiario.net\/portal\/2021\/06\/21\/ceremonias-para-recibir-ano-nuevo-aymara-en-medio-de-restricciones\/#breadcrumb","itemListElement":[{"@type":"ListItem","position":1,"name":"Portada","item":"https:\/\/www.eldiario.net\/portal\/"},{"@type":"ListItem","position":2,"name":"Ceremonias para recibir A\u00f1o Nuevo Aymara en medio de restricciones"}]},{"@type":"WebSite","@id":"https:\/\/www.eldiario.net\/portal\/#website","url":"https:\/\/www.eldiario.net\/portal\/","name":"El Diario - Decano de la prensa nacional","description":"El Diario - Decano de la prensa nacional","publisher":{"@id":"https:\/\/www.eldiario.net\/portal\/#organization"},"potentialAction":[{"@type":"SearchAction","target":{"@type":"EntryPoint","urlTemplate":"https:\/\/www.eldiario.net\/portal\/?s={search_term_string}"},"query-input":{"@type":"PropertyValueSpecification","valueRequired":true,"valueName":"search_term_string"}}],"inLanguage":"es"},{"@type":"Organization","@id":"https:\/\/www.eldiario.net\/portal\/#organization","name":"El Diario - Decano de la prensa nacional","url":"https:\/\/www.eldiario.net\/portal\/","logo":{"@type":"ImageObject","inLanguage":"es","@id":"https:\/\/www.eldiario.net\/portal\/#\/schema\/logo\/image\/","url":"https:\/\/www.eldiario.net\/portal\/wp-content\/uploads\/2023\/07\/logo_ED.jpg","contentUrl":"https:\/\/www.eldiario.net\/portal\/wp-content\/uploads\/2023\/07\/logo_ED.jpg","width":272,"height":52,"caption":"El Diario - Decano de la prensa nacional"},"image":{"@id":"https:\/\/www.eldiario.net\/portal\/#\/schema\/logo\/image\/"},"sameAs":["https:\/\/www.facebook.com\/eldiario.bolivia\/","https:\/\/x.com\/eldiario_net"]},{"@type":"Person","@id":"https:\/\/www.eldiario.net\/portal\/#\/schema\/person\/f46445640444750d7d753ccd04ae01b7","name":"Jeanette","image":{"@type":"ImageObject","inLanguage":"es","@id":"https:\/\/secure.gravatar.com\/avatar\/3ea2118a5f7dad2b7138b1187a6b7ee55f160b9968b66013c3a3ef39dd7e5798?s=96&d=mm&r=g","url":"https:\/\/secure.gravatar.com\/avatar\/3ea2118a5f7dad2b7138b1187a6b7ee55f160b9968b66013c3a3ef39dd7e5798?s=96&d=mm&r=g","contentUrl":"https:\/\/secure.gravatar.com\/avatar\/3ea2118a5f7dad2b7138b1187a6b7ee55f160b9968b66013c3a3ef39dd7e5798?s=96&d=mm&r=g","caption":"Jeanette"},"sameAs":["https:\/\/www.eldiario.net\/portal"],"url":"https:\/\/www.eldiario.net\/portal\/author\/jeanette\/"}]}},"_links":{"self":[{"href":"https:\/\/www.eldiario.net\/portal\/wp-json\/wp\/v2\/posts\/11881","targetHints":{"allow":["GET"]}}],"collection":[{"href":"https:\/\/www.eldiario.net\/portal\/wp-json\/wp\/v2\/posts"}],"about":[{"href":"https:\/\/www.eldiario.net\/portal\/wp-json\/wp\/v2\/types\/post"}],"author":[{"embeddable":true,"href":"https:\/\/www.eldiario.net\/portal\/wp-json\/wp\/v2\/users\/1"}],"replies":[{"embeddable":true,"href":"https:\/\/www.eldiario.net\/portal\/wp-json\/wp\/v2\/comments?post=11881"}],"version-history":[{"count":0,"href":"https:\/\/www.eldiario.net\/portal\/wp-json\/wp\/v2\/posts\/11881\/revisions"}],"wp:attachment":[{"href":"https:\/\/www.eldiario.net\/portal\/wp-json\/wp\/v2\/media?parent=11881"}],"wp:term":[{"taxonomy":"category","embeddable":true,"href":"https:\/\/www.eldiario.net\/portal\/wp-json\/wp\/v2\/categories?post=11881"},{"taxonomy":"post_tag","embeddable":true,"href":"https:\/\/www.eldiario.net\/portal\/wp-json\/wp\/v2\/tags?post=11881"}],"curies":[{"name":"wp","href":"https:\/\/api.w.org\/{rel}","templated":true}]}}