{"id":117001,"date":"2022-10-17T06:01:23","date_gmt":"2022-10-17T10:01:23","guid":{"rendered":"https:\/\/www.eldiario.net\/portal\/?p=117001"},"modified":"2022-10-17T06:01:23","modified_gmt":"2022-10-17T10:01:23","slug":"desconceptualizacion-del-racismo-exegesis-del-derecho-positivo","status":"publish","type":"post","link":"https:\/\/www.eldiario.net\/portal\/2022\/10\/17\/desconceptualizacion-del-racismo-exegesis-del-derecho-positivo\/","title":{"rendered":"(Des)conceptualizaci\u00f3n del racismo: ex\u00e9gesis del derecho positivo"},"content":{"rendered":"<p>El mundo, especialmente aquel en el que predominan las tendencias de los intelectuales progres, no ha podido desasirse de aquello que, con indiscutible influencia del socialismo del Siglo XXI y que no merece calificativo m\u00e1s que de pol\u00edtico y en consecuencia parcializado, tiene respecto al racismo. Pero \u00bfqui\u00e9n que tenga dos dedos de frente podr\u00eda negar su presencia en las sociedades partidas por el odio ya indisimulable de quienes han conducido a sus pueblos, adem\u00e1s, a un populismo criminal a cambio de una aceptaci\u00f3n general que, como en todos los tiempos, es c\u00edclica? La vigencia eterna de cualquier ideolog\u00eda en Bolivia, como en el resto del planeta, no pasa de ser un deseo para quienes son de derecha o de izquierda.<br \/>\nY Para ellos, el empalagoso argumento de que cuando se habla de racismo hablamos de la discriminaci\u00f3n peyorativa del que tiene piel blanca hacia el indio \u00fanicamente, no tiene en realidad ning\u00fan pilar que pueda sostener una teor\u00eda tan atentatoria a los principios de la Declaraci\u00f3n Universal de los Derechos Humanos (DUDDHH). Es decir, la igualdad de todos los seres humanos consagrada en el Art. 1 de ese instrumento concordante con el Art. 22 de la Constituci\u00f3n Pol\u00edtica del Estado que garantiza la libertad y la dignidad de todas las personas.<br \/>\nLuego \u00bfpor qu\u00e9 raz\u00f3n los calificativos que degradan el honor y mancillan la dignidad de los \u201cblancos\u201d o de los \u201cmestizos\u201d por parte de los ind\u00edgenas no tendr\u00edan que estar considerados como actos discriminatorios o racistas? Por fortuna, la ley 045, cuya fuente es precisamente la DUDDHH, define la discriminaci\u00f3n racial como \u201ctoda distinci\u00f3n, exclusi\u00f3n, restricci\u00f3n o preferencia basada en motivos de raza o por el color, ascendencia u origen nacional o \u00e9tnico que tenga por objeto o por resultado anular o menoscabar, directa o indirectamente, el reconocimiento, goce o ejercicio, en condiciones de igualdad, de los derechos humanos y libertades (\u2026)\u201d.<br \/>\nSeguidamente, define al racismo como \u201ctoda teor\u00eda tendente a la valoraci\u00f3n de unas diferencias biol\u00f3gicas y\/o culturales, reales o imaginarias en provecho de un grupo y en perjuicio del otro, con el fin de justificar una agresi\u00f3n y un sistema de dominaci\u00f3n que presume la superioridad de un grupo sobre otro\u201d.<br \/>\nAs\u00ed de clara es la legislaci\u00f3n (que por supuesto no se cumple) que el pa\u00eds tiene para definir jur\u00eddicamente lo que es el racismo. Y con esos presupuestos, cualquiera tiene el derecho humano de pensar lo que quiera en esta materia, pero pretender dogmatizar un razonamiento tan cavernario como el que sostiene que solo los indios o los afrodescendientes pueden ser v\u00edctimas de racismo, es tan falso como un billete de quince bolivianos. En consecuencia, es solo una opini\u00f3n. Mis detractores pensar\u00e1n que las que se exponen en estas l\u00edneas, tambi\u00e9n lo son. Empero, quienes opinan en aquel sentido, porque no puede ser m\u00e1s que un ensayo que como cualquier otro es rebatible, lo hacen desde la perspectiva de su ubicaci\u00f3n en el espectro ideol\u00f3gico, o, peor a\u00fan, desde una mirada de odio hacia el Conquistador.<br \/>\nEste pa\u00eds es indudablemente racista, pero el racismo es un tipo penal cuyo \u00e1mbito de aplicaci\u00f3n es para todos, como lo es el homicidio o el robo, en los que no hay penas distintas para unos y otros. As\u00ed, son repugnantes las muestras discriminatorias y humillantes que hace un buen tiempo dos mujeres cruce\u00f1as tuvieron en un microb\u00fas y en la Universidad estatal de esa ciudad con dos mujeres de este lado del occidente. Inaceptables y vergonzosas. Pero no puede ser menos condenable que el periodista Pablo Fern\u00e1ndez haya recibido el trato hostil y amparado en su origen \u00e9tnico, por parte de personas de extracci\u00f3n ind\u00edgena a su llegada al Aeropuerto de El Alto. Racismo en su m\u00e1s repugnante expresi\u00f3n tambi\u00e9n es que Evo Morales y Garc\u00eda Linera en muchas oportunidades hayan emprendido agresiones verbales contra los \u201ck\u2019haras\u201d, como si \u00e9stos no tuvieran los derechos que la Constituci\u00f3n y la Ley contra el Racismo y toda forma de Discriminaci\u00f3n estatuyen.<br \/>\nLos ind\u00edgenas, los descendientes de espa\u00f1oles, los mestizos, todos por prescripci\u00f3n legal y por derecho natural, tienen los mismos derechos. Basta tambi\u00e9n de discriminaci\u00f3n expresada en teor\u00edas sociol\u00f3gicas al margen de la ley.<\/p>\n<p>Augusto Vera Riveros es jurista y escritor.<\/p>\n","protected":false},"excerpt":{"rendered":"<p>El mundo, especialmente aquel en el que predominan las tendencias de los intelectuales progres, no ha podido desasirse de aquello que, con indiscutible influencia del socialismo del Siglo XXI y que no merece calificativo m\u00e1s que de pol\u00edtico y en consecuencia parcializado, tiene respecto al racismo. Pero \u00bfqui\u00e9n que tenga dos dedos de frente podr\u00eda [&hellip;]<\/p>\n","protected":false},"author":1,"featured_media":7684,"comment_status":"closed","ping_status":"closed","sticky":false,"template":"","format":"standard","meta":{"_acf_changed":false,"footnotes":""},"categories":[9],"tags":[],"class_list":["post-117001","post","type-post","status-publish","format-standard","has-post-thumbnail","category-opinion"],"acf":{"antetitulo":""},"yoast_head":"<!-- This site is optimized with the Yoast SEO plugin v28.4 - https:\/\/yoast.com\/product\/yoast-seo-wordpress\/ -->\n<title>(Des)conceptualizaci\u00f3n del racismo: ex\u00e9gesis del derecho positivo - El Diario - Bolivia<\/title>\n<meta name=\"robots\" content=\"index, follow, max-snippet:-1, max-image-preview:large, max-video-preview:-1\" \/>\n<link rel=\"canonical\" href=\"https:\/\/www.eldiario.net\/portal\/2022\/10\/17\/desconceptualizacion-del-racismo-exegesis-del-derecho-positivo\/\" \/>\n<meta property=\"og:locale\" content=\"es_ES\" \/>\n<meta property=\"og:type\" content=\"article\" \/>\n<meta property=\"og:title\" content=\"(Des)conceptualizaci\u00f3n del racismo: ex\u00e9gesis del derecho positivo - El Diario - Bolivia\" \/>\n<meta property=\"og:description\" content=\"El mundo, especialmente aquel en el que predominan las tendencias de los intelectuales progres, no ha podido desasirse de aquello que, con indiscutible influencia del socialismo del Siglo XXI y que no merece calificativo m\u00e1s que de pol\u00edtico y en consecuencia parcializado, tiene respecto al racismo. Pero \u00bfqui\u00e9n que tenga dos dedos de frente podr\u00eda [&hellip;]\" \/>\n<meta property=\"og:url\" content=\"https:\/\/www.eldiario.net\/portal\/2022\/10\/17\/desconceptualizacion-del-racismo-exegesis-del-derecho-positivo\/\" \/>\n<meta property=\"og:site_name\" content=\"El Diario - Bolivia\" \/>\n<meta property=\"article:publisher\" content=\"https:\/\/www.facebook.com\/eldiario.bolivia\/\" \/>\n<meta property=\"article:published_time\" content=\"2022-10-17T10:01:23+00:00\" \/>\n<meta property=\"og:image\" content=\"https:\/\/www.eldiario.net\/portal\/wp-content\/uploads\/2021\/06\/Augusto-Vera-Riveros.jpg\" \/>\n\t<meta property=\"og:image:width\" content=\"1\" \/>\n\t<meta property=\"og:image:height\" content=\"1\" \/>\n\t<meta property=\"og:image:type\" content=\"image\/jpeg\" \/>\n<meta name=\"author\" content=\"Jeanette\" \/>\n<meta name=\"twitter:card\" content=\"summary_large_image\" \/>\n<meta name=\"twitter:creator\" content=\"@eldiario_net\" \/>\n<meta name=\"twitter:site\" content=\"@eldiario_net\" \/>\n<meta name=\"twitter:label1\" content=\"Escrito por\" \/>\n\t<meta name=\"twitter:data1\" content=\"Jeanette\" \/>\n\t<meta name=\"twitter:label2\" content=\"Tiempo de lectura\" \/>\n\t<meta name=\"twitter:data2\" content=\"4 minutos\" \/>\n<script type=\"application\/ld+json\" class=\"yoast-schema-graph\">{\"@context\":\"https:\\\/\\\/schema.org\",\"@graph\":[{\"@type\":\"Article\",\"@id\":\"https:\\\/\\\/www.eldiario.net\\\/portal\\\/2022\\\/10\\\/17\\\/desconceptualizacion-del-racismo-exegesis-del-derecho-positivo\\\/#article\",\"isPartOf\":{\"@id\":\"https:\\\/\\\/www.eldiario.net\\\/portal\\\/2022\\\/10\\\/17\\\/desconceptualizacion-del-racismo-exegesis-del-derecho-positivo\\\/\"},\"author\":{\"name\":\"Jeanette\",\"@id\":\"https:\\\/\\\/www.eldiario.net\\\/portal\\\/#\\\/schema\\\/person\\\/2c57cf2b7a7ae032e449e4c9b1019eac\"},\"headline\":\"(Des)conceptualizaci\u00f3n del racismo: ex\u00e9gesis del derecho positivo\",\"datePublished\":\"2022-10-17T10:01:23+00:00\",\"mainEntityOfPage\":{\"@id\":\"https:\\\/\\\/www.eldiario.net\\\/portal\\\/2022\\\/10\\\/17\\\/desconceptualizacion-del-racismo-exegesis-del-derecho-positivo\\\/\"},\"wordCount\":767,\"publisher\":{\"@id\":\"https:\\\/\\\/www.eldiario.net\\\/portal\\\/#organization\"},\"image\":{\"@id\":\"https:\\\/\\\/www.eldiario.net\\\/portal\\\/2022\\\/10\\\/17\\\/desconceptualizacion-del-racismo-exegesis-del-derecho-positivo\\\/#primaryimage\"},\"thumbnailUrl\":\"https:\\\/\\\/www.eldiario.net\\\/portal\\\/wp-content\\\/uploads\\\/2021\\\/06\\\/Augusto-Vera-Riveros.jpg\",\"articleSection\":[\"Opini\u00f3n\"],\"inLanguage\":\"es\"},{\"@type\":\"WebPage\",\"@id\":\"https:\\\/\\\/www.eldiario.net\\\/portal\\\/2022\\\/10\\\/17\\\/desconceptualizacion-del-racismo-exegesis-del-derecho-positivo\\\/\",\"url\":\"https:\\\/\\\/www.eldiario.net\\\/portal\\\/2022\\\/10\\\/17\\\/desconceptualizacion-del-racismo-exegesis-del-derecho-positivo\\\/\",\"name\":\"(Des)conceptualizaci\u00f3n del racismo: ex\u00e9gesis del derecho positivo - El Diario - Bolivia\",\"isPartOf\":{\"@id\":\"https:\\\/\\\/www.eldiario.net\\\/portal\\\/#website\"},\"primaryImageOfPage\":{\"@id\":\"https:\\\/\\\/www.eldiario.net\\\/portal\\\/2022\\\/10\\\/17\\\/desconceptualizacion-del-racismo-exegesis-del-derecho-positivo\\\/#primaryimage\"},\"image\":{\"@id\":\"https:\\\/\\\/www.eldiario.net\\\/portal\\\/2022\\\/10\\\/17\\\/desconceptualizacion-del-racismo-exegesis-del-derecho-positivo\\\/#primaryimage\"},\"thumbnailUrl\":\"https:\\\/\\\/www.eldiario.net\\\/portal\\\/wp-content\\\/uploads\\\/2021\\\/06\\\/Augusto-Vera-Riveros.jpg\",\"datePublished\":\"2022-10-17T10:01:23+00:00\",\"breadcrumb\":{\"@id\":\"https:\\\/\\\/www.eldiario.net\\\/portal\\\/2022\\\/10\\\/17\\\/desconceptualizacion-del-racismo-exegesis-del-derecho-positivo\\\/#breadcrumb\"},\"inLanguage\":\"es\",\"potentialAction\":[{\"@type\":\"ReadAction\",\"target\":[\"https:\\\/\\\/www.eldiario.net\\\/portal\\\/2022\\\/10\\\/17\\\/desconceptualizacion-del-racismo-exegesis-del-derecho-positivo\\\/\"]}]},{\"@type\":\"ImageObject\",\"inLanguage\":\"es\",\"@id\":\"https:\\\/\\\/www.eldiario.net\\\/portal\\\/2022\\\/10\\\/17\\\/desconceptualizacion-del-racismo-exegesis-del-derecho-positivo\\\/#primaryimage\",\"url\":\"https:\\\/\\\/www.eldiario.net\\\/portal\\\/wp-content\\\/uploads\\\/2021\\\/06\\\/Augusto-Vera-Riveros.jpg\",\"contentUrl\":\"https:\\\/\\\/www.eldiario.net\\\/portal\\\/wp-content\\\/uploads\\\/2021\\\/06\\\/Augusto-Vera-Riveros.jpg\"},{\"@type\":\"BreadcrumbList\",\"@id\":\"https:\\\/\\\/www.eldiario.net\\\/portal\\\/2022\\\/10\\\/17\\\/desconceptualizacion-del-racismo-exegesis-del-derecho-positivo\\\/#breadcrumb\",\"itemListElement\":[{\"@type\":\"ListItem\",\"position\":1,\"name\":\"Portada\",\"item\":\"https:\\\/\\\/www.eldiario.net\\\/portal\\\/\"},{\"@type\":\"ListItem\",\"position\":2,\"name\":\"(Des)conceptualizaci\u00f3n del racismo: ex\u00e9gesis del derecho positivo\"}]},{\"@type\":\"WebSite\",\"@id\":\"https:\\\/\\\/www.eldiario.net\\\/portal\\\/#website\",\"url\":\"https:\\\/\\\/www.eldiario.net\\\/portal\\\/\",\"name\":\"El Diario - Decano de la prensa nacional\",\"description\":\"El Diario - Decano de la prensa nacional\",\"publisher\":{\"@id\":\"https:\\\/\\\/www.eldiario.net\\\/portal\\\/#organization\"},\"potentialAction\":[{\"@type\":\"SearchAction\",\"target\":{\"@type\":\"EntryPoint\",\"urlTemplate\":\"https:\\\/\\\/www.eldiario.net\\\/portal\\\/?s={search_term_string}\"},\"query-input\":{\"@type\":\"PropertyValueSpecification\",\"valueRequired\":true,\"valueName\":\"search_term_string\"}}],\"inLanguage\":\"es\"},{\"@type\":\"Organization\",\"@id\":\"https:\\\/\\\/www.eldiario.net\\\/portal\\\/#organization\",\"name\":\"El Diario - Decano de la prensa nacional\",\"url\":\"https:\\\/\\\/www.eldiario.net\\\/portal\\\/\",\"logo\":{\"@type\":\"ImageObject\",\"inLanguage\":\"es\",\"@id\":\"https:\\\/\\\/www.eldiario.net\\\/portal\\\/#\\\/schema\\\/logo\\\/image\\\/\",\"url\":\"https:\\\/\\\/www.eldiario.net\\\/portal\\\/wp-content\\\/uploads\\\/2023\\\/07\\\/logo_ED.jpg\",\"contentUrl\":\"https:\\\/\\\/www.eldiario.net\\\/portal\\\/wp-content\\\/uploads\\\/2023\\\/07\\\/logo_ED.jpg\",\"width\":272,\"height\":52,\"caption\":\"El Diario - Decano de la prensa nacional\"},\"image\":{\"@id\":\"https:\\\/\\\/www.eldiario.net\\\/portal\\\/#\\\/schema\\\/logo\\\/image\\\/\"},\"sameAs\":[\"https:\\\/\\\/www.facebook.com\\\/eldiario.bolivia\\\/\",\"https:\\\/\\\/x.com\\\/eldiario_net\"]},{\"@type\":\"Person\",\"@id\":\"https:\\\/\\\/www.eldiario.net\\\/portal\\\/#\\\/schema\\\/person\\\/2c57cf2b7a7ae032e449e4c9b1019eac\",\"name\":\"Jeanette\",\"image\":{\"@type\":\"ImageObject\",\"inLanguage\":\"es\",\"@id\":\"https:\\\/\\\/secure.gravatar.com\\\/avatar\\\/3ea2118a5f7dad2b7138b1187a6b7ee55f160b9968b66013c3a3ef39dd7e5798?s=96&d=mm&r=g\",\"url\":\"https:\\\/\\\/secure.gravatar.com\\\/avatar\\\/3ea2118a5f7dad2b7138b1187a6b7ee55f160b9968b66013c3a3ef39dd7e5798?s=96&d=mm&r=g\",\"contentUrl\":\"https:\\\/\\\/secure.gravatar.com\\\/avatar\\\/3ea2118a5f7dad2b7138b1187a6b7ee55f160b9968b66013c3a3ef39dd7e5798?s=96&d=mm&r=g\",\"caption\":\"Jeanette\"},\"sameAs\":[\"https:\\\/\\\/www.eldiario.net\\\/portal\"],\"url\":\"https:\\\/\\\/www.eldiario.net\\\/portal\\\/author\\\/jeanette\\\/\"}]}<\/script>\n<!-- \/ Yoast SEO plugin. -->","yoast_head_json":{"title":"(Des)conceptualizaci\u00f3n del racismo: ex\u00e9gesis del derecho positivo - El Diario - Bolivia","robots":{"index":"index","follow":"follow","max-snippet":"max-snippet:-1","max-image-preview":"max-image-preview:large","max-video-preview":"max-video-preview:-1"},"canonical":"https:\/\/www.eldiario.net\/portal\/2022\/10\/17\/desconceptualizacion-del-racismo-exegesis-del-derecho-positivo\/","og_locale":"es_ES","og_type":"article","og_title":"(Des)conceptualizaci\u00f3n del racismo: ex\u00e9gesis del derecho positivo - El Diario - Bolivia","og_description":"El mundo, especialmente aquel en el que predominan las tendencias de los intelectuales progres, no ha podido desasirse de aquello que, con indiscutible influencia del socialismo del Siglo XXI y que no merece calificativo m\u00e1s que de pol\u00edtico y en consecuencia parcializado, tiene respecto al racismo. Pero \u00bfqui\u00e9n que tenga dos dedos de frente podr\u00eda [&hellip;]","og_url":"https:\/\/www.eldiario.net\/portal\/2022\/10\/17\/desconceptualizacion-del-racismo-exegesis-del-derecho-positivo\/","og_site_name":"El Diario - Bolivia","article_publisher":"https:\/\/www.facebook.com\/eldiario.bolivia\/","article_published_time":"2022-10-17T10:01:23+00:00","og_image":[{"url":"https:\/\/www.eldiario.net\/portal\/wp-content\/uploads\/2021\/06\/Augusto-Vera-Riveros.jpg","width":1,"height":1,"type":"image\/jpeg"}],"author":"Jeanette","twitter_card":"summary_large_image","twitter_creator":"@eldiario_net","twitter_site":"@eldiario_net","twitter_misc":{"Escrito por":"Jeanette","Tiempo de lectura":"4 minutos"},"schema":{"@context":"https:\/\/schema.org","@graph":[{"@type":"Article","@id":"https:\/\/www.eldiario.net\/portal\/2022\/10\/17\/desconceptualizacion-del-racismo-exegesis-del-derecho-positivo\/#article","isPartOf":{"@id":"https:\/\/www.eldiario.net\/portal\/2022\/10\/17\/desconceptualizacion-del-racismo-exegesis-del-derecho-positivo\/"},"author":{"name":"Jeanette","@id":"https:\/\/www.eldiario.net\/portal\/#\/schema\/person\/2c57cf2b7a7ae032e449e4c9b1019eac"},"headline":"(Des)conceptualizaci\u00f3n del racismo: ex\u00e9gesis del derecho positivo","datePublished":"2022-10-17T10:01:23+00:00","mainEntityOfPage":{"@id":"https:\/\/www.eldiario.net\/portal\/2022\/10\/17\/desconceptualizacion-del-racismo-exegesis-del-derecho-positivo\/"},"wordCount":767,"publisher":{"@id":"https:\/\/www.eldiario.net\/portal\/#organization"},"image":{"@id":"https:\/\/www.eldiario.net\/portal\/2022\/10\/17\/desconceptualizacion-del-racismo-exegesis-del-derecho-positivo\/#primaryimage"},"thumbnailUrl":"https:\/\/www.eldiario.net\/portal\/wp-content\/uploads\/2021\/06\/Augusto-Vera-Riveros.jpg","articleSection":["Opini\u00f3n"],"inLanguage":"es"},{"@type":"WebPage","@id":"https:\/\/www.eldiario.net\/portal\/2022\/10\/17\/desconceptualizacion-del-racismo-exegesis-del-derecho-positivo\/","url":"https:\/\/www.eldiario.net\/portal\/2022\/10\/17\/desconceptualizacion-del-racismo-exegesis-del-derecho-positivo\/","name":"(Des)conceptualizaci\u00f3n del racismo: ex\u00e9gesis del derecho positivo - El Diario - Bolivia","isPartOf":{"@id":"https:\/\/www.eldiario.net\/portal\/#website"},"primaryImageOfPage":{"@id":"https:\/\/www.eldiario.net\/portal\/2022\/10\/17\/desconceptualizacion-del-racismo-exegesis-del-derecho-positivo\/#primaryimage"},"image":{"@id":"https:\/\/www.eldiario.net\/portal\/2022\/10\/17\/desconceptualizacion-del-racismo-exegesis-del-derecho-positivo\/#primaryimage"},"thumbnailUrl":"https:\/\/www.eldiario.net\/portal\/wp-content\/uploads\/2021\/06\/Augusto-Vera-Riveros.jpg","datePublished":"2022-10-17T10:01:23+00:00","breadcrumb":{"@id":"https:\/\/www.eldiario.net\/portal\/2022\/10\/17\/desconceptualizacion-del-racismo-exegesis-del-derecho-positivo\/#breadcrumb"},"inLanguage":"es","potentialAction":[{"@type":"ReadAction","target":["https:\/\/www.eldiario.net\/portal\/2022\/10\/17\/desconceptualizacion-del-racismo-exegesis-del-derecho-positivo\/"]}]},{"@type":"ImageObject","inLanguage":"es","@id":"https:\/\/www.eldiario.net\/portal\/2022\/10\/17\/desconceptualizacion-del-racismo-exegesis-del-derecho-positivo\/#primaryimage","url":"https:\/\/www.eldiario.net\/portal\/wp-content\/uploads\/2021\/06\/Augusto-Vera-Riveros.jpg","contentUrl":"https:\/\/www.eldiario.net\/portal\/wp-content\/uploads\/2021\/06\/Augusto-Vera-Riveros.jpg"},{"@type":"BreadcrumbList","@id":"https:\/\/www.eldiario.net\/portal\/2022\/10\/17\/desconceptualizacion-del-racismo-exegesis-del-derecho-positivo\/#breadcrumb","itemListElement":[{"@type":"ListItem","position":1,"name":"Portada","item":"https:\/\/www.eldiario.net\/portal\/"},{"@type":"ListItem","position":2,"name":"(Des)conceptualizaci\u00f3n del racismo: ex\u00e9gesis del derecho positivo"}]},{"@type":"WebSite","@id":"https:\/\/www.eldiario.net\/portal\/#website","url":"https:\/\/www.eldiario.net\/portal\/","name":"El Diario - Decano de la prensa nacional","description":"El Diario - Decano de la prensa nacional","publisher":{"@id":"https:\/\/www.eldiario.net\/portal\/#organization"},"potentialAction":[{"@type":"SearchAction","target":{"@type":"EntryPoint","urlTemplate":"https:\/\/www.eldiario.net\/portal\/?s={search_term_string}"},"query-input":{"@type":"PropertyValueSpecification","valueRequired":true,"valueName":"search_term_string"}}],"inLanguage":"es"},{"@type":"Organization","@id":"https:\/\/www.eldiario.net\/portal\/#organization","name":"El Diario - Decano de la prensa nacional","url":"https:\/\/www.eldiario.net\/portal\/","logo":{"@type":"ImageObject","inLanguage":"es","@id":"https:\/\/www.eldiario.net\/portal\/#\/schema\/logo\/image\/","url":"https:\/\/www.eldiario.net\/portal\/wp-content\/uploads\/2023\/07\/logo_ED.jpg","contentUrl":"https:\/\/www.eldiario.net\/portal\/wp-content\/uploads\/2023\/07\/logo_ED.jpg","width":272,"height":52,"caption":"El Diario - Decano de la prensa nacional"},"image":{"@id":"https:\/\/www.eldiario.net\/portal\/#\/schema\/logo\/image\/"},"sameAs":["https:\/\/www.facebook.com\/eldiario.bolivia\/","https:\/\/x.com\/eldiario_net"]},{"@type":"Person","@id":"https:\/\/www.eldiario.net\/portal\/#\/schema\/person\/2c57cf2b7a7ae032e449e4c9b1019eac","name":"Jeanette","image":{"@type":"ImageObject","inLanguage":"es","@id":"https:\/\/secure.gravatar.com\/avatar\/3ea2118a5f7dad2b7138b1187a6b7ee55f160b9968b66013c3a3ef39dd7e5798?s=96&d=mm&r=g","url":"https:\/\/secure.gravatar.com\/avatar\/3ea2118a5f7dad2b7138b1187a6b7ee55f160b9968b66013c3a3ef39dd7e5798?s=96&d=mm&r=g","contentUrl":"https:\/\/secure.gravatar.com\/avatar\/3ea2118a5f7dad2b7138b1187a6b7ee55f160b9968b66013c3a3ef39dd7e5798?s=96&d=mm&r=g","caption":"Jeanette"},"sameAs":["https:\/\/www.eldiario.net\/portal"],"url":"https:\/\/www.eldiario.net\/portal\/author\/jeanette\/"}]}},"_links":{"self":[{"href":"https:\/\/www.eldiario.net\/portal\/wp-json\/wp\/v2\/posts\/117001","targetHints":{"allow":["GET"]}}],"collection":[{"href":"https:\/\/www.eldiario.net\/portal\/wp-json\/wp\/v2\/posts"}],"about":[{"href":"https:\/\/www.eldiario.net\/portal\/wp-json\/wp\/v2\/types\/post"}],"author":[{"embeddable":true,"href":"https:\/\/www.eldiario.net\/portal\/wp-json\/wp\/v2\/users\/1"}],"replies":[{"embeddable":true,"href":"https:\/\/www.eldiario.net\/portal\/wp-json\/wp\/v2\/comments?post=117001"}],"version-history":[{"count":0,"href":"https:\/\/www.eldiario.net\/portal\/wp-json\/wp\/v2\/posts\/117001\/revisions"}],"wp:featuredmedia":[{"embeddable":true,"href":"https:\/\/www.eldiario.net\/portal\/wp-json\/wp\/v2\/media\/7684"}],"wp:attachment":[{"href":"https:\/\/www.eldiario.net\/portal\/wp-json\/wp\/v2\/media?parent=117001"}],"wp:term":[{"taxonomy":"category","embeddable":true,"href":"https:\/\/www.eldiario.net\/portal\/wp-json\/wp\/v2\/categories?post=117001"},{"taxonomy":"post_tag","embeddable":true,"href":"https:\/\/www.eldiario.net\/portal\/wp-json\/wp\/v2\/tags?post=117001"}],"curies":[{"name":"wp","href":"https:\/\/api.w.org\/{rel}","templated":true}]}}