{"id":116998,"date":"2022-10-17T06:00:31","date_gmt":"2022-10-17T10:00:31","guid":{"rendered":"https:\/\/www.eldiario.net\/portal\/?p=116998"},"modified":"2022-10-17T06:00:31","modified_gmt":"2022-10-17T10:00:31","slug":"como-servir-mejor-a-las-audiencias","status":"publish","type":"post","link":"https:\/\/www.eldiario.net\/portal\/2022\/10\/17\/como-servir-mejor-a-las-audiencias\/","title":{"rendered":"C\u00f3mo servir mejor a las audiencias"},"content":{"rendered":"<p>En nuestras constituciones y leyes queda siempre de manifiesto la importancia que tiene el periodismo para la democracia. Las rep\u00fablicas independientes de nuestra Am\u00e9rica valoraron desde el primer momento a la libertad de prensa. Por supuesto, en las luchas pol\u00edticas durante doscientos a\u00f1os el rol de la prensa ha sido un tema muy conflictivo. Pero nuestra historia no ha hecho m\u00e1s que ratificar el rol esencial que tiene el periodismo profesional para nuestra vida p\u00fablica.<br \/>\nAdem\u00e1s de informar, controlar, promover, y tantas otras acciones, hay que destacar que el periodismo tambi\u00e9n permite conocer mejor a la sociedad de la que formamos parte. Es a trav\u00e9s de ese espejo que nos muestra quienes somos que podemos discutir nuestros asuntos p\u00fablicos, entendemos lo que vivimos, y buscamos el futuro que queremos.<br \/>\nPor eso, la calidad period\u00edstica es un hecho central de nuestra vida democr\u00e1tica. En la medida en que los periodistas est\u00e1n mejor capacitados, el conocimiento de la sociedad sobre s\u00ed misma es m\u00e1s ajustado, los desaf\u00edos pueden ser mejor encarados y las comunidades tienen m\u00e1s posibilidades para progresar.<br \/>\nEn el Programa Internacional de Periodismo Digital, que estamos realizando por segundo a\u00f1o junto con la empresa Tigo, la propuesta es contribuir a discutir qu\u00e9 se puede hacer mejor en el periodismo en cada regi\u00f3n de Bolivia. Hoy el periodismo se hace desde m\u00faltiples plataformas, con muy diferentes dispositivos, se multiplican los estilos de ser periodista, crece la especializaci\u00f3n tem\u00e1tica, las voces de cada periodista buscan cada uno su tono adecuado, y eso impacta la vida p\u00fablica.<br \/>\nEs un momento de grandes oportunidades. Los sue\u00f1os profesionales de tantos chicos y chicas de Bolivia que quieren expresarse tienen hoy en las herramientas digitales mecanismos accesibles para poder hacerlo. Quienes ya est\u00e1n en carrera se pueden enriquecer con esta nueva diversidad de posibilidades y relanzar su vocaci\u00f3n de servicio p\u00fablico. Los medios m\u00e1s establecidos est\u00e1n renovando sus rutinas y se suben a la nueva ola que les est\u00e1 permitiendo llegar a audiencias con las que antes ni so\u00f1aban.<br \/>\nEl potencial de desarrollo es enorme. Dentro de diez a\u00f1os el escenario medi\u00e1tico va a ser irreconocible. La imagen del metaverso, que propuso el l\u00edder de Meta, es s\u00f3lo una de varias posibles. Junto con la innovaci\u00f3n tecnol\u00f3gica se puede tambi\u00e9n innovar en los contenidos period\u00edsticos. Hay que abrir m\u00e1s la palabra a la audiencia, ser m\u00e1s preciso en la informaci\u00f3n y tener mayor flexibilidad para llegar a cada persona en la forma m\u00e1s directa posible.<br \/>\nLo \u00fanico que no podemos es seguir haciendo las cosas como hasta ahora. Tenemos que conservar los ideales, los valores, los principios cl\u00e1sicos y, al mismo tiempo, convertirnos en una especie de laboratorio experimental para irnos adaptando a los nuevos tiempos. Para eso, tenemos que aprender de las experiencias propias y de las que ocurren en otras partes del mundo. Lo bueno es que una de las claves de este mundo es que ese aprendizaje lo tenemos a mano. No hay excusa para no buscarlo.<\/p>\n<p>El autor es Profesor de Periodismo de la Universidad Austral- Argentina.<\/p>\n","protected":false},"excerpt":{"rendered":"<p>En nuestras constituciones y leyes queda siempre de manifiesto la importancia que tiene el periodismo para la democracia. Las rep\u00fablicas independientes de nuestra Am\u00e9rica valoraron desde el primer momento a la libertad de prensa. Por supuesto, en las luchas pol\u00edticas durante doscientos a\u00f1os el rol de la prensa ha sido un tema muy conflictivo. Pero [&hellip;]<\/p>\n","protected":false},"author":1,"featured_media":116999,"comment_status":"closed","ping_status":"closed","sticky":false,"template":"","format":"standard","meta":{"_acf_changed":false,"footnotes":""},"categories":[9],"tags":[],"class_list":["post-116998","post","type-post","status-publish","format-standard","has-post-thumbnail","category-opinion"],"acf":{"antetitulo":""},"yoast_head":"<!-- This site is optimized with the Yoast SEO plugin v28.4 - https:\/\/yoast.com\/product\/yoast-seo-wordpress\/ -->\n<title>C\u00f3mo servir mejor a las audiencias - El Diario - Bolivia<\/title>\n<meta name=\"robots\" content=\"index, follow, max-snippet:-1, max-image-preview:large, max-video-preview:-1\" \/>\n<link rel=\"canonical\" href=\"https:\/\/www.eldiario.net\/portal\/2022\/10\/17\/como-servir-mejor-a-las-audiencias\/\" \/>\n<meta property=\"og:locale\" content=\"es_ES\" \/>\n<meta property=\"og:type\" content=\"article\" \/>\n<meta property=\"og:title\" content=\"C\u00f3mo servir mejor a las audiencias - El Diario - Bolivia\" \/>\n<meta property=\"og:description\" content=\"En nuestras constituciones y leyes queda siempre de manifiesto la importancia que tiene el periodismo para la democracia. Las rep\u00fablicas independientes de nuestra Am\u00e9rica valoraron desde el primer momento a la libertad de prensa. Por supuesto, en las luchas pol\u00edticas durante doscientos a\u00f1os el rol de la prensa ha sido un tema muy conflictivo. Pero [&hellip;]\" \/>\n<meta property=\"og:url\" content=\"https:\/\/www.eldiario.net\/portal\/2022\/10\/17\/como-servir-mejor-a-las-audiencias\/\" \/>\n<meta property=\"og:site_name\" content=\"El Diario - Bolivia\" \/>\n<meta property=\"article:publisher\" content=\"https:\/\/www.facebook.com\/eldiario.bolivia\/\" \/>\n<meta property=\"article:published_time\" content=\"2022-10-17T10:00:31+00:00\" \/>\n<meta name=\"author\" content=\"Jeanette\" \/>\n<meta name=\"twitter:card\" content=\"summary_large_image\" \/>\n<meta name=\"twitter:creator\" content=\"@eldiario_net\" \/>\n<meta name=\"twitter:site\" content=\"@eldiario_net\" \/>\n<meta name=\"twitter:label1\" content=\"Escrito por\" \/>\n\t<meta name=\"twitter:data1\" content=\"Jeanette\" \/>\n\t<meta name=\"twitter:label2\" content=\"Tiempo de lectura\" \/>\n\t<meta name=\"twitter:data2\" content=\"3 minutos\" \/>\n<script type=\"application\/ld+json\" class=\"yoast-schema-graph\">{\"@context\":\"https:\\\/\\\/schema.org\",\"@graph\":[{\"@type\":\"Article\",\"@id\":\"https:\\\/\\\/www.eldiario.net\\\/portal\\\/2022\\\/10\\\/17\\\/como-servir-mejor-a-las-audiencias\\\/#article\",\"isPartOf\":{\"@id\":\"https:\\\/\\\/www.eldiario.net\\\/portal\\\/2022\\\/10\\\/17\\\/como-servir-mejor-a-las-audiencias\\\/\"},\"author\":{\"name\":\"Jeanette\",\"@id\":\"https:\\\/\\\/www.eldiario.net\\\/portal\\\/#\\\/schema\\\/person\\\/2c57cf2b7a7ae032e449e4c9b1019eac\"},\"headline\":\"C\u00f3mo servir mejor a las audiencias\",\"datePublished\":\"2022-10-17T10:00:31+00:00\",\"mainEntityOfPage\":{\"@id\":\"https:\\\/\\\/www.eldiario.net\\\/portal\\\/2022\\\/10\\\/17\\\/como-servir-mejor-a-las-audiencias\\\/\"},\"wordCount\":554,\"publisher\":{\"@id\":\"https:\\\/\\\/www.eldiario.net\\\/portal\\\/#organization\"},\"image\":{\"@id\":\"https:\\\/\\\/www.eldiario.net\\\/portal\\\/2022\\\/10\\\/17\\\/como-servir-mejor-a-las-audiencias\\\/#primaryimage\"},\"thumbnailUrl\":\"\",\"articleSection\":[\"Opini\u00f3n\"],\"inLanguage\":\"es\"},{\"@type\":\"WebPage\",\"@id\":\"https:\\\/\\\/www.eldiario.net\\\/portal\\\/2022\\\/10\\\/17\\\/como-servir-mejor-a-las-audiencias\\\/\",\"url\":\"https:\\\/\\\/www.eldiario.net\\\/portal\\\/2022\\\/10\\\/17\\\/como-servir-mejor-a-las-audiencias\\\/\",\"name\":\"C\u00f3mo servir mejor a las audiencias - El Diario - Bolivia\",\"isPartOf\":{\"@id\":\"https:\\\/\\\/www.eldiario.net\\\/portal\\\/#website\"},\"primaryImageOfPage\":{\"@id\":\"https:\\\/\\\/www.eldiario.net\\\/portal\\\/2022\\\/10\\\/17\\\/como-servir-mejor-a-las-audiencias\\\/#primaryimage\"},\"image\":{\"@id\":\"https:\\\/\\\/www.eldiario.net\\\/portal\\\/2022\\\/10\\\/17\\\/como-servir-mejor-a-las-audiencias\\\/#primaryimage\"},\"thumbnailUrl\":\"\",\"datePublished\":\"2022-10-17T10:00:31+00:00\",\"breadcrumb\":{\"@id\":\"https:\\\/\\\/www.eldiario.net\\\/portal\\\/2022\\\/10\\\/17\\\/como-servir-mejor-a-las-audiencias\\\/#breadcrumb\"},\"inLanguage\":\"es\",\"potentialAction\":[{\"@type\":\"ReadAction\",\"target\":[\"https:\\\/\\\/www.eldiario.net\\\/portal\\\/2022\\\/10\\\/17\\\/como-servir-mejor-a-las-audiencias\\\/\"]}]},{\"@type\":\"ImageObject\",\"inLanguage\":\"es\",\"@id\":\"https:\\\/\\\/www.eldiario.net\\\/portal\\\/2022\\\/10\\\/17\\\/como-servir-mejor-a-las-audiencias\\\/#primaryimage\",\"url\":\"\",\"contentUrl\":\"\"},{\"@type\":\"BreadcrumbList\",\"@id\":\"https:\\\/\\\/www.eldiario.net\\\/portal\\\/2022\\\/10\\\/17\\\/como-servir-mejor-a-las-audiencias\\\/#breadcrumb\",\"itemListElement\":[{\"@type\":\"ListItem\",\"position\":1,\"name\":\"Portada\",\"item\":\"https:\\\/\\\/www.eldiario.net\\\/portal\\\/\"},{\"@type\":\"ListItem\",\"position\":2,\"name\":\"C\u00f3mo servir mejor a las audiencias\"}]},{\"@type\":\"WebSite\",\"@id\":\"https:\\\/\\\/www.eldiario.net\\\/portal\\\/#website\",\"url\":\"https:\\\/\\\/www.eldiario.net\\\/portal\\\/\",\"name\":\"El Diario - Decano de la prensa nacional\",\"description\":\"El Diario - Decano de la prensa nacional\",\"publisher\":{\"@id\":\"https:\\\/\\\/www.eldiario.net\\\/portal\\\/#organization\"},\"potentialAction\":[{\"@type\":\"SearchAction\",\"target\":{\"@type\":\"EntryPoint\",\"urlTemplate\":\"https:\\\/\\\/www.eldiario.net\\\/portal\\\/?s={search_term_string}\"},\"query-input\":{\"@type\":\"PropertyValueSpecification\",\"valueRequired\":true,\"valueName\":\"search_term_string\"}}],\"inLanguage\":\"es\"},{\"@type\":\"Organization\",\"@id\":\"https:\\\/\\\/www.eldiario.net\\\/portal\\\/#organization\",\"name\":\"El Diario - Decano de la prensa nacional\",\"url\":\"https:\\\/\\\/www.eldiario.net\\\/portal\\\/\",\"logo\":{\"@type\":\"ImageObject\",\"inLanguage\":\"es\",\"@id\":\"https:\\\/\\\/www.eldiario.net\\\/portal\\\/#\\\/schema\\\/logo\\\/image\\\/\",\"url\":\"https:\\\/\\\/www.eldiario.net\\\/portal\\\/wp-content\\\/uploads\\\/2023\\\/07\\\/logo_ED.jpg\",\"contentUrl\":\"https:\\\/\\\/www.eldiario.net\\\/portal\\\/wp-content\\\/uploads\\\/2023\\\/07\\\/logo_ED.jpg\",\"width\":272,\"height\":52,\"caption\":\"El Diario - Decano de la prensa nacional\"},\"image\":{\"@id\":\"https:\\\/\\\/www.eldiario.net\\\/portal\\\/#\\\/schema\\\/logo\\\/image\\\/\"},\"sameAs\":[\"https:\\\/\\\/www.facebook.com\\\/eldiario.bolivia\\\/\",\"https:\\\/\\\/x.com\\\/eldiario_net\"]},{\"@type\":\"Person\",\"@id\":\"https:\\\/\\\/www.eldiario.net\\\/portal\\\/#\\\/schema\\\/person\\\/2c57cf2b7a7ae032e449e4c9b1019eac\",\"name\":\"Jeanette\",\"image\":{\"@type\":\"ImageObject\",\"inLanguage\":\"es\",\"@id\":\"https:\\\/\\\/secure.gravatar.com\\\/avatar\\\/3ea2118a5f7dad2b7138b1187a6b7ee55f160b9968b66013c3a3ef39dd7e5798?s=96&d=mm&r=g\",\"url\":\"https:\\\/\\\/secure.gravatar.com\\\/avatar\\\/3ea2118a5f7dad2b7138b1187a6b7ee55f160b9968b66013c3a3ef39dd7e5798?s=96&d=mm&r=g\",\"contentUrl\":\"https:\\\/\\\/secure.gravatar.com\\\/avatar\\\/3ea2118a5f7dad2b7138b1187a6b7ee55f160b9968b66013c3a3ef39dd7e5798?s=96&d=mm&r=g\",\"caption\":\"Jeanette\"},\"sameAs\":[\"https:\\\/\\\/www.eldiario.net\\\/portal\"],\"url\":\"https:\\\/\\\/www.eldiario.net\\\/portal\\\/author\\\/jeanette\\\/\"}]}<\/script>\n<!-- \/ Yoast SEO plugin. -->","yoast_head_json":{"title":"C\u00f3mo servir mejor a las audiencias - El Diario - Bolivia","robots":{"index":"index","follow":"follow","max-snippet":"max-snippet:-1","max-image-preview":"max-image-preview:large","max-video-preview":"max-video-preview:-1"},"canonical":"https:\/\/www.eldiario.net\/portal\/2022\/10\/17\/como-servir-mejor-a-las-audiencias\/","og_locale":"es_ES","og_type":"article","og_title":"C\u00f3mo servir mejor a las audiencias - El Diario - Bolivia","og_description":"En nuestras constituciones y leyes queda siempre de manifiesto la importancia que tiene el periodismo para la democracia. Las rep\u00fablicas independientes de nuestra Am\u00e9rica valoraron desde el primer momento a la libertad de prensa. Por supuesto, en las luchas pol\u00edticas durante doscientos a\u00f1os el rol de la prensa ha sido un tema muy conflictivo. Pero [&hellip;]","og_url":"https:\/\/www.eldiario.net\/portal\/2022\/10\/17\/como-servir-mejor-a-las-audiencias\/","og_site_name":"El Diario - Bolivia","article_publisher":"https:\/\/www.facebook.com\/eldiario.bolivia\/","article_published_time":"2022-10-17T10:00:31+00:00","author":"Jeanette","twitter_card":"summary_large_image","twitter_creator":"@eldiario_net","twitter_site":"@eldiario_net","twitter_misc":{"Escrito por":"Jeanette","Tiempo de lectura":"3 minutos"},"schema":{"@context":"https:\/\/schema.org","@graph":[{"@type":"Article","@id":"https:\/\/www.eldiario.net\/portal\/2022\/10\/17\/como-servir-mejor-a-las-audiencias\/#article","isPartOf":{"@id":"https:\/\/www.eldiario.net\/portal\/2022\/10\/17\/como-servir-mejor-a-las-audiencias\/"},"author":{"name":"Jeanette","@id":"https:\/\/www.eldiario.net\/portal\/#\/schema\/person\/2c57cf2b7a7ae032e449e4c9b1019eac"},"headline":"C\u00f3mo servir mejor a las audiencias","datePublished":"2022-10-17T10:00:31+00:00","mainEntityOfPage":{"@id":"https:\/\/www.eldiario.net\/portal\/2022\/10\/17\/como-servir-mejor-a-las-audiencias\/"},"wordCount":554,"publisher":{"@id":"https:\/\/www.eldiario.net\/portal\/#organization"},"image":{"@id":"https:\/\/www.eldiario.net\/portal\/2022\/10\/17\/como-servir-mejor-a-las-audiencias\/#primaryimage"},"thumbnailUrl":"","articleSection":["Opini\u00f3n"],"inLanguage":"es"},{"@type":"WebPage","@id":"https:\/\/www.eldiario.net\/portal\/2022\/10\/17\/como-servir-mejor-a-las-audiencias\/","url":"https:\/\/www.eldiario.net\/portal\/2022\/10\/17\/como-servir-mejor-a-las-audiencias\/","name":"C\u00f3mo servir mejor a las audiencias - El Diario - Bolivia","isPartOf":{"@id":"https:\/\/www.eldiario.net\/portal\/#website"},"primaryImageOfPage":{"@id":"https:\/\/www.eldiario.net\/portal\/2022\/10\/17\/como-servir-mejor-a-las-audiencias\/#primaryimage"},"image":{"@id":"https:\/\/www.eldiario.net\/portal\/2022\/10\/17\/como-servir-mejor-a-las-audiencias\/#primaryimage"},"thumbnailUrl":"","datePublished":"2022-10-17T10:00:31+00:00","breadcrumb":{"@id":"https:\/\/www.eldiario.net\/portal\/2022\/10\/17\/como-servir-mejor-a-las-audiencias\/#breadcrumb"},"inLanguage":"es","potentialAction":[{"@type":"ReadAction","target":["https:\/\/www.eldiario.net\/portal\/2022\/10\/17\/como-servir-mejor-a-las-audiencias\/"]}]},{"@type":"ImageObject","inLanguage":"es","@id":"https:\/\/www.eldiario.net\/portal\/2022\/10\/17\/como-servir-mejor-a-las-audiencias\/#primaryimage","url":"","contentUrl":""},{"@type":"BreadcrumbList","@id":"https:\/\/www.eldiario.net\/portal\/2022\/10\/17\/como-servir-mejor-a-las-audiencias\/#breadcrumb","itemListElement":[{"@type":"ListItem","position":1,"name":"Portada","item":"https:\/\/www.eldiario.net\/portal\/"},{"@type":"ListItem","position":2,"name":"C\u00f3mo servir mejor a las audiencias"}]},{"@type":"WebSite","@id":"https:\/\/www.eldiario.net\/portal\/#website","url":"https:\/\/www.eldiario.net\/portal\/","name":"El Diario - Decano de la prensa nacional","description":"El Diario - Decano de la prensa nacional","publisher":{"@id":"https:\/\/www.eldiario.net\/portal\/#organization"},"potentialAction":[{"@type":"SearchAction","target":{"@type":"EntryPoint","urlTemplate":"https:\/\/www.eldiario.net\/portal\/?s={search_term_string}"},"query-input":{"@type":"PropertyValueSpecification","valueRequired":true,"valueName":"search_term_string"}}],"inLanguage":"es"},{"@type":"Organization","@id":"https:\/\/www.eldiario.net\/portal\/#organization","name":"El Diario - Decano de la prensa nacional","url":"https:\/\/www.eldiario.net\/portal\/","logo":{"@type":"ImageObject","inLanguage":"es","@id":"https:\/\/www.eldiario.net\/portal\/#\/schema\/logo\/image\/","url":"https:\/\/www.eldiario.net\/portal\/wp-content\/uploads\/2023\/07\/logo_ED.jpg","contentUrl":"https:\/\/www.eldiario.net\/portal\/wp-content\/uploads\/2023\/07\/logo_ED.jpg","width":272,"height":52,"caption":"El Diario - Decano de la prensa nacional"},"image":{"@id":"https:\/\/www.eldiario.net\/portal\/#\/schema\/logo\/image\/"},"sameAs":["https:\/\/www.facebook.com\/eldiario.bolivia\/","https:\/\/x.com\/eldiario_net"]},{"@type":"Person","@id":"https:\/\/www.eldiario.net\/portal\/#\/schema\/person\/2c57cf2b7a7ae032e449e4c9b1019eac","name":"Jeanette","image":{"@type":"ImageObject","inLanguage":"es","@id":"https:\/\/secure.gravatar.com\/avatar\/3ea2118a5f7dad2b7138b1187a6b7ee55f160b9968b66013c3a3ef39dd7e5798?s=96&d=mm&r=g","url":"https:\/\/secure.gravatar.com\/avatar\/3ea2118a5f7dad2b7138b1187a6b7ee55f160b9968b66013c3a3ef39dd7e5798?s=96&d=mm&r=g","contentUrl":"https:\/\/secure.gravatar.com\/avatar\/3ea2118a5f7dad2b7138b1187a6b7ee55f160b9968b66013c3a3ef39dd7e5798?s=96&d=mm&r=g","caption":"Jeanette"},"sameAs":["https:\/\/www.eldiario.net\/portal"],"url":"https:\/\/www.eldiario.net\/portal\/author\/jeanette\/"}]}},"_links":{"self":[{"href":"https:\/\/www.eldiario.net\/portal\/wp-json\/wp\/v2\/posts\/116998","targetHints":{"allow":["GET"]}}],"collection":[{"href":"https:\/\/www.eldiario.net\/portal\/wp-json\/wp\/v2\/posts"}],"about":[{"href":"https:\/\/www.eldiario.net\/portal\/wp-json\/wp\/v2\/types\/post"}],"author":[{"embeddable":true,"href":"https:\/\/www.eldiario.net\/portal\/wp-json\/wp\/v2\/users\/1"}],"replies":[{"embeddable":true,"href":"https:\/\/www.eldiario.net\/portal\/wp-json\/wp\/v2\/comments?post=116998"}],"version-history":[{"count":0,"href":"https:\/\/www.eldiario.net\/portal\/wp-json\/wp\/v2\/posts\/116998\/revisions"}],"wp:attachment":[{"href":"https:\/\/www.eldiario.net\/portal\/wp-json\/wp\/v2\/media?parent=116998"}],"wp:term":[{"taxonomy":"category","embeddable":true,"href":"https:\/\/www.eldiario.net\/portal\/wp-json\/wp\/v2\/categories?post=116998"},{"taxonomy":"post_tag","embeddable":true,"href":"https:\/\/www.eldiario.net\/portal\/wp-json\/wp\/v2\/tags?post=116998"}],"curies":[{"name":"wp","href":"https:\/\/api.w.org\/{rel}","templated":true}]}}