{"id":116996,"date":"2022-10-17T05:56:28","date_gmt":"2022-10-17T09:56:28","guid":{"rendered":"https:\/\/www.eldiario.net\/portal\/?p=116996"},"modified":"2022-10-17T05:56:28","modified_gmt":"2022-10-17T09:56:28","slug":"calidad-educativa","status":"publish","type":"post","link":"https:\/\/www.eldiario.net\/portal\/2022\/10\/17\/calidad-educativa\/","title":{"rendered":"Calidad educativa"},"content":{"rendered":"<p>Parte I<\/p>\n<p>En el actual sistema educativo y de acuerdo con la Ley de educaci\u00f3n 070 Avelino Si\u00f1ani y Elizardo P\u00e9rez, se establecen tres subsistemas de Educaci\u00f3n; Subsistema de Educaci\u00f3n Regular, Subsistema de Educaci\u00f3n Alternativa y Especial y Subsistema de Educaci\u00f3n Superior y Formaci\u00f3n Profesional.<br \/>\nPosterior a la promulgaci\u00f3n de la Ley 070, se crea el Observatorio Plurinacional de la Calidad Educativa (OPCE), entidad descentralizada, especializada en realizar evaluaciones peri\u00f3dicas al sistema educativo. Sin embargo, no existe un relacionamiento directo y permanente entre las instituciones educativas, ll\u00e1mense unidades educativas, colegios, institutos, etc.<br \/>\nPor otra parte, las universidades van logrando las acreditaciones acad\u00e9micas a nivel nacional e internacional, previo cumplimiento de requisitos altamente exigentes, referentes al \u00e1mbito acad\u00e9mico, infraestructura y la investigaci\u00f3n, procediendo inicialmente a una Autoevaluaci\u00f3n o Evaluaci\u00f3n interna, luego una evaluaci\u00f3n externa realizada por pares acad\u00e9micos en el cual participan universidades extranjeras u otras que son acreditadas, siempre a la cabeza del Ministerio de Educaci\u00f3n a trav\u00e9s de la Direcci\u00f3n General de Educaci\u00f3n Superior Universitaria (DGESU), dependiente del Viceministerio de Educaci\u00f3n Superior de Formaci\u00f3n Profesional, que impulsa el mejoramiento de la calidad acad\u00e9mica, fortalecimiento de su personal docente o recursos humanos altamente calificados. Una vez culminada la evaluaci\u00f3n, la DGESU, otorga un reconocimiento oficial, validando los programas acad\u00e9micos, recursos humanos e infraestructura.<br \/>\nSiendo el tema de evaluaci\u00f3n de desempe\u00f1o profesional, el Ministerio de Educaci\u00f3n, a trav\u00e9s de la Direcci\u00f3n General de Formaci\u00f3n de Maestros, esta evaluaci\u00f3n se inici\u00f3 en las Escuelas Superiores de Formaci\u00f3n de Maestros, quienes son evaluados por su desenvolvimiento en aula, evaluando tambi\u00e9n materiales did\u00e1cticos o recursos pedag\u00f3gicos utilizados, as\u00ed como la aplicaci\u00f3n o uso de la tecnolog\u00eda, una evaluaci\u00f3n comunitaria con grupos focales, evaluaci\u00f3n de directivos y la participaci\u00f3n de los estudiantes. Los resultados son \u00f3ptimos, porque el docente sabe que va a ser evaluado, por tanto, de manera personal, se prepara y capacita, asistiendo a cursos de fortalecimiento docente, ya sea organizados por el propio Ministerio de Educaci\u00f3n u otras instituciones. De la misma manera, participa de todas las actividades programadas por la instituci\u00f3n, siendo motivo de evaluaci\u00f3n.<br \/>\nPara el caso que nos ocupa, si con la participaci\u00f3n de expertos curriculistas se perfecciona los planes de estudio, podemos tener las mejores mallas y planes de contenidos program\u00e1ticos, a la altura de pa\u00edses como Jap\u00f3n, Suiza, etc. Producir textos escolares totalmente actualizados, que incluyan los \u00faltimos acontecimientos y descubrimientos desde la nanotecnolog\u00eda hasta la construcci\u00f3n de grandes naves espaciales, alimentadas con energ\u00eda solar y que pueden viajar al espacio sideral por muchos a\u00f1os. Construcci\u00f3n de edificios escolares con todas las exigencias pedag\u00f3gicas, como laboratorios totalmente equipados en las \u00e1reas de F\u00edsica, Astronom\u00eda, Qu\u00edmica, Biolog\u00eda, talleres de matem\u00e1ticas con equipos de Metrolog\u00eda, Geometr\u00eda y otros referentes a la matem\u00e1tica y C\u00e1lculo. Adem\u00e1s, edificaciones con rampas para la inclusi\u00f3n de estudiantes que tienen problemas al subir o bajar gradas, como los que \u00faltimamente se han ido construyendo.<\/p>\n","protected":false},"excerpt":{"rendered":"<p>Parte I En el actual sistema educativo y de acuerdo con la Ley de educaci\u00f3n 070 Avelino Si\u00f1ani y Elizardo P\u00e9rez, se establecen tres subsistemas de Educaci\u00f3n; Subsistema de Educaci\u00f3n Regular, Subsistema de Educaci\u00f3n Alternativa y Especial y Subsistema de Educaci\u00f3n Superior y Formaci\u00f3n Profesional. Posterior a la promulgaci\u00f3n de la Ley 070, se crea [&hellip;]<\/p>\n","protected":false},"author":1,"featured_media":0,"comment_status":"closed","ping_status":"closed","sticky":false,"template":"","format":"standard","meta":{"_acf_changed":false,"footnotes":""},"categories":[9],"tags":[],"class_list":["post-116996","post","type-post","status-publish","format-standard","category-opinion"],"acf":{"antetitulo":""},"yoast_head":"<!-- This site is optimized with the Yoast SEO plugin v28.4 - https:\/\/yoast.com\/product\/yoast-seo-wordpress\/ -->\n<title>Calidad educativa - El Diario - Bolivia<\/title>\n<meta name=\"robots\" content=\"index, follow, max-snippet:-1, max-image-preview:large, max-video-preview:-1\" \/>\n<link rel=\"canonical\" href=\"https:\/\/www.eldiario.net\/portal\/2022\/10\/17\/calidad-educativa\/\" \/>\n<meta property=\"og:locale\" content=\"es_ES\" \/>\n<meta property=\"og:type\" content=\"article\" \/>\n<meta property=\"og:title\" content=\"Calidad educativa - El Diario - Bolivia\" \/>\n<meta property=\"og:description\" content=\"Parte I En el actual sistema educativo y de acuerdo con la Ley de educaci\u00f3n 070 Avelino Si\u00f1ani y Elizardo P\u00e9rez, se establecen tres subsistemas de Educaci\u00f3n; Subsistema de Educaci\u00f3n Regular, Subsistema de Educaci\u00f3n Alternativa y Especial y Subsistema de Educaci\u00f3n Superior y Formaci\u00f3n Profesional. Posterior a la promulgaci\u00f3n de la Ley 070, se crea [&hellip;]\" \/>\n<meta property=\"og:url\" content=\"https:\/\/www.eldiario.net\/portal\/2022\/10\/17\/calidad-educativa\/\" \/>\n<meta property=\"og:site_name\" content=\"El Diario - Bolivia\" \/>\n<meta property=\"article:publisher\" content=\"https:\/\/www.facebook.com\/eldiario.bolivia\/\" \/>\n<meta property=\"article:published_time\" content=\"2022-10-17T09:56:28+00:00\" \/>\n<meta name=\"author\" content=\"Jeanette\" \/>\n<meta name=\"twitter:card\" content=\"summary_large_image\" \/>\n<meta name=\"twitter:creator\" content=\"@eldiario_net\" \/>\n<meta name=\"twitter:site\" content=\"@eldiario_net\" \/>\n<meta name=\"twitter:label1\" content=\"Escrito por\" \/>\n\t<meta name=\"twitter:data1\" content=\"Jeanette\" \/>\n<script type=\"application\/ld+json\" class=\"yoast-schema-graph\">{\"@context\":\"https:\\\/\\\/schema.org\",\"@graph\":[{\"@type\":\"Article\",\"@id\":\"https:\\\/\\\/www.eldiario.net\\\/portal\\\/2022\\\/10\\\/17\\\/calidad-educativa\\\/#article\",\"isPartOf\":{\"@id\":\"https:\\\/\\\/www.eldiario.net\\\/portal\\\/2022\\\/10\\\/17\\\/calidad-educativa\\\/\"},\"author\":{\"name\":\"Jeanette\",\"@id\":\"https:\\\/\\\/www.eldiario.net\\\/portal\\\/#\\\/schema\\\/person\\\/2c57cf2b7a7ae032e449e4c9b1019eac\"},\"headline\":\"Calidad educativa\",\"datePublished\":\"2022-10-17T09:56:28+00:00\",\"mainEntityOfPage\":{\"@id\":\"https:\\\/\\\/www.eldiario.net\\\/portal\\\/2022\\\/10\\\/17\\\/calidad-educativa\\\/\"},\"wordCount\":547,\"publisher\":{\"@id\":\"https:\\\/\\\/www.eldiario.net\\\/portal\\\/#organization\"},\"articleSection\":[\"Opini\u00f3n\"],\"inLanguage\":\"es\"},{\"@type\":\"WebPage\",\"@id\":\"https:\\\/\\\/www.eldiario.net\\\/portal\\\/2022\\\/10\\\/17\\\/calidad-educativa\\\/\",\"url\":\"https:\\\/\\\/www.eldiario.net\\\/portal\\\/2022\\\/10\\\/17\\\/calidad-educativa\\\/\",\"name\":\"Calidad educativa - El Diario - Bolivia\",\"isPartOf\":{\"@id\":\"https:\\\/\\\/www.eldiario.net\\\/portal\\\/#website\"},\"datePublished\":\"2022-10-17T09:56:28+00:00\",\"breadcrumb\":{\"@id\":\"https:\\\/\\\/www.eldiario.net\\\/portal\\\/2022\\\/10\\\/17\\\/calidad-educativa\\\/#breadcrumb\"},\"inLanguage\":\"es\",\"potentialAction\":[{\"@type\":\"ReadAction\",\"target\":[\"https:\\\/\\\/www.eldiario.net\\\/portal\\\/2022\\\/10\\\/17\\\/calidad-educativa\\\/\"]}]},{\"@type\":\"BreadcrumbList\",\"@id\":\"https:\\\/\\\/www.eldiario.net\\\/portal\\\/2022\\\/10\\\/17\\\/calidad-educativa\\\/#breadcrumb\",\"itemListElement\":[{\"@type\":\"ListItem\",\"position\":1,\"name\":\"Portada\",\"item\":\"https:\\\/\\\/www.eldiario.net\\\/portal\\\/\"},{\"@type\":\"ListItem\",\"position\":2,\"name\":\"Calidad educativa\"}]},{\"@type\":\"WebSite\",\"@id\":\"https:\\\/\\\/www.eldiario.net\\\/portal\\\/#website\",\"url\":\"https:\\\/\\\/www.eldiario.net\\\/portal\\\/\",\"name\":\"El Diario - Decano de la prensa nacional\",\"description\":\"El Diario - Decano de la prensa nacional\",\"publisher\":{\"@id\":\"https:\\\/\\\/www.eldiario.net\\\/portal\\\/#organization\"},\"potentialAction\":[{\"@type\":\"SearchAction\",\"target\":{\"@type\":\"EntryPoint\",\"urlTemplate\":\"https:\\\/\\\/www.eldiario.net\\\/portal\\\/?s={search_term_string}\"},\"query-input\":{\"@type\":\"PropertyValueSpecification\",\"valueRequired\":true,\"valueName\":\"search_term_string\"}}],\"inLanguage\":\"es\"},{\"@type\":\"Organization\",\"@id\":\"https:\\\/\\\/www.eldiario.net\\\/portal\\\/#organization\",\"name\":\"El Diario - Decano de la prensa nacional\",\"url\":\"https:\\\/\\\/www.eldiario.net\\\/portal\\\/\",\"logo\":{\"@type\":\"ImageObject\",\"inLanguage\":\"es\",\"@id\":\"https:\\\/\\\/www.eldiario.net\\\/portal\\\/#\\\/schema\\\/logo\\\/image\\\/\",\"url\":\"https:\\\/\\\/www.eldiario.net\\\/portal\\\/wp-content\\\/uploads\\\/2023\\\/07\\\/logo_ED.jpg\",\"contentUrl\":\"https:\\\/\\\/www.eldiario.net\\\/portal\\\/wp-content\\\/uploads\\\/2023\\\/07\\\/logo_ED.jpg\",\"width\":272,\"height\":52,\"caption\":\"El Diario - Decano de la prensa nacional\"},\"image\":{\"@id\":\"https:\\\/\\\/www.eldiario.net\\\/portal\\\/#\\\/schema\\\/logo\\\/image\\\/\"},\"sameAs\":[\"https:\\\/\\\/www.facebook.com\\\/eldiario.bolivia\\\/\",\"https:\\\/\\\/x.com\\\/eldiario_net\"]},{\"@type\":\"Person\",\"@id\":\"https:\\\/\\\/www.eldiario.net\\\/portal\\\/#\\\/schema\\\/person\\\/2c57cf2b7a7ae032e449e4c9b1019eac\",\"name\":\"Jeanette\",\"image\":{\"@type\":\"ImageObject\",\"inLanguage\":\"es\",\"@id\":\"https:\\\/\\\/secure.gravatar.com\\\/avatar\\\/3ea2118a5f7dad2b7138b1187a6b7ee55f160b9968b66013c3a3ef39dd7e5798?s=96&d=mm&r=g\",\"url\":\"https:\\\/\\\/secure.gravatar.com\\\/avatar\\\/3ea2118a5f7dad2b7138b1187a6b7ee55f160b9968b66013c3a3ef39dd7e5798?s=96&d=mm&r=g\",\"contentUrl\":\"https:\\\/\\\/secure.gravatar.com\\\/avatar\\\/3ea2118a5f7dad2b7138b1187a6b7ee55f160b9968b66013c3a3ef39dd7e5798?s=96&d=mm&r=g\",\"caption\":\"Jeanette\"},\"sameAs\":[\"https:\\\/\\\/www.eldiario.net\\\/portal\"],\"url\":\"https:\\\/\\\/www.eldiario.net\\\/portal\\\/author\\\/jeanette\\\/\"}]}<\/script>\n<!-- \/ Yoast SEO plugin. -->","yoast_head_json":{"title":"Calidad educativa - El Diario - Bolivia","robots":{"index":"index","follow":"follow","max-snippet":"max-snippet:-1","max-image-preview":"max-image-preview:large","max-video-preview":"max-video-preview:-1"},"canonical":"https:\/\/www.eldiario.net\/portal\/2022\/10\/17\/calidad-educativa\/","og_locale":"es_ES","og_type":"article","og_title":"Calidad educativa - El Diario - Bolivia","og_description":"Parte I En el actual sistema educativo y de acuerdo con la Ley de educaci\u00f3n 070 Avelino Si\u00f1ani y Elizardo P\u00e9rez, se establecen tres subsistemas de Educaci\u00f3n; Subsistema de Educaci\u00f3n Regular, Subsistema de Educaci\u00f3n Alternativa y Especial y Subsistema de Educaci\u00f3n Superior y Formaci\u00f3n Profesional. Posterior a la promulgaci\u00f3n de la Ley 070, se crea [&hellip;]","og_url":"https:\/\/www.eldiario.net\/portal\/2022\/10\/17\/calidad-educativa\/","og_site_name":"El Diario - Bolivia","article_publisher":"https:\/\/www.facebook.com\/eldiario.bolivia\/","article_published_time":"2022-10-17T09:56:28+00:00","author":"Jeanette","twitter_card":"summary_large_image","twitter_creator":"@eldiario_net","twitter_site":"@eldiario_net","twitter_misc":{"Escrito por":"Jeanette"},"schema":{"@context":"https:\/\/schema.org","@graph":[{"@type":"Article","@id":"https:\/\/www.eldiario.net\/portal\/2022\/10\/17\/calidad-educativa\/#article","isPartOf":{"@id":"https:\/\/www.eldiario.net\/portal\/2022\/10\/17\/calidad-educativa\/"},"author":{"name":"Jeanette","@id":"https:\/\/www.eldiario.net\/portal\/#\/schema\/person\/2c57cf2b7a7ae032e449e4c9b1019eac"},"headline":"Calidad educativa","datePublished":"2022-10-17T09:56:28+00:00","mainEntityOfPage":{"@id":"https:\/\/www.eldiario.net\/portal\/2022\/10\/17\/calidad-educativa\/"},"wordCount":547,"publisher":{"@id":"https:\/\/www.eldiario.net\/portal\/#organization"},"articleSection":["Opini\u00f3n"],"inLanguage":"es"},{"@type":"WebPage","@id":"https:\/\/www.eldiario.net\/portal\/2022\/10\/17\/calidad-educativa\/","url":"https:\/\/www.eldiario.net\/portal\/2022\/10\/17\/calidad-educativa\/","name":"Calidad educativa - El Diario - Bolivia","isPartOf":{"@id":"https:\/\/www.eldiario.net\/portal\/#website"},"datePublished":"2022-10-17T09:56:28+00:00","breadcrumb":{"@id":"https:\/\/www.eldiario.net\/portal\/2022\/10\/17\/calidad-educativa\/#breadcrumb"},"inLanguage":"es","potentialAction":[{"@type":"ReadAction","target":["https:\/\/www.eldiario.net\/portal\/2022\/10\/17\/calidad-educativa\/"]}]},{"@type":"BreadcrumbList","@id":"https:\/\/www.eldiario.net\/portal\/2022\/10\/17\/calidad-educativa\/#breadcrumb","itemListElement":[{"@type":"ListItem","position":1,"name":"Portada","item":"https:\/\/www.eldiario.net\/portal\/"},{"@type":"ListItem","position":2,"name":"Calidad educativa"}]},{"@type":"WebSite","@id":"https:\/\/www.eldiario.net\/portal\/#website","url":"https:\/\/www.eldiario.net\/portal\/","name":"El Diario - Decano de la prensa nacional","description":"El Diario - Decano de la prensa nacional","publisher":{"@id":"https:\/\/www.eldiario.net\/portal\/#organization"},"potentialAction":[{"@type":"SearchAction","target":{"@type":"EntryPoint","urlTemplate":"https:\/\/www.eldiario.net\/portal\/?s={search_term_string}"},"query-input":{"@type":"PropertyValueSpecification","valueRequired":true,"valueName":"search_term_string"}}],"inLanguage":"es"},{"@type":"Organization","@id":"https:\/\/www.eldiario.net\/portal\/#organization","name":"El Diario - Decano de la prensa nacional","url":"https:\/\/www.eldiario.net\/portal\/","logo":{"@type":"ImageObject","inLanguage":"es","@id":"https:\/\/www.eldiario.net\/portal\/#\/schema\/logo\/image\/","url":"https:\/\/www.eldiario.net\/portal\/wp-content\/uploads\/2023\/07\/logo_ED.jpg","contentUrl":"https:\/\/www.eldiario.net\/portal\/wp-content\/uploads\/2023\/07\/logo_ED.jpg","width":272,"height":52,"caption":"El Diario - Decano de la prensa nacional"},"image":{"@id":"https:\/\/www.eldiario.net\/portal\/#\/schema\/logo\/image\/"},"sameAs":["https:\/\/www.facebook.com\/eldiario.bolivia\/","https:\/\/x.com\/eldiario_net"]},{"@type":"Person","@id":"https:\/\/www.eldiario.net\/portal\/#\/schema\/person\/2c57cf2b7a7ae032e449e4c9b1019eac","name":"Jeanette","image":{"@type":"ImageObject","inLanguage":"es","@id":"https:\/\/secure.gravatar.com\/avatar\/3ea2118a5f7dad2b7138b1187a6b7ee55f160b9968b66013c3a3ef39dd7e5798?s=96&d=mm&r=g","url":"https:\/\/secure.gravatar.com\/avatar\/3ea2118a5f7dad2b7138b1187a6b7ee55f160b9968b66013c3a3ef39dd7e5798?s=96&d=mm&r=g","contentUrl":"https:\/\/secure.gravatar.com\/avatar\/3ea2118a5f7dad2b7138b1187a6b7ee55f160b9968b66013c3a3ef39dd7e5798?s=96&d=mm&r=g","caption":"Jeanette"},"sameAs":["https:\/\/www.eldiario.net\/portal"],"url":"https:\/\/www.eldiario.net\/portal\/author\/jeanette\/"}]}},"_links":{"self":[{"href":"https:\/\/www.eldiario.net\/portal\/wp-json\/wp\/v2\/posts\/116996","targetHints":{"allow":["GET"]}}],"collection":[{"href":"https:\/\/www.eldiario.net\/portal\/wp-json\/wp\/v2\/posts"}],"about":[{"href":"https:\/\/www.eldiario.net\/portal\/wp-json\/wp\/v2\/types\/post"}],"author":[{"embeddable":true,"href":"https:\/\/www.eldiario.net\/portal\/wp-json\/wp\/v2\/users\/1"}],"replies":[{"embeddable":true,"href":"https:\/\/www.eldiario.net\/portal\/wp-json\/wp\/v2\/comments?post=116996"}],"version-history":[{"count":0,"href":"https:\/\/www.eldiario.net\/portal\/wp-json\/wp\/v2\/posts\/116996\/revisions"}],"wp:attachment":[{"href":"https:\/\/www.eldiario.net\/portal\/wp-json\/wp\/v2\/media?parent=116996"}],"wp:term":[{"taxonomy":"category","embeddable":true,"href":"https:\/\/www.eldiario.net\/portal\/wp-json\/wp\/v2\/categories?post=116996"},{"taxonomy":"post_tag","embeddable":true,"href":"https:\/\/www.eldiario.net\/portal\/wp-json\/wp\/v2\/tags?post=116996"}],"curies":[{"name":"wp","href":"https:\/\/api.w.org\/{rel}","templated":true}]}}